{"id":275142,"date":"2026-08-21T23:56:39","date_gmt":"2026-08-21T21:56:39","guid":{"rendered":"https:\/\/www.prijedordanas.com\/?p=275142"},"modified":"2026-08-21T23:56:39","modified_gmt":"2026-08-21T21:56:39","slug":"minic-zavrsetak-sportske-dvorane-u-omarskoj-u-narednih-20-dana-foto","status":"publish","type":"post","link":"https:\/\/www.prijedordanas.com\/?p=275142","title":{"rendered":"Mini\u0107: Zavr\u0161etak sportske dvorane u Omarskoj u narednih 20 dana &#8211; FOTO"},"content":{"rendered":"<p><a href=\"https:\/\/www.prijedordanas.com\/wp-content\/uploads\/2026\/08\/minic-dvorana-omarska-1.jpg\"><img loading=\"lazy\" decoding=\"async\" class=\"alignleft size-medium wp-image-275143\" src=\"https:\/\/www.prijedordanas.com\/wp-content\/uploads\/2026\/08\/minic-dvorana-omarska-1-300x225.jpg\" alt=\"\" width=\"300\" height=\"225\" srcset=\"https:\/\/www.prijedordanas.com\/wp-content\/uploads\/2026\/08\/minic-dvorana-omarska-1-300x225.jpg 300w, https:\/\/www.prijedordanas.com\/wp-content\/uploads\/2026\/08\/minic-dvorana-omarska-1-640x480.jpg 640w, https:\/\/www.prijedordanas.com\/wp-content\/uploads\/2026\/08\/minic-dvorana-omarska-1.jpg 667w\" sizes=\"(max-width: 300px) 100vw, 300px\" \/><\/a>Predsjednik Vlade Republike Srpske Savo Mini\u0107 izjavio je danas u Omarskoj kod Prijedora da \u0107e novoizgra\u0111ena sportska dvorana u ovom mjestu biti u potpunosti zavr\u0161ena u narednih 20 dana, te da je rije\u010d o izutenom vi\u0161enamjenskom objektu sa vi\u0161e od 600 sjede\u0107ih mjesta.<\/p>\n<p>&#8220;Ovdje je vrhunska, licencirana oprema. U ovoj dvorani \u0107e se organizovati me\u010devi na najvi\u0161em nivou, \u0161kolska nastava, ali \u0107e dvorana biti na raspolaganju i za potrebe amaterskih klubova i kulturno-umjetni\u010dkih dru\u0161tava&#8221;, rekao je Mini\u0107 novinarima tokom dana\u0161nje posjete dvorani u Omarskoj.<\/p>\n<p>On je podsjetio da je dvorana izgra\u0111ena i opremljena zahvaljuju\u0107i tripartitnom na\u010dinu finansiranja.<\/p>\n<p>&#8220;\u017delio sam da se li\u010dno uvjerim da je ovo u zavr\u0161noj fazi i dobio sam uvjeravanja od izvo\u0111a\u010da da su jo\u0161 preostali samo vanjski radovi&#8221;, dodao je Mini\u0107.<\/p>\n<p><a href=\"https:\/\/www.prijedordanas.com\/wp-content\/uploads\/2026\/08\/minic-dvorana-omarska-2.jpg\"><img loading=\"lazy\" decoding=\"async\" class=\"alignleft size-medium wp-image-275144\" src=\"https:\/\/www.prijedordanas.com\/wp-content\/uploads\/2026\/08\/minic-dvorana-omarska-2-300x225.jpg\" alt=\"\" width=\"300\" height=\"225\" srcset=\"https:\/\/www.prijedordanas.com\/wp-content\/uploads\/2026\/08\/minic-dvorana-omarska-2-300x225.jpg 300w, https:\/\/www.prijedordanas.com\/wp-content\/uploads\/2026\/08\/minic-dvorana-omarska-2-640x480.jpg 640w, https:\/\/www.prijedordanas.com\/wp-content\/uploads\/2026\/08\/minic-dvorana-omarska-2.jpg 667w\" sizes=\"(max-width: 300px) 100vw, 300px\" \/><\/a>Prema njegovim rije\u010dima, najbolje \u0161to mo\u017ee da se uradi u manjim prigradskim mjestima jeste da se grade ovakvi objekti, da djeca i omladina ne moraju da idu u ve\u0107e gradove da bi imali vrhunske uslove za nastavu, sport ili rekreaciju.<\/p>\n<p>&#8220;Ovo je poruka svim na\u0161im porodicama u manjim sredinama da \u0107e imati sve mogu\u0107e infrastrukturne uslove, da njihova djeca mogu zadovoljiti svoje potrebe za bilo kojom vrstom sporta&#8221;, naglasio je Mini\u0107.<\/p>\n<p>Gradona\u010delnik Prijedora Slobodan Javor rekao je da je gradnja sportske dvorane u Omarskoj zapo\u010deta sredstvima Vlade Republike Srbije u iznosu od 250.000 evra.<\/p>\n<p>&#8220;U toj fazi grubih gra\u0111evinskih radova, Grad Prijedor je izdvojio 92.000 KM. Nakon toga smo dobili dva miliona KM od Vlade Republike Srpske za zavr\u0161etak unutra\u0161njih i vanjskih radova, a zatim i 500.000 KM iz Kabineta predsjednika Republike Srpske za unutra\u0161nje opremanje&#8221;, pojasnio je Javor.<\/p>\n<p><a href=\"https:\/\/www.prijedordanas.com\/wp-content\/uploads\/2026\/08\/minic-dvorana-omarska-3.jpg\"><img loading=\"lazy\" decoding=\"async\" src=\"https:\/\/www.prijedordanas.com\/wp-content\/uploads\/2026\/08\/minic-dvorana-omarska-3-300x225.jpg\" alt=\"\" width=\"300\" height=\"225\" class=\"alignleft size-medium wp-image-275145\" srcset=\"https:\/\/www.prijedordanas.com\/wp-content\/uploads\/2026\/08\/minic-dvorana-omarska-3-300x225.jpg 300w, https:\/\/www.prijedordanas.com\/wp-content\/uploads\/2026\/08\/minic-dvorana-omarska-3-640x480.jpg 640w, https:\/\/www.prijedordanas.com\/wp-content\/uploads\/2026\/08\/minic-dvorana-omarska-3.jpg 667w\" sizes=\"(max-width: 300px) 100vw, 300px\" \/><\/a>On je dodao da je sredstva za posljednju faza vrijednu ne\u0161to vi\u0161e od milion KM, a koja se odnosi na vanjsko ure\u0111enje, obezbijedio Grad Prijedor.<\/p>\n<p>&#8220;\u0160to se ti\u010de samih zavr\u0161nih radova, to jeste posljednje \u010detvrte faze, izvo\u0111a\u010d radova je naveo \u0107e sve biti zavr\u0161eno kroz naredne tri sedmice, nakon \u010dega \u0107emo sve\u010dano otvoriti ovu dvoranu&#8221;, naglasio je Javor.<\/p>\n<p>On je dodao da \u0107e u sklopu posljednje faze biti rije\u0161eno i pitanje grijanja i hla\u0111enja ovog objekta.<\/p>\n<p>Sportska dvorana u Omarskoj je vi\u0161enamjenski sportski objekat. Namijenjena je za nastavu fizi\u010dkog vaspitanja u\u010denicima Osnovne \u0161kole &#8220;Vuk Karad\u017ei\u0107&#8221;, sportskim klubovima i \u0161kolskom sportu, rekreativcima i stanovni\u0161tvu Omarske i okolnih mjesta, za treninge i pripreme Fudbalskog kluba &#8220;Omarska&#8221;, kao i za odr\u017eavanje zvani\u010dnih sportskih takmi\u010denja.<\/p>\n<p>SRNA<\/p>\n<p><a href=\"https:\/\/www.prijedordanas.com\/wp-content\/uploads\/2026\/08\/minic-dvorana-omarska-4.jpg\"><img loading=\"lazy\" decoding=\"async\" src=\"https:\/\/www.prijedordanas.com\/wp-content\/uploads\/2026\/08\/minic-dvorana-omarska-4-300x200.jpg\" alt=\"\" width=\"300\" height=\"200\" class=\"alignleft size-medium wp-image-275146\" srcset=\"https:\/\/www.prijedordanas.com\/wp-content\/uploads\/2026\/08\/minic-dvorana-omarska-4-300x200.jpg 300w, https:\/\/www.prijedordanas.com\/wp-content\/uploads\/2026\/08\/minic-dvorana-omarska-4-480x320.jpg 480w, https:\/\/www.prijedordanas.com\/wp-content\/uploads\/2026\/08\/minic-dvorana-omarska-4.jpg 600w\" sizes=\"(max-width: 300px) 100vw, 300px\" \/><\/a> <a href=\"https:\/\/www.prijedordanas.com\/wp-content\/uploads\/2026\/08\/minic-dvorana-omarska-5.jpg\"><img loading=\"lazy\" decoding=\"async\" src=\"https:\/\/www.prijedordanas.com\/wp-content\/uploads\/2026\/08\/minic-dvorana-omarska-5-300x200.jpg\" alt=\"\" width=\"300\" height=\"200\" class=\"alignleft size-medium wp-image-275147\" srcset=\"https:\/\/www.prijedordanas.com\/wp-content\/uploads\/2026\/08\/minic-dvorana-omarska-5-300x200.jpg 300w, https:\/\/www.prijedordanas.com\/wp-content\/uploads\/2026\/08\/minic-dvorana-omarska-5-480x320.jpg 480w, https:\/\/www.prijedordanas.com\/wp-content\/uploads\/2026\/08\/minic-dvorana-omarska-5.jpg 600w\" sizes=\"(max-width: 300px) 100vw, 300px\" \/><\/a> <a href=\"https:\/\/www.prijedordanas.com\/wp-content\/uploads\/2026\/08\/minic-dvorana-omarska-6.jpg\"><img loading=\"lazy\" decoding=\"async\" src=\"https:\/\/www.prijedordanas.com\/wp-content\/uploads\/2026\/08\/minic-dvorana-omarska-6-300x200.jpg\" alt=\"\" width=\"300\" height=\"200\" class=\"alignleft size-medium wp-image-275148\" srcset=\"https:\/\/www.prijedordanas.com\/wp-content\/uploads\/2026\/08\/minic-dvorana-omarska-6-300x200.jpg 300w, https:\/\/www.prijedordanas.com\/wp-content\/uploads\/2026\/08\/minic-dvorana-omarska-6-480x320.jpg 480w, https:\/\/www.prijedordanas.com\/wp-content\/uploads\/2026\/08\/minic-dvorana-omarska-6.jpg 600w\" sizes=\"(max-width: 300px) 100vw, 300px\" \/><\/a> <a href=\"https:\/\/www.prijedordanas.com\/wp-content\/uploads\/2026\/08\/minic-dvorana-omarska-7.jpg\"><img loading=\"lazy\" decoding=\"async\" src=\"https:\/\/www.prijedordanas.com\/wp-content\/uploads\/2026\/08\/minic-dvorana-omarska-7-300x200.jpg\" alt=\"\" width=\"300\" height=\"200\" class=\"alignleft size-medium wp-image-275149\" srcset=\"https:\/\/www.prijedordanas.com\/wp-content\/uploads\/2026\/08\/minic-dvorana-omarska-7-300x200.jpg 300w, https:\/\/www.prijedordanas.com\/wp-content\/uploads\/2026\/08\/minic-dvorana-omarska-7-480x320.jpg 480w, https:\/\/www.prijedordanas.com\/wp-content\/uploads\/2026\/08\/minic-dvorana-omarska-7.jpg 600w\" sizes=\"(max-width: 300px) 100vw, 300px\" \/><\/a><\/p>\n","protected":false},"excerpt":{"rendered":"<p>Predsjednik Vlade Republike Srpske Savo Mini\u0107 izjavio je danas u Omarskoj kod Prijedora da \u0107e novoizgra\u0111ena sportska dvorana u ovom mjestu biti u potpunosti zavr\u0161ena u narednih 20 dana, te [&hellip;]<\/p>\n","protected":false},"author":1,"featured_media":0,"comment_status":"closed","ping_status":"open","sticky":false,"template":"","format":"standard","meta":{"_monsterinsights_skip_tracking":false,"_monsterinsights_sitenote_active":false,"_monsterinsights_sitenote_note":"","_monsterinsights_sitenote_category":0,"footnotes":""},"categories":[7],"tags":[],"yoast_head":"<!-- This site is optimized with the Yoast SEO plugin v21.6 - https:\/\/yoast.com\/wordpress\/plugins\/seo\/ -->\n<title>Mini\u0107: Zavr\u0161etak sportske dvorane u Omarskoj u narednih 20 dana - FOTO - PrijedorDanas.com - Prijedorski gradski portal<\/title>\n<meta name=\"robots\" content=\"index, follow, max-snippet:-1, max-image-preview:large, max-video-preview:-1\" \/>\n<link rel=\"canonical\" href=\"https:\/\/www.prijedordanas.com\/?p=275142\" \/>\n<meta property=\"og:locale\" content=\"en_US\" \/>\n<meta property=\"og:type\" content=\"article\" \/>\n<meta property=\"og:title\" content=\"Mini\u0107: Zavr\u0161etak sportske dvorane u Omarskoj u narednih 20 dana - FOTO - PrijedorDanas.com - Prijedorski gradski portal\" \/>\n<meta property=\"og:description\" content=\"Predsjednik Vlade Republike Srpske Savo Mini\u0107 izjavio je danas u Omarskoj kod Prijedora da \u0107e novoizgra\u0111ena sportska dvorana u ovom mjestu biti u potpunosti zavr\u0161ena u narednih 20 dana, te [&hellip;]\" \/>\n<meta property=\"og:url\" content=\"https:\/\/www.prijedordanas.com\/?p=275142\" \/>\n<meta property=\"og:site_name\" content=\"PrijedorDanas.com - Prijedorski gradski portal\" \/>\n<meta property=\"article:publisher\" content=\"https:\/\/www.facebook.com\/PrijedorDanasCom\/\" \/>\n<meta property=\"article:published_time\" content=\"2026-08-21T21:56:39+00:00\" \/>\n<meta property=\"og:image\" content=\"https:\/\/www.prijedordanas.com\/wp-content\/uploads\/2026\/08\/minic-dvorana-omarska-1-300x225.jpg\" \/>\n<meta name=\"author\" content=\"admin\" \/>\n<meta name=\"twitter:card\" content=\"summary_large_image\" \/>\n<meta name=\"twitter:label1\" content=\"Written by\" \/>\n\t<meta name=\"twitter:data1\" content=\"admin\" \/>\n\t<meta name=\"twitter:label2\" content=\"Est. reading time\" \/>\n\t<meta name=\"twitter:data2\" content=\"3 minutes\" \/>\n<script type=\"application\/ld+json\" class=\"yoast-schema-graph\">{\"@context\":\"https:\/\/schema.org\",\"@graph\":[{\"@type\":\"Article\",\"@id\":\"https:\/\/www.prijedordanas.com\/?p=275142#article\",\"isPartOf\":{\"@id\":\"https:\/\/www.prijedordanas.com\/?p=275142\"},\"author\":{\"name\":\"admin\",\"@id\":\"https:\/\/www.prijedordanas.com\/#\/schema\/person\/4e08ccf29b506ca916ff86d46bb700e6\"},\"headline\":\"Mini\u0107: Zavr\u0161etak sportske dvorane u Omarskoj u narednih 20 dana &#8211; FOTO\",\"datePublished\":\"2026-08-21T21:56:39+00:00\",\"dateModified\":\"2026-08-21T21:56:39+00:00\",\"mainEntityOfPage\":{\"@id\":\"https:\/\/www.prijedordanas.com\/?p=275142\"},\"wordCount\":439,\"publisher\":{\"@id\":\"https:\/\/www.prijedordanas.com\/#organization\"},\"articleSection\":[\"Sport\"],\"inLanguage\":\"en-US\"},{\"@type\":\"WebPage\",\"@id\":\"https:\/\/www.prijedordanas.com\/?p=275142\",\"url\":\"https:\/\/www.prijedordanas.com\/?p=275142\",\"name\":\"Mini\u0107: Zavr\u0161etak sportske dvorane u Omarskoj u narednih 20 dana - FOTO - PrijedorDanas.com - Prijedorski gradski portal\",\"isPartOf\":{\"@id\":\"https:\/\/www.prijedordanas.com\/#website\"},\"datePublished\":\"2026-08-21T21:56:39+00:00\",\"dateModified\":\"2026-08-21T21:56:39+00:00\",\"breadcrumb\":{\"@id\":\"https:\/\/www.prijedordanas.com\/?p=275142#breadcrumb\"},\"inLanguage\":\"en-US\",\"potentialAction\":[{\"@type\":\"ReadAction\",\"target\":[\"https:\/\/www.prijedordanas.com\/?p=275142\"]}]},{\"@type\":\"BreadcrumbList\",\"@id\":\"https:\/\/www.prijedordanas.com\/?p=275142#breadcrumb\",\"itemListElement\":[{\"@type\":\"ListItem\",\"position\":1,\"name\":\"Home\",\"item\":\"https:\/\/www.prijedordanas.com\/\"},{\"@type\":\"ListItem\",\"position\":2,\"name\":\"Mini\u0107: Zavr\u0161etak sportske dvorane u Omarskoj u narednih 20 dana &#8211; FOTO\"}]},{\"@type\":\"WebSite\",\"@id\":\"https:\/\/www.prijedordanas.com\/#website\",\"url\":\"https:\/\/www.prijedordanas.com\/\",\"name\":\"PrijedorDanas.com - Prijedorski gradski portal\",\"description\":\"Portal o doga\u0111anjima u gradu Prijedoru\",\"publisher\":{\"@id\":\"https:\/\/www.prijedordanas.com\/#organization\"},\"potentialAction\":[{\"@type\":\"SearchAction\",\"target\":{\"@type\":\"EntryPoint\",\"urlTemplate\":\"https:\/\/www.prijedordanas.com\/?s={search_term_string}\"},\"query-input\":\"required name=search_term_string\"}],\"inLanguage\":\"en-US\"},{\"@type\":\"Organization\",\"@id\":\"https:\/\/www.prijedordanas.com\/#organization\",\"name\":\"PrijedorDanas.com\",\"url\":\"https:\/\/www.prijedordanas.com\/\",\"logo\":{\"@type\":\"ImageObject\",\"inLanguage\":\"en-US\",\"@id\":\"https:\/\/www.prijedordanas.com\/#\/schema\/logo\/image\/\",\"url\":\"http:\/\/www.prijedordanas.com\/wp-content\/uploads\/2021\/12\/logopng.png\",\"contentUrl\":\"http:\/\/www.prijedordanas.com\/wp-content\/uploads\/2021\/12\/logopng.png\",\"width\":1019,\"height\":776,\"caption\":\"PrijedorDanas.com\"},\"image\":{\"@id\":\"https:\/\/www.prijedordanas.com\/#\/schema\/logo\/image\/\"},\"sameAs\":[\"https:\/\/www.facebook.com\/PrijedorDanasCom\/\"]},{\"@type\":\"Person\",\"@id\":\"https:\/\/www.prijedordanas.com\/#\/schema\/person\/4e08ccf29b506ca916ff86d46bb700e6\",\"name\":\"admin\",\"image\":{\"@type\":\"ImageObject\",\"inLanguage\":\"en-US\",\"@id\":\"https:\/\/www.prijedordanas.com\/#\/schema\/person\/image\/\",\"url\":\"https:\/\/secure.gravatar.com\/avatar\/1d3fc949d550f0b53a5f0d51e06dfd79?s=96&d=mm&r=g\",\"contentUrl\":\"https:\/\/secure.gravatar.com\/avatar\/1d3fc949d550f0b53a5f0d51e06dfd79?s=96&d=mm&r=g\",\"caption\":\"admin\"},\"url\":\"https:\/\/www.prijedordanas.com\/?author=1\"}]}<\/script>\n<!-- \/ Yoast SEO plugin. -->","yoast_head_json":{"title":"Mini\u0107: Zavr\u0161etak sportske dvorane u Omarskoj u narednih 20 dana - FOTO - PrijedorDanas.com - Prijedorski gradski portal","robots":{"index":"index","follow":"follow","max-snippet":"max-snippet:-1","max-image-preview":"max-image-preview:large","max-video-preview":"max-video-preview:-1"},"canonical":"https:\/\/www.prijedordanas.com\/?p=275142","og_locale":"en_US","og_type":"article","og_title":"Mini\u0107: Zavr\u0161etak sportske dvorane u Omarskoj u narednih 20 dana - FOTO - PrijedorDanas.com - Prijedorski gradski portal","og_description":"Predsjednik Vlade Republike Srpske Savo Mini\u0107 izjavio je danas u Omarskoj kod Prijedora da \u0107e novoizgra\u0111ena sportska dvorana u ovom mjestu biti u potpunosti zavr\u0161ena u narednih 20 dana, te [&hellip;]","og_url":"https:\/\/www.prijedordanas.com\/?p=275142","og_site_name":"PrijedorDanas.com - Prijedorski gradski portal","article_publisher":"https:\/\/www.facebook.com\/PrijedorDanasCom\/","article_published_time":"2026-08-21T21:56:39+00:00","og_image":[{"url":"https:\/\/www.prijedordanas.com\/wp-content\/uploads\/2026\/08\/minic-dvorana-omarska-1-300x225.jpg"}],"author":"admin","twitter_card":"summary_large_image","twitter_misc":{"Written by":"admin","Est. reading time":"3 minutes"},"schema":{"@context":"https:\/\/schema.org","@graph":[{"@type":"Article","@id":"https:\/\/www.prijedordanas.com\/?p=275142#article","isPartOf":{"@id":"https:\/\/www.prijedordanas.com\/?p=275142"},"author":{"name":"admin","@id":"https:\/\/www.prijedordanas.com\/#\/schema\/person\/4e08ccf29b506ca916ff86d46bb700e6"},"headline":"Mini\u0107: Zavr\u0161etak sportske dvorane u Omarskoj u narednih 20 dana &#8211; FOTO","datePublished":"2026-08-21T21:56:39+00:00","dateModified":"2026-08-21T21:56:39+00:00","mainEntityOfPage":{"@id":"https:\/\/www.prijedordanas.com\/?p=275142"},"wordCount":439,"publisher":{"@id":"https:\/\/www.prijedordanas.com\/#organization"},"articleSection":["Sport"],"inLanguage":"en-US"},{"@type":"WebPage","@id":"https:\/\/www.prijedordanas.com\/?p=275142","url":"https:\/\/www.prijedordanas.com\/?p=275142","name":"Mini\u0107: Zavr\u0161etak sportske dvorane u Omarskoj u narednih 20 dana - FOTO - PrijedorDanas.com - Prijedorski gradski portal","isPartOf":{"@id":"https:\/\/www.prijedordanas.com\/#website"},"datePublished":"2026-08-21T21:56:39+00:00","dateModified":"2026-08-21T21:56:39+00:00","breadcrumb":{"@id":"https:\/\/www.prijedordanas.com\/?p=275142#breadcrumb"},"inLanguage":"en-US","potentialAction":[{"@type":"ReadAction","target":["https:\/\/www.prijedordanas.com\/?p=275142"]}]},{"@type":"BreadcrumbList","@id":"https:\/\/www.prijedordanas.com\/?p=275142#breadcrumb","itemListElement":[{"@type":"ListItem","position":1,"name":"Home","item":"https:\/\/www.prijedordanas.com\/"},{"@type":"ListItem","position":2,"name":"Mini\u0107: Zavr\u0161etak sportske dvorane u Omarskoj u narednih 20 dana &#8211; FOTO"}]},{"@type":"WebSite","@id":"https:\/\/www.prijedordanas.com\/#website","url":"https:\/\/www.prijedordanas.com\/","name":"PrijedorDanas.com - Prijedorski gradski portal","description":"Portal o doga\u0111anjima u gradu Prijedoru","publisher":{"@id":"https:\/\/www.prijedordanas.com\/#organization"},"potentialAction":[{"@type":"SearchAction","target":{"@type":"EntryPoint","urlTemplate":"https:\/\/www.prijedordanas.com\/?s={search_term_string}"},"query-input":"required name=search_term_string"}],"inLanguage":"en-US"},{"@type":"Organization","@id":"https:\/\/www.prijedordanas.com\/#organization","name":"PrijedorDanas.com","url":"https:\/\/www.prijedordanas.com\/","logo":{"@type":"ImageObject","inLanguage":"en-US","@id":"https:\/\/www.prijedordanas.com\/#\/schema\/logo\/image\/","url":"http:\/\/www.prijedordanas.com\/wp-content\/uploads\/2021\/12\/logopng.png","contentUrl":"http:\/\/www.prijedordanas.com\/wp-content\/uploads\/2021\/12\/logopng.png","width":1019,"height":776,"caption":"PrijedorDanas.com"},"image":{"@id":"https:\/\/www.prijedordanas.com\/#\/schema\/logo\/image\/"},"sameAs":["https:\/\/www.facebook.com\/PrijedorDanasCom\/"]},{"@type":"Person","@id":"https:\/\/www.prijedordanas.com\/#\/schema\/person\/4e08ccf29b506ca916ff86d46bb700e6","name":"admin","image":{"@type":"ImageObject","inLanguage":"en-US","@id":"https:\/\/www.prijedordanas.com\/#\/schema\/person\/image\/","url":"https:\/\/secure.gravatar.com\/avatar\/1d3fc949d550f0b53a5f0d51e06dfd79?s=96&d=mm&r=g","contentUrl":"https:\/\/secure.gravatar.com\/avatar\/1d3fc949d550f0b53a5f0d51e06dfd79?s=96&d=mm&r=g","caption":"admin"},"url":"https:\/\/www.prijedordanas.com\/?author=1"}]}},"_links":{"self":[{"href":"https:\/\/www.prijedordanas.com\/index.php?rest_route=\/wp\/v2\/posts\/275142"}],"collection":[{"href":"https:\/\/www.prijedordanas.com\/index.php?rest_route=\/wp\/v2\/posts"}],"about":[{"href":"https:\/\/www.prijedordanas.com\/index.php?rest_route=\/wp\/v2\/types\/post"}],"author":[{"embeddable":true,"href":"https:\/\/www.prijedordanas.com\/index.php?rest_route=\/wp\/v2\/users\/1"}],"replies":[{"embeddable":true,"href":"https:\/\/www.prijedordanas.com\/index.php?rest_route=%2Fwp%2Fv2%2Fcomments&post=275142"}],"version-history":[{"count":1,"href":"https:\/\/www.prijedordanas.com\/index.php?rest_route=\/wp\/v2\/posts\/275142\/revisions"}],"predecessor-version":[{"id":275150,"href":"https:\/\/www.prijedordanas.com\/index.php?rest_route=\/wp\/v2\/posts\/275142\/revisions\/275150"}],"wp:attachment":[{"href":"https:\/\/www.prijedordanas.com\/index.php?rest_route=%2Fwp%2Fv2%2Fmedia&parent=275142"}],"wp:term":[{"taxonomy":"category","embeddable":true,"href":"https:\/\/www.prijedordanas.com\/index.php?rest_route=%2Fwp%2Fv2%2Fcategories&post=275142"},{"taxonomy":"post_tag","embeddable":true,"href":"https:\/\/www.prijedordanas.com\/index.php?rest_route=%2Fwp%2Fv2%2Ftags&post=275142"}],"curies":[{"name":"wp","href":"https:\/\/api.w.org\/{rel}","templated":true}]}}