{"id":275122,"date":"2026-08-21T19:03:30","date_gmt":"2026-08-21T17:03:30","guid":{"rendered":"https:\/\/www.prijedordanas.com\/?p=275122"},"modified":"2026-08-21T19:03:30","modified_gmt":"2026-08-21T17:03:30","slug":"radnici-protiv-smjene-direktorice-doma-za-starija-lica-prijedor","status":"publish","type":"post","link":"https:\/\/www.prijedordanas.com\/?p=275122","title":{"rendered":"Radnici protiv smjene direktorice Doma za starija lica Prijedor"},"content":{"rendered":"<p><a href=\"https:\/\/www.prijedordanas.com\/wp-content\/uploads\/2026\/08\/minic-licanin.jpg\"><img loading=\"lazy\" decoding=\"async\" class=\"alignleft size-medium wp-image-275123\" src=\"https:\/\/www.prijedordanas.com\/wp-content\/uploads\/2026\/08\/minic-licanin-300x225.jpg\" alt=\"\" width=\"300\" height=\"225\" srcset=\"https:\/\/www.prijedordanas.com\/wp-content\/uploads\/2026\/08\/minic-licanin-300x225.jpg 300w, https:\/\/www.prijedordanas.com\/wp-content\/uploads\/2026\/08\/minic-licanin-640x480.jpg 640w, https:\/\/www.prijedordanas.com\/wp-content\/uploads\/2026\/08\/minic-licanin.jpg 667w\" sizes=\"(max-width: 300px) 100vw, 300px\" \/><\/a>Peticiju protiv najavljene smjene direktora Javne ustanove Dom za starija lica potpisalo je 75 radnika ove ustanove i 19. avgusta ove godine uputili je Vladi Republike Srpske, Ministarstvu zdravlja i socijalne za\u0161tite i gradona\u010delniku Prijedora.<\/p>\n<p>Novinari su o tome danas u Omarskoj pitali predsjednika Vlade Republike Srpske Savu Mini\u0107a koji je bio u obilasku sportske dvorane u izgradnji.<\/p>\n<p>Novinarka: Pitanje u vezi sa Domom za starija lica Prijedor. Da li ste dobili peticiju radnika protiv smjene direktora toga doma?<\/p>\n<p>Mini\u0107: Mo\u017eda i jesam, a da ja ne znam. Ne smijem vam u ovom momentu re\u0107i. Evo, tu su moji iz kabineta, na terenu sam danima, ali, evo, provjeri\u0107u. Mo\u017eete tra\u017eiti pismeno, pa \u0107u vam odmah odgovoriti. Ili, evo, sad, nakon par minuta, to vam odmah mogu re\u0107i.<\/p>\n<p>Novinarka: Je li vam poznat rad te institucije? Sje\u0107ate se mo\u017eda jo\u0161 kad ste bili ministar?<\/p>\n<p>Mini\u0107: Da, znam za sve probleme, apsolutno. I znam ja i za sve probleme u Prijedoru. Mi smo danas pri\u010dali o nekim stvarima koje se rade, ali isto tako znamo i za probleme koje su bili, pa znam i za taj problem.<\/p>\n<p>Novinarka: Da, da, samo \u0161to taj dom vrhunskog sad direktora ima, pa zato vas pitam za tu smjenu. Ima zaista rezultate.<\/p>\n<p><a href=\"https:\/\/www.prijedordanas.com\/wp-content\/uploads\/2022\/09\/marija-licanin.jpg\"><img loading=\"lazy\" decoding=\"async\" class=\"alignleft size-medium wp-image-192739\" src=\"https:\/\/www.prijedordanas.com\/wp-content\/uploads\/2022\/09\/marija-licanin-300x225.jpg\" alt=\"\" width=\"300\" height=\"225\" srcset=\"https:\/\/www.prijedordanas.com\/wp-content\/uploads\/2022\/09\/marija-licanin-300x225.jpg 300w, https:\/\/www.prijedordanas.com\/wp-content\/uploads\/2022\/09\/marija-licanin-640x480.jpg 640w, https:\/\/www.prijedordanas.com\/wp-content\/uploads\/2022\/09\/marija-licanin.jpg 666w\" sizes=\"(max-width: 300px) 100vw, 300px\" \/><\/a>Novinar: Marija je&#8230; \u0160ta je napravila, nakon onog u\u017easa&#8230;<\/p>\n<p>Mini\u0107: Pa, sve znam, i ko je bio, i kako je bio, ali&#8230;<\/p>\n<p>Novinarka: Ba\u0161 bi bilo \u010dudno kad bi je se smjenjivalo, zato vas pitamo.<\/p>\n<p>Mini\u0107: Dosta inicijativa, nekada malo mi pretjeramo u tome da je dovoljno da neko napi\u0161e neku inicijativu. Ni\u0161ta Vlada Republike Srpske ni ja kao premijer ne radi da prije toga ne konsultujemo lokalnu zajednicu, da jednostavno ne vidimo. Svi smo mi naslonnjeni \u0161to na republi\u010dki, \u0161to na lokalni bud\u017eet, kako se radi i provjeri se finansijski plan, plan poslovanja i tako dalje. Tako da nije dovoljan samo nekakav dopis. Ako sam i dobio, on \u0107e ponovo pro\u0107i kroz svu proceduru prije bilo kakve odluke.<\/p>\n<p>Novinarka: Ovaj je dopis radnika protiv njene smjene.<\/p>\n<p>Mini\u0107: Razumio sam ja vas, razumiijem.<\/p>\n<p>Novinarka: Ako budete pratili finansije, onda ona nema da se \u0161ta brine.<\/p>\n<p>Mini\u0107: Dobro.<\/p>\n<p>Tekst &#8211; Katarina Pani\u0107 &#8211; <a href=\"https:\/\/www.prijedordanas.com\" target=\"_blank\" rel=\"noopener noreferrer\">www.prijedordanas.com<\/a><\/p>\n","protected":false},"excerpt":{"rendered":"<p>Peticiju protiv najavljene smjene direktora Javne ustanove Dom za starija lica potpisalo je 75 radnika ove ustanove i 19. avgusta ove godine uputili je Vladi Republike Srpske, Ministarstvu zdravlja i [&hellip;]<\/p>\n","protected":false},"author":1,"featured_media":0,"comment_status":"closed","ping_status":"open","sticky":false,"template":"","format":"standard","meta":{"_monsterinsights_skip_tracking":false,"_monsterinsights_sitenote_active":false,"_monsterinsights_sitenote_note":"","_monsterinsights_sitenote_category":0,"footnotes":""},"categories":[4],"tags":[],"yoast_head":"<!-- This site is optimized with the Yoast SEO plugin v21.6 - https:\/\/yoast.com\/wordpress\/plugins\/seo\/ -->\n<title>Radnici protiv smjene direktorice Doma za starija lica Prijedor - PrijedorDanas.com - Prijedorski gradski portal<\/title>\n<meta name=\"robots\" content=\"index, follow, max-snippet:-1, max-image-preview:large, max-video-preview:-1\" \/>\n<link rel=\"canonical\" href=\"https:\/\/www.prijedordanas.com\/?p=275122\" \/>\n<meta property=\"og:locale\" content=\"en_US\" \/>\n<meta property=\"og:type\" content=\"article\" \/>\n<meta property=\"og:title\" content=\"Radnici protiv smjene direktorice Doma za starija lica Prijedor - PrijedorDanas.com - Prijedorski gradski portal\" \/>\n<meta property=\"og:description\" content=\"Peticiju protiv najavljene smjene direktora Javne ustanove Dom za starija lica potpisalo je 75 radnika ove ustanove i 19. avgusta ove godine uputili je Vladi Republike Srpske, Ministarstvu zdravlja i [&hellip;]\" \/>\n<meta property=\"og:url\" content=\"https:\/\/www.prijedordanas.com\/?p=275122\" \/>\n<meta property=\"og:site_name\" content=\"PrijedorDanas.com - Prijedorski gradski portal\" \/>\n<meta property=\"article:publisher\" content=\"https:\/\/www.facebook.com\/PrijedorDanasCom\/\" \/>\n<meta property=\"article:published_time\" content=\"2026-08-21T17:03:30+00:00\" \/>\n<meta property=\"og:image\" content=\"https:\/\/www.prijedordanas.com\/wp-content\/uploads\/2026\/08\/minic-licanin-300x225.jpg\" \/>\n<meta name=\"author\" content=\"admin\" \/>\n<meta name=\"twitter:card\" content=\"summary_large_image\" \/>\n<meta name=\"twitter:label1\" content=\"Written by\" \/>\n\t<meta name=\"twitter:data1\" content=\"admin\" \/>\n\t<meta name=\"twitter:label2\" content=\"Est. reading time\" \/>\n\t<meta name=\"twitter:data2\" content=\"2 minutes\" \/>\n<script type=\"application\/ld+json\" class=\"yoast-schema-graph\">{\"@context\":\"https:\/\/schema.org\",\"@graph\":[{\"@type\":\"Article\",\"@id\":\"https:\/\/www.prijedordanas.com\/?p=275122#article\",\"isPartOf\":{\"@id\":\"https:\/\/www.prijedordanas.com\/?p=275122\"},\"author\":{\"name\":\"admin\",\"@id\":\"https:\/\/www.prijedordanas.com\/#\/schema\/person\/4e08ccf29b506ca916ff86d46bb700e6\"},\"headline\":\"Radnici protiv smjene direktorice Doma za starija lica Prijedor\",\"datePublished\":\"2026-08-21T17:03:30+00:00\",\"dateModified\":\"2026-08-21T17:03:30+00:00\",\"mainEntityOfPage\":{\"@id\":\"https:\/\/www.prijedordanas.com\/?p=275122\"},\"wordCount\":386,\"publisher\":{\"@id\":\"https:\/\/www.prijedordanas.com\/#organization\"},\"articleSection\":[\"Dru\u0161tvo\"],\"inLanguage\":\"en-US\"},{\"@type\":\"WebPage\",\"@id\":\"https:\/\/www.prijedordanas.com\/?p=275122\",\"url\":\"https:\/\/www.prijedordanas.com\/?p=275122\",\"name\":\"Radnici protiv smjene direktorice Doma za starija lica Prijedor - PrijedorDanas.com - Prijedorski gradski portal\",\"isPartOf\":{\"@id\":\"https:\/\/www.prijedordanas.com\/#website\"},\"datePublished\":\"2026-08-21T17:03:30+00:00\",\"dateModified\":\"2026-08-21T17:03:30+00:00\",\"breadcrumb\":{\"@id\":\"https:\/\/www.prijedordanas.com\/?p=275122#breadcrumb\"},\"inLanguage\":\"en-US\",\"potentialAction\":[{\"@type\":\"ReadAction\",\"target\":[\"https:\/\/www.prijedordanas.com\/?p=275122\"]}]},{\"@type\":\"BreadcrumbList\",\"@id\":\"https:\/\/www.prijedordanas.com\/?p=275122#breadcrumb\",\"itemListElement\":[{\"@type\":\"ListItem\",\"position\":1,\"name\":\"Home\",\"item\":\"https:\/\/www.prijedordanas.com\/\"},{\"@type\":\"ListItem\",\"position\":2,\"name\":\"Radnici protiv smjene direktorice Doma za starija lica Prijedor\"}]},{\"@type\":\"WebSite\",\"@id\":\"https:\/\/www.prijedordanas.com\/#website\",\"url\":\"https:\/\/www.prijedordanas.com\/\",\"name\":\"PrijedorDanas.com - Prijedorski gradski portal\",\"description\":\"Portal o doga\u0111anjima u gradu Prijedoru\",\"publisher\":{\"@id\":\"https:\/\/www.prijedordanas.com\/#organization\"},\"potentialAction\":[{\"@type\":\"SearchAction\",\"target\":{\"@type\":\"EntryPoint\",\"urlTemplate\":\"https:\/\/www.prijedordanas.com\/?s={search_term_string}\"},\"query-input\":\"required name=search_term_string\"}],\"inLanguage\":\"en-US\"},{\"@type\":\"Organization\",\"@id\":\"https:\/\/www.prijedordanas.com\/#organization\",\"name\":\"PrijedorDanas.com\",\"url\":\"https:\/\/www.prijedordanas.com\/\",\"logo\":{\"@type\":\"ImageObject\",\"inLanguage\":\"en-US\",\"@id\":\"https:\/\/www.prijedordanas.com\/#\/schema\/logo\/image\/\",\"url\":\"http:\/\/www.prijedordanas.com\/wp-content\/uploads\/2021\/12\/logopng.png\",\"contentUrl\":\"http:\/\/www.prijedordanas.com\/wp-content\/uploads\/2021\/12\/logopng.png\",\"width\":1019,\"height\":776,\"caption\":\"PrijedorDanas.com\"},\"image\":{\"@id\":\"https:\/\/www.prijedordanas.com\/#\/schema\/logo\/image\/\"},\"sameAs\":[\"https:\/\/www.facebook.com\/PrijedorDanasCom\/\"]},{\"@type\":\"Person\",\"@id\":\"https:\/\/www.prijedordanas.com\/#\/schema\/person\/4e08ccf29b506ca916ff86d46bb700e6\",\"name\":\"admin\",\"image\":{\"@type\":\"ImageObject\",\"inLanguage\":\"en-US\",\"@id\":\"https:\/\/www.prijedordanas.com\/#\/schema\/person\/image\/\",\"url\":\"https:\/\/secure.gravatar.com\/avatar\/1d3fc949d550f0b53a5f0d51e06dfd79?s=96&d=mm&r=g\",\"contentUrl\":\"https:\/\/secure.gravatar.com\/avatar\/1d3fc949d550f0b53a5f0d51e06dfd79?s=96&d=mm&r=g\",\"caption\":\"admin\"},\"url\":\"https:\/\/www.prijedordanas.com\/?author=1\"}]}<\/script>\n<!-- \/ Yoast SEO plugin. -->","yoast_head_json":{"title":"Radnici protiv smjene direktorice Doma za starija lica Prijedor - PrijedorDanas.com - Prijedorski gradski portal","robots":{"index":"index","follow":"follow","max-snippet":"max-snippet:-1","max-image-preview":"max-image-preview:large","max-video-preview":"max-video-preview:-1"},"canonical":"https:\/\/www.prijedordanas.com\/?p=275122","og_locale":"en_US","og_type":"article","og_title":"Radnici protiv smjene direktorice Doma za starija lica Prijedor - PrijedorDanas.com - Prijedorski gradski portal","og_description":"Peticiju protiv najavljene smjene direktora Javne ustanove Dom za starija lica potpisalo je 75 radnika ove ustanove i 19. avgusta ove godine uputili je Vladi Republike Srpske, Ministarstvu zdravlja i [&hellip;]","og_url":"https:\/\/www.prijedordanas.com\/?p=275122","og_site_name":"PrijedorDanas.com - Prijedorski gradski portal","article_publisher":"https:\/\/www.facebook.com\/PrijedorDanasCom\/","article_published_time":"2026-08-21T17:03:30+00:00","og_image":[{"url":"https:\/\/www.prijedordanas.com\/wp-content\/uploads\/2026\/08\/minic-licanin-300x225.jpg"}],"author":"admin","twitter_card":"summary_large_image","twitter_misc":{"Written by":"admin","Est. reading time":"2 minutes"},"schema":{"@context":"https:\/\/schema.org","@graph":[{"@type":"Article","@id":"https:\/\/www.prijedordanas.com\/?p=275122#article","isPartOf":{"@id":"https:\/\/www.prijedordanas.com\/?p=275122"},"author":{"name":"admin","@id":"https:\/\/www.prijedordanas.com\/#\/schema\/person\/4e08ccf29b506ca916ff86d46bb700e6"},"headline":"Radnici protiv smjene direktorice Doma za starija lica Prijedor","datePublished":"2026-08-21T17:03:30+00:00","dateModified":"2026-08-21T17:03:30+00:00","mainEntityOfPage":{"@id":"https:\/\/www.prijedordanas.com\/?p=275122"},"wordCount":386,"publisher":{"@id":"https:\/\/www.prijedordanas.com\/#organization"},"articleSection":["Dru\u0161tvo"],"inLanguage":"en-US"},{"@type":"WebPage","@id":"https:\/\/www.prijedordanas.com\/?p=275122","url":"https:\/\/www.prijedordanas.com\/?p=275122","name":"Radnici protiv smjene direktorice Doma za starija lica Prijedor - PrijedorDanas.com - Prijedorski gradski portal","isPartOf":{"@id":"https:\/\/www.prijedordanas.com\/#website"},"datePublished":"2026-08-21T17:03:30+00:00","dateModified":"2026-08-21T17:03:30+00:00","breadcrumb":{"@id":"https:\/\/www.prijedordanas.com\/?p=275122#breadcrumb"},"inLanguage":"en-US","potentialAction":[{"@type":"ReadAction","target":["https:\/\/www.prijedordanas.com\/?p=275122"]}]},{"@type":"BreadcrumbList","@id":"https:\/\/www.prijedordanas.com\/?p=275122#breadcrumb","itemListElement":[{"@type":"ListItem","position":1,"name":"Home","item":"https:\/\/www.prijedordanas.com\/"},{"@type":"ListItem","position":2,"name":"Radnici protiv smjene direktorice Doma za starija lica Prijedor"}]},{"@type":"WebSite","@id":"https:\/\/www.prijedordanas.com\/#website","url":"https:\/\/www.prijedordanas.com\/","name":"PrijedorDanas.com - Prijedorski gradski portal","description":"Portal o doga\u0111anjima u gradu Prijedoru","publisher":{"@id":"https:\/\/www.prijedordanas.com\/#organization"},"potentialAction":[{"@type":"SearchAction","target":{"@type":"EntryPoint","urlTemplate":"https:\/\/www.prijedordanas.com\/?s={search_term_string}"},"query-input":"required name=search_term_string"}],"inLanguage":"en-US"},{"@type":"Organization","@id":"https:\/\/www.prijedordanas.com\/#organization","name":"PrijedorDanas.com","url":"https:\/\/www.prijedordanas.com\/","logo":{"@type":"ImageObject","inLanguage":"en-US","@id":"https:\/\/www.prijedordanas.com\/#\/schema\/logo\/image\/","url":"http:\/\/www.prijedordanas.com\/wp-content\/uploads\/2021\/12\/logopng.png","contentUrl":"http:\/\/www.prijedordanas.com\/wp-content\/uploads\/2021\/12\/logopng.png","width":1019,"height":776,"caption":"PrijedorDanas.com"},"image":{"@id":"https:\/\/www.prijedordanas.com\/#\/schema\/logo\/image\/"},"sameAs":["https:\/\/www.facebook.com\/PrijedorDanasCom\/"]},{"@type":"Person","@id":"https:\/\/www.prijedordanas.com\/#\/schema\/person\/4e08ccf29b506ca916ff86d46bb700e6","name":"admin","image":{"@type":"ImageObject","inLanguage":"en-US","@id":"https:\/\/www.prijedordanas.com\/#\/schema\/person\/image\/","url":"https:\/\/secure.gravatar.com\/avatar\/1d3fc949d550f0b53a5f0d51e06dfd79?s=96&d=mm&r=g","contentUrl":"https:\/\/secure.gravatar.com\/avatar\/1d3fc949d550f0b53a5f0d51e06dfd79?s=96&d=mm&r=g","caption":"admin"},"url":"https:\/\/www.prijedordanas.com\/?author=1"}]}},"_links":{"self":[{"href":"https:\/\/www.prijedordanas.com\/index.php?rest_route=\/wp\/v2\/posts\/275122"}],"collection":[{"href":"https:\/\/www.prijedordanas.com\/index.php?rest_route=\/wp\/v2\/posts"}],"about":[{"href":"https:\/\/www.prijedordanas.com\/index.php?rest_route=\/wp\/v2\/types\/post"}],"author":[{"embeddable":true,"href":"https:\/\/www.prijedordanas.com\/index.php?rest_route=\/wp\/v2\/users\/1"}],"replies":[{"embeddable":true,"href":"https:\/\/www.prijedordanas.com\/index.php?rest_route=%2Fwp%2Fv2%2Fcomments&post=275122"}],"version-history":[{"count":1,"href":"https:\/\/www.prijedordanas.com\/index.php?rest_route=\/wp\/v2\/posts\/275122\/revisions"}],"predecessor-version":[{"id":275124,"href":"https:\/\/www.prijedordanas.com\/index.php?rest_route=\/wp\/v2\/posts\/275122\/revisions\/275124"}],"wp:attachment":[{"href":"https:\/\/www.prijedordanas.com\/index.php?rest_route=%2Fwp%2Fv2%2Fmedia&parent=275122"}],"wp:term":[{"taxonomy":"category","embeddable":true,"href":"https:\/\/www.prijedordanas.com\/index.php?rest_route=%2Fwp%2Fv2%2Fcategories&post=275122"},{"taxonomy":"post_tag","embeddable":true,"href":"https:\/\/www.prijedordanas.com\/index.php?rest_route=%2Fwp%2Fv2%2Ftags&post=275122"}],"curies":[{"name":"wp","href":"https:\/\/api.w.org\/{rel}","templated":true}]}}