{"id":275105,"date":"2026-08-21T17:44:35","date_gmt":"2026-08-21T15:44:35","guid":{"rendered":"https:\/\/www.prijedordanas.com\/?p=275105"},"modified":"2026-08-21T17:44:35","modified_gmt":"2026-08-21T15:44:35","slug":"premijer-minic-za-prijedor-obezbijedeno-vise-od-30-miliona-km-nastavljamo-sa-realizacijom-kapitalnih-projekata","status":"publish","type":"post","link":"https:\/\/www.prijedordanas.com\/?p=275105","title":{"rendered":"Premijer Mini\u0107: Za Prijedor obezbije\u0111eno vi\u0161e od 30 miliona KM, nastavljamo sa realizacijom kapitalnih projekata"},"content":{"rendered":"<p><a href=\"https:\/\/www.prijedordanas.com\/wp-content\/uploads\/2026\/08\/minic-prijedor-gradska-uprava-1.jpg\"><img loading=\"lazy\" decoding=\"async\" class=\"alignleft size-medium wp-image-275106\" src=\"https:\/\/www.prijedordanas.com\/wp-content\/uploads\/2026\/08\/minic-prijedor-gradska-uprava-1-300x225.jpg\" alt=\"\" width=\"300\" height=\"225\" srcset=\"https:\/\/www.prijedordanas.com\/wp-content\/uploads\/2026\/08\/minic-prijedor-gradska-uprava-1-300x225.jpg 300w, https:\/\/www.prijedordanas.com\/wp-content\/uploads\/2026\/08\/minic-prijedor-gradska-uprava-1-640x480.jpg 640w, https:\/\/www.prijedordanas.com\/wp-content\/uploads\/2026\/08\/minic-prijedor-gradska-uprava-1.jpg 667w\" sizes=\"(max-width: 300px) 100vw, 300px\" \/><\/a>Predsjednik Vlade Republike Srpske Savo Mini\u0107 boravio je danas u radnoj posjeti Prijedoru, gdje je sa gradona\u010delnikom Slobodanom Javorom i predstavnicima Gradske uprave razgovarao o realizaciji najzna\u010dajnijih projekata i prioritetima za dalji razvoj grada.<\/p>\n<p>Nakon sastanka u Gradskoj upravi, Javor i Mini\u0107 su istakli zna\u010daj nastavka saradnje lokalne i republi\u010dke vlasti, posebno u realizaciji kapitalnih infrastrukturnih, obrazovnih, sportskih i zdravstvenih projekata.<\/p>\n<p>Gradona\u010delnik Prijedora Slobodan Javor zahvalio je premijeru Mini\u0107u na posjeti i podr\u0161ci koju Vlada Republike Srpske pru\u017ea Gradu Prijedoru.<\/p>\n<p>&#8220;U proteklih nekoliko mjeseci imali smo priliku da vi\u0161e puta ugostimo predsjednika Vlade, koji je dolazio i u zvani\u010dne i u prijateljske posjete, razgovarao sa nama i sa mje\u0161tanima i nastojao da na sve mogu\u0107e na\u010dine doprinese razvoju na\u0161e lokalne zajednice. Danas smo razgovarali o najva\u017enijim projektima i sredstvima koja je Vlada Republike Srpske odobrila u proteklom periodu&#8221;, rekao je Javor.<\/p>\n<p>On je naveo da je samo u posljednja nepuna dva mjeseca za projekte u Prijedoru obezbije\u0111eno vi\u0161e od 30 miliona KM, isti\u010du\u0107i da je rije\u010d o sredstvima koja \u0107e biti usmjerena u realizaciju konkretnih projekata od zna\u010daja za gra\u0111ane.<\/p>\n<p>&#8220;Kada govorimo o najzna\u010dajnijim projektima, tu su prije svega za\u0161tita Prijedora od poplava, zavr\u0161etak sportske dvorane u Urijama, izgradnja dje\u010djeg vrti\u0107a na Pe\u0107anima, ali i brojni drugi projekti. Za kapitalne projekte koje je predlo\u017eio Grad obezbije\u0111eno je 9,5 miliona KM, a dodatnih 3,827 miliona KM za ribnjak Sani\u010dani&#8221;, naveo je Javor.<\/p>\n<p><a href=\"https:\/\/www.prijedordanas.com\/wp-content\/uploads\/2026\/08\/minic-prijedor-gradska-uprava-2.jpg\"><img loading=\"lazy\" decoding=\"async\" src=\"https:\/\/www.prijedordanas.com\/wp-content\/uploads\/2026\/08\/minic-prijedor-gradska-uprava-2-300x225.jpg\" alt=\"\" width=\"300\" height=\"225\" class=\"alignleft size-medium wp-image-275107\" srcset=\"https:\/\/www.prijedordanas.com\/wp-content\/uploads\/2026\/08\/minic-prijedor-gradska-uprava-2-300x225.jpg 300w, https:\/\/www.prijedordanas.com\/wp-content\/uploads\/2026\/08\/minic-prijedor-gradska-uprava-2-640x480.jpg 640w, https:\/\/www.prijedordanas.com\/wp-content\/uploads\/2026\/08\/minic-prijedor-gradska-uprava-2.jpg 667w\" sizes=\"(max-width: 300px) 100vw, 300px\" \/><\/a>Gradona\u010delnik je pojasnio da je Vlada Republike Srpske sredstva za ribnjak u Sani\u010danima ve\u0107 uplatila na ra\u010dun Grada, dok je Grad na posljednjoj sjednici Skup\u0161tine osnovao preduze\u0107e koje \u0107e preuzeti ribnjak.<\/p>\n<p>&#8220;Zvani\u010dna registracija preduze\u0107a je u toku i o\u010dekujemo da bude zavr\u0161ena u narednih sedam do deset dana. Nakon toga Grad \u0107e sredstva koja je dobio od Vlade prebaciti na ra\u010dun tog preduze\u0107a i nastaviti sve neophodne aktivnosti u procesu ste\u010dajnog postupka&#8221;, rekao je Javor.<\/p>\n<p>Govore\u0107i o ostalim projektima, Javor je naveo da je za \u0161kole obezbije\u0111eno 2,5 miliona KM, dok je za po\u010detak izgradnje koncertne dvorane Muzi\u010dke \u0161kole &#8220;Savo Balaban&#8221; Vlada Republike Srpske obezbijedila milion KM, a Grad Prijedor dodatnih milion KM.<\/p>\n<p>Za zavr\u0161etak kanalizacione mre\u017ee u Tukovima Vlada je obezbijedila tri miliona KM, dok je Grad Prijedor izdvojio dodatna dva miliona KM, tako da je za ovaj projekat obezbije\u0111eno ukupno pet miliona KM. Prema najavama, raspisivanje tendera o\u010dekuje se u narednih sedam do deset dana.<\/p>\n<p>Isti princip primijenjen je i kod zavr\u0161etka sportske dvorane u Urijama, za koju je Vlada Republike Srpske obezbijedila tri miliona KM, a Grad dodatna dva miliona KM.<\/p>\n<p>&#8220;Ovo jasno pokazuje da Grad Prijedor i republi\u010dke institucije, na \u010delu sa Vladom Republike Srpske, zajedni\u010dki vode ra\u010duna o projektima koji su va\u017eni za na\u0161e gra\u0111ane. \u017delimo da nastavimo da gradimo Prijedor po mjeri svih na\u0161ih sugra\u0111ana&#8221;, istakao je Javor.<\/p>\n<p>On je posebno izdvojio i projekat izgradnje Centra za visoko obrazovanje, za koji je, kako je naveo, Grad Prijedor obezbijedio neophodnu dokumentaciju, saglasnosti i lokaciju, dok je Vlada Republike Srpske obezbijedila 15 miliona KM.<\/p>\n<p>&#8220;Rije\u0161eni su imovinsko-pravni odnosi i sada o\u010dekujemo da sredstva budu upla\u0107ena na ra\u010dun Grada, nakon \u010dega idemo u raspisivanje tendera. Vidljiv je kontinuitet u realizaciji projekata i to je rezultat dobre saradnje sa institucijama Republike Srpske&#8221;, rekao je Javor.<\/p>\n<p>Govore\u0107i o izgradnji auto-puta Prijedor-Banjaluka, gradona\u010delnik je istakao da je rije\u010d o istorijski zna\u010dajnom projektu za Prijedor.<\/p>\n<p>&#8220;Auto-put \u0107e zna\u010diti br\u017eu, kvalitetniju i sigurniju povezanost Prijedora sa Banjalukom, ali i sa Srbijom i drugim evropskim centrima. To je va\u017eno i sa aspekta bezbjednosti saobra\u0107aja, transporta i privrednog razvoja. Posebno nas raduje \u0161to na izgradnji auto-puta u\u010destvuju i firme iz na\u0161e lokalne zajednice, jer to zna\u010di nova radna mjesta i dodatnu korist za na\u0161e gra\u0111ane&#8221;, naveo je Javor.<\/p>\n<p>On je dodao da \u0107e bolja povezanost otvoriti prostor i za nove investicije, posebno u planiranoj industrijskoj zoni prema Omarskoj.<\/p>\n<p>Prema rije\u010dima Javora, drugi veliki projekat koji \u0107e u narednom periodu biti realizovan jeste rekonstrukcija i pro\u0161irenje Bolnice &#8220;Dr Mladen Stojanovi\u0107&#8221;, za \u0161ta je Vlada Republike Srpske obezbijedila 196 miliona KM.<\/p>\n<p>Predsjednik Vlade Republike Srpske Savo Mini\u0107 rekao je da je posjeta Prijedoru bila prilika da se na licu mjesta razgovara o projektima koji su ve\u0107 u realizaciji, ali i o narednim aktivnostima.<\/p>\n<p>&#8220;Prijedor sve ovo \u0161to se radi zaslu\u017euje. Treba napomenuti i \u0161ta je sve ura\u0111eno u mandatnom periodu ove Vlade. Kada je u pitanju Prijedor, samo u posljednja nepuna dva mjeseca obezbije\u0111eno je vi\u0161e od 30 miliona KM. To nije zato \u0161to je neko dobar, nego zato \u0161to gra\u0111ani Prijedora to zaslu\u017euju&#8221;, poru\u010dio je Mini\u0107.<\/p>\n<p>Govore\u0107i o za\u0161titi od poplava, Mini\u0107 je istakao da se u Prijedoru realizuju ozbiljni projekti koji \u0107e dugoro\u010dno pove\u0107ati stepen za\u0161tite grada i prigradskih naselja.<\/p>\n<p>&#8220;Radimo ozbiljne projekte koji \u0107e tek pokazati svoju efektivnost. Radi se ono \u0161to su struka, hidrologija i nauka pokazale da treba uraditi kako vi\u0161e ne bismo nakon poplava obilazili mje\u0161tane i sanirali \u0161tetu, ve\u0107 da sada ula\u017eemo u infrastrukturu koja \u0107e probleme rje\u0161avati preventivno&#8221;, rekao je Mini\u0107.<\/p>\n<p>On je najavio da \u0107e zajedno sa predstavnicima Grada i &#8220;Voda Srpske&#8221; obi\u0107i vi\u0161e lokacija na kojima se realizuju projekti za\u0161tite od poplava i ure\u0111enja vodotoka.<\/p>\n<p>&#8220;Idemo da vidimo kako teku radovi kada je u pitanju Sana, Gomjenica i sve ono \u0161to nam ovaj trenutni vodostaj omogu\u0107ava da uradimo. Cilj je da, kada do\u0111u jesenje ki\u0161e, otapanje snijega i prolje\u0107ne vode, mo\u017eemo mirnije spavati u Prijedoru&#8221;, istakao je Mini\u0107.<\/p>\n<p>Govore\u0107i o Centru za visoko obrazovanje, Mini\u0107 je potvrdio da su sredstva obezbije\u0111ena i da su sa Gradom usagla\u0161eni naredni koraci.<\/p>\n<p>&#8220;Sredstva su operativna i postoje. Danas smo razgovarali o tome ko \u0107e uraditi glavni projekat i ko \u0107e raspisati javnu nabavku. Idemo u realizaciju&#8221;, rekao je Mini\u0107.<\/p>\n<p>On je naveo da je Vlada Republike Srpske obezbijedila sredstva i za rekonstrukciju Bolnice &#8220;Dr Mladen Stojanovi\u0107&#8221; u Prijedoru, te da \u0107e postupak javne nabavke za realizaciju ovog projekta biti pokrenut 1. septembra.<\/p>\n<p>&#8220;Struka je izvr\u0161ila sve potrebne analize i zavr\u0161ili smo pripreme. Sada je na redu Prijedor. Smatram da \u0107emo na ovaj na\u010din zna\u010dajno unaprijediti zdravstvenu za\u0161titu u ovom gradu&#8221;, rekao je Mini\u0107.<\/p>\n<p>On je podsjetio i da je broj ljekara u prijedorskoj bolnici pove\u0107an sa 62 na 102, \u0161to, kako je naveo, predstavlja zna\u010dajno kadrovsko ja\u010danje zdravstvenog sistema.<\/p>\n<p>Mini\u0107 je posebno istakao zna\u010daj izgradnje auto-puta Prijedor-Banjaluka za budu\u0107i ekonomski razvoj grada i cijele regije.<\/p>\n<p>&#8220;Izgradnja auto-puta je jedan od projekata koji \u0107e donijeti vi\u0161estruku korist. Podaci i iskustva privrednika iz drugih lokalnih zajednica pokazuju da izgradnja auto-puta vi\u0161estruko pove\u0107ava investicioni potencijal. \u017delimo da Republika Srpska bude povezana i ure\u0111ena od Novog Grada do Trebinja i pokazali smo da imamo i spremnost i kapacitet da realizujemo takve projekte&#8221;, poru\u010dio je Mini\u0107.<\/p>\n<p>Nakon sastanka u Gradskoj upravi, delegacija je obi\u0161la lokacije na kojima se realizuju zna\u010dajni projekti u oblasti za\u0161tite od poplava i infrastrukture.<\/p>\n<p>Javor i Mini\u0107 su poru\u010dili da \u0107e saradnja Grada Prijedora i institucija Republike Srpske biti nastavljena, uz fokus na realizaciju zapo\u010detih projekata i rje\u0161avanje prioritetnih pitanja od zna\u010daja za gra\u0111ane.<\/p>\n<p><a href=\"https:\/\/prijedorgrad.org\/sr-EU\/vijesti-sadrzaj.html?vid=24358\" target=\"_blank\" rel=\"noopener\">prijedorgrad.org<\/a><\/p>\n","protected":false},"excerpt":{"rendered":"<p>Predsjednik Vlade Republike Srpske Savo Mini\u0107 boravio je danas u radnoj posjeti Prijedoru, gdje je sa gradona\u010delnikom Slobodanom Javorom i predstavnicima Gradske uprave razgovarao o realizaciji najzna\u010dajnijih projekata i prioritetima [&hellip;]<\/p>\n","protected":false},"author":1,"featured_media":0,"comment_status":"closed","ping_status":"open","sticky":false,"template":"","format":"standard","meta":{"_monsterinsights_skip_tracking":false,"_monsterinsights_sitenote_active":false,"_monsterinsights_sitenote_note":"","_monsterinsights_sitenote_category":0,"footnotes":""},"categories":[4],"tags":[],"yoast_head":"<!-- This site is optimized with the Yoast SEO plugin v21.6 - https:\/\/yoast.com\/wordpress\/plugins\/seo\/ -->\n<title>Premijer Mini\u0107: Za Prijedor obezbije\u0111eno vi\u0161e od 30 miliona KM, nastavljamo sa realizacijom kapitalnih projekata - PrijedorDanas.com - Prijedorski gradski portal<\/title>\n<meta name=\"robots\" content=\"index, follow, max-snippet:-1, max-image-preview:large, max-video-preview:-1\" \/>\n<link rel=\"canonical\" href=\"https:\/\/www.prijedordanas.com\/?p=275105\" \/>\n<meta property=\"og:locale\" content=\"en_US\" \/>\n<meta property=\"og:type\" content=\"article\" \/>\n<meta property=\"og:title\" content=\"Premijer Mini\u0107: Za Prijedor obezbije\u0111eno vi\u0161e od 30 miliona KM, nastavljamo sa realizacijom kapitalnih projekata - PrijedorDanas.com - Prijedorski gradski portal\" \/>\n<meta property=\"og:description\" content=\"Predsjednik Vlade Republike Srpske Savo Mini\u0107 boravio je danas u radnoj posjeti Prijedoru, gdje je sa gradona\u010delnikom Slobodanom Javorom i predstavnicima Gradske uprave razgovarao o realizaciji najzna\u010dajnijih projekata i prioritetima [&hellip;]\" \/>\n<meta property=\"og:url\" content=\"https:\/\/www.prijedordanas.com\/?p=275105\" \/>\n<meta property=\"og:site_name\" content=\"PrijedorDanas.com - Prijedorski gradski portal\" \/>\n<meta property=\"article:publisher\" content=\"https:\/\/www.facebook.com\/PrijedorDanasCom\/\" \/>\n<meta property=\"article:published_time\" content=\"2026-08-21T15:44:35+00:00\" \/>\n<meta property=\"og:image\" content=\"https:\/\/www.prijedordanas.com\/wp-content\/uploads\/2026\/08\/minic-prijedor-gradska-uprava-1-300x225.jpg\" \/>\n<meta name=\"author\" content=\"admin\" \/>\n<meta name=\"twitter:card\" content=\"summary_large_image\" \/>\n<meta name=\"twitter:label1\" content=\"Written by\" \/>\n\t<meta name=\"twitter:data1\" content=\"admin\" \/>\n\t<meta name=\"twitter:label2\" content=\"Est. reading time\" \/>\n\t<meta name=\"twitter:data2\" content=\"6 minutes\" \/>\n<script type=\"application\/ld+json\" class=\"yoast-schema-graph\">{\"@context\":\"https:\/\/schema.org\",\"@graph\":[{\"@type\":\"Article\",\"@id\":\"https:\/\/www.prijedordanas.com\/?p=275105#article\",\"isPartOf\":{\"@id\":\"https:\/\/www.prijedordanas.com\/?p=275105\"},\"author\":{\"name\":\"admin\",\"@id\":\"https:\/\/www.prijedordanas.com\/#\/schema\/person\/4e08ccf29b506ca916ff86d46bb700e6\"},\"headline\":\"Premijer Mini\u0107: Za Prijedor obezbije\u0111eno vi\u0161e od 30 miliona KM, nastavljamo sa realizacijom kapitalnih projekata\",\"datePublished\":\"2026-08-21T15:44:35+00:00\",\"dateModified\":\"2026-08-21T15:44:35+00:00\",\"mainEntityOfPage\":{\"@id\":\"https:\/\/www.prijedordanas.com\/?p=275105\"},\"wordCount\":1281,\"publisher\":{\"@id\":\"https:\/\/www.prijedordanas.com\/#organization\"},\"articleSection\":[\"Dru\u0161tvo\"],\"inLanguage\":\"en-US\"},{\"@type\":\"WebPage\",\"@id\":\"https:\/\/www.prijedordanas.com\/?p=275105\",\"url\":\"https:\/\/www.prijedordanas.com\/?p=275105\",\"name\":\"Premijer Mini\u0107: Za Prijedor obezbije\u0111eno vi\u0161e od 30 miliona KM, nastavljamo sa realizacijom kapitalnih projekata - PrijedorDanas.com - Prijedorski gradski portal\",\"isPartOf\":{\"@id\":\"https:\/\/www.prijedordanas.com\/#website\"},\"datePublished\":\"2026-08-21T15:44:35+00:00\",\"dateModified\":\"2026-08-21T15:44:35+00:00\",\"breadcrumb\":{\"@id\":\"https:\/\/www.prijedordanas.com\/?p=275105#breadcrumb\"},\"inLanguage\":\"en-US\",\"potentialAction\":[{\"@type\":\"ReadAction\",\"target\":[\"https:\/\/www.prijedordanas.com\/?p=275105\"]}]},{\"@type\":\"BreadcrumbList\",\"@id\":\"https:\/\/www.prijedordanas.com\/?p=275105#breadcrumb\",\"itemListElement\":[{\"@type\":\"ListItem\",\"position\":1,\"name\":\"Home\",\"item\":\"https:\/\/www.prijedordanas.com\/\"},{\"@type\":\"ListItem\",\"position\":2,\"name\":\"Premijer Mini\u0107: Za Prijedor obezbije\u0111eno vi\u0161e od 30 miliona KM, nastavljamo sa realizacijom kapitalnih projekata\"}]},{\"@type\":\"WebSite\",\"@id\":\"https:\/\/www.prijedordanas.com\/#website\",\"url\":\"https:\/\/www.prijedordanas.com\/\",\"name\":\"PrijedorDanas.com - Prijedorski gradski portal\",\"description\":\"Portal o doga\u0111anjima u gradu Prijedoru\",\"publisher\":{\"@id\":\"https:\/\/www.prijedordanas.com\/#organization\"},\"potentialAction\":[{\"@type\":\"SearchAction\",\"target\":{\"@type\":\"EntryPoint\",\"urlTemplate\":\"https:\/\/www.prijedordanas.com\/?s={search_term_string}\"},\"query-input\":\"required name=search_term_string\"}],\"inLanguage\":\"en-US\"},{\"@type\":\"Organization\",\"@id\":\"https:\/\/www.prijedordanas.com\/#organization\",\"name\":\"PrijedorDanas.com\",\"url\":\"https:\/\/www.prijedordanas.com\/\",\"logo\":{\"@type\":\"ImageObject\",\"inLanguage\":\"en-US\",\"@id\":\"https:\/\/www.prijedordanas.com\/#\/schema\/logo\/image\/\",\"url\":\"http:\/\/www.prijedordanas.com\/wp-content\/uploads\/2021\/12\/logopng.png\",\"contentUrl\":\"http:\/\/www.prijedordanas.com\/wp-content\/uploads\/2021\/12\/logopng.png\",\"width\":1019,\"height\":776,\"caption\":\"PrijedorDanas.com\"},\"image\":{\"@id\":\"https:\/\/www.prijedordanas.com\/#\/schema\/logo\/image\/\"},\"sameAs\":[\"https:\/\/www.facebook.com\/PrijedorDanasCom\/\"]},{\"@type\":\"Person\",\"@id\":\"https:\/\/www.prijedordanas.com\/#\/schema\/person\/4e08ccf29b506ca916ff86d46bb700e6\",\"name\":\"admin\",\"image\":{\"@type\":\"ImageObject\",\"inLanguage\":\"en-US\",\"@id\":\"https:\/\/www.prijedordanas.com\/#\/schema\/person\/image\/\",\"url\":\"https:\/\/secure.gravatar.com\/avatar\/1d3fc949d550f0b53a5f0d51e06dfd79?s=96&d=mm&r=g\",\"contentUrl\":\"https:\/\/secure.gravatar.com\/avatar\/1d3fc949d550f0b53a5f0d51e06dfd79?s=96&d=mm&r=g\",\"caption\":\"admin\"},\"url\":\"https:\/\/www.prijedordanas.com\/?author=1\"}]}<\/script>\n<!-- \/ Yoast SEO plugin. -->","yoast_head_json":{"title":"Premijer Mini\u0107: Za Prijedor obezbije\u0111eno vi\u0161e od 30 miliona KM, nastavljamo sa realizacijom kapitalnih projekata - PrijedorDanas.com - Prijedorski gradski portal","robots":{"index":"index","follow":"follow","max-snippet":"max-snippet:-1","max-image-preview":"max-image-preview:large","max-video-preview":"max-video-preview:-1"},"canonical":"https:\/\/www.prijedordanas.com\/?p=275105","og_locale":"en_US","og_type":"article","og_title":"Premijer Mini\u0107: Za Prijedor obezbije\u0111eno vi\u0161e od 30 miliona KM, nastavljamo sa realizacijom kapitalnih projekata - PrijedorDanas.com - Prijedorski gradski portal","og_description":"Predsjednik Vlade Republike Srpske Savo Mini\u0107 boravio je danas u radnoj posjeti Prijedoru, gdje je sa gradona\u010delnikom Slobodanom Javorom i predstavnicima Gradske uprave razgovarao o realizaciji najzna\u010dajnijih projekata i prioritetima [&hellip;]","og_url":"https:\/\/www.prijedordanas.com\/?p=275105","og_site_name":"PrijedorDanas.com - Prijedorski gradski portal","article_publisher":"https:\/\/www.facebook.com\/PrijedorDanasCom\/","article_published_time":"2026-08-21T15:44:35+00:00","og_image":[{"url":"https:\/\/www.prijedordanas.com\/wp-content\/uploads\/2026\/08\/minic-prijedor-gradska-uprava-1-300x225.jpg"}],"author":"admin","twitter_card":"summary_large_image","twitter_misc":{"Written by":"admin","Est. reading time":"6 minutes"},"schema":{"@context":"https:\/\/schema.org","@graph":[{"@type":"Article","@id":"https:\/\/www.prijedordanas.com\/?p=275105#article","isPartOf":{"@id":"https:\/\/www.prijedordanas.com\/?p=275105"},"author":{"name":"admin","@id":"https:\/\/www.prijedordanas.com\/#\/schema\/person\/4e08ccf29b506ca916ff86d46bb700e6"},"headline":"Premijer Mini\u0107: Za Prijedor obezbije\u0111eno vi\u0161e od 30 miliona KM, nastavljamo sa realizacijom kapitalnih projekata","datePublished":"2026-08-21T15:44:35+00:00","dateModified":"2026-08-21T15:44:35+00:00","mainEntityOfPage":{"@id":"https:\/\/www.prijedordanas.com\/?p=275105"},"wordCount":1281,"publisher":{"@id":"https:\/\/www.prijedordanas.com\/#organization"},"articleSection":["Dru\u0161tvo"],"inLanguage":"en-US"},{"@type":"WebPage","@id":"https:\/\/www.prijedordanas.com\/?p=275105","url":"https:\/\/www.prijedordanas.com\/?p=275105","name":"Premijer Mini\u0107: Za Prijedor obezbije\u0111eno vi\u0161e od 30 miliona KM, nastavljamo sa realizacijom kapitalnih projekata - PrijedorDanas.com - Prijedorski gradski portal","isPartOf":{"@id":"https:\/\/www.prijedordanas.com\/#website"},"datePublished":"2026-08-21T15:44:35+00:00","dateModified":"2026-08-21T15:44:35+00:00","breadcrumb":{"@id":"https:\/\/www.prijedordanas.com\/?p=275105#breadcrumb"},"inLanguage":"en-US","potentialAction":[{"@type":"ReadAction","target":["https:\/\/www.prijedordanas.com\/?p=275105"]}]},{"@type":"BreadcrumbList","@id":"https:\/\/www.prijedordanas.com\/?p=275105#breadcrumb","itemListElement":[{"@type":"ListItem","position":1,"name":"Home","item":"https:\/\/www.prijedordanas.com\/"},{"@type":"ListItem","position":2,"name":"Premijer Mini\u0107: Za Prijedor obezbije\u0111eno vi\u0161e od 30 miliona KM, nastavljamo sa realizacijom kapitalnih projekata"}]},{"@type":"WebSite","@id":"https:\/\/www.prijedordanas.com\/#website","url":"https:\/\/www.prijedordanas.com\/","name":"PrijedorDanas.com - Prijedorski gradski portal","description":"Portal o doga\u0111anjima u gradu Prijedoru","publisher":{"@id":"https:\/\/www.prijedordanas.com\/#organization"},"potentialAction":[{"@type":"SearchAction","target":{"@type":"EntryPoint","urlTemplate":"https:\/\/www.prijedordanas.com\/?s={search_term_string}"},"query-input":"required name=search_term_string"}],"inLanguage":"en-US"},{"@type":"Organization","@id":"https:\/\/www.prijedordanas.com\/#organization","name":"PrijedorDanas.com","url":"https:\/\/www.prijedordanas.com\/","logo":{"@type":"ImageObject","inLanguage":"en-US","@id":"https:\/\/www.prijedordanas.com\/#\/schema\/logo\/image\/","url":"http:\/\/www.prijedordanas.com\/wp-content\/uploads\/2021\/12\/logopng.png","contentUrl":"http:\/\/www.prijedordanas.com\/wp-content\/uploads\/2021\/12\/logopng.png","width":1019,"height":776,"caption":"PrijedorDanas.com"},"image":{"@id":"https:\/\/www.prijedordanas.com\/#\/schema\/logo\/image\/"},"sameAs":["https:\/\/www.facebook.com\/PrijedorDanasCom\/"]},{"@type":"Person","@id":"https:\/\/www.prijedordanas.com\/#\/schema\/person\/4e08ccf29b506ca916ff86d46bb700e6","name":"admin","image":{"@type":"ImageObject","inLanguage":"en-US","@id":"https:\/\/www.prijedordanas.com\/#\/schema\/person\/image\/","url":"https:\/\/secure.gravatar.com\/avatar\/1d3fc949d550f0b53a5f0d51e06dfd79?s=96&d=mm&r=g","contentUrl":"https:\/\/secure.gravatar.com\/avatar\/1d3fc949d550f0b53a5f0d51e06dfd79?s=96&d=mm&r=g","caption":"admin"},"url":"https:\/\/www.prijedordanas.com\/?author=1"}]}},"_links":{"self":[{"href":"https:\/\/www.prijedordanas.com\/index.php?rest_route=\/wp\/v2\/posts\/275105"}],"collection":[{"href":"https:\/\/www.prijedordanas.com\/index.php?rest_route=\/wp\/v2\/posts"}],"about":[{"href":"https:\/\/www.prijedordanas.com\/index.php?rest_route=\/wp\/v2\/types\/post"}],"author":[{"embeddable":true,"href":"https:\/\/www.prijedordanas.com\/index.php?rest_route=\/wp\/v2\/users\/1"}],"replies":[{"embeddable":true,"href":"https:\/\/www.prijedordanas.com\/index.php?rest_route=%2Fwp%2Fv2%2Fcomments&post=275105"}],"version-history":[{"count":1,"href":"https:\/\/www.prijedordanas.com\/index.php?rest_route=\/wp\/v2\/posts\/275105\/revisions"}],"predecessor-version":[{"id":275108,"href":"https:\/\/www.prijedordanas.com\/index.php?rest_route=\/wp\/v2\/posts\/275105\/revisions\/275108"}],"wp:attachment":[{"href":"https:\/\/www.prijedordanas.com\/index.php?rest_route=%2Fwp%2Fv2%2Fmedia&parent=275105"}],"wp:term":[{"taxonomy":"category","embeddable":true,"href":"https:\/\/www.prijedordanas.com\/index.php?rest_route=%2Fwp%2Fv2%2Fcategories&post=275105"},{"taxonomy":"post_tag","embeddable":true,"href":"https:\/\/www.prijedordanas.com\/index.php?rest_route=%2Fwp%2Fv2%2Ftags&post=275105"}],"curies":[{"name":"wp","href":"https:\/\/api.w.org\/{rel}","templated":true}]}}