{"id":275074,"date":"2026-08-20T22:20:09","date_gmt":"2026-08-20T20:20:09","guid":{"rendered":"https:\/\/www.prijedordanas.com\/?p=275074"},"modified":"2026-08-20T22:20:09","modified_gmt":"2026-08-20T20:20:09","slug":"sobot-nema-ekonomske-opravdanosti-za-komunalnu-naknadu-u-selima","status":"publish","type":"post","link":"https:\/\/www.prijedordanas.com\/?p=275074","title":{"rendered":"\u0160obot: Nema ekonomske opravdanosti za komunalnu naknadu u selima"},"content":{"rendered":"<p><a href=\"https:\/\/www.prijedordanas.com\/wp-content\/uploads\/2026\/05\/aleksandar-sobot.jpg\"><img loading=\"lazy\" decoding=\"async\" src=\"https:\/\/www.prijedordanas.com\/wp-content\/uploads\/2026\/05\/aleksandar-sobot-300x225.jpg\" alt=\"\" width=\"300\" height=\"225\" class=\"alignleft size-medium wp-image-268982\" srcset=\"https:\/\/www.prijedordanas.com\/wp-content\/uploads\/2026\/05\/aleksandar-sobot-300x225.jpg 300w, https:\/\/www.prijedordanas.com\/wp-content\/uploads\/2026\/05\/aleksandar-sobot-640x480.jpg 640w, https:\/\/www.prijedordanas.com\/wp-content\/uploads\/2026\/05\/aleksandar-sobot.jpg 667w\" sizes=\"(max-width: 300px) 100vw, 300px\" \/><\/a>Grad Prijedor je u postupku uvo\u0111enja komunalne naknade i prema postoje\u0107im parametrima ne\u0107e biti ekonomske opravdanosti za naplatu u ruralnim sredinama, izjavio je danas Srni na\u010delnik gradskog Odjeljenja za saobra\u0107aj, komunalne poslove i za\u0161titu \u017eivotne sredine i imovinsko-stambene poslove Aleksandar \u0160obot.<\/p>\n<p>\u0160obot je pojasnio da bi iznos komunalne naknade za sela bio ni\u017ei od tro\u0161kova naplatne procedure.<\/p>\n<p>\u201c\u0160tampanje rje\u0161enja i slanje koverte sa ra\u010dunom bilo bi skuplje od visine same naknade\u201d, rekao je \u0160obot.<\/p>\n<p>Grad Prijedor je jedini grad u Republici Srpskoj koji jo\u0161 ne napla\u0107uje komunalnu naknadu, a to je jedan od osnovnih prihoda jedinica lokalne samouprave i zakonska obaveza na koju je ukazala i Glavna slu\u017eba za reviziju javnog sektora Republike Srpske.<\/p>\n<p>\u201cVjerovatno \u0107e sav proces biti dodijeljen Zavodu za izgradnju grada. Oni imaju stru\u010dne ljude koji \u0107e izra\u0111ivati tlocrte stambenih prostora, postupati po \u017ealbama i vr\u0161iti kontrolu\u201d, najavio je \u0160obot.<\/p>\n<p>Grad Prijedor je u maju raspisao javnu nabavku za izradu programskog rje\u0161enja za rad na evidenciji i obra\u010dunu komunalne naknade, a ove sedmice objavio je rezultate tendera prema kojima je za pru\u017eaoca ove usluge izabrana firma \u201cVKB grupa\u201d iz Banjaluke sa cijenom od 3.861 KM sa PDV-om, koja je bila povoljnija od drugog ponu\u0111a\u010da, banjalu\u010dke firme \u201cE-info\u201d.<\/p>\n<p>\u201cNakon izbora ponu\u0111a\u010da, slijedi izrada programa po specifikaciji koju smo mi napravili. Bazu podataka pravi\u0107emo iz baza javnih komunalnih preduze\u0107a. Program \u0107e sam generisati rje\u0161enja koja \u0107e gra\u0111ani dobijati na ku\u0107ne adrese, s pravom prigovora. Po \u017ealbama \u0107e se izlaziti na teren i utvr\u0111ivati \u010dinjeni\u010dno stanje\u201d, pojasnio je \u0160obot.<\/p>\n<p>On je naglasio da je program utro\u0161ka sredstava od komunalne naknade jasno definisan i bi\u0107e kori\u0161ten, isklju\u010divo, za zajedni\u010dku komunalnu potro\u0161nju \u2013 \u010di\u0161\u0107enje ulica, ko\u0161enje parkova, te popravak slivnika i rasvjete.<\/p>\n<p>Odluke o komunalnoj naknadi u Prijedoru donesene su 2000. i 2006. godine, ali nikada nisu primijenjene.<\/p>\n<p>U maju 2023. godine Skup\u0161tina grada Prijedora donijela je nacrt nove odluke i uputila akt u javnu raspravu, koja je i odr\u017eana u oktobru te godine, i na kojoj je ve\u0107ina u\u010desnika zatra\u017eila da se formira radna grupa koja bi sistematski, temeljeno i detaljno radila na svakom \u010dlanu odluke dok se ne do\u0111e do optimalnog rje\u0161enja.<\/p>\n<p>U novembru pro\u0161le godine na dnevnom redu Skup\u0161tine grada na\u0161ao se prijedlog odluke o komunalnoj naknadi, ali je povu\u010den iz procedure.<\/p>\n<p>SRNA<br \/>\nFoto &#8211; ilustracija<\/p>\n","protected":false},"excerpt":{"rendered":"<p>Grad Prijedor je u postupku uvo\u0111enja komunalne naknade i prema postoje\u0107im parametrima ne\u0107e biti ekonomske opravdanosti za naplatu u ruralnim sredinama, izjavio je danas Srni na\u010delnik gradskog Odjeljenja za saobra\u0107aj, [&hellip;]<\/p>\n","protected":false},"author":1,"featured_media":0,"comment_status":"closed","ping_status":"open","sticky":false,"template":"","format":"standard","meta":{"_monsterinsights_skip_tracking":false,"_monsterinsights_sitenote_active":false,"_monsterinsights_sitenote_note":"","_monsterinsights_sitenote_category":0,"footnotes":""},"categories":[8],"tags":[],"yoast_head":"<!-- This site is optimized with the Yoast SEO plugin v21.6 - https:\/\/yoast.com\/wordpress\/plugins\/seo\/ -->\n<title>\u0160obot: Nema ekonomske opravdanosti za komunalnu naknadu u selima - PrijedorDanas.com - Prijedorski gradski portal<\/title>\n<meta name=\"robots\" content=\"index, follow, max-snippet:-1, max-image-preview:large, max-video-preview:-1\" \/>\n<link rel=\"canonical\" href=\"https:\/\/www.prijedordanas.com\/?p=275074\" \/>\n<meta property=\"og:locale\" content=\"en_US\" \/>\n<meta property=\"og:type\" content=\"article\" \/>\n<meta property=\"og:title\" content=\"\u0160obot: Nema ekonomske opravdanosti za komunalnu naknadu u selima - PrijedorDanas.com - Prijedorski gradski portal\" \/>\n<meta property=\"og:description\" content=\"Grad Prijedor je u postupku uvo\u0111enja komunalne naknade i prema postoje\u0107im parametrima ne\u0107e biti ekonomske opravdanosti za naplatu u ruralnim sredinama, izjavio je danas Srni na\u010delnik gradskog Odjeljenja za saobra\u0107aj, [&hellip;]\" \/>\n<meta property=\"og:url\" content=\"https:\/\/www.prijedordanas.com\/?p=275074\" \/>\n<meta property=\"og:site_name\" content=\"PrijedorDanas.com - Prijedorski gradski portal\" \/>\n<meta property=\"article:publisher\" content=\"https:\/\/www.facebook.com\/PrijedorDanasCom\/\" \/>\n<meta property=\"article:published_time\" content=\"2026-08-20T20:20:09+00:00\" \/>\n<meta property=\"og:image\" content=\"https:\/\/www.prijedordanas.com\/wp-content\/uploads\/2026\/05\/aleksandar-sobot-300x225.jpg\" \/>\n<meta name=\"author\" content=\"admin\" \/>\n<meta name=\"twitter:card\" content=\"summary_large_image\" \/>\n<meta name=\"twitter:label1\" content=\"Written by\" \/>\n\t<meta name=\"twitter:data1\" content=\"admin\" \/>\n<script type=\"application\/ld+json\" class=\"yoast-schema-graph\">{\"@context\":\"https:\/\/schema.org\",\"@graph\":[{\"@type\":\"Article\",\"@id\":\"https:\/\/www.prijedordanas.com\/?p=275074#article\",\"isPartOf\":{\"@id\":\"https:\/\/www.prijedordanas.com\/?p=275074\"},\"author\":{\"name\":\"admin\",\"@id\":\"https:\/\/www.prijedordanas.com\/#\/schema\/person\/4e08ccf29b506ca916ff86d46bb700e6\"},\"headline\":\"\u0160obot: Nema ekonomske opravdanosti za komunalnu naknadu u selima\",\"datePublished\":\"2026-08-20T20:20:09+00:00\",\"dateModified\":\"2026-08-20T20:20:09+00:00\",\"mainEntityOfPage\":{\"@id\":\"https:\/\/www.prijedordanas.com\/?p=275074\"},\"wordCount\":430,\"publisher\":{\"@id\":\"https:\/\/www.prijedordanas.com\/#organization\"},\"articleSection\":[\"Svakodnevno\"],\"inLanguage\":\"en-US\"},{\"@type\":\"WebPage\",\"@id\":\"https:\/\/www.prijedordanas.com\/?p=275074\",\"url\":\"https:\/\/www.prijedordanas.com\/?p=275074\",\"name\":\"\u0160obot: Nema ekonomske opravdanosti za komunalnu naknadu u selima - PrijedorDanas.com - Prijedorski gradski portal\",\"isPartOf\":{\"@id\":\"https:\/\/www.prijedordanas.com\/#website\"},\"datePublished\":\"2026-08-20T20:20:09+00:00\",\"dateModified\":\"2026-08-20T20:20:09+00:00\",\"breadcrumb\":{\"@id\":\"https:\/\/www.prijedordanas.com\/?p=275074#breadcrumb\"},\"inLanguage\":\"en-US\",\"potentialAction\":[{\"@type\":\"ReadAction\",\"target\":[\"https:\/\/www.prijedordanas.com\/?p=275074\"]}]},{\"@type\":\"BreadcrumbList\",\"@id\":\"https:\/\/www.prijedordanas.com\/?p=275074#breadcrumb\",\"itemListElement\":[{\"@type\":\"ListItem\",\"position\":1,\"name\":\"Home\",\"item\":\"https:\/\/www.prijedordanas.com\/\"},{\"@type\":\"ListItem\",\"position\":2,\"name\":\"\u0160obot: Nema ekonomske opravdanosti za komunalnu naknadu u selima\"}]},{\"@type\":\"WebSite\",\"@id\":\"https:\/\/www.prijedordanas.com\/#website\",\"url\":\"https:\/\/www.prijedordanas.com\/\",\"name\":\"PrijedorDanas.com - Prijedorski gradski portal\",\"description\":\"Portal o doga\u0111anjima u gradu Prijedoru\",\"publisher\":{\"@id\":\"https:\/\/www.prijedordanas.com\/#organization\"},\"potentialAction\":[{\"@type\":\"SearchAction\",\"target\":{\"@type\":\"EntryPoint\",\"urlTemplate\":\"https:\/\/www.prijedordanas.com\/?s={search_term_string}\"},\"query-input\":\"required name=search_term_string\"}],\"inLanguage\":\"en-US\"},{\"@type\":\"Organization\",\"@id\":\"https:\/\/www.prijedordanas.com\/#organization\",\"name\":\"PrijedorDanas.com\",\"url\":\"https:\/\/www.prijedordanas.com\/\",\"logo\":{\"@type\":\"ImageObject\",\"inLanguage\":\"en-US\",\"@id\":\"https:\/\/www.prijedordanas.com\/#\/schema\/logo\/image\/\",\"url\":\"http:\/\/www.prijedordanas.com\/wp-content\/uploads\/2021\/12\/logopng.png\",\"contentUrl\":\"http:\/\/www.prijedordanas.com\/wp-content\/uploads\/2021\/12\/logopng.png\",\"width\":1019,\"height\":776,\"caption\":\"PrijedorDanas.com\"},\"image\":{\"@id\":\"https:\/\/www.prijedordanas.com\/#\/schema\/logo\/image\/\"},\"sameAs\":[\"https:\/\/www.facebook.com\/PrijedorDanasCom\/\"]},{\"@type\":\"Person\",\"@id\":\"https:\/\/www.prijedordanas.com\/#\/schema\/person\/4e08ccf29b506ca916ff86d46bb700e6\",\"name\":\"admin\",\"image\":{\"@type\":\"ImageObject\",\"inLanguage\":\"en-US\",\"@id\":\"https:\/\/www.prijedordanas.com\/#\/schema\/person\/image\/\",\"url\":\"https:\/\/secure.gravatar.com\/avatar\/1d3fc949d550f0b53a5f0d51e06dfd79?s=96&d=mm&r=g\",\"contentUrl\":\"https:\/\/secure.gravatar.com\/avatar\/1d3fc949d550f0b53a5f0d51e06dfd79?s=96&d=mm&r=g\",\"caption\":\"admin\"},\"url\":\"https:\/\/www.prijedordanas.com\/?author=1\"}]}<\/script>\n<!-- \/ Yoast SEO plugin. -->","yoast_head_json":{"title":"\u0160obot: Nema ekonomske opravdanosti za komunalnu naknadu u selima - PrijedorDanas.com - Prijedorski gradski portal","robots":{"index":"index","follow":"follow","max-snippet":"max-snippet:-1","max-image-preview":"max-image-preview:large","max-video-preview":"max-video-preview:-1"},"canonical":"https:\/\/www.prijedordanas.com\/?p=275074","og_locale":"en_US","og_type":"article","og_title":"\u0160obot: Nema ekonomske opravdanosti za komunalnu naknadu u selima - PrijedorDanas.com - Prijedorski gradski portal","og_description":"Grad Prijedor je u postupku uvo\u0111enja komunalne naknade i prema postoje\u0107im parametrima ne\u0107e biti ekonomske opravdanosti za naplatu u ruralnim sredinama, izjavio je danas Srni na\u010delnik gradskog Odjeljenja za saobra\u0107aj, [&hellip;]","og_url":"https:\/\/www.prijedordanas.com\/?p=275074","og_site_name":"PrijedorDanas.com - Prijedorski gradski portal","article_publisher":"https:\/\/www.facebook.com\/PrijedorDanasCom\/","article_published_time":"2026-08-20T20:20:09+00:00","og_image":[{"url":"https:\/\/www.prijedordanas.com\/wp-content\/uploads\/2026\/05\/aleksandar-sobot-300x225.jpg"}],"author":"admin","twitter_card":"summary_large_image","twitter_misc":{"Written by":"admin"},"schema":{"@context":"https:\/\/schema.org","@graph":[{"@type":"Article","@id":"https:\/\/www.prijedordanas.com\/?p=275074#article","isPartOf":{"@id":"https:\/\/www.prijedordanas.com\/?p=275074"},"author":{"name":"admin","@id":"https:\/\/www.prijedordanas.com\/#\/schema\/person\/4e08ccf29b506ca916ff86d46bb700e6"},"headline":"\u0160obot: Nema ekonomske opravdanosti za komunalnu naknadu u selima","datePublished":"2026-08-20T20:20:09+00:00","dateModified":"2026-08-20T20:20:09+00:00","mainEntityOfPage":{"@id":"https:\/\/www.prijedordanas.com\/?p=275074"},"wordCount":430,"publisher":{"@id":"https:\/\/www.prijedordanas.com\/#organization"},"articleSection":["Svakodnevno"],"inLanguage":"en-US"},{"@type":"WebPage","@id":"https:\/\/www.prijedordanas.com\/?p=275074","url":"https:\/\/www.prijedordanas.com\/?p=275074","name":"\u0160obot: Nema ekonomske opravdanosti za komunalnu naknadu u selima - PrijedorDanas.com - Prijedorski gradski portal","isPartOf":{"@id":"https:\/\/www.prijedordanas.com\/#website"},"datePublished":"2026-08-20T20:20:09+00:00","dateModified":"2026-08-20T20:20:09+00:00","breadcrumb":{"@id":"https:\/\/www.prijedordanas.com\/?p=275074#breadcrumb"},"inLanguage":"en-US","potentialAction":[{"@type":"ReadAction","target":["https:\/\/www.prijedordanas.com\/?p=275074"]}]},{"@type":"BreadcrumbList","@id":"https:\/\/www.prijedordanas.com\/?p=275074#breadcrumb","itemListElement":[{"@type":"ListItem","position":1,"name":"Home","item":"https:\/\/www.prijedordanas.com\/"},{"@type":"ListItem","position":2,"name":"\u0160obot: Nema ekonomske opravdanosti za komunalnu naknadu u selima"}]},{"@type":"WebSite","@id":"https:\/\/www.prijedordanas.com\/#website","url":"https:\/\/www.prijedordanas.com\/","name":"PrijedorDanas.com - Prijedorski gradski portal","description":"Portal o doga\u0111anjima u gradu Prijedoru","publisher":{"@id":"https:\/\/www.prijedordanas.com\/#organization"},"potentialAction":[{"@type":"SearchAction","target":{"@type":"EntryPoint","urlTemplate":"https:\/\/www.prijedordanas.com\/?s={search_term_string}"},"query-input":"required name=search_term_string"}],"inLanguage":"en-US"},{"@type":"Organization","@id":"https:\/\/www.prijedordanas.com\/#organization","name":"PrijedorDanas.com","url":"https:\/\/www.prijedordanas.com\/","logo":{"@type":"ImageObject","inLanguage":"en-US","@id":"https:\/\/www.prijedordanas.com\/#\/schema\/logo\/image\/","url":"http:\/\/www.prijedordanas.com\/wp-content\/uploads\/2021\/12\/logopng.png","contentUrl":"http:\/\/www.prijedordanas.com\/wp-content\/uploads\/2021\/12\/logopng.png","width":1019,"height":776,"caption":"PrijedorDanas.com"},"image":{"@id":"https:\/\/www.prijedordanas.com\/#\/schema\/logo\/image\/"},"sameAs":["https:\/\/www.facebook.com\/PrijedorDanasCom\/"]},{"@type":"Person","@id":"https:\/\/www.prijedordanas.com\/#\/schema\/person\/4e08ccf29b506ca916ff86d46bb700e6","name":"admin","image":{"@type":"ImageObject","inLanguage":"en-US","@id":"https:\/\/www.prijedordanas.com\/#\/schema\/person\/image\/","url":"https:\/\/secure.gravatar.com\/avatar\/1d3fc949d550f0b53a5f0d51e06dfd79?s=96&d=mm&r=g","contentUrl":"https:\/\/secure.gravatar.com\/avatar\/1d3fc949d550f0b53a5f0d51e06dfd79?s=96&d=mm&r=g","caption":"admin"},"url":"https:\/\/www.prijedordanas.com\/?author=1"}]}},"_links":{"self":[{"href":"https:\/\/www.prijedordanas.com\/index.php?rest_route=\/wp\/v2\/posts\/275074"}],"collection":[{"href":"https:\/\/www.prijedordanas.com\/index.php?rest_route=\/wp\/v2\/posts"}],"about":[{"href":"https:\/\/www.prijedordanas.com\/index.php?rest_route=\/wp\/v2\/types\/post"}],"author":[{"embeddable":true,"href":"https:\/\/www.prijedordanas.com\/index.php?rest_route=\/wp\/v2\/users\/1"}],"replies":[{"embeddable":true,"href":"https:\/\/www.prijedordanas.com\/index.php?rest_route=%2Fwp%2Fv2%2Fcomments&post=275074"}],"version-history":[{"count":1,"href":"https:\/\/www.prijedordanas.com\/index.php?rest_route=\/wp\/v2\/posts\/275074\/revisions"}],"predecessor-version":[{"id":275076,"href":"https:\/\/www.prijedordanas.com\/index.php?rest_route=\/wp\/v2\/posts\/275074\/revisions\/275076"}],"wp:attachment":[{"href":"https:\/\/www.prijedordanas.com\/index.php?rest_route=%2Fwp%2Fv2%2Fmedia&parent=275074"}],"wp:term":[{"taxonomy":"category","embeddable":true,"href":"https:\/\/www.prijedordanas.com\/index.php?rest_route=%2Fwp%2Fv2%2Fcategories&post=275074"},{"taxonomy":"post_tag","embeddable":true,"href":"https:\/\/www.prijedordanas.com\/index.php?rest_route=%2Fwp%2Fv2%2Ftags&post=275074"}],"curies":[{"name":"wp","href":"https:\/\/api.w.org\/{rel}","templated":true}]}}