{"id":275009,"date":"2026-08-19T21:17:39","date_gmt":"2026-08-19T19:17:39","guid":{"rendered":"https:\/\/www.prijedordanas.com\/?p=275009"},"modified":"2026-08-19T21:17:39","modified_gmt":"2026-08-19T19:17:39","slug":"drugi-festival-izvorne-pjesme-u-malom-palancistu-27-i-28-avgusta-video","status":"publish","type":"post","link":"https:\/\/www.prijedordanas.com\/?p=275009","title":{"rendered":"Drugi festival izvorne pjesme u Malom Palan\u010di\u0161tu 27. i 28. avgusta &#8211; VIDEO"},"content":{"rendered":"<p><a href=\"https:\/\/www.prijedordanas.com\/wp-content\/uploads\/2026\/08\/kozarski-malo-palanciste-festival-izvorne-pjesme-2026.jpg\"><img loading=\"lazy\" decoding=\"async\" class=\"alignleft size-medium wp-image-275010\" src=\"https:\/\/www.prijedordanas.com\/wp-content\/uploads\/2026\/08\/kozarski-malo-palanciste-festival-izvorne-pjesme-2026-300x225.jpg\" alt=\"\" width=\"300\" height=\"225\" srcset=\"https:\/\/www.prijedordanas.com\/wp-content\/uploads\/2026\/08\/kozarski-malo-palanciste-festival-izvorne-pjesme-2026-300x225.jpg 300w, https:\/\/www.prijedordanas.com\/wp-content\/uploads\/2026\/08\/kozarski-malo-palanciste-festival-izvorne-pjesme-2026-640x480.jpg 640w, https:\/\/www.prijedordanas.com\/wp-content\/uploads\/2026\/08\/kozarski-malo-palanciste-festival-izvorne-pjesme-2026.jpg 667w\" sizes=\"(max-width: 300px) 100vw, 300px\" \/><\/a>Povodom praznika Uspenja Presvete Bogorodice, u Malom Palan\u010di\u0161tu 27. i 28. avgusta bi\u0107e obilje\u017eena slava sela i istoimenog hrama, uz Drugi festival izvorne pjesme.<\/p>\n<p>Dvodnevni program dio je manifestacije \u201cPrijedorsko ljeto 2026\u201d, a organizuju ga Crkvena op\u0161tina Malo Palan\u010di\u0161te, Grad Prijedor i Etno-dru\u0161tvo \u201cSrpski sokolovi Kozare\u201d Urije \u2013 Prijedor.<\/p>\n<p>Glavni cilj manifestacije jeste o\u010duvanje narodne tradicije i izvorne ojka\u010de, a prvog dana publiku o\u010dekuje bogat kulturno-umjetni\u010dki program uz u\u010de\u0161\u0107e brojnih pjeva\u010dkih grupa.<\/p>\n<p>\u201cPrvo ide ve\u010dernja slu\u017eba u 20 \u010dasova, nakon slu\u017ebe u 21 \u010das kre\u0107emo sa kulturno-umjetni\u010dkim programom. Festival izvornog pjevanja ojka\u010de, nastupi\u0107e na\u0161e \u010detiri pjeva\u010dke grupe i pet gostuju\u0107ih pjeva\u010dkih grupa. Pored na\u0161eg dru\u0161tva nastupi\u0107e i mu\u0161ka pjeva\u010dka grupa \u2018Borino jato\u2019 iz Svodne, mu\u0161ka pjeva\u010dka grupa \u2018Bra\u0107a Pani\u0107\u2019, mu\u0161ka pjeva\u010dka grupa \u2018Potkozarje\u2019, mu\u0161ka pjeva\u010dka grupa \u2018Prijedor\u2019 i mu\u0161ka pjeva\u010dka grupa \u2018Srce Kne\u0161polja\u2019. Pored izvornih ojka\u010dkih pjeva\u010dkih grupa, u programu \u0107e u\u010destvovati i na\u0161a dva ansambla \u2013 prvi i pripremni ansambl. Tako\u0111e \u0107emo nastojati ove godine da upotpunimo program, pa \u0107emo imati i na\u0161eg zdravi\u010dara\u201d, pojasnio je Miljan Banovi\u0107, predsjednik Etno-dru\u0161tva \u201cSrpski sokolovi\u201d Urije \u2013 Prijedor.<\/p>\n<p><a href=\"https:\/\/www.prijedordanas.com\/wp-content\/uploads\/2026\/08\/festival-izvorne-pjesme-malo-palanciste-2026.jpg\"><img loading=\"lazy\" decoding=\"async\" class=\"alignleft size-medium wp-image-275011\" src=\"https:\/\/www.prijedordanas.com\/wp-content\/uploads\/2026\/08\/festival-izvorne-pjesme-malo-palanciste-2026-221x300.jpg\" alt=\"\" width=\"221\" height=\"300\" srcset=\"https:\/\/www.prijedordanas.com\/wp-content\/uploads\/2026\/08\/festival-izvorne-pjesme-malo-palanciste-2026-221x300.jpg 221w, https:\/\/www.prijedordanas.com\/wp-content\/uploads\/2026\/08\/festival-izvorne-pjesme-malo-palanciste-2026.jpg 457w\" sizes=\"(max-width: 221px) 100vw, 221px\" \/><\/a>Nakon pjesme i narodnog saborovanja prve ve\u010deri, petak 28. avgust rezervisan je za centralni dio sve\u010danosti \u2013 obilje\u017eavanje hramovne slave.<\/p>\n<p>\u201cUjutru u 9 \u010dasova bi\u0107e slu\u017eena Sveta liturgija, a nakon toga slijedi parastos postradalima iz Velikog i Malog Palan\u010di\u0161ta, te Bo\u017ei\u0107a, poslije \u010dega je pripremljen i slavski ru\u010dak\u201d, naveo je kum slave Vladan Ke\u010da.<\/p>\n<p>Svetinja u Malom Palan\u010di\u0161tu ima burnu istoriju i obnovljena je prije dvije decenije. Iz mjesne parohije poru\u010duju da je ovo mjesto sabiranja koje zaslu\u017euje da \u017eivi i okuplja vjernike.<\/p>\n<p>\u201cSa zadovoljstvom do\u010dekujem taj veliki sabor i radujem se svakome \u010dovjeku koji \u0107e do\u0107i da nam pri\u010dini radost. \u017delja nam je da ovo pre\u0111e u tradiciju. \u0160teta bi bila da na samoj periferiji Prijedora imamo takvu svetinju, takav ambijent i prostor, a da to ne iskoristimo. \u010cvrsto sam uvjeren da \u0107e ovo prerasti u sna\u017ean duhovno-narodni doga\u0111aj\u201d, naglasio je protonamjesnik Vladislav Vu\u010danovi\u0107, paroh palan\u010di\u0161ki.<\/p>\n<p>Doma\u0107ini i organizatori pozivaju sve Prijedor\u010dane, parohijane i ljude dobre volje da 27. i 28. avgusta posjete Malo Palan\u010di\u0161te, u\u017eivaju u izvornoj pjesmi i zajedno uveli\u010daju proslavu hramovne slave.<\/p>\n<p><a href=\"https:\/\/kozarski.com\/drugi-festival-izvorne-pjesme-u-malom-palancistu-27-i-28-avgusta\/\" target=\"_blank\" rel=\"noopener\">kozarski.com<\/a><\/p>\n<p><iframe loading=\"lazy\" title=\"DRUGI FESTIVAL IZVORNE PJESME U MALOM PALAN\u010cI\u0160TU\" width=\"500\" height=\"281\" src=\"https:\/\/www.youtube.com\/embed\/yRDbc9QZAMc?feature=oembed\" frameborder=\"0\" allow=\"accelerometer; autoplay; clipboard-write; encrypted-media; gyroscope; picture-in-picture; web-share\" referrerpolicy=\"strict-origin-when-cross-origin\" allowfullscreen><\/iframe><\/p>\n","protected":false},"excerpt":{"rendered":"<p>Povodom praznika Uspenja Presvete Bogorodice, u Malom Palan\u010di\u0161tu 27. i 28. avgusta bi\u0107e obilje\u017eena slava sela i istoimenog hrama, uz Drugi festival izvorne pjesme. Dvodnevni program dio je manifestacije \u201cPrijedorsko [&hellip;]<\/p>\n","protected":false},"author":1,"featured_media":0,"comment_status":"closed","ping_status":"open","sticky":false,"template":"","format":"standard","meta":{"_monsterinsights_skip_tracking":false,"_monsterinsights_sitenote_active":false,"_monsterinsights_sitenote_note":"","_monsterinsights_sitenote_category":0,"footnotes":""},"categories":[6],"tags":[],"yoast_head":"<!-- This site is optimized with the Yoast SEO plugin v21.6 - https:\/\/yoast.com\/wordpress\/plugins\/seo\/ -->\n<title>Drugi festival izvorne pjesme u Malom Palan\u010di\u0161tu 27. i 28. avgusta - VIDEO - PrijedorDanas.com - Prijedorski gradski portal<\/title>\n<meta name=\"robots\" content=\"index, follow, max-snippet:-1, max-image-preview:large, max-video-preview:-1\" \/>\n<link rel=\"canonical\" href=\"https:\/\/www.prijedordanas.com\/?p=275009\" \/>\n<meta property=\"og:locale\" content=\"en_US\" \/>\n<meta property=\"og:type\" content=\"article\" \/>\n<meta property=\"og:title\" content=\"Drugi festival izvorne pjesme u Malom Palan\u010di\u0161tu 27. i 28. avgusta - VIDEO - PrijedorDanas.com - Prijedorski gradski portal\" \/>\n<meta property=\"og:description\" content=\"Povodom praznika Uspenja Presvete Bogorodice, u Malom Palan\u010di\u0161tu 27. i 28. avgusta bi\u0107e obilje\u017eena slava sela i istoimenog hrama, uz Drugi festival izvorne pjesme. Dvodnevni program dio je manifestacije \u201cPrijedorsko [&hellip;]\" \/>\n<meta property=\"og:url\" content=\"https:\/\/www.prijedordanas.com\/?p=275009\" \/>\n<meta property=\"og:site_name\" content=\"PrijedorDanas.com - Prijedorski gradski portal\" \/>\n<meta property=\"article:publisher\" content=\"https:\/\/www.facebook.com\/PrijedorDanasCom\/\" \/>\n<meta property=\"article:published_time\" content=\"2026-08-19T19:17:39+00:00\" \/>\n<meta property=\"og:image\" content=\"https:\/\/www.prijedordanas.com\/wp-content\/uploads\/2026\/08\/kozarski-malo-palanciste-festival-izvorne-pjesme-2026-300x225.jpg\" \/>\n<meta name=\"author\" content=\"admin\" \/>\n<meta name=\"twitter:card\" content=\"summary_large_image\" \/>\n<meta name=\"twitter:label1\" content=\"Written by\" \/>\n\t<meta name=\"twitter:data1\" content=\"admin\" \/>\n\t<meta name=\"twitter:label2\" content=\"Est. reading time\" \/>\n\t<meta name=\"twitter:data2\" content=\"2 minutes\" \/>\n<script type=\"application\/ld+json\" class=\"yoast-schema-graph\">{\"@context\":\"https:\/\/schema.org\",\"@graph\":[{\"@type\":\"Article\",\"@id\":\"https:\/\/www.prijedordanas.com\/?p=275009#article\",\"isPartOf\":{\"@id\":\"https:\/\/www.prijedordanas.com\/?p=275009\"},\"author\":{\"name\":\"admin\",\"@id\":\"https:\/\/www.prijedordanas.com\/#\/schema\/person\/4e08ccf29b506ca916ff86d46bb700e6\"},\"headline\":\"Drugi festival izvorne pjesme u Malom Palan\u010di\u0161tu 27. i 28. avgusta &#8211; VIDEO\",\"datePublished\":\"2026-08-19T19:17:39+00:00\",\"dateModified\":\"2026-08-19T19:17:39+00:00\",\"mainEntityOfPage\":{\"@id\":\"https:\/\/www.prijedordanas.com\/?p=275009\"},\"wordCount\":442,\"publisher\":{\"@id\":\"https:\/\/www.prijedordanas.com\/#organization\"},\"articleSection\":[\"Kultura\"],\"inLanguage\":\"en-US\"},{\"@type\":\"WebPage\",\"@id\":\"https:\/\/www.prijedordanas.com\/?p=275009\",\"url\":\"https:\/\/www.prijedordanas.com\/?p=275009\",\"name\":\"Drugi festival izvorne pjesme u Malom Palan\u010di\u0161tu 27. i 28. avgusta - VIDEO - PrijedorDanas.com - Prijedorski gradski portal\",\"isPartOf\":{\"@id\":\"https:\/\/www.prijedordanas.com\/#website\"},\"datePublished\":\"2026-08-19T19:17:39+00:00\",\"dateModified\":\"2026-08-19T19:17:39+00:00\",\"breadcrumb\":{\"@id\":\"https:\/\/www.prijedordanas.com\/?p=275009#breadcrumb\"},\"inLanguage\":\"en-US\",\"potentialAction\":[{\"@type\":\"ReadAction\",\"target\":[\"https:\/\/www.prijedordanas.com\/?p=275009\"]}]},{\"@type\":\"BreadcrumbList\",\"@id\":\"https:\/\/www.prijedordanas.com\/?p=275009#breadcrumb\",\"itemListElement\":[{\"@type\":\"ListItem\",\"position\":1,\"name\":\"Home\",\"item\":\"https:\/\/www.prijedordanas.com\/\"},{\"@type\":\"ListItem\",\"position\":2,\"name\":\"Drugi festival izvorne pjesme u Malom Palan\u010di\u0161tu 27. i 28. avgusta &#8211; VIDEO\"}]},{\"@type\":\"WebSite\",\"@id\":\"https:\/\/www.prijedordanas.com\/#website\",\"url\":\"https:\/\/www.prijedordanas.com\/\",\"name\":\"PrijedorDanas.com - Prijedorski gradski portal\",\"description\":\"Portal o doga\u0111anjima u gradu Prijedoru\",\"publisher\":{\"@id\":\"https:\/\/www.prijedordanas.com\/#organization\"},\"potentialAction\":[{\"@type\":\"SearchAction\",\"target\":{\"@type\":\"EntryPoint\",\"urlTemplate\":\"https:\/\/www.prijedordanas.com\/?s={search_term_string}\"},\"query-input\":\"required name=search_term_string\"}],\"inLanguage\":\"en-US\"},{\"@type\":\"Organization\",\"@id\":\"https:\/\/www.prijedordanas.com\/#organization\",\"name\":\"PrijedorDanas.com\",\"url\":\"https:\/\/www.prijedordanas.com\/\",\"logo\":{\"@type\":\"ImageObject\",\"inLanguage\":\"en-US\",\"@id\":\"https:\/\/www.prijedordanas.com\/#\/schema\/logo\/image\/\",\"url\":\"http:\/\/www.prijedordanas.com\/wp-content\/uploads\/2021\/12\/logopng.png\",\"contentUrl\":\"http:\/\/www.prijedordanas.com\/wp-content\/uploads\/2021\/12\/logopng.png\",\"width\":1019,\"height\":776,\"caption\":\"PrijedorDanas.com\"},\"image\":{\"@id\":\"https:\/\/www.prijedordanas.com\/#\/schema\/logo\/image\/\"},\"sameAs\":[\"https:\/\/www.facebook.com\/PrijedorDanasCom\/\"]},{\"@type\":\"Person\",\"@id\":\"https:\/\/www.prijedordanas.com\/#\/schema\/person\/4e08ccf29b506ca916ff86d46bb700e6\",\"name\":\"admin\",\"image\":{\"@type\":\"ImageObject\",\"inLanguage\":\"en-US\",\"@id\":\"https:\/\/www.prijedordanas.com\/#\/schema\/person\/image\/\",\"url\":\"https:\/\/secure.gravatar.com\/avatar\/1d3fc949d550f0b53a5f0d51e06dfd79?s=96&d=mm&r=g\",\"contentUrl\":\"https:\/\/secure.gravatar.com\/avatar\/1d3fc949d550f0b53a5f0d51e06dfd79?s=96&d=mm&r=g\",\"caption\":\"admin\"},\"url\":\"https:\/\/www.prijedordanas.com\/?author=1\"}]}<\/script>\n<!-- \/ Yoast SEO plugin. -->","yoast_head_json":{"title":"Drugi festival izvorne pjesme u Malom Palan\u010di\u0161tu 27. i 28. avgusta - VIDEO - PrijedorDanas.com - Prijedorski gradski portal","robots":{"index":"index","follow":"follow","max-snippet":"max-snippet:-1","max-image-preview":"max-image-preview:large","max-video-preview":"max-video-preview:-1"},"canonical":"https:\/\/www.prijedordanas.com\/?p=275009","og_locale":"en_US","og_type":"article","og_title":"Drugi festival izvorne pjesme u Malom Palan\u010di\u0161tu 27. i 28. avgusta - VIDEO - PrijedorDanas.com - Prijedorski gradski portal","og_description":"Povodom praznika Uspenja Presvete Bogorodice, u Malom Palan\u010di\u0161tu 27. i 28. avgusta bi\u0107e obilje\u017eena slava sela i istoimenog hrama, uz Drugi festival izvorne pjesme. Dvodnevni program dio je manifestacije \u201cPrijedorsko [&hellip;]","og_url":"https:\/\/www.prijedordanas.com\/?p=275009","og_site_name":"PrijedorDanas.com - Prijedorski gradski portal","article_publisher":"https:\/\/www.facebook.com\/PrijedorDanasCom\/","article_published_time":"2026-08-19T19:17:39+00:00","og_image":[{"url":"https:\/\/www.prijedordanas.com\/wp-content\/uploads\/2026\/08\/kozarski-malo-palanciste-festival-izvorne-pjesme-2026-300x225.jpg"}],"author":"admin","twitter_card":"summary_large_image","twitter_misc":{"Written by":"admin","Est. reading time":"2 minutes"},"schema":{"@context":"https:\/\/schema.org","@graph":[{"@type":"Article","@id":"https:\/\/www.prijedordanas.com\/?p=275009#article","isPartOf":{"@id":"https:\/\/www.prijedordanas.com\/?p=275009"},"author":{"name":"admin","@id":"https:\/\/www.prijedordanas.com\/#\/schema\/person\/4e08ccf29b506ca916ff86d46bb700e6"},"headline":"Drugi festival izvorne pjesme u Malom Palan\u010di\u0161tu 27. i 28. avgusta &#8211; VIDEO","datePublished":"2026-08-19T19:17:39+00:00","dateModified":"2026-08-19T19:17:39+00:00","mainEntityOfPage":{"@id":"https:\/\/www.prijedordanas.com\/?p=275009"},"wordCount":442,"publisher":{"@id":"https:\/\/www.prijedordanas.com\/#organization"},"articleSection":["Kultura"],"inLanguage":"en-US"},{"@type":"WebPage","@id":"https:\/\/www.prijedordanas.com\/?p=275009","url":"https:\/\/www.prijedordanas.com\/?p=275009","name":"Drugi festival izvorne pjesme u Malom Palan\u010di\u0161tu 27. i 28. avgusta - VIDEO - PrijedorDanas.com - Prijedorski gradski portal","isPartOf":{"@id":"https:\/\/www.prijedordanas.com\/#website"},"datePublished":"2026-08-19T19:17:39+00:00","dateModified":"2026-08-19T19:17:39+00:00","breadcrumb":{"@id":"https:\/\/www.prijedordanas.com\/?p=275009#breadcrumb"},"inLanguage":"en-US","potentialAction":[{"@type":"ReadAction","target":["https:\/\/www.prijedordanas.com\/?p=275009"]}]},{"@type":"BreadcrumbList","@id":"https:\/\/www.prijedordanas.com\/?p=275009#breadcrumb","itemListElement":[{"@type":"ListItem","position":1,"name":"Home","item":"https:\/\/www.prijedordanas.com\/"},{"@type":"ListItem","position":2,"name":"Drugi festival izvorne pjesme u Malom Palan\u010di\u0161tu 27. i 28. avgusta &#8211; VIDEO"}]},{"@type":"WebSite","@id":"https:\/\/www.prijedordanas.com\/#website","url":"https:\/\/www.prijedordanas.com\/","name":"PrijedorDanas.com - Prijedorski gradski portal","description":"Portal o doga\u0111anjima u gradu Prijedoru","publisher":{"@id":"https:\/\/www.prijedordanas.com\/#organization"},"potentialAction":[{"@type":"SearchAction","target":{"@type":"EntryPoint","urlTemplate":"https:\/\/www.prijedordanas.com\/?s={search_term_string}"},"query-input":"required name=search_term_string"}],"inLanguage":"en-US"},{"@type":"Organization","@id":"https:\/\/www.prijedordanas.com\/#organization","name":"PrijedorDanas.com","url":"https:\/\/www.prijedordanas.com\/","logo":{"@type":"ImageObject","inLanguage":"en-US","@id":"https:\/\/www.prijedordanas.com\/#\/schema\/logo\/image\/","url":"http:\/\/www.prijedordanas.com\/wp-content\/uploads\/2021\/12\/logopng.png","contentUrl":"http:\/\/www.prijedordanas.com\/wp-content\/uploads\/2021\/12\/logopng.png","width":1019,"height":776,"caption":"PrijedorDanas.com"},"image":{"@id":"https:\/\/www.prijedordanas.com\/#\/schema\/logo\/image\/"},"sameAs":["https:\/\/www.facebook.com\/PrijedorDanasCom\/"]},{"@type":"Person","@id":"https:\/\/www.prijedordanas.com\/#\/schema\/person\/4e08ccf29b506ca916ff86d46bb700e6","name":"admin","image":{"@type":"ImageObject","inLanguage":"en-US","@id":"https:\/\/www.prijedordanas.com\/#\/schema\/person\/image\/","url":"https:\/\/secure.gravatar.com\/avatar\/1d3fc949d550f0b53a5f0d51e06dfd79?s=96&d=mm&r=g","contentUrl":"https:\/\/secure.gravatar.com\/avatar\/1d3fc949d550f0b53a5f0d51e06dfd79?s=96&d=mm&r=g","caption":"admin"},"url":"https:\/\/www.prijedordanas.com\/?author=1"}]}},"_links":{"self":[{"href":"https:\/\/www.prijedordanas.com\/index.php?rest_route=\/wp\/v2\/posts\/275009"}],"collection":[{"href":"https:\/\/www.prijedordanas.com\/index.php?rest_route=\/wp\/v2\/posts"}],"about":[{"href":"https:\/\/www.prijedordanas.com\/index.php?rest_route=\/wp\/v2\/types\/post"}],"author":[{"embeddable":true,"href":"https:\/\/www.prijedordanas.com\/index.php?rest_route=\/wp\/v2\/users\/1"}],"replies":[{"embeddable":true,"href":"https:\/\/www.prijedordanas.com\/index.php?rest_route=%2Fwp%2Fv2%2Fcomments&post=275009"}],"version-history":[{"count":1,"href":"https:\/\/www.prijedordanas.com\/index.php?rest_route=\/wp\/v2\/posts\/275009\/revisions"}],"predecessor-version":[{"id":275012,"href":"https:\/\/www.prijedordanas.com\/index.php?rest_route=\/wp\/v2\/posts\/275009\/revisions\/275012"}],"wp:attachment":[{"href":"https:\/\/www.prijedordanas.com\/index.php?rest_route=%2Fwp%2Fv2%2Fmedia&parent=275009"}],"wp:term":[{"taxonomy":"category","embeddable":true,"href":"https:\/\/www.prijedordanas.com\/index.php?rest_route=%2Fwp%2Fv2%2Fcategories&post=275009"},{"taxonomy":"post_tag","embeddable":true,"href":"https:\/\/www.prijedordanas.com\/index.php?rest_route=%2Fwp%2Fv2%2Ftags&post=275009"}],"curies":[{"name":"wp","href":"https:\/\/api.w.org\/{rel}","templated":true}]}}