{"id":275001,"date":"2026-08-19T19:20:55","date_gmt":"2026-08-19T17:20:55","guid":{"rendered":"https:\/\/www.prijedordanas.com\/?p=275001"},"modified":"2026-08-19T21:02:17","modified_gmt":"2026-08-19T19:02:17","slug":"tvsj-prijedor-radinovic-uspjesno-okoncana-potraga-za-poljskim-drzavljanima-foto","status":"publish","type":"post","link":"https:\/\/www.prijedordanas.com\/?p=275001","title":{"rendered":"TVSJ Prijedor &#8211; Radinovi\u0107: Uspje\u0161no okon\u010dana potraga za poljskim dr\u017eavljanima &#8211; FOTO"},"content":{"rendered":"<p><a href=\"https:\/\/www.prijedordanas.com\/wp-content\/uploads\/2026\/08\/tvsjpd-potraga-sasina-1.jpg\"><img loading=\"lazy\" decoding=\"async\" class=\"alignleft size-medium wp-image-274988\" src=\"https:\/\/www.prijedordanas.com\/wp-content\/uploads\/2026\/08\/tvsjpd-potraga-sasina-1-300x300.jpg\" alt=\"\" width=\"300\" height=\"300\" srcset=\"https:\/\/www.prijedordanas.com\/wp-content\/uploads\/2026\/08\/tvsjpd-potraga-sasina-1-300x300.jpg 300w, https:\/\/www.prijedordanas.com\/wp-content\/uploads\/2026\/08\/tvsjpd-potraga-sasina-1-150x150.jpg 150w, https:\/\/www.prijedordanas.com\/wp-content\/uploads\/2026\/08\/tvsjpd-potraga-sasina-1-50x50.jpg 50w, https:\/\/www.prijedordanas.com\/wp-content\/uploads\/2026\/08\/tvsjpd-potraga-sasina-1.jpg 650w\" sizes=\"(max-width: 300px) 100vw, 300px\" \/><\/a>Pripadnici Teritorijalne vatrogasno-spasila\u010dke jedinice Prijedor u saradnji s kolegama iz Profesionalne vatrogasne jedinice Sanski Most uspje\u0161no su okon\u010dali te\u0161ku i mukotrpnu potragu za dvoje mladih dr\u017eavljana Poljske kojima se zaglavio automobil na Sasini, lokalitetu na trome\u0111i Banjaluke, Prijedora i Sanskog Mosta.<\/p>\n<p>Komandir odjeljenja za spasavanje Mario Radinovic\u0301 naveo je da je dojava prijedorskim vatrogascima stigla sinoc\u0301 oko 22.00 \u010dasa i da je potraga pokrenuta na osnovu lokacije koju je dostavio unesrec\u0301eni.<\/p>\n<p>\u201eKrenuli smo da ih tra\u017eimo preko Sasine, ali je lokacija koju smo dobili navodila na Donju Trnovu, pa smo se preusmjerili na Usorce, pa na Trnovu, pa dalje uzbrdo. Rije\u010d je o te\u0161ko prohodnom terenu, a na sve strane table `mine` pored puta, ali su kolege iz Sanskog Mosta dan prije pro\u0161li kamionom tim putem kada su gasili po\u017ear\u201c, rekao je Radinovic\u0301.<\/p>\n<p>Na pola tog puta vatrogasci dobijaju jo\u0161 jedan broj telefona i pozivaju ga, gdje se javi djevojka iz Poljske koja je bila u zaglavljenom automobilu.<\/p>\n<p><a href=\"https:\/\/www.prijedordanas.com\/wp-content\/uploads\/2026\/08\/tvsjpd-potraga-sasina-5.jpg\"><img loading=\"lazy\" decoding=\"async\" class=\"alignleft size-medium wp-image-274991\" src=\"https:\/\/www.prijedordanas.com\/wp-content\/uploads\/2026\/08\/tvsjpd-potraga-sasina-5-240x300.jpg\" alt=\"\" width=\"240\" height=\"300\" srcset=\"https:\/\/www.prijedordanas.com\/wp-content\/uploads\/2026\/08\/tvsjpd-potraga-sasina-5-240x300.jpg 240w, https:\/\/www.prijedordanas.com\/wp-content\/uploads\/2026\/08\/tvsjpd-potraga-sasina-5.jpg 480w\" sizes=\"(max-width: 240px) 100vw, 240px\" \/><\/a>\u201eKa\u017ee mi da su pratili upute navigacije i da su ostali zaglavljeni na te\u0161ko prohodnom \u0161umskom putu. Ka\u017ee da su krenuli iz Banjaluke ka Sanici, a ne iz Sanskog Mosta, kako smo prvobitno mislili, te tako pretpostavimo gdje bi mogli biti. E, do tog mjesta put je strava i u\u017eas\u201c, govori Radinovic\u0301.<\/p>\n<p>Izgubljene Poljake prona\u0161li su oko 01.40 \u010dasova iza ponoc\u0301i.<\/p>\n<p>Bezbjedno su evakuisani do Trnove odakle su ih kolege iz Pvj Sanski Most prebacile dalje za Sanski Most i Sanicu.<\/p>\n<p>\u201eKada smo pri\u0161li bli\u017ee pretpostavljenoj lokaciji, svirali smo, duvali u pi\u0161taljke, a ona na telefon ka\u017ee da nas ne \u010duju. Nakon jo\u0161 pola sata vo\u017enje, ne \u010duju opet. Ka\u017eem joj neka oni po\u010dnu svirati sirenom na autu i tada ih \u010dujemo. Oni su ispod nas, nizbrdo, pa ne \u010duju nas, a mi smo povi\u0161e, pa ih \u010dujemo. Nismo mogli autom do njih, nego pje\u0161ke. Pokupimo ih, dovedemo do na\u0161eg vozila, odvezemo do Trnove. Tamo pre\u0111u kod kolega iz Sanskog Mosta, oni ih odevzu u vatrogasni dom, a bili su tu i njihovi domac\u0301ini iz Sanice\u201c, prepri\u010dava Radinovic\u0301.<\/p>\n<p><a href=\"https:\/\/www.prijedordanas.com\/wp-content\/uploads\/2026\/08\/tvsjpd-potraga-sasina-3-1.jpg\"><img loading=\"lazy\" decoding=\"async\" class=\"alignleft size-medium wp-image-274999\" src=\"https:\/\/www.prijedordanas.com\/wp-content\/uploads\/2026\/08\/tvsjpd-potraga-sasina-3-1-240x300.jpg\" alt=\"\" width=\"240\" height=\"300\" srcset=\"https:\/\/www.prijedordanas.com\/wp-content\/uploads\/2026\/08\/tvsjpd-potraga-sasina-3-1-240x300.jpg 240w, https:\/\/www.prijedordanas.com\/wp-content\/uploads\/2026\/08\/tvsjpd-potraga-sasina-3-1.jpg 480w\" sizes=\"(max-width: 240px) 100vw, 240px\" \/><\/a>Ispostavilo se da su Hubert Tarnovski i Suzana Povojevska iz Var\u0161ave krenuli iz Banjaluke nazad za Sanicu kod svojih domac\u0301ina i da su usput htjeli jo\u0161 ne\u0161to da vide na Sasini, te su tu lokaciju ukucali u navigaciju kao usputnu stanicu i nisu odustajali ni nakon \u0161to je asfalt postao makadam, pa makadam zemljani put, pa zemljani put \u0161uma.<\/p>\n<p>\u201eKada su se zaglavili, zvali su najprije nas, ali na\u0161 telefonista ne zna engleski, pa su zvali hitnu pomoc\u0301 gdje su radnici hitne uzeli podatke i javili ih nama. De\u0161avalo se to i ranije da se na taj na\u010din savladava jezi\u010dka barijera. Problem je \u0161to nisu dali broj na koji ih mo\u017eemo dobiti nazad, a nas su zvali preko besplatnih poziva za hitne slu\u010dajeve. Nisu imali ni internet, ali su izdiktirali koordinate sa gugl mape koje smo prekucali u telefon i krenuli\u201c, ispri\u010dao je Radinovic\u0301.<\/p>\n<p>On je dodao da je danas od kolega iz Sanskog Mosta saznao da su uspjeli izvuc\u0301i i zaglavljeni automobil.<\/p>\n<p>U akciji potrage i spasavanja, pored Radinovic\u0301a, u\u010destvovali su komandir odjeljenja Mirlosav Torbica i vatrogasci spasioci Igor Bo\u017ei\u010dic\u0301 i Aleksa Bursac\u0301. Iz Sanskog Mosta u\u010destvovali su vo\u0111a smjene Zikret Zulic\u0301 i vatrogasac Edhem \u0160upuk.<\/p>\n<p>Tekst &#8211; Katarina Pani\u0107 &#8211; <a href=\"https:\/\/www.prijedordanas.com\" target=\"_blank\" rel=\"noopener noreferrer\">www.prijedordanas.com<\/a><br \/>\nFoto &#8211; TVSJ Prijedor<\/p>\n<p><a href=\"https:\/\/www.prijedordanas.com\/wp-content\/uploads\/2026\/08\/tvsjpd-potraga-sasina-6.jpg\"><img loading=\"lazy\" decoding=\"async\" class=\"alignleft size-medium wp-image-274992\" src=\"https:\/\/www.prijedordanas.com\/wp-content\/uploads\/2026\/08\/tvsjpd-potraga-sasina-6-240x300.jpg\" alt=\"\" width=\"240\" height=\"300\" srcset=\"https:\/\/www.prijedordanas.com\/wp-content\/uploads\/2026\/08\/tvsjpd-potraga-sasina-6-240x300.jpg 240w, https:\/\/www.prijedordanas.com\/wp-content\/uploads\/2026\/08\/tvsjpd-potraga-sasina-6.jpg 480w\" sizes=\"(max-width: 240px) 100vw, 240px\" \/><\/a> <a href=\"https:\/\/www.prijedordanas.com\/wp-content\/uploads\/2026\/08\/tvsjpd-potraga-sasina-4.jpg\"><img loading=\"lazy\" decoding=\"async\" class=\"alignleft size-medium wp-image-274990\" src=\"https:\/\/www.prijedordanas.com\/wp-content\/uploads\/2026\/08\/tvsjpd-potraga-sasina-4-240x300.jpg\" alt=\"\" width=\"240\" height=\"300\" srcset=\"https:\/\/www.prijedordanas.com\/wp-content\/uploads\/2026\/08\/tvsjpd-potraga-sasina-4-240x300.jpg 240w, https:\/\/www.prijedordanas.com\/wp-content\/uploads\/2026\/08\/tvsjpd-potraga-sasina-4.jpg 480w\" sizes=\"(max-width: 240px) 100vw, 240px\" \/><\/a> <a href=\"https:\/\/www.prijedordanas.com\/wp-content\/uploads\/2026\/08\/tvsjpd-potraga-sasina-2.jpg\"><img loading=\"lazy\" decoding=\"async\" class=\"alignleft size-medium wp-image-274993\" src=\"https:\/\/www.prijedordanas.com\/wp-content\/uploads\/2026\/08\/tvsjpd-potraga-sasina-2-240x300.jpg\" alt=\"\" width=\"240\" height=\"300\" srcset=\"https:\/\/www.prijedordanas.com\/wp-content\/uploads\/2026\/08\/tvsjpd-potraga-sasina-2-240x300.jpg 240w, https:\/\/www.prijedordanas.com\/wp-content\/uploads\/2026\/08\/tvsjpd-potraga-sasina-2.jpg 480w\" sizes=\"(max-width: 240px) 100vw, 240px\" \/><\/a> <a href=\"https:\/\/www.prijedordanas.com\/wp-content\/uploads\/2026\/08\/tvsjpd-potraga-sasina-7.jpg\"><img loading=\"lazy\" decoding=\"async\" src=\"https:\/\/www.prijedordanas.com\/wp-content\/uploads\/2026\/08\/tvsjpd-potraga-sasina-7-240x300.jpg\" alt=\"\" width=\"240\" height=\"300\" class=\"alignleft size-medium wp-image-274994\" srcset=\"https:\/\/www.prijedordanas.com\/wp-content\/uploads\/2026\/08\/tvsjpd-potraga-sasina-7-240x300.jpg 240w, https:\/\/www.prijedordanas.com\/wp-content\/uploads\/2026\/08\/tvsjpd-potraga-sasina-7.jpg 480w\" sizes=\"(max-width: 240px) 100vw, 240px\" \/><\/a> <a href=\"https:\/\/www.prijedordanas.com\/wp-content\/uploads\/2026\/08\/tvsjpd-potraga-sasina-8.jpg\"><img loading=\"lazy\" decoding=\"async\" src=\"https:\/\/www.prijedordanas.com\/wp-content\/uploads\/2026\/08\/tvsjpd-potraga-sasina-8-240x300.jpg\" alt=\"\" width=\"240\" height=\"300\" class=\"alignleft size-medium wp-image-274995\" srcset=\"https:\/\/www.prijedordanas.com\/wp-content\/uploads\/2026\/08\/tvsjpd-potraga-sasina-8-240x300.jpg 240w, https:\/\/www.prijedordanas.com\/wp-content\/uploads\/2026\/08\/tvsjpd-potraga-sasina-8.jpg 480w\" sizes=\"(max-width: 240px) 100vw, 240px\" \/><\/a> <a href=\"https:\/\/www.prijedordanas.com\/wp-content\/uploads\/2026\/08\/tvsjpd-potraga-sasina-9.jpg\"><img loading=\"lazy\" decoding=\"async\" src=\"https:\/\/www.prijedordanas.com\/wp-content\/uploads\/2026\/08\/tvsjpd-potraga-sasina-9-240x300.jpg\" alt=\"\" width=\"240\" height=\"300\" class=\"alignleft size-medium wp-image-274996\" srcset=\"https:\/\/www.prijedordanas.com\/wp-content\/uploads\/2026\/08\/tvsjpd-potraga-sasina-9-240x300.jpg 240w, https:\/\/www.prijedordanas.com\/wp-content\/uploads\/2026\/08\/tvsjpd-potraga-sasina-9.jpg 480w\" sizes=\"(max-width: 240px) 100vw, 240px\" \/><\/a><\/p>\n","protected":false},"excerpt":{"rendered":"<p>Pripadnici Teritorijalne vatrogasno-spasila\u010dke jedinice Prijedor u saradnji s kolegama iz Profesionalne vatrogasne jedinice Sanski Most uspje\u0161no su okon\u010dali te\u0161ku i mukotrpnu potragu za dvoje mladih dr\u017eavljana Poljske kojima se zaglavio [&hellip;]<\/p>\n","protected":false},"author":1,"featured_media":0,"comment_status":"closed","ping_status":"open","sticky":false,"template":"","format":"standard","meta":{"_monsterinsights_skip_tracking":false,"_monsterinsights_sitenote_active":false,"_monsterinsights_sitenote_note":"","_monsterinsights_sitenote_category":0,"footnotes":""},"categories":[4],"tags":[],"yoast_head":"<!-- This site is optimized with the Yoast SEO plugin v21.6 - https:\/\/yoast.com\/wordpress\/plugins\/seo\/ -->\n<title>TVSJ Prijedor - Radinovi\u0107: Uspje\u0161no okon\u010dana potraga za poljskim dr\u017eavljanima - FOTO - PrijedorDanas.com - Prijedorski gradski portal<\/title>\n<meta name=\"robots\" content=\"index, follow, max-snippet:-1, max-image-preview:large, max-video-preview:-1\" \/>\n<link rel=\"canonical\" href=\"https:\/\/www.prijedordanas.com\/?p=275001\" \/>\n<meta property=\"og:locale\" content=\"en_US\" \/>\n<meta property=\"og:type\" content=\"article\" \/>\n<meta property=\"og:title\" content=\"TVSJ Prijedor - Radinovi\u0107: Uspje\u0161no okon\u010dana potraga za poljskim dr\u017eavljanima - FOTO - PrijedorDanas.com - Prijedorski gradski portal\" \/>\n<meta property=\"og:description\" content=\"Pripadnici Teritorijalne vatrogasno-spasila\u010dke jedinice Prijedor u saradnji s kolegama iz Profesionalne vatrogasne jedinice Sanski Most uspje\u0161no su okon\u010dali te\u0161ku i mukotrpnu potragu za dvoje mladih dr\u017eavljana Poljske kojima se zaglavio [&hellip;]\" \/>\n<meta property=\"og:url\" content=\"https:\/\/www.prijedordanas.com\/?p=275001\" \/>\n<meta property=\"og:site_name\" content=\"PrijedorDanas.com - Prijedorski gradski portal\" \/>\n<meta property=\"article:publisher\" content=\"https:\/\/www.facebook.com\/PrijedorDanasCom\/\" \/>\n<meta property=\"article:published_time\" content=\"2026-08-19T17:20:55+00:00\" \/>\n<meta property=\"article:modified_time\" content=\"2026-08-19T19:02:17+00:00\" \/>\n<meta property=\"og:image\" content=\"https:\/\/www.prijedordanas.com\/wp-content\/uploads\/2026\/08\/tvsjpd-potraga-sasina-1-300x300.jpg\" \/>\n<meta name=\"author\" content=\"admin\" \/>\n<meta name=\"twitter:card\" content=\"summary_large_image\" \/>\n<meta name=\"twitter:label1\" content=\"Written by\" \/>\n\t<meta name=\"twitter:data1\" content=\"admin\" \/>\n\t<meta name=\"twitter:label2\" content=\"Est. reading time\" \/>\n\t<meta name=\"twitter:data2\" content=\"5 minutes\" \/>\n<script type=\"application\/ld+json\" class=\"yoast-schema-graph\">{\"@context\":\"https:\/\/schema.org\",\"@graph\":[{\"@type\":\"Article\",\"@id\":\"https:\/\/www.prijedordanas.com\/?p=275001#article\",\"isPartOf\":{\"@id\":\"https:\/\/www.prijedordanas.com\/?p=275001\"},\"author\":{\"name\":\"admin\",\"@id\":\"https:\/\/www.prijedordanas.com\/#\/schema\/person\/4e08ccf29b506ca916ff86d46bb700e6\"},\"headline\":\"TVSJ Prijedor &#8211; Radinovi\u0107: Uspje\u0161no okon\u010dana potraga za poljskim dr\u017eavljanima &#8211; FOTO\",\"datePublished\":\"2026-08-19T17:20:55+00:00\",\"dateModified\":\"2026-08-19T19:02:17+00:00\",\"mainEntityOfPage\":{\"@id\":\"https:\/\/www.prijedordanas.com\/?p=275001\"},\"wordCount\":604,\"publisher\":{\"@id\":\"https:\/\/www.prijedordanas.com\/#organization\"},\"articleSection\":[\"Dru\u0161tvo\"],\"inLanguage\":\"en-US\"},{\"@type\":\"WebPage\",\"@id\":\"https:\/\/www.prijedordanas.com\/?p=275001\",\"url\":\"https:\/\/www.prijedordanas.com\/?p=275001\",\"name\":\"TVSJ Prijedor - Radinovi\u0107: Uspje\u0161no okon\u010dana potraga za poljskim dr\u017eavljanima - FOTO - PrijedorDanas.com - Prijedorski gradski portal\",\"isPartOf\":{\"@id\":\"https:\/\/www.prijedordanas.com\/#website\"},\"datePublished\":\"2026-08-19T17:20:55+00:00\",\"dateModified\":\"2026-08-19T19:02:17+00:00\",\"breadcrumb\":{\"@id\":\"https:\/\/www.prijedordanas.com\/?p=275001#breadcrumb\"},\"inLanguage\":\"en-US\",\"potentialAction\":[{\"@type\":\"ReadAction\",\"target\":[\"https:\/\/www.prijedordanas.com\/?p=275001\"]}]},{\"@type\":\"BreadcrumbList\",\"@id\":\"https:\/\/www.prijedordanas.com\/?p=275001#breadcrumb\",\"itemListElement\":[{\"@type\":\"ListItem\",\"position\":1,\"name\":\"Home\",\"item\":\"https:\/\/www.prijedordanas.com\/\"},{\"@type\":\"ListItem\",\"position\":2,\"name\":\"TVSJ Prijedor &#8211; Radinovi\u0107: Uspje\u0161no okon\u010dana potraga za poljskim dr\u017eavljanima &#8211; FOTO\"}]},{\"@type\":\"WebSite\",\"@id\":\"https:\/\/www.prijedordanas.com\/#website\",\"url\":\"https:\/\/www.prijedordanas.com\/\",\"name\":\"PrijedorDanas.com - Prijedorski gradski portal\",\"description\":\"Portal o doga\u0111anjima u gradu Prijedoru\",\"publisher\":{\"@id\":\"https:\/\/www.prijedordanas.com\/#organization\"},\"potentialAction\":[{\"@type\":\"SearchAction\",\"target\":{\"@type\":\"EntryPoint\",\"urlTemplate\":\"https:\/\/www.prijedordanas.com\/?s={search_term_string}\"},\"query-input\":\"required name=search_term_string\"}],\"inLanguage\":\"en-US\"},{\"@type\":\"Organization\",\"@id\":\"https:\/\/www.prijedordanas.com\/#organization\",\"name\":\"PrijedorDanas.com\",\"url\":\"https:\/\/www.prijedordanas.com\/\",\"logo\":{\"@type\":\"ImageObject\",\"inLanguage\":\"en-US\",\"@id\":\"https:\/\/www.prijedordanas.com\/#\/schema\/logo\/image\/\",\"url\":\"http:\/\/www.prijedordanas.com\/wp-content\/uploads\/2021\/12\/logopng.png\",\"contentUrl\":\"http:\/\/www.prijedordanas.com\/wp-content\/uploads\/2021\/12\/logopng.png\",\"width\":1019,\"height\":776,\"caption\":\"PrijedorDanas.com\"},\"image\":{\"@id\":\"https:\/\/www.prijedordanas.com\/#\/schema\/logo\/image\/\"},\"sameAs\":[\"https:\/\/www.facebook.com\/PrijedorDanasCom\/\"]},{\"@type\":\"Person\",\"@id\":\"https:\/\/www.prijedordanas.com\/#\/schema\/person\/4e08ccf29b506ca916ff86d46bb700e6\",\"name\":\"admin\",\"image\":{\"@type\":\"ImageObject\",\"inLanguage\":\"en-US\",\"@id\":\"https:\/\/www.prijedordanas.com\/#\/schema\/person\/image\/\",\"url\":\"https:\/\/secure.gravatar.com\/avatar\/1d3fc949d550f0b53a5f0d51e06dfd79?s=96&d=mm&r=g\",\"contentUrl\":\"https:\/\/secure.gravatar.com\/avatar\/1d3fc949d550f0b53a5f0d51e06dfd79?s=96&d=mm&r=g\",\"caption\":\"admin\"},\"url\":\"https:\/\/www.prijedordanas.com\/?author=1\"}]}<\/script>\n<!-- \/ Yoast SEO plugin. -->","yoast_head_json":{"title":"TVSJ Prijedor - Radinovi\u0107: Uspje\u0161no okon\u010dana potraga za poljskim dr\u017eavljanima - FOTO - PrijedorDanas.com - Prijedorski gradski portal","robots":{"index":"index","follow":"follow","max-snippet":"max-snippet:-1","max-image-preview":"max-image-preview:large","max-video-preview":"max-video-preview:-1"},"canonical":"https:\/\/www.prijedordanas.com\/?p=275001","og_locale":"en_US","og_type":"article","og_title":"TVSJ Prijedor - Radinovi\u0107: Uspje\u0161no okon\u010dana potraga za poljskim dr\u017eavljanima - FOTO - PrijedorDanas.com - Prijedorski gradski portal","og_description":"Pripadnici Teritorijalne vatrogasno-spasila\u010dke jedinice Prijedor u saradnji s kolegama iz Profesionalne vatrogasne jedinice Sanski Most uspje\u0161no su okon\u010dali te\u0161ku i mukotrpnu potragu za dvoje mladih dr\u017eavljana Poljske kojima se zaglavio [&hellip;]","og_url":"https:\/\/www.prijedordanas.com\/?p=275001","og_site_name":"PrijedorDanas.com - Prijedorski gradski portal","article_publisher":"https:\/\/www.facebook.com\/PrijedorDanasCom\/","article_published_time":"2026-08-19T17:20:55+00:00","article_modified_time":"2026-08-19T19:02:17+00:00","og_image":[{"url":"https:\/\/www.prijedordanas.com\/wp-content\/uploads\/2026\/08\/tvsjpd-potraga-sasina-1-300x300.jpg"}],"author":"admin","twitter_card":"summary_large_image","twitter_misc":{"Written by":"admin","Est. reading time":"5 minutes"},"schema":{"@context":"https:\/\/schema.org","@graph":[{"@type":"Article","@id":"https:\/\/www.prijedordanas.com\/?p=275001#article","isPartOf":{"@id":"https:\/\/www.prijedordanas.com\/?p=275001"},"author":{"name":"admin","@id":"https:\/\/www.prijedordanas.com\/#\/schema\/person\/4e08ccf29b506ca916ff86d46bb700e6"},"headline":"TVSJ Prijedor &#8211; Radinovi\u0107: Uspje\u0161no okon\u010dana potraga za poljskim dr\u017eavljanima &#8211; FOTO","datePublished":"2026-08-19T17:20:55+00:00","dateModified":"2026-08-19T19:02:17+00:00","mainEntityOfPage":{"@id":"https:\/\/www.prijedordanas.com\/?p=275001"},"wordCount":604,"publisher":{"@id":"https:\/\/www.prijedordanas.com\/#organization"},"articleSection":["Dru\u0161tvo"],"inLanguage":"en-US"},{"@type":"WebPage","@id":"https:\/\/www.prijedordanas.com\/?p=275001","url":"https:\/\/www.prijedordanas.com\/?p=275001","name":"TVSJ Prijedor - Radinovi\u0107: Uspje\u0161no okon\u010dana potraga za poljskim dr\u017eavljanima - FOTO - PrijedorDanas.com - Prijedorski gradski portal","isPartOf":{"@id":"https:\/\/www.prijedordanas.com\/#website"},"datePublished":"2026-08-19T17:20:55+00:00","dateModified":"2026-08-19T19:02:17+00:00","breadcrumb":{"@id":"https:\/\/www.prijedordanas.com\/?p=275001#breadcrumb"},"inLanguage":"en-US","potentialAction":[{"@type":"ReadAction","target":["https:\/\/www.prijedordanas.com\/?p=275001"]}]},{"@type":"BreadcrumbList","@id":"https:\/\/www.prijedordanas.com\/?p=275001#breadcrumb","itemListElement":[{"@type":"ListItem","position":1,"name":"Home","item":"https:\/\/www.prijedordanas.com\/"},{"@type":"ListItem","position":2,"name":"TVSJ Prijedor &#8211; Radinovi\u0107: Uspje\u0161no okon\u010dana potraga za poljskim dr\u017eavljanima &#8211; FOTO"}]},{"@type":"WebSite","@id":"https:\/\/www.prijedordanas.com\/#website","url":"https:\/\/www.prijedordanas.com\/","name":"PrijedorDanas.com - Prijedorski gradski portal","description":"Portal o doga\u0111anjima u gradu Prijedoru","publisher":{"@id":"https:\/\/www.prijedordanas.com\/#organization"},"potentialAction":[{"@type":"SearchAction","target":{"@type":"EntryPoint","urlTemplate":"https:\/\/www.prijedordanas.com\/?s={search_term_string}"},"query-input":"required name=search_term_string"}],"inLanguage":"en-US"},{"@type":"Organization","@id":"https:\/\/www.prijedordanas.com\/#organization","name":"PrijedorDanas.com","url":"https:\/\/www.prijedordanas.com\/","logo":{"@type":"ImageObject","inLanguage":"en-US","@id":"https:\/\/www.prijedordanas.com\/#\/schema\/logo\/image\/","url":"http:\/\/www.prijedordanas.com\/wp-content\/uploads\/2021\/12\/logopng.png","contentUrl":"http:\/\/www.prijedordanas.com\/wp-content\/uploads\/2021\/12\/logopng.png","width":1019,"height":776,"caption":"PrijedorDanas.com"},"image":{"@id":"https:\/\/www.prijedordanas.com\/#\/schema\/logo\/image\/"},"sameAs":["https:\/\/www.facebook.com\/PrijedorDanasCom\/"]},{"@type":"Person","@id":"https:\/\/www.prijedordanas.com\/#\/schema\/person\/4e08ccf29b506ca916ff86d46bb700e6","name":"admin","image":{"@type":"ImageObject","inLanguage":"en-US","@id":"https:\/\/www.prijedordanas.com\/#\/schema\/person\/image\/","url":"https:\/\/secure.gravatar.com\/avatar\/1d3fc949d550f0b53a5f0d51e06dfd79?s=96&d=mm&r=g","contentUrl":"https:\/\/secure.gravatar.com\/avatar\/1d3fc949d550f0b53a5f0d51e06dfd79?s=96&d=mm&r=g","caption":"admin"},"url":"https:\/\/www.prijedordanas.com\/?author=1"}]}},"_links":{"self":[{"href":"https:\/\/www.prijedordanas.com\/index.php?rest_route=\/wp\/v2\/posts\/275001"}],"collection":[{"href":"https:\/\/www.prijedordanas.com\/index.php?rest_route=\/wp\/v2\/posts"}],"about":[{"href":"https:\/\/www.prijedordanas.com\/index.php?rest_route=\/wp\/v2\/types\/post"}],"author":[{"embeddable":true,"href":"https:\/\/www.prijedordanas.com\/index.php?rest_route=\/wp\/v2\/users\/1"}],"replies":[{"embeddable":true,"href":"https:\/\/www.prijedordanas.com\/index.php?rest_route=%2Fwp%2Fv2%2Fcomments&post=275001"}],"version-history":[{"count":2,"href":"https:\/\/www.prijedordanas.com\/index.php?rest_route=\/wp\/v2\/posts\/275001\/revisions"}],"predecessor-version":[{"id":275008,"href":"https:\/\/www.prijedordanas.com\/index.php?rest_route=\/wp\/v2\/posts\/275001\/revisions\/275008"}],"wp:attachment":[{"href":"https:\/\/www.prijedordanas.com\/index.php?rest_route=%2Fwp%2Fv2%2Fmedia&parent=275001"}],"wp:term":[{"taxonomy":"category","embeddable":true,"href":"https:\/\/www.prijedordanas.com\/index.php?rest_route=%2Fwp%2Fv2%2Fcategories&post=275001"},{"taxonomy":"post_tag","embeddable":true,"href":"https:\/\/www.prijedordanas.com\/index.php?rest_route=%2Fwp%2Fv2%2Ftags&post=275001"}],"curies":[{"name":"wp","href":"https:\/\/api.w.org\/{rel}","templated":true}]}}