{"id":274975,"date":"2026-08-19T10:49:20","date_gmt":"2026-08-19T08:49:20","guid":{"rendered":"https:\/\/www.prijedordanas.com\/?p=274975"},"modified":"2026-08-19T10:49:20","modified_gmt":"2026-08-19T08:49:20","slug":"ljekar-prijedorske-bolnice-pravosnazno-osloboden-optuzbe-za-nesavjesno-lijecenje","status":"publish","type":"post","link":"https:\/\/www.prijedordanas.com\/?p=274975","title":{"rendered":"Ljekar prijedorske bolnice pravosna\u017eno oslobo\u0111en optu\u017ebe za nesavjesno lije\u010denje"},"content":{"rendered":"<p><a href=\"https:\/\/www.prijedordanas.com\/wp-content\/uploads\/2026\/06\/tuzilastvo-okruzni-sud-okruzni-privredni-maj2026.jpg\"><img loading=\"lazy\" decoding=\"async\" src=\"https:\/\/www.prijedordanas.com\/wp-content\/uploads\/2026\/06\/tuzilastvo-okruzni-sud-okruzni-privredni-maj2026-300x225.jpg\" alt=\"\" width=\"300\" height=\"225\" class=\"alignleft size-medium wp-image-271093\" srcset=\"https:\/\/www.prijedordanas.com\/wp-content\/uploads\/2026\/06\/tuzilastvo-okruzni-sud-okruzni-privredni-maj2026-300x225.jpg 300w, https:\/\/www.prijedordanas.com\/wp-content\/uploads\/2026\/06\/tuzilastvo-okruzni-sud-okruzni-privredni-maj2026-640x480.jpg 640w, https:\/\/www.prijedordanas.com\/wp-content\/uploads\/2026\/06\/tuzilastvo-okruzni-sud-okruzni-privredni-maj2026.jpg 667w\" sizes=\"(max-width: 300px) 100vw, 300px\" \/><\/a>LJekar prijedorske bolnice Predrag Stojni\u0107 pravosna\u017eno je oslobo\u0111en krivice za nesavjesno pru\u017eanje ljekarske pomo\u0107i, usljed kojeg je preminula pacijentkinja, presudio je Okru\u017eni sud u Prijedoru.<\/p>\n<p>Drugostepeni sud odbio je kao neosnovanu \u017ealbu Okru\u017enog javnog tu\u017eila\u0161tva u Prijedoru i potvrdio presudu prijedorskog Osnovnog suda kojom je Stojni\u0107 oslobo\u0111en optu\u017ebe.<\/p>\n<p>Pacijentkinja \u010diji su inicijali J. D. te\u0161ko je povrije\u0111ena 25. avgusta 2019. godine u saobra\u0107ajnoj nezgodi, nakon \u010dega je prevezena u bolnicu gdje ju je primio de\u017eurni ljekar Stojni\u0107. Ona je sutradan preminula, a neposredni uzrok smrti bile su te\u0161ke povrede.<\/p>\n<p>Stojni\u0107a je optu\u017enica teretila da nije preduzeo dodatne dijagnosti\u010dke postupke, kao \u0161to su CT pregledi glave i mozga, pregled grudnog ko\u0161a, te jer pacijentkinju nije uputio u ustanovu vi\u0161eg ranga.<\/p>\n<p>Iz Suda su naveli da nije bilo dovoljno dokazati da li je trebalo uraditi CT, nego i da je propu\u0161tanje CT-a i drugih mjera dovelo do pogor\u0161anja zdravstvenog stanja, koje je dovelo do smrti.<\/p>\n<p>Iz Suda su pojasnili da nije bilo mogu\u0107e utvrditi da je Stojni\u0107ev propust prouzrokovao znatnije pogor\u0161anje zdravstvenog stanja pacijentkinje, ni da je bilo u uzro\u010dnoj vezi sa smrtnim ishodom.<\/p>\n<p>Sud je utvrdio da je u zbrinjavanju pacijentkinje u\u010destvovalo vi\u0161e zdravstvenih radnika i organizacionih jedinica, pri \u010demu su odluke o dijagnostici, lije\u010denju, pra\u0107enju zdravstvenog stanja i konsultativnim pregledima dono\u0161ene sukcesivno, tokom \u010ditavog perioda hospitalizacije.<\/p>\n<p>Izvedeni dokazi ukazuju na nedostatke u ukupnoj organizaciji i koordinaciji procesa lije\u010denja, kao i na odsustvo jasno dokumentovanog i kontinuiranog pra\u0107enja neurolo\u0161kog statusa pacijentice.<\/p>\n<p>\u201cTakvi propusti imaju karakter sistemskih nedostataka u procesu pru\u017eanja zdravstvene za\u0161tite, ali ne pru\u017eaju dovoljno osnova za zaklju\u010dak da je pojedina\u010dno postupanje odre\u0111enog ljekara predstavljalo neposredan i odlu\u010duju\u0107i uzrok smrtnog ishoda\u201d, dodaje se u odluci Suda.<\/p>\n<p>Osnovni sud u Prijedoru je 16. oktobra pro\u0161le godine izrekao osloba\u0111aju\u0107u presudu u ovom krivi\u010dnom postupku.<\/p>\n<p>O\u0161te\u0107eni \u0110or\u0111e Jeli\u010di\u0107, brat preminule pacijentkinje, sa imovinsko-pravnim zahtjevom upu\u0107en je na parni\u010dni postupak.<\/p>\n<p>SRNA<br \/>\nFoto &#8211; ilustracija<\/p>\n","protected":false},"excerpt":{"rendered":"<p>LJekar prijedorske bolnice Predrag Stojni\u0107 pravosna\u017eno je oslobo\u0111en krivice za nesavjesno pru\u017eanje ljekarske pomo\u0107i, usljed kojeg je preminula pacijentkinja, presudio je Okru\u017eni sud u Prijedoru. Drugostepeni sud odbio je kao [&hellip;]<\/p>\n","protected":false},"author":1,"featured_media":0,"comment_status":"closed","ping_status":"open","sticky":false,"template":"","format":"standard","meta":{"_monsterinsights_skip_tracking":false,"_monsterinsights_sitenote_active":false,"_monsterinsights_sitenote_note":"","_monsterinsights_sitenote_category":0,"footnotes":""},"categories":[5],"tags":[],"yoast_head":"<!-- This site is optimized with the Yoast SEO plugin v21.6 - https:\/\/yoast.com\/wordpress\/plugins\/seo\/ -->\n<title>Ljekar prijedorske bolnice pravosna\u017eno oslobo\u0111en optu\u017ebe za nesavjesno lije\u010denje - PrijedorDanas.com - Prijedorski gradski portal<\/title>\n<meta name=\"robots\" content=\"index, follow, max-snippet:-1, max-image-preview:large, max-video-preview:-1\" \/>\n<link rel=\"canonical\" href=\"https:\/\/www.prijedordanas.com\/?p=274975\" \/>\n<meta property=\"og:locale\" content=\"en_US\" \/>\n<meta property=\"og:type\" content=\"article\" \/>\n<meta property=\"og:title\" content=\"Ljekar prijedorske bolnice pravosna\u017eno oslobo\u0111en optu\u017ebe za nesavjesno lije\u010denje - PrijedorDanas.com - Prijedorski gradski portal\" \/>\n<meta property=\"og:description\" content=\"LJekar prijedorske bolnice Predrag Stojni\u0107 pravosna\u017eno je oslobo\u0111en krivice za nesavjesno pru\u017eanje ljekarske pomo\u0107i, usljed kojeg je preminula pacijentkinja, presudio je Okru\u017eni sud u Prijedoru. Drugostepeni sud odbio je kao [&hellip;]\" \/>\n<meta property=\"og:url\" content=\"https:\/\/www.prijedordanas.com\/?p=274975\" \/>\n<meta property=\"og:site_name\" content=\"PrijedorDanas.com - Prijedorski gradski portal\" \/>\n<meta property=\"article:publisher\" content=\"https:\/\/www.facebook.com\/PrijedorDanasCom\/\" \/>\n<meta property=\"article:published_time\" content=\"2026-08-19T08:49:20+00:00\" \/>\n<meta property=\"og:image\" content=\"https:\/\/www.prijedordanas.com\/wp-content\/uploads\/2026\/06\/tuzilastvo-okruzni-sud-okruzni-privredni-maj2026-300x225.jpg\" \/>\n<meta name=\"author\" content=\"admin\" \/>\n<meta name=\"twitter:card\" content=\"summary_large_image\" \/>\n<meta name=\"twitter:label1\" content=\"Written by\" \/>\n\t<meta name=\"twitter:data1\" content=\"admin\" \/>\n<script type=\"application\/ld+json\" class=\"yoast-schema-graph\">{\"@context\":\"https:\/\/schema.org\",\"@graph\":[{\"@type\":\"Article\",\"@id\":\"https:\/\/www.prijedordanas.com\/?p=274975#article\",\"isPartOf\":{\"@id\":\"https:\/\/www.prijedordanas.com\/?p=274975\"},\"author\":{\"name\":\"admin\",\"@id\":\"https:\/\/www.prijedordanas.com\/#\/schema\/person\/4e08ccf29b506ca916ff86d46bb700e6\"},\"headline\":\"Ljekar prijedorske bolnice pravosna\u017eno oslobo\u0111en optu\u017ebe za nesavjesno lije\u010denje\",\"datePublished\":\"2026-08-19T08:49:20+00:00\",\"dateModified\":\"2026-08-19T08:49:20+00:00\",\"mainEntityOfPage\":{\"@id\":\"https:\/\/www.prijedordanas.com\/?p=274975\"},\"wordCount\":372,\"publisher\":{\"@id\":\"https:\/\/www.prijedordanas.com\/#organization\"},\"articleSection\":[\"Hronika\"],\"inLanguage\":\"en-US\"},{\"@type\":\"WebPage\",\"@id\":\"https:\/\/www.prijedordanas.com\/?p=274975\",\"url\":\"https:\/\/www.prijedordanas.com\/?p=274975\",\"name\":\"Ljekar prijedorske bolnice pravosna\u017eno oslobo\u0111en optu\u017ebe za nesavjesno lije\u010denje - PrijedorDanas.com - Prijedorski gradski portal\",\"isPartOf\":{\"@id\":\"https:\/\/www.prijedordanas.com\/#website\"},\"datePublished\":\"2026-08-19T08:49:20+00:00\",\"dateModified\":\"2026-08-19T08:49:20+00:00\",\"breadcrumb\":{\"@id\":\"https:\/\/www.prijedordanas.com\/?p=274975#breadcrumb\"},\"inLanguage\":\"en-US\",\"potentialAction\":[{\"@type\":\"ReadAction\",\"target\":[\"https:\/\/www.prijedordanas.com\/?p=274975\"]}]},{\"@type\":\"BreadcrumbList\",\"@id\":\"https:\/\/www.prijedordanas.com\/?p=274975#breadcrumb\",\"itemListElement\":[{\"@type\":\"ListItem\",\"position\":1,\"name\":\"Home\",\"item\":\"https:\/\/www.prijedordanas.com\/\"},{\"@type\":\"ListItem\",\"position\":2,\"name\":\"Ljekar prijedorske bolnice pravosna\u017eno oslobo\u0111en optu\u017ebe za nesavjesno lije\u010denje\"}]},{\"@type\":\"WebSite\",\"@id\":\"https:\/\/www.prijedordanas.com\/#website\",\"url\":\"https:\/\/www.prijedordanas.com\/\",\"name\":\"PrijedorDanas.com - Prijedorski gradski portal\",\"description\":\"Portal o doga\u0111anjima u gradu Prijedoru\",\"publisher\":{\"@id\":\"https:\/\/www.prijedordanas.com\/#organization\"},\"potentialAction\":[{\"@type\":\"SearchAction\",\"target\":{\"@type\":\"EntryPoint\",\"urlTemplate\":\"https:\/\/www.prijedordanas.com\/?s={search_term_string}\"},\"query-input\":\"required name=search_term_string\"}],\"inLanguage\":\"en-US\"},{\"@type\":\"Organization\",\"@id\":\"https:\/\/www.prijedordanas.com\/#organization\",\"name\":\"PrijedorDanas.com\",\"url\":\"https:\/\/www.prijedordanas.com\/\",\"logo\":{\"@type\":\"ImageObject\",\"inLanguage\":\"en-US\",\"@id\":\"https:\/\/www.prijedordanas.com\/#\/schema\/logo\/image\/\",\"url\":\"http:\/\/www.prijedordanas.com\/wp-content\/uploads\/2021\/12\/logopng.png\",\"contentUrl\":\"http:\/\/www.prijedordanas.com\/wp-content\/uploads\/2021\/12\/logopng.png\",\"width\":1019,\"height\":776,\"caption\":\"PrijedorDanas.com\"},\"image\":{\"@id\":\"https:\/\/www.prijedordanas.com\/#\/schema\/logo\/image\/\"},\"sameAs\":[\"https:\/\/www.facebook.com\/PrijedorDanasCom\/\"]},{\"@type\":\"Person\",\"@id\":\"https:\/\/www.prijedordanas.com\/#\/schema\/person\/4e08ccf29b506ca916ff86d46bb700e6\",\"name\":\"admin\",\"image\":{\"@type\":\"ImageObject\",\"inLanguage\":\"en-US\",\"@id\":\"https:\/\/www.prijedordanas.com\/#\/schema\/person\/image\/\",\"url\":\"https:\/\/secure.gravatar.com\/avatar\/1d3fc949d550f0b53a5f0d51e06dfd79?s=96&d=mm&r=g\",\"contentUrl\":\"https:\/\/secure.gravatar.com\/avatar\/1d3fc949d550f0b53a5f0d51e06dfd79?s=96&d=mm&r=g\",\"caption\":\"admin\"},\"url\":\"https:\/\/www.prijedordanas.com\/?author=1\"}]}<\/script>\n<!-- \/ Yoast SEO plugin. -->","yoast_head_json":{"title":"Ljekar prijedorske bolnice pravosna\u017eno oslobo\u0111en optu\u017ebe za nesavjesno lije\u010denje - PrijedorDanas.com - Prijedorski gradski portal","robots":{"index":"index","follow":"follow","max-snippet":"max-snippet:-1","max-image-preview":"max-image-preview:large","max-video-preview":"max-video-preview:-1"},"canonical":"https:\/\/www.prijedordanas.com\/?p=274975","og_locale":"en_US","og_type":"article","og_title":"Ljekar prijedorske bolnice pravosna\u017eno oslobo\u0111en optu\u017ebe za nesavjesno lije\u010denje - PrijedorDanas.com - Prijedorski gradski portal","og_description":"LJekar prijedorske bolnice Predrag Stojni\u0107 pravosna\u017eno je oslobo\u0111en krivice za nesavjesno pru\u017eanje ljekarske pomo\u0107i, usljed kojeg je preminula pacijentkinja, presudio je Okru\u017eni sud u Prijedoru. Drugostepeni sud odbio je kao [&hellip;]","og_url":"https:\/\/www.prijedordanas.com\/?p=274975","og_site_name":"PrijedorDanas.com - Prijedorski gradski portal","article_publisher":"https:\/\/www.facebook.com\/PrijedorDanasCom\/","article_published_time":"2026-08-19T08:49:20+00:00","og_image":[{"url":"https:\/\/www.prijedordanas.com\/wp-content\/uploads\/2026\/06\/tuzilastvo-okruzni-sud-okruzni-privredni-maj2026-300x225.jpg"}],"author":"admin","twitter_card":"summary_large_image","twitter_misc":{"Written by":"admin"},"schema":{"@context":"https:\/\/schema.org","@graph":[{"@type":"Article","@id":"https:\/\/www.prijedordanas.com\/?p=274975#article","isPartOf":{"@id":"https:\/\/www.prijedordanas.com\/?p=274975"},"author":{"name":"admin","@id":"https:\/\/www.prijedordanas.com\/#\/schema\/person\/4e08ccf29b506ca916ff86d46bb700e6"},"headline":"Ljekar prijedorske bolnice pravosna\u017eno oslobo\u0111en optu\u017ebe za nesavjesno lije\u010denje","datePublished":"2026-08-19T08:49:20+00:00","dateModified":"2026-08-19T08:49:20+00:00","mainEntityOfPage":{"@id":"https:\/\/www.prijedordanas.com\/?p=274975"},"wordCount":372,"publisher":{"@id":"https:\/\/www.prijedordanas.com\/#organization"},"articleSection":["Hronika"],"inLanguage":"en-US"},{"@type":"WebPage","@id":"https:\/\/www.prijedordanas.com\/?p=274975","url":"https:\/\/www.prijedordanas.com\/?p=274975","name":"Ljekar prijedorske bolnice pravosna\u017eno oslobo\u0111en optu\u017ebe za nesavjesno lije\u010denje - PrijedorDanas.com - Prijedorski gradski portal","isPartOf":{"@id":"https:\/\/www.prijedordanas.com\/#website"},"datePublished":"2026-08-19T08:49:20+00:00","dateModified":"2026-08-19T08:49:20+00:00","breadcrumb":{"@id":"https:\/\/www.prijedordanas.com\/?p=274975#breadcrumb"},"inLanguage":"en-US","potentialAction":[{"@type":"ReadAction","target":["https:\/\/www.prijedordanas.com\/?p=274975"]}]},{"@type":"BreadcrumbList","@id":"https:\/\/www.prijedordanas.com\/?p=274975#breadcrumb","itemListElement":[{"@type":"ListItem","position":1,"name":"Home","item":"https:\/\/www.prijedordanas.com\/"},{"@type":"ListItem","position":2,"name":"Ljekar prijedorske bolnice pravosna\u017eno oslobo\u0111en optu\u017ebe za nesavjesno lije\u010denje"}]},{"@type":"WebSite","@id":"https:\/\/www.prijedordanas.com\/#website","url":"https:\/\/www.prijedordanas.com\/","name":"PrijedorDanas.com - Prijedorski gradski portal","description":"Portal o doga\u0111anjima u gradu Prijedoru","publisher":{"@id":"https:\/\/www.prijedordanas.com\/#organization"},"potentialAction":[{"@type":"SearchAction","target":{"@type":"EntryPoint","urlTemplate":"https:\/\/www.prijedordanas.com\/?s={search_term_string}"},"query-input":"required name=search_term_string"}],"inLanguage":"en-US"},{"@type":"Organization","@id":"https:\/\/www.prijedordanas.com\/#organization","name":"PrijedorDanas.com","url":"https:\/\/www.prijedordanas.com\/","logo":{"@type":"ImageObject","inLanguage":"en-US","@id":"https:\/\/www.prijedordanas.com\/#\/schema\/logo\/image\/","url":"http:\/\/www.prijedordanas.com\/wp-content\/uploads\/2021\/12\/logopng.png","contentUrl":"http:\/\/www.prijedordanas.com\/wp-content\/uploads\/2021\/12\/logopng.png","width":1019,"height":776,"caption":"PrijedorDanas.com"},"image":{"@id":"https:\/\/www.prijedordanas.com\/#\/schema\/logo\/image\/"},"sameAs":["https:\/\/www.facebook.com\/PrijedorDanasCom\/"]},{"@type":"Person","@id":"https:\/\/www.prijedordanas.com\/#\/schema\/person\/4e08ccf29b506ca916ff86d46bb700e6","name":"admin","image":{"@type":"ImageObject","inLanguage":"en-US","@id":"https:\/\/www.prijedordanas.com\/#\/schema\/person\/image\/","url":"https:\/\/secure.gravatar.com\/avatar\/1d3fc949d550f0b53a5f0d51e06dfd79?s=96&d=mm&r=g","contentUrl":"https:\/\/secure.gravatar.com\/avatar\/1d3fc949d550f0b53a5f0d51e06dfd79?s=96&d=mm&r=g","caption":"admin"},"url":"https:\/\/www.prijedordanas.com\/?author=1"}]}},"_links":{"self":[{"href":"https:\/\/www.prijedordanas.com\/index.php?rest_route=\/wp\/v2\/posts\/274975"}],"collection":[{"href":"https:\/\/www.prijedordanas.com\/index.php?rest_route=\/wp\/v2\/posts"}],"about":[{"href":"https:\/\/www.prijedordanas.com\/index.php?rest_route=\/wp\/v2\/types\/post"}],"author":[{"embeddable":true,"href":"https:\/\/www.prijedordanas.com\/index.php?rest_route=\/wp\/v2\/users\/1"}],"replies":[{"embeddable":true,"href":"https:\/\/www.prijedordanas.com\/index.php?rest_route=%2Fwp%2Fv2%2Fcomments&post=274975"}],"version-history":[{"count":1,"href":"https:\/\/www.prijedordanas.com\/index.php?rest_route=\/wp\/v2\/posts\/274975\/revisions"}],"predecessor-version":[{"id":274976,"href":"https:\/\/www.prijedordanas.com\/index.php?rest_route=\/wp\/v2\/posts\/274975\/revisions\/274976"}],"wp:attachment":[{"href":"https:\/\/www.prijedordanas.com\/index.php?rest_route=%2Fwp%2Fv2%2Fmedia&parent=274975"}],"wp:term":[{"taxonomy":"category","embeddable":true,"href":"https:\/\/www.prijedordanas.com\/index.php?rest_route=%2Fwp%2Fv2%2Fcategories&post=274975"},{"taxonomy":"post_tag","embeddable":true,"href":"https:\/\/www.prijedordanas.com\/index.php?rest_route=%2Fwp%2Fv2%2Ftags&post=274975"}],"curies":[{"name":"wp","href":"https:\/\/api.w.org\/{rel}","templated":true}]}}