{"id":274756,"date":"2026-08-14T16:54:55","date_gmt":"2026-08-14T14:54:55","guid":{"rendered":"https:\/\/www.prijedordanas.com\/?p=274756"},"modified":"2026-08-14T16:54:55","modified_gmt":"2026-08-14T14:54:55","slug":"na-snazi-zabrana-paljenja-vatre-na-otvorenom-na-podrucju-prijedora-od-pocetka-avgusta-21-intervencija-video","status":"publish","type":"post","link":"https:\/\/www.prijedordanas.com\/?p=274756","title":{"rendered":"Na snazi zabrana paljenja vatre na otvorenom na podru\u010dju Prijedora: Od po\u010detka avgusta 21 intervencija &#8211; VIDEO"},"content":{"rendered":"<p><a href=\"https:\/\/www.prijedordanas.com\/wp-content\/uploads\/2026\/08\/tvsjpd-pozar-gradina.jpg\"><img loading=\"lazy\" decoding=\"async\" class=\"alignleft size-medium wp-image-274757\" src=\"https:\/\/www.prijedordanas.com\/wp-content\/uploads\/2026\/08\/tvsjpd-pozar-gradina-300x225.jpg\" alt=\"\" width=\"300\" height=\"225\" srcset=\"https:\/\/www.prijedordanas.com\/wp-content\/uploads\/2026\/08\/tvsjpd-pozar-gradina-300x225.jpg 300w, https:\/\/www.prijedordanas.com\/wp-content\/uploads\/2026\/08\/tvsjpd-pozar-gradina-640x480.jpg 640w, https:\/\/www.prijedordanas.com\/wp-content\/uploads\/2026\/08\/tvsjpd-pozar-gradina.jpg 667w\" sizes=\"(max-width: 300px) 100vw, 300px\" \/><\/a>Su\u0161a i visoke temperature aktivirale su po\u017eare niskog rastinja, pa je na podru\u010dju Prijedora zabilje\u017een pove\u0107an broj vatrogasnih intervencija u odnosu na ranije godine.<\/p>\n<p>Do po\u017eara naj\u010de\u0161\u0107e dolazi zbog ljudske nepa\u017enje i nekontrolisanog paljenja korova, a svaka vatra na otvorenom u sekundi mo\u017ee ugroziti imovinu i ljudske \u017eivote.<\/p>\n<p>Starje\u0161ina Teritorijalne vatrogasno-spasila\u010dke jedinice Prijedor, Neboj\u0161a Milju\u0161, podsje\u0107a da je na snazi zabrana paljenja vatre na otvorenom i upozorava da je u ovakvim vremenskim uslovima prevencija najva\u017enija.<\/p>\n<p>\u201cMoramo smanjiti broj po\u017eara na najmanju mogu\u0107u mjeru. Glavni uzrok je ljudski faktor, pa apelujemo na sugra\u0111ane da ne pale vatru na otvorenom i da se strpe bar jo\u0161 desetak dana. Vremenska prognoza najavljuje pad temperature, kada \u0107e se stvoriti uslovi da se \u010di\u0161\u0107enje imanja uradi na bezbjedan na\u010din \u2013 onako kako smo ve\u0107 mnogo puta obja\u0161njavali i kako je jedino i mogu\u0107e\u201d, apeluje Milju\u0161.<\/p>\n<p><a href=\"https:\/\/www.prijedordanas.com\/wp-content\/uploads\/2026\/08\/kozarski-miljus-pozari-avgust2026.jpg\"><img loading=\"lazy\" decoding=\"async\" src=\"https:\/\/www.prijedordanas.com\/wp-content\/uploads\/2026\/08\/kozarski-miljus-pozari-avgust2026-300x225.jpg\" alt=\"\" width=\"300\" height=\"225\" class=\"alignleft size-medium wp-image-274758\" srcset=\"https:\/\/www.prijedordanas.com\/wp-content\/uploads\/2026\/08\/kozarski-miljus-pozari-avgust2026-300x225.jpg 300w, https:\/\/www.prijedordanas.com\/wp-content\/uploads\/2026\/08\/kozarski-miljus-pozari-avgust2026-640x480.jpg 640w, https:\/\/www.prijedordanas.com\/wp-content\/uploads\/2026\/08\/kozarski-miljus-pozari-avgust2026.jpg 667w\" sizes=\"(max-width: 300px) 100vw, 300px\" \/><\/a>Koliko su vatrogasci imali posla od po\u010detka godine najbolji pokazatelj je statistika sa terena.<\/p>\n<p>\u201cDo sada smo imali ukupno 395 intervencija, od toga je 101 na otvorenom prostoru. Gorjelo je 14 \u0161uma, a sve ostalo je bilo nisko rastinje\u201d, navodi Milju\u0161.<\/p>\n<p>Situaciju su dodatno pogor\u0161ale avgustovske vru\u0107ine, pa su vatrogasne ekipe gotovo svakodnevno na terenu.<\/p>\n<p>\u201cU ovom mjesecu imali smo 21 intervenciju. To mo\u017eda ne izgleda kao veliki broj, ali na svaku moramo poslati dva do tri \u010dovjeka. Obi\u010dno se u istom trenutku javi vi\u0161e poziva, \u0161to dodatno komplikuje situaciju, a moramo odmah reagovati kako bismo po\u017ear sasjekli u korijenu i brzo ga sanirali\u201d, zaklju\u010duje starje\u0161ina prijedorske jedinice.<\/p>\n<p><a href=\"https:\/\/kozarski.com\/na-snazi-zabrana-paljenja-na-podrucju-prijedora-od-pocetka-avgusta-21-intervencija\/\" target=\"_blank\" rel=\"noopener\">kozarski.com<\/a><\/p>\n<p><iframe loading=\"lazy\" title=\"NA SNAZI ZABRANA PALJENJA: NA PODRU\u010cJU PRIJEDORA OD PO\u010cETKA AVGUSTA 21 INTERVENCIJA\" width=\"500\" height=\"281\" src=\"https:\/\/www.youtube.com\/embed\/VOJMmsfblcU?feature=oembed\" frameborder=\"0\" allow=\"accelerometer; autoplay; clipboard-write; encrypted-media; gyroscope; picture-in-picture; web-share\" referrerpolicy=\"strict-origin-when-cross-origin\" allowfullscreen><\/iframe><\/p>\n","protected":false},"excerpt":{"rendered":"<p>Su\u0161a i visoke temperature aktivirale su po\u017eare niskog rastinja, pa je na podru\u010dju Prijedora zabilje\u017een pove\u0107an broj vatrogasnih intervencija u odnosu na ranije godine. Do po\u017eara naj\u010de\u0161\u0107e dolazi zbog ljudske [&hellip;]<\/p>\n","protected":false},"author":1,"featured_media":0,"comment_status":"closed","ping_status":"open","sticky":false,"template":"","format":"standard","meta":{"_monsterinsights_skip_tracking":false,"_monsterinsights_sitenote_active":false,"_monsterinsights_sitenote_note":"","_monsterinsights_sitenote_category":0,"footnotes":""},"categories":[4],"tags":[],"yoast_head":"<!-- This site is optimized with the Yoast SEO plugin v21.6 - https:\/\/yoast.com\/wordpress\/plugins\/seo\/ -->\n<title>Na snazi zabrana paljenja vatre na otvorenom na podru\u010dju Prijedora: Od po\u010detka avgusta 21 intervencija - VIDEO - PrijedorDanas.com - Prijedorski gradski portal<\/title>\n<meta name=\"robots\" content=\"index, follow, max-snippet:-1, max-image-preview:large, max-video-preview:-1\" \/>\n<link rel=\"canonical\" href=\"https:\/\/www.prijedordanas.com\/?p=274756\" \/>\n<meta property=\"og:locale\" content=\"en_US\" \/>\n<meta property=\"og:type\" content=\"article\" \/>\n<meta property=\"og:title\" content=\"Na snazi zabrana paljenja vatre na otvorenom na podru\u010dju Prijedora: Od po\u010detka avgusta 21 intervencija - VIDEO - PrijedorDanas.com - Prijedorski gradski portal\" \/>\n<meta property=\"og:description\" content=\"Su\u0161a i visoke temperature aktivirale su po\u017eare niskog rastinja, pa je na podru\u010dju Prijedora zabilje\u017een pove\u0107an broj vatrogasnih intervencija u odnosu na ranije godine. Do po\u017eara naj\u010de\u0161\u0107e dolazi zbog ljudske [&hellip;]\" \/>\n<meta property=\"og:url\" content=\"https:\/\/www.prijedordanas.com\/?p=274756\" \/>\n<meta property=\"og:site_name\" content=\"PrijedorDanas.com - Prijedorski gradski portal\" \/>\n<meta property=\"article:publisher\" content=\"https:\/\/www.facebook.com\/PrijedorDanasCom\/\" \/>\n<meta property=\"article:published_time\" content=\"2026-08-14T14:54:55+00:00\" \/>\n<meta property=\"og:image\" content=\"https:\/\/www.prijedordanas.com\/wp-content\/uploads\/2026\/08\/tvsjpd-pozar-gradina-300x225.jpg\" \/>\n<meta name=\"author\" content=\"admin\" \/>\n<meta name=\"twitter:card\" content=\"summary_large_image\" \/>\n<meta name=\"twitter:label1\" content=\"Written by\" \/>\n\t<meta name=\"twitter:data1\" content=\"admin\" \/>\n\t<meta name=\"twitter:label2\" content=\"Est. reading time\" \/>\n\t<meta name=\"twitter:data2\" content=\"2 minutes\" \/>\n<script type=\"application\/ld+json\" class=\"yoast-schema-graph\">{\"@context\":\"https:\/\/schema.org\",\"@graph\":[{\"@type\":\"Article\",\"@id\":\"https:\/\/www.prijedordanas.com\/?p=274756#article\",\"isPartOf\":{\"@id\":\"https:\/\/www.prijedordanas.com\/?p=274756\"},\"author\":{\"name\":\"admin\",\"@id\":\"https:\/\/www.prijedordanas.com\/#\/schema\/person\/4e08ccf29b506ca916ff86d46bb700e6\"},\"headline\":\"Na snazi zabrana paljenja vatre na otvorenom na podru\u010dju Prijedora: Od po\u010detka avgusta 21 intervencija &#8211; VIDEO\",\"datePublished\":\"2026-08-14T14:54:55+00:00\",\"dateModified\":\"2026-08-14T14:54:55+00:00\",\"mainEntityOfPage\":{\"@id\":\"https:\/\/www.prijedordanas.com\/?p=274756\"},\"wordCount\":300,\"publisher\":{\"@id\":\"https:\/\/www.prijedordanas.com\/#organization\"},\"articleSection\":[\"Dru\u0161tvo\"],\"inLanguage\":\"en-US\"},{\"@type\":\"WebPage\",\"@id\":\"https:\/\/www.prijedordanas.com\/?p=274756\",\"url\":\"https:\/\/www.prijedordanas.com\/?p=274756\",\"name\":\"Na snazi zabrana paljenja vatre na otvorenom na podru\u010dju Prijedora: Od po\u010detka avgusta 21 intervencija - VIDEO - PrijedorDanas.com - Prijedorski gradski portal\",\"isPartOf\":{\"@id\":\"https:\/\/www.prijedordanas.com\/#website\"},\"datePublished\":\"2026-08-14T14:54:55+00:00\",\"dateModified\":\"2026-08-14T14:54:55+00:00\",\"breadcrumb\":{\"@id\":\"https:\/\/www.prijedordanas.com\/?p=274756#breadcrumb\"},\"inLanguage\":\"en-US\",\"potentialAction\":[{\"@type\":\"ReadAction\",\"target\":[\"https:\/\/www.prijedordanas.com\/?p=274756\"]}]},{\"@type\":\"BreadcrumbList\",\"@id\":\"https:\/\/www.prijedordanas.com\/?p=274756#breadcrumb\",\"itemListElement\":[{\"@type\":\"ListItem\",\"position\":1,\"name\":\"Home\",\"item\":\"https:\/\/www.prijedordanas.com\/\"},{\"@type\":\"ListItem\",\"position\":2,\"name\":\"Na snazi zabrana paljenja vatre na otvorenom na podru\u010dju Prijedora: Od po\u010detka avgusta 21 intervencija &#8211; VIDEO\"}]},{\"@type\":\"WebSite\",\"@id\":\"https:\/\/www.prijedordanas.com\/#website\",\"url\":\"https:\/\/www.prijedordanas.com\/\",\"name\":\"PrijedorDanas.com - Prijedorski gradski portal\",\"description\":\"Portal o doga\u0111anjima u gradu Prijedoru\",\"publisher\":{\"@id\":\"https:\/\/www.prijedordanas.com\/#organization\"},\"potentialAction\":[{\"@type\":\"SearchAction\",\"target\":{\"@type\":\"EntryPoint\",\"urlTemplate\":\"https:\/\/www.prijedordanas.com\/?s={search_term_string}\"},\"query-input\":\"required name=search_term_string\"}],\"inLanguage\":\"en-US\"},{\"@type\":\"Organization\",\"@id\":\"https:\/\/www.prijedordanas.com\/#organization\",\"name\":\"PrijedorDanas.com\",\"url\":\"https:\/\/www.prijedordanas.com\/\",\"logo\":{\"@type\":\"ImageObject\",\"inLanguage\":\"en-US\",\"@id\":\"https:\/\/www.prijedordanas.com\/#\/schema\/logo\/image\/\",\"url\":\"http:\/\/www.prijedordanas.com\/wp-content\/uploads\/2021\/12\/logopng.png\",\"contentUrl\":\"http:\/\/www.prijedordanas.com\/wp-content\/uploads\/2021\/12\/logopng.png\",\"width\":1019,\"height\":776,\"caption\":\"PrijedorDanas.com\"},\"image\":{\"@id\":\"https:\/\/www.prijedordanas.com\/#\/schema\/logo\/image\/\"},\"sameAs\":[\"https:\/\/www.facebook.com\/PrijedorDanasCom\/\"]},{\"@type\":\"Person\",\"@id\":\"https:\/\/www.prijedordanas.com\/#\/schema\/person\/4e08ccf29b506ca916ff86d46bb700e6\",\"name\":\"admin\",\"image\":{\"@type\":\"ImageObject\",\"inLanguage\":\"en-US\",\"@id\":\"https:\/\/www.prijedordanas.com\/#\/schema\/person\/image\/\",\"url\":\"https:\/\/secure.gravatar.com\/avatar\/1d3fc949d550f0b53a5f0d51e06dfd79?s=96&d=mm&r=g\",\"contentUrl\":\"https:\/\/secure.gravatar.com\/avatar\/1d3fc949d550f0b53a5f0d51e06dfd79?s=96&d=mm&r=g\",\"caption\":\"admin\"},\"url\":\"https:\/\/www.prijedordanas.com\/?author=1\"}]}<\/script>\n<!-- \/ Yoast SEO plugin. -->","yoast_head_json":{"title":"Na snazi zabrana paljenja vatre na otvorenom na podru\u010dju Prijedora: Od po\u010detka avgusta 21 intervencija - VIDEO - PrijedorDanas.com - Prijedorski gradski portal","robots":{"index":"index","follow":"follow","max-snippet":"max-snippet:-1","max-image-preview":"max-image-preview:large","max-video-preview":"max-video-preview:-1"},"canonical":"https:\/\/www.prijedordanas.com\/?p=274756","og_locale":"en_US","og_type":"article","og_title":"Na snazi zabrana paljenja vatre na otvorenom na podru\u010dju Prijedora: Od po\u010detka avgusta 21 intervencija - VIDEO - PrijedorDanas.com - Prijedorski gradski portal","og_description":"Su\u0161a i visoke temperature aktivirale su po\u017eare niskog rastinja, pa je na podru\u010dju Prijedora zabilje\u017een pove\u0107an broj vatrogasnih intervencija u odnosu na ranije godine. Do po\u017eara naj\u010de\u0161\u0107e dolazi zbog ljudske [&hellip;]","og_url":"https:\/\/www.prijedordanas.com\/?p=274756","og_site_name":"PrijedorDanas.com - Prijedorski gradski portal","article_publisher":"https:\/\/www.facebook.com\/PrijedorDanasCom\/","article_published_time":"2026-08-14T14:54:55+00:00","og_image":[{"url":"https:\/\/www.prijedordanas.com\/wp-content\/uploads\/2026\/08\/tvsjpd-pozar-gradina-300x225.jpg"}],"author":"admin","twitter_card":"summary_large_image","twitter_misc":{"Written by":"admin","Est. reading time":"2 minutes"},"schema":{"@context":"https:\/\/schema.org","@graph":[{"@type":"Article","@id":"https:\/\/www.prijedordanas.com\/?p=274756#article","isPartOf":{"@id":"https:\/\/www.prijedordanas.com\/?p=274756"},"author":{"name":"admin","@id":"https:\/\/www.prijedordanas.com\/#\/schema\/person\/4e08ccf29b506ca916ff86d46bb700e6"},"headline":"Na snazi zabrana paljenja vatre na otvorenom na podru\u010dju Prijedora: Od po\u010detka avgusta 21 intervencija &#8211; VIDEO","datePublished":"2026-08-14T14:54:55+00:00","dateModified":"2026-08-14T14:54:55+00:00","mainEntityOfPage":{"@id":"https:\/\/www.prijedordanas.com\/?p=274756"},"wordCount":300,"publisher":{"@id":"https:\/\/www.prijedordanas.com\/#organization"},"articleSection":["Dru\u0161tvo"],"inLanguage":"en-US"},{"@type":"WebPage","@id":"https:\/\/www.prijedordanas.com\/?p=274756","url":"https:\/\/www.prijedordanas.com\/?p=274756","name":"Na snazi zabrana paljenja vatre na otvorenom na podru\u010dju Prijedora: Od po\u010detka avgusta 21 intervencija - VIDEO - PrijedorDanas.com - Prijedorski gradski portal","isPartOf":{"@id":"https:\/\/www.prijedordanas.com\/#website"},"datePublished":"2026-08-14T14:54:55+00:00","dateModified":"2026-08-14T14:54:55+00:00","breadcrumb":{"@id":"https:\/\/www.prijedordanas.com\/?p=274756#breadcrumb"},"inLanguage":"en-US","potentialAction":[{"@type":"ReadAction","target":["https:\/\/www.prijedordanas.com\/?p=274756"]}]},{"@type":"BreadcrumbList","@id":"https:\/\/www.prijedordanas.com\/?p=274756#breadcrumb","itemListElement":[{"@type":"ListItem","position":1,"name":"Home","item":"https:\/\/www.prijedordanas.com\/"},{"@type":"ListItem","position":2,"name":"Na snazi zabrana paljenja vatre na otvorenom na podru\u010dju Prijedora: Od po\u010detka avgusta 21 intervencija &#8211; VIDEO"}]},{"@type":"WebSite","@id":"https:\/\/www.prijedordanas.com\/#website","url":"https:\/\/www.prijedordanas.com\/","name":"PrijedorDanas.com - Prijedorski gradski portal","description":"Portal o doga\u0111anjima u gradu Prijedoru","publisher":{"@id":"https:\/\/www.prijedordanas.com\/#organization"},"potentialAction":[{"@type":"SearchAction","target":{"@type":"EntryPoint","urlTemplate":"https:\/\/www.prijedordanas.com\/?s={search_term_string}"},"query-input":"required name=search_term_string"}],"inLanguage":"en-US"},{"@type":"Organization","@id":"https:\/\/www.prijedordanas.com\/#organization","name":"PrijedorDanas.com","url":"https:\/\/www.prijedordanas.com\/","logo":{"@type":"ImageObject","inLanguage":"en-US","@id":"https:\/\/www.prijedordanas.com\/#\/schema\/logo\/image\/","url":"http:\/\/www.prijedordanas.com\/wp-content\/uploads\/2021\/12\/logopng.png","contentUrl":"http:\/\/www.prijedordanas.com\/wp-content\/uploads\/2021\/12\/logopng.png","width":1019,"height":776,"caption":"PrijedorDanas.com"},"image":{"@id":"https:\/\/www.prijedordanas.com\/#\/schema\/logo\/image\/"},"sameAs":["https:\/\/www.facebook.com\/PrijedorDanasCom\/"]},{"@type":"Person","@id":"https:\/\/www.prijedordanas.com\/#\/schema\/person\/4e08ccf29b506ca916ff86d46bb700e6","name":"admin","image":{"@type":"ImageObject","inLanguage":"en-US","@id":"https:\/\/www.prijedordanas.com\/#\/schema\/person\/image\/","url":"https:\/\/secure.gravatar.com\/avatar\/1d3fc949d550f0b53a5f0d51e06dfd79?s=96&d=mm&r=g","contentUrl":"https:\/\/secure.gravatar.com\/avatar\/1d3fc949d550f0b53a5f0d51e06dfd79?s=96&d=mm&r=g","caption":"admin"},"url":"https:\/\/www.prijedordanas.com\/?author=1"}]}},"_links":{"self":[{"href":"https:\/\/www.prijedordanas.com\/index.php?rest_route=\/wp\/v2\/posts\/274756"}],"collection":[{"href":"https:\/\/www.prijedordanas.com\/index.php?rest_route=\/wp\/v2\/posts"}],"about":[{"href":"https:\/\/www.prijedordanas.com\/index.php?rest_route=\/wp\/v2\/types\/post"}],"author":[{"embeddable":true,"href":"https:\/\/www.prijedordanas.com\/index.php?rest_route=\/wp\/v2\/users\/1"}],"replies":[{"embeddable":true,"href":"https:\/\/www.prijedordanas.com\/index.php?rest_route=%2Fwp%2Fv2%2Fcomments&post=274756"}],"version-history":[{"count":1,"href":"https:\/\/www.prijedordanas.com\/index.php?rest_route=\/wp\/v2\/posts\/274756\/revisions"}],"predecessor-version":[{"id":274759,"href":"https:\/\/www.prijedordanas.com\/index.php?rest_route=\/wp\/v2\/posts\/274756\/revisions\/274759"}],"wp:attachment":[{"href":"https:\/\/www.prijedordanas.com\/index.php?rest_route=%2Fwp%2Fv2%2Fmedia&parent=274756"}],"wp:term":[{"taxonomy":"category","embeddable":true,"href":"https:\/\/www.prijedordanas.com\/index.php?rest_route=%2Fwp%2Fv2%2Fcategories&post=274756"},{"taxonomy":"post_tag","embeddable":true,"href":"https:\/\/www.prijedordanas.com\/index.php?rest_route=%2Fwp%2Fv2%2Ftags&post=274756"}],"curies":[{"name":"wp","href":"https:\/\/api.w.org\/{rel}","templated":true}]}}