{"id":274719,"date":"2026-08-13T22:33:56","date_gmt":"2026-08-13T20:33:56","guid":{"rendered":"https:\/\/www.prijedordanas.com\/?p=274719"},"modified":"2026-08-13T22:33:56","modified_gmt":"2026-08-13T20:33:56","slug":"prijedor-devedesettrogodisnji-radivoje-u-radu-pronalazi-spas-od-dosade-video","status":"publish","type":"post","link":"https:\/\/www.prijedordanas.com\/?p=274719","title":{"rendered":"Prijedor: Devedesettrogodi\u0161nji Radivoje u radu pronalazi spas od dosade &#8211; VIDEO"},"content":{"rendered":"<p><a href=\"https:\/\/www.prijedordanas.com\/wp-content\/uploads\/2026\/08\/kozarski-radivoje-miljevic-1.jpg\"><img loading=\"lazy\" decoding=\"async\" class=\"alignleft size-medium wp-image-274720\" src=\"https:\/\/www.prijedordanas.com\/wp-content\/uploads\/2026\/08\/kozarski-radivoje-miljevic-1-300x225.jpg\" alt=\"\" width=\"300\" height=\"225\" srcset=\"https:\/\/www.prijedordanas.com\/wp-content\/uploads\/2026\/08\/kozarski-radivoje-miljevic-1-300x225.jpg 300w, https:\/\/www.prijedordanas.com\/wp-content\/uploads\/2026\/08\/kozarski-radivoje-miljevic-1-640x480.jpg 640w, https:\/\/www.prijedordanas.com\/wp-content\/uploads\/2026\/08\/kozarski-radivoje-miljevic-1.jpg 667w\" sizes=\"(max-width: 300px) 100vw, 300px\" \/><\/a>Radivoje Miljevi\u0107 iz Donje Orlova\u010de sa ponosom isti\u010de da je ro\u0111en 15. marta 1933. godine.<\/p>\n<p>Na snazi i energiji koju posjeduje sa devedesetri godine mogu mu pozavidjeti mnogo mla\u0111i. Redovno odr\u017eava svoje dvori\u0161te, sije ba\u0161tu i uzgaja koko\u0161i.<\/p>\n<p>\u201cDvori\u0161te i ba\u0161tu ja sam odr\u017eavam, nekad u rano prolje\u0107e sin do\u0111e i posijemo prve kultre, kao \u0161to je luk, ostalo sve sam ja radim. Kada trava poraste ja to pokosim, cvije\u0107e zalijevam i orezujem ru\u017ee\u201d, ka\u017ee Radivoje.<\/p>\n<p>Pri\u010da da ga \u017eivot nije mazio. U odbrambeno-otad\u017ebinskom ratu iz Travnika je, u kojem je radio kao \u0161umski tehni\u010dar, sa porodicom izbjegao u rodni Bosanski Petrovac, a potom u Prijedor. Na rati\u0161tu Grabe\u017e poginuo mu je sin Milan 1995. godine, a supruga mu je preminula prije osam godina. \u017divi sam, ali \u010desto ga posjeti sin Dragan koji je sa porodicom u Novom Sadu. Sin mu i poma\u017ee najvi\u0161e u ba\u0161ti.<\/p>\n<p><a href=\"https:\/\/www.prijedordanas.com\/wp-content\/uploads\/2026\/08\/kozarski-radivoje-miljevic-2.jpg\"><img loading=\"lazy\" decoding=\"async\" src=\"https:\/\/www.prijedordanas.com\/wp-content\/uploads\/2026\/08\/kozarski-radivoje-miljevic-2-300x169.jpg\" alt=\"\" width=\"300\" height=\"169\" class=\"alignleft size-medium wp-image-274721\" srcset=\"https:\/\/www.prijedordanas.com\/wp-content\/uploads\/2026\/08\/kozarski-radivoje-miljevic-2-300x169.jpg 300w, https:\/\/www.prijedordanas.com\/wp-content\/uploads\/2026\/08\/kozarski-radivoje-miljevic-2.jpg 600w\" sizes=\"(max-width: 300px) 100vw, 300px\" \/><\/a>\u201cImam luk, mrkvu, per\u0161un, cveklu, krastvace, paprike, paradajz, krompir, kukuruza ne\u0161to imam po\u0161to dr\u017eim koke, ima i pokoja dinja. Volim to raditi jer ako \u010dovjek ne radi ubija dosada. Kada je lo\u0161e vrijeme pa budem u ku\u0107i te\u0161ko je, a ovako kada imate obavezu bolje je. Sada su visoke temperature pa se mo\u017ee ujutru raditi i malo uve\u010de. Ja se bolje i osje\u0107am kada fizi\u010dki radim i kada sam aktivan\u201d, pri\u010da on.<\/p>\n<p>Dodaje da zbog kretanja i rada manje osje\u0107a hroni\u010dne bolove.<\/p>\n<p>\u201cAko \u010dovjek ne radi osje\u0107a i bolove vi\u0161e. Ja imam problem sa ki\u010dmom, krsnim dijelom ki\u010dme. Ujutru kada ustanem osjetim bolove, ali kada malo pro\u0161etam dvori\u0161tem i ne\u0161to uradim ja se odmah osje\u0107am bolje. Fizi\u010dki rad je potreban \u010dovjeku, ne treba pregoniti pogotovo u mojim godinama, ali uvijek da ima pomalo ne\u0161to da se radi \u201c, smatra on.<\/p>\n<p>Ka\u017ee da uvijek mo\u017ee ra\u010dunati i na pomo\u0107 kom\u0161ija, a i oni sa kojima smo mi razgovarali tako\u0111e imaju samo rije\u010di hvale za Radivoja.<\/p>\n<p><a href=\"https:\/\/kozarski.com\/video-devedesettrogodisnji-radivoje-u-radu-pronalazi-spas-od-dosade\/\" target=\"_blank\" rel=\"noopener\">kozarski.com<\/a><\/p>\n<p><iframe loading=\"lazy\" title=\"DEVEDESETTROGODI\u0160NJI RADIVOJE U RADU PRONALAZI SPAS OD DOSADE\" width=\"500\" height=\"281\" src=\"https:\/\/www.youtube.com\/embed\/tAD90ya9SOk?feature=oembed\" frameborder=\"0\" allow=\"accelerometer; autoplay; clipboard-write; encrypted-media; gyroscope; picture-in-picture; web-share\" referrerpolicy=\"strict-origin-when-cross-origin\" allowfullscreen><\/iframe><\/p>\n","protected":false},"excerpt":{"rendered":"<p>Radivoje Miljevi\u0107 iz Donje Orlova\u010de sa ponosom isti\u010de da je ro\u0111en 15. marta 1933. godine. Na snazi i energiji koju posjeduje sa devedesetri godine mogu mu pozavidjeti mnogo mla\u0111i. Redovno [&hellip;]<\/p>\n","protected":false},"author":1,"featured_media":0,"comment_status":"closed","ping_status":"open","sticky":false,"template":"","format":"standard","meta":{"_monsterinsights_skip_tracking":false,"_monsterinsights_sitenote_active":false,"_monsterinsights_sitenote_note":"","_monsterinsights_sitenote_category":0,"footnotes":""},"categories":[3],"tags":[],"yoast_head":"<!-- This site is optimized with the Yoast SEO plugin v21.6 - https:\/\/yoast.com\/wordpress\/plugins\/seo\/ -->\n<title>Prijedor: Devedesettrogodi\u0161nji Radivoje u radu pronalazi spas od dosade - VIDEO - PrijedorDanas.com - Prijedorski gradski portal<\/title>\n<meta name=\"robots\" content=\"index, follow, max-snippet:-1, max-image-preview:large, max-video-preview:-1\" \/>\n<link rel=\"canonical\" href=\"https:\/\/www.prijedordanas.com\/?p=274719\" \/>\n<meta property=\"og:locale\" content=\"en_US\" \/>\n<meta property=\"og:type\" content=\"article\" \/>\n<meta property=\"og:title\" content=\"Prijedor: Devedesettrogodi\u0161nji Radivoje u radu pronalazi spas od dosade - VIDEO - PrijedorDanas.com - Prijedorski gradski portal\" \/>\n<meta property=\"og:description\" content=\"Radivoje Miljevi\u0107 iz Donje Orlova\u010de sa ponosom isti\u010de da je ro\u0111en 15. marta 1933. godine. Na snazi i energiji koju posjeduje sa devedesetri godine mogu mu pozavidjeti mnogo mla\u0111i. Redovno [&hellip;]\" \/>\n<meta property=\"og:url\" content=\"https:\/\/www.prijedordanas.com\/?p=274719\" \/>\n<meta property=\"og:site_name\" content=\"PrijedorDanas.com - Prijedorski gradski portal\" \/>\n<meta property=\"article:publisher\" content=\"https:\/\/www.facebook.com\/PrijedorDanasCom\/\" \/>\n<meta property=\"article:published_time\" content=\"2026-08-13T20:33:56+00:00\" \/>\n<meta property=\"og:image\" content=\"https:\/\/www.prijedordanas.com\/wp-content\/uploads\/2026\/08\/kozarski-radivoje-miljevic-1-300x225.jpg\" \/>\n<meta name=\"author\" content=\"admin\" \/>\n<meta name=\"twitter:card\" content=\"summary_large_image\" \/>\n<meta name=\"twitter:label1\" content=\"Written by\" \/>\n\t<meta name=\"twitter:data1\" content=\"admin\" \/>\n\t<meta name=\"twitter:label2\" content=\"Est. reading time\" \/>\n\t<meta name=\"twitter:data2\" content=\"2 minutes\" \/>\n<script type=\"application\/ld+json\" class=\"yoast-schema-graph\">{\"@context\":\"https:\/\/schema.org\",\"@graph\":[{\"@type\":\"Article\",\"@id\":\"https:\/\/www.prijedordanas.com\/?p=274719#article\",\"isPartOf\":{\"@id\":\"https:\/\/www.prijedordanas.com\/?p=274719\"},\"author\":{\"name\":\"admin\",\"@id\":\"https:\/\/www.prijedordanas.com\/#\/schema\/person\/4e08ccf29b506ca916ff86d46bb700e6\"},\"headline\":\"Prijedor: Devedesettrogodi\u0161nji Radivoje u radu pronalazi spas od dosade &#8211; VIDEO\",\"datePublished\":\"2026-08-13T20:33:56+00:00\",\"dateModified\":\"2026-08-13T20:33:56+00:00\",\"mainEntityOfPage\":{\"@id\":\"https:\/\/www.prijedordanas.com\/?p=274719\"},\"wordCount\":381,\"publisher\":{\"@id\":\"https:\/\/www.prijedordanas.com\/#organization\"},\"articleSection\":[\"\u017divot\"],\"inLanguage\":\"en-US\"},{\"@type\":\"WebPage\",\"@id\":\"https:\/\/www.prijedordanas.com\/?p=274719\",\"url\":\"https:\/\/www.prijedordanas.com\/?p=274719\",\"name\":\"Prijedor: Devedesettrogodi\u0161nji Radivoje u radu pronalazi spas od dosade - VIDEO - PrijedorDanas.com - Prijedorski gradski portal\",\"isPartOf\":{\"@id\":\"https:\/\/www.prijedordanas.com\/#website\"},\"datePublished\":\"2026-08-13T20:33:56+00:00\",\"dateModified\":\"2026-08-13T20:33:56+00:00\",\"breadcrumb\":{\"@id\":\"https:\/\/www.prijedordanas.com\/?p=274719#breadcrumb\"},\"inLanguage\":\"en-US\",\"potentialAction\":[{\"@type\":\"ReadAction\",\"target\":[\"https:\/\/www.prijedordanas.com\/?p=274719\"]}]},{\"@type\":\"BreadcrumbList\",\"@id\":\"https:\/\/www.prijedordanas.com\/?p=274719#breadcrumb\",\"itemListElement\":[{\"@type\":\"ListItem\",\"position\":1,\"name\":\"Home\",\"item\":\"https:\/\/www.prijedordanas.com\/\"},{\"@type\":\"ListItem\",\"position\":2,\"name\":\"Prijedor: Devedesettrogodi\u0161nji Radivoje u radu pronalazi spas od dosade &#8211; VIDEO\"}]},{\"@type\":\"WebSite\",\"@id\":\"https:\/\/www.prijedordanas.com\/#website\",\"url\":\"https:\/\/www.prijedordanas.com\/\",\"name\":\"PrijedorDanas.com - Prijedorski gradski portal\",\"description\":\"Portal o doga\u0111anjima u gradu Prijedoru\",\"publisher\":{\"@id\":\"https:\/\/www.prijedordanas.com\/#organization\"},\"potentialAction\":[{\"@type\":\"SearchAction\",\"target\":{\"@type\":\"EntryPoint\",\"urlTemplate\":\"https:\/\/www.prijedordanas.com\/?s={search_term_string}\"},\"query-input\":\"required name=search_term_string\"}],\"inLanguage\":\"en-US\"},{\"@type\":\"Organization\",\"@id\":\"https:\/\/www.prijedordanas.com\/#organization\",\"name\":\"PrijedorDanas.com\",\"url\":\"https:\/\/www.prijedordanas.com\/\",\"logo\":{\"@type\":\"ImageObject\",\"inLanguage\":\"en-US\",\"@id\":\"https:\/\/www.prijedordanas.com\/#\/schema\/logo\/image\/\",\"url\":\"http:\/\/www.prijedordanas.com\/wp-content\/uploads\/2021\/12\/logopng.png\",\"contentUrl\":\"http:\/\/www.prijedordanas.com\/wp-content\/uploads\/2021\/12\/logopng.png\",\"width\":1019,\"height\":776,\"caption\":\"PrijedorDanas.com\"},\"image\":{\"@id\":\"https:\/\/www.prijedordanas.com\/#\/schema\/logo\/image\/\"},\"sameAs\":[\"https:\/\/www.facebook.com\/PrijedorDanasCom\/\"]},{\"@type\":\"Person\",\"@id\":\"https:\/\/www.prijedordanas.com\/#\/schema\/person\/4e08ccf29b506ca916ff86d46bb700e6\",\"name\":\"admin\",\"image\":{\"@type\":\"ImageObject\",\"inLanguage\":\"en-US\",\"@id\":\"https:\/\/www.prijedordanas.com\/#\/schema\/person\/image\/\",\"url\":\"https:\/\/secure.gravatar.com\/avatar\/1d3fc949d550f0b53a5f0d51e06dfd79?s=96&d=mm&r=g\",\"contentUrl\":\"https:\/\/secure.gravatar.com\/avatar\/1d3fc949d550f0b53a5f0d51e06dfd79?s=96&d=mm&r=g\",\"caption\":\"admin\"},\"url\":\"https:\/\/www.prijedordanas.com\/?author=1\"}]}<\/script>\n<!-- \/ Yoast SEO plugin. -->","yoast_head_json":{"title":"Prijedor: Devedesettrogodi\u0161nji Radivoje u radu pronalazi spas od dosade - VIDEO - PrijedorDanas.com - Prijedorski gradski portal","robots":{"index":"index","follow":"follow","max-snippet":"max-snippet:-1","max-image-preview":"max-image-preview:large","max-video-preview":"max-video-preview:-1"},"canonical":"https:\/\/www.prijedordanas.com\/?p=274719","og_locale":"en_US","og_type":"article","og_title":"Prijedor: Devedesettrogodi\u0161nji Radivoje u radu pronalazi spas od dosade - VIDEO - PrijedorDanas.com - Prijedorski gradski portal","og_description":"Radivoje Miljevi\u0107 iz Donje Orlova\u010de sa ponosom isti\u010de da je ro\u0111en 15. marta 1933. godine. Na snazi i energiji koju posjeduje sa devedesetri godine mogu mu pozavidjeti mnogo mla\u0111i. Redovno [&hellip;]","og_url":"https:\/\/www.prijedordanas.com\/?p=274719","og_site_name":"PrijedorDanas.com - Prijedorski gradski portal","article_publisher":"https:\/\/www.facebook.com\/PrijedorDanasCom\/","article_published_time":"2026-08-13T20:33:56+00:00","og_image":[{"url":"https:\/\/www.prijedordanas.com\/wp-content\/uploads\/2026\/08\/kozarski-radivoje-miljevic-1-300x225.jpg"}],"author":"admin","twitter_card":"summary_large_image","twitter_misc":{"Written by":"admin","Est. reading time":"2 minutes"},"schema":{"@context":"https:\/\/schema.org","@graph":[{"@type":"Article","@id":"https:\/\/www.prijedordanas.com\/?p=274719#article","isPartOf":{"@id":"https:\/\/www.prijedordanas.com\/?p=274719"},"author":{"name":"admin","@id":"https:\/\/www.prijedordanas.com\/#\/schema\/person\/4e08ccf29b506ca916ff86d46bb700e6"},"headline":"Prijedor: Devedesettrogodi\u0161nji Radivoje u radu pronalazi spas od dosade &#8211; VIDEO","datePublished":"2026-08-13T20:33:56+00:00","dateModified":"2026-08-13T20:33:56+00:00","mainEntityOfPage":{"@id":"https:\/\/www.prijedordanas.com\/?p=274719"},"wordCount":381,"publisher":{"@id":"https:\/\/www.prijedordanas.com\/#organization"},"articleSection":["\u017divot"],"inLanguage":"en-US"},{"@type":"WebPage","@id":"https:\/\/www.prijedordanas.com\/?p=274719","url":"https:\/\/www.prijedordanas.com\/?p=274719","name":"Prijedor: Devedesettrogodi\u0161nji Radivoje u radu pronalazi spas od dosade - VIDEO - PrijedorDanas.com - Prijedorski gradski portal","isPartOf":{"@id":"https:\/\/www.prijedordanas.com\/#website"},"datePublished":"2026-08-13T20:33:56+00:00","dateModified":"2026-08-13T20:33:56+00:00","breadcrumb":{"@id":"https:\/\/www.prijedordanas.com\/?p=274719#breadcrumb"},"inLanguage":"en-US","potentialAction":[{"@type":"ReadAction","target":["https:\/\/www.prijedordanas.com\/?p=274719"]}]},{"@type":"BreadcrumbList","@id":"https:\/\/www.prijedordanas.com\/?p=274719#breadcrumb","itemListElement":[{"@type":"ListItem","position":1,"name":"Home","item":"https:\/\/www.prijedordanas.com\/"},{"@type":"ListItem","position":2,"name":"Prijedor: Devedesettrogodi\u0161nji Radivoje u radu pronalazi spas od dosade &#8211; VIDEO"}]},{"@type":"WebSite","@id":"https:\/\/www.prijedordanas.com\/#website","url":"https:\/\/www.prijedordanas.com\/","name":"PrijedorDanas.com - Prijedorski gradski portal","description":"Portal o doga\u0111anjima u gradu Prijedoru","publisher":{"@id":"https:\/\/www.prijedordanas.com\/#organization"},"potentialAction":[{"@type":"SearchAction","target":{"@type":"EntryPoint","urlTemplate":"https:\/\/www.prijedordanas.com\/?s={search_term_string}"},"query-input":"required name=search_term_string"}],"inLanguage":"en-US"},{"@type":"Organization","@id":"https:\/\/www.prijedordanas.com\/#organization","name":"PrijedorDanas.com","url":"https:\/\/www.prijedordanas.com\/","logo":{"@type":"ImageObject","inLanguage":"en-US","@id":"https:\/\/www.prijedordanas.com\/#\/schema\/logo\/image\/","url":"http:\/\/www.prijedordanas.com\/wp-content\/uploads\/2021\/12\/logopng.png","contentUrl":"http:\/\/www.prijedordanas.com\/wp-content\/uploads\/2021\/12\/logopng.png","width":1019,"height":776,"caption":"PrijedorDanas.com"},"image":{"@id":"https:\/\/www.prijedordanas.com\/#\/schema\/logo\/image\/"},"sameAs":["https:\/\/www.facebook.com\/PrijedorDanasCom\/"]},{"@type":"Person","@id":"https:\/\/www.prijedordanas.com\/#\/schema\/person\/4e08ccf29b506ca916ff86d46bb700e6","name":"admin","image":{"@type":"ImageObject","inLanguage":"en-US","@id":"https:\/\/www.prijedordanas.com\/#\/schema\/person\/image\/","url":"https:\/\/secure.gravatar.com\/avatar\/1d3fc949d550f0b53a5f0d51e06dfd79?s=96&d=mm&r=g","contentUrl":"https:\/\/secure.gravatar.com\/avatar\/1d3fc949d550f0b53a5f0d51e06dfd79?s=96&d=mm&r=g","caption":"admin"},"url":"https:\/\/www.prijedordanas.com\/?author=1"}]}},"_links":{"self":[{"href":"https:\/\/www.prijedordanas.com\/index.php?rest_route=\/wp\/v2\/posts\/274719"}],"collection":[{"href":"https:\/\/www.prijedordanas.com\/index.php?rest_route=\/wp\/v2\/posts"}],"about":[{"href":"https:\/\/www.prijedordanas.com\/index.php?rest_route=\/wp\/v2\/types\/post"}],"author":[{"embeddable":true,"href":"https:\/\/www.prijedordanas.com\/index.php?rest_route=\/wp\/v2\/users\/1"}],"replies":[{"embeddable":true,"href":"https:\/\/www.prijedordanas.com\/index.php?rest_route=%2Fwp%2Fv2%2Fcomments&post=274719"}],"version-history":[{"count":1,"href":"https:\/\/www.prijedordanas.com\/index.php?rest_route=\/wp\/v2\/posts\/274719\/revisions"}],"predecessor-version":[{"id":274722,"href":"https:\/\/www.prijedordanas.com\/index.php?rest_route=\/wp\/v2\/posts\/274719\/revisions\/274722"}],"wp:attachment":[{"href":"https:\/\/www.prijedordanas.com\/index.php?rest_route=%2Fwp%2Fv2%2Fmedia&parent=274719"}],"wp:term":[{"taxonomy":"category","embeddable":true,"href":"https:\/\/www.prijedordanas.com\/index.php?rest_route=%2Fwp%2Fv2%2Fcategories&post=274719"},{"taxonomy":"post_tag","embeddable":true,"href":"https:\/\/www.prijedordanas.com\/index.php?rest_route=%2Fwp%2Fv2%2Ftags&post=274719"}],"curies":[{"name":"wp","href":"https:\/\/api.w.org\/{rel}","templated":true}]}}