{"id":274715,"date":"2026-08-13T21:44:07","date_gmt":"2026-08-13T19:44:07","guid":{"rendered":"https:\/\/www.prijedordanas.com\/?p=274715"},"modified":"2026-08-13T21:44:07","modified_gmt":"2026-08-13T19:44:07","slug":"na-volanu-i-palici-nema-dnk-optuzenog-odbrana-trazi-oslobadajucu-presudu-za-ubistvo-smita","status":"publish","type":"post","link":"https:\/\/www.prijedordanas.com\/?p=274715","title":{"rendered":"Na volanu i palici nema DNK optu\u017eenog: Odbrana tra\u017ei osloba\u0111aju\u0107u presudu za ubistvo \u0160mita"},"content":{"rendered":"<p><a href=\"https:\/\/www.prijedordanas.com\/wp-content\/uploads\/2025\/06\/momic-stupar.jpg\"><img loading=\"lazy\" decoding=\"async\" src=\"https:\/\/www.prijedordanas.com\/wp-content\/uploads\/2025\/06\/momic-stupar-300x226.jpg\" alt=\"\" width=\"300\" height=\"226\" class=\"alignleft size-medium wp-image-249173\" srcset=\"https:\/\/www.prijedordanas.com\/wp-content\/uploads\/2025\/06\/momic-stupar-300x226.jpg 300w, https:\/\/www.prijedordanas.com\/wp-content\/uploads\/2025\/06\/momic-stupar-640x480.jpg 640w, https:\/\/www.prijedordanas.com\/wp-content\/uploads\/2025\/06\/momic-stupar.jpg 663w\" sizes=\"(max-width: 300px) 100vw, 300px\" \/><\/a>Republi\u010dko javno tu\u017eila\u0161tvo zatra\u017eilo je od Vrhovnog suda Republike Srpske da izrekne stro\u017eiju kaznu Marku Momi\u0107u, koji je nepravosna\u017eno osu\u0111en na 20 godina zatvora za ubistvo Mihajla Stupara \u0160mita u Prijedoru.<\/p>\n<p>Prvostepenom presudom Momi\u0107 je ogla\u0161en krivim za te\u0161ko ubistvo, dok su Bojan Savanovi\u0107 i Gojko \u0160obot oslobo\u0111eni optu\u017ebe za pomaganje u zlo\u010dinu. Ubistvo je po\u010dinjeno u martu 2021. godine kada je \u0160mit brutalno pretu\u010den bejzbol palicom i prega\u017een automobilom uz obalu Sane u prijedorskom naselju Ra\u0161kovac.<\/p>\n<p>\u017dalbu na presudu ulo\u017eilo je tu\u017eila\u0161tvo, ali i Momi\u0107eva odbrana koja je tra\u017eila da se presuda preina\u010di i da se optu\u017eeni oslobodi optu\u017ebe u nedostatku dokaza.<\/p>\n<p>Ukinuti osloba\u0111aju\u0107u presudu pomaga\u010dima<\/p>\n<p>Republi\u010dki tu\u017eilac Svjetlanka Bijeli\u0107 u sudnici je pojasnila da se u slu\u010daju Momi\u0107a tu\u017eila\u0161tvo \u017ealilo zbog odluke o krivi\u010dnoj sankciji, tra\u017ee\u0107i izricanje stro\u017ee kazne. U odnosu na osloba\u0111aju\u0107u presudu Savanovi\u0107u i \u0160obotu tu\u017eila\u0161tvo je \u017ealbu ulo\u017eilo zbog bitnih povreda krivi\u010dnog postupka, te pogre\u0161no utvr\u0111enog \u010dinjeni\u010dnog stanja.<\/p>\n<p>\u201dPredla\u017eemo da se presuda protiv Savanovi\u0107a i \u0160obota preina\u010di i da se oni oglase krivim u skladu sa zakonom ili da se prvostepena presuda ukine i postupak vrati na novo su\u0111enje\u201d, rekla je Bijeli\u0107.<\/p>\n<p>Iznose\u0107i \u017ealbu Momi\u0107ev branilac Gordan Jovi\u0161evi\u0107 tvrdio je da njegov klijent nije po\u010dinio djelo koje mu je stavljeno na teret, te da njegova krivica nije dokazana.<\/p>\n<p>Na volanu \u201dda\u010dije\u201d i palici nema Momi\u0107evog DNK<\/p>\n<p>\u201dDNK analiza dovela je u sumnju ocjenu suda da je automobil \u201dda\u010dija\u201d kori\u0161ten kao sredstvo za izvr\u0161enje krivi\u010dnog djela. Na volanu automobila nije prona\u0111en Momi\u0107ev DNK trag, ve\u0107 DNK o\u0161te\u0107enog \u0160mita. Momi\u0107evog traga nema nigdje na vozilu, \u0161to su odlu\u010dne \u010dinjenice koje dovode u sumnju prvostepenu presudu\u201d, rekao je Jovi\u0161evi\u0107.<\/p>\n<p>Naglasio je da je vje\u0161tak sudske medicine dr \u017deljko Karan rekao da na tijelu \u0160mita nema povreda koje odgovaraju prega\u017eenju, \u0161to tako\u0111e dovodi u razumnu sumnju ono \u0161to je navedeno u presudi.<\/p>\n<p>\u201dNema dokaza da je Momi\u0107 tim vozilom do\u0161ao u Ra\u0161kovac. Nema dokaza da je vozilo bilo na licu mjesta, poput tragova pneumatika. Na bejzbol palici nema Momi\u0107evog DNK traga, kao ni u autu ili na licu mjesta. Sud je pogre\u0161no i nepravilno cijenio pojedine dokaze poput odje\u0107e na kojoj je na\u0111en DNK trag Momi\u0107a\u201d, rekao je Jovi\u0161evi\u0107, tra\u017ee\u0107i da se presuda ukine i Momi\u0107 oslobodi optu\u017ebe.<\/p>\n<p>Momi\u0107 je prihvatio izlgaganje branioca i sudu se kratko obratio.<\/p>\n<p>\u201d\u017delim samo da ka\u017eem da nisam kriv\u201d, istakao je Momi\u0107.<\/p>\n<p>\u201dZa\u0161to bi vozio nekog ko je ubio \u010dovjeka?\u201d<\/p>\n<p>Branioci Savanovi\u0107a i \u0160obota, advokati Branko Gudalo i \u017deljko Gnjatovi\u0107, smatraju da su navodi iz \u017ealbe tu\u017eila\u0161tva pau\u0161alni i neosnovani.<\/p>\n<p>\u201dIz iskaza svjedoka, kao i mog klijenta vidljivo je da je Savanovi\u0107 iz zdravstvenih razloga vozio Momi\u0107a, na lije\u010denje u Srbiju. O tome su se dogovarali mnogo prije ubistva i on nije ni znao da je to krivi\u010dno djelo izvr\u0161eno. Postavlja se pitanje da li bi iko normalan vozio nekoga za koga zna da je ubio \u010dovjeka\u201d, pitao je Gudalo, nagla\u0161avaju\u0107i da je Savanovi\u0107 medicinski radnik.<\/p>\n<p>Gnjatovi\u0107 je konstatovao da je \u0160obotova odbrana u zavr\u0161noj rije\u010di naglasila da on nije u\u010destvovao u izvr\u0161enju krivi\u010dnog djela, a da je to isto navedeno i u prvostepenoj presudi.<\/p>\n<p>\u201dPresuda je pravilno utvr\u0111ena i pozivam sud da odbije \u017ealbu tu\u017eila\u0161tva i potvrdi prvostepenu presudu\u201d, rekao je Gnjatovi\u0107.<\/p>\n<p>\u0160ta se navodi u optu\u017enici<\/p>\n<p>Prema optu\u017enici Momi\u0107 je sa Savanovi\u0107em dogovorio da mu obezbjedi ilegalan prelazak granice sa Srbijom, pa je u skladu sa dogovorom 6. marta ostvario kontakt s jednim Bijeljincem, kako bi dogovorili detalje.<\/p>\n<p>U me\u0111uvremenu, 9. marta Gojko \u0160obot je od jednog Prijedor\u010danina posudio automobil &#8220;da\u010dija logan&#8221; i klju\u010deve je predao Momi\u0107u. Sutradan, 10. marta Momi\u0107 je sa \u0160mitom dogovorio da se sastanu uz obalu rijeke Sane u naselju Ra\u0161kovac u blizini nekada\u0161njeg objekta za otkup ko\u017ee.<\/p>\n<p>Pretu\u010den palicom i prega\u017een vozilom<\/p>\n<p>&#8220;U namjeri da ga li\u0161i \u017eivota Momi\u0107 je upotrebom fizi\u010dke snage, drvene palice i automobila &#8220;da\u010dija logan&#8221; nanio vi\u0161e povreda Mihajlu Stuparu. To je u\u010dinio tako \u0161to da je vi\u0161e puta svirepo udarao po glavi tijelu drvenom palicom, rukama, nogama. \u017drtvu je nagazio vozilom po grudima, dok se u le\u017ee\u0107em polo\u017eaju nalazio na zemlji&#8221;, navodi se u optu\u017enici.<\/p>\n<p>Dodaje se da je Stuparu nanio vi\u0161estruke povrede glave i tijela, grudnog ko\u0161a, ekstremiteta, sa prelomom vratnog dijela ki\u010dmenog stuba izme\u0111u 5. i 6. pr\u0161ljena, za koje vrijeme je Stupar bio \u017eiv i trpio veliki bol i patnju, a \u0161to je naposlijetku dovelo do njegove smrti.<\/p>\n<p>\u0160obot oprao \u201dda\u010diju\u201d<\/p>\n<p>Nakon zlo\u010dina Momi\u0107 se odvezao do zgrade u kojoj je stanovao kao podstanar. Vozilo je parkirao ispred i pozvao je \u0160obota da do\u0111e do njega. \u0160obot je do\u0161ao u dru\u0161tvu sa D.T. i Momi\u0107 mu je rekao da uzme klju\u010deve od &#8220;da\u010dije&#8221;, da ju sapere na autopraonici i vrati \u010dovjeku od koga je posudio vozilo.<\/p>\n<p>&#8220;Znaju\u0107i da je prethodno iskori\u0161teno za izvr\u0161enje krivi\u010dnog djela \u0160obot je vozilo odvezao do samouslu\u017ene autopraonice kod benzinske pumpe &#8220;Br\u010dko gas&#8221;, gdje je radi prikrivanja tragova oprao automobil. Oko 21 \u010dasova &#8220;da\u010diju&#8221; je odvezao do vlasnika i vratio mu klju\u010deve.<\/p>\n<p>Ilegalno pobjegao u Srbiju<\/p>\n<p>U me\u0111uvremenu Momi\u0107 je, po unaprijed pripremljenom dogovoru, pozvao Savanovi\u0107a da do\u0111e po njega, \u0161to je ovaj i u\u010dinio te ga automobilom &#8220;golf&#8221; odvezao u pravcu Bijeljine. Kontaktirao je i \u010dovjeka s kojim je dogovorio prebacivanje te ga pita gdje se u Bijeljin mo\u017ee iznajmiti soba. Sutradan ujutro su se sastali na benzinskoj pumpi na ulazu u Janju, gdje je Bijeljinac po dogovoru omogu\u0107io Momi\u0107u da ilegalno pre\u0111e granicu i pobjegne u Srbiju.<\/p>\n<p>Momi\u0107 se vi\u0161e od godinu dana nalazio u bjekstvu i na osnovu me\u0111unarodne potjernice uhap\u0161en je 8. maja 2022. godine u Beogradu. U Srbiji se krio pomo\u0107nu falsifikovanih dokumenata BiH.<\/p>\n<p><a href=\"https:\/\/atvbl.rs\/lat\/vijesti\/hronika\/na-volanu-i-palici-nema-dnk-optuzenog-odbrana-trazi-oslobadjajucu-presudu-za-ubistvo-smita\/2329016\" rel=\"noopener\" target=\"_blank\">atvbl.rs<\/a><\/p>\n","protected":false},"excerpt":{"rendered":"<p>Republi\u010dko javno tu\u017eila\u0161tvo zatra\u017eilo je od Vrhovnog suda Republike Srpske da izrekne stro\u017eiju kaznu Marku Momi\u0107u, koji je nepravosna\u017eno osu\u0111en na 20 godina zatvora za ubistvo Mihajla Stupara \u0160mita u [&hellip;]<\/p>\n","protected":false},"author":1,"featured_media":0,"comment_status":"closed","ping_status":"open","sticky":false,"template":"","format":"standard","meta":{"_monsterinsights_skip_tracking":false,"_monsterinsights_sitenote_active":false,"_monsterinsights_sitenote_note":"","_monsterinsights_sitenote_category":0,"footnotes":""},"categories":[5],"tags":[],"yoast_head":"<!-- This site is optimized with the Yoast SEO plugin v21.6 - https:\/\/yoast.com\/wordpress\/plugins\/seo\/ -->\n<title>Na volanu i palici nema DNK optu\u017eenog: Odbrana tra\u017ei osloba\u0111aju\u0107u presudu za ubistvo \u0160mita - PrijedorDanas.com - Prijedorski gradski portal<\/title>\n<meta name=\"robots\" content=\"index, follow, max-snippet:-1, max-image-preview:large, max-video-preview:-1\" \/>\n<link rel=\"canonical\" href=\"https:\/\/www.prijedordanas.com\/?p=274715\" \/>\n<meta property=\"og:locale\" content=\"en_US\" \/>\n<meta property=\"og:type\" content=\"article\" \/>\n<meta property=\"og:title\" content=\"Na volanu i palici nema DNK optu\u017eenog: Odbrana tra\u017ei osloba\u0111aju\u0107u presudu za ubistvo \u0160mita - PrijedorDanas.com - Prijedorski gradski portal\" \/>\n<meta property=\"og:description\" content=\"Republi\u010dko javno tu\u017eila\u0161tvo zatra\u017eilo je od Vrhovnog suda Republike Srpske da izrekne stro\u017eiju kaznu Marku Momi\u0107u, koji je nepravosna\u017eno osu\u0111en na 20 godina zatvora za ubistvo Mihajla Stupara \u0160mita u [&hellip;]\" \/>\n<meta property=\"og:url\" content=\"https:\/\/www.prijedordanas.com\/?p=274715\" \/>\n<meta property=\"og:site_name\" content=\"PrijedorDanas.com - Prijedorski gradski portal\" \/>\n<meta property=\"article:publisher\" content=\"https:\/\/www.facebook.com\/PrijedorDanasCom\/\" \/>\n<meta property=\"article:published_time\" content=\"2026-08-13T19:44:07+00:00\" \/>\n<meta property=\"og:image\" content=\"https:\/\/www.prijedordanas.com\/wp-content\/uploads\/2025\/06\/momic-stupar-300x226.jpg\" \/>\n<meta name=\"author\" content=\"admin\" \/>\n<meta name=\"twitter:card\" content=\"summary_large_image\" \/>\n<meta name=\"twitter:label1\" content=\"Written by\" \/>\n\t<meta name=\"twitter:data1\" content=\"admin\" \/>\n<script type=\"application\/ld+json\" class=\"yoast-schema-graph\">{\"@context\":\"https:\/\/schema.org\",\"@graph\":[{\"@type\":\"Article\",\"@id\":\"https:\/\/www.prijedordanas.com\/?p=274715#article\",\"isPartOf\":{\"@id\":\"https:\/\/www.prijedordanas.com\/?p=274715\"},\"author\":{\"name\":\"admin\",\"@id\":\"https:\/\/www.prijedordanas.com\/#\/schema\/person\/4e08ccf29b506ca916ff86d46bb700e6\"},\"headline\":\"Na volanu i palici nema DNK optu\u017eenog: Odbrana tra\u017ei osloba\u0111aju\u0107u presudu za ubistvo \u0160mita\",\"datePublished\":\"2026-08-13T19:44:07+00:00\",\"dateModified\":\"2026-08-13T19:44:07+00:00\",\"mainEntityOfPage\":{\"@id\":\"https:\/\/www.prijedordanas.com\/?p=274715\"},\"wordCount\":1094,\"publisher\":{\"@id\":\"https:\/\/www.prijedordanas.com\/#organization\"},\"articleSection\":[\"Hronika\"],\"inLanguage\":\"en-US\"},{\"@type\":\"WebPage\",\"@id\":\"https:\/\/www.prijedordanas.com\/?p=274715\",\"url\":\"https:\/\/www.prijedordanas.com\/?p=274715\",\"name\":\"Na volanu i palici nema DNK optu\u017eenog: Odbrana tra\u017ei osloba\u0111aju\u0107u presudu za ubistvo \u0160mita - PrijedorDanas.com - Prijedorski gradski portal\",\"isPartOf\":{\"@id\":\"https:\/\/www.prijedordanas.com\/#website\"},\"datePublished\":\"2026-08-13T19:44:07+00:00\",\"dateModified\":\"2026-08-13T19:44:07+00:00\",\"breadcrumb\":{\"@id\":\"https:\/\/www.prijedordanas.com\/?p=274715#breadcrumb\"},\"inLanguage\":\"en-US\",\"potentialAction\":[{\"@type\":\"ReadAction\",\"target\":[\"https:\/\/www.prijedordanas.com\/?p=274715\"]}]},{\"@type\":\"BreadcrumbList\",\"@id\":\"https:\/\/www.prijedordanas.com\/?p=274715#breadcrumb\",\"itemListElement\":[{\"@type\":\"ListItem\",\"position\":1,\"name\":\"Home\",\"item\":\"https:\/\/www.prijedordanas.com\/\"},{\"@type\":\"ListItem\",\"position\":2,\"name\":\"Na volanu i palici nema DNK optu\u017eenog: Odbrana tra\u017ei osloba\u0111aju\u0107u presudu za ubistvo \u0160mita\"}]},{\"@type\":\"WebSite\",\"@id\":\"https:\/\/www.prijedordanas.com\/#website\",\"url\":\"https:\/\/www.prijedordanas.com\/\",\"name\":\"PrijedorDanas.com - Prijedorski gradski portal\",\"description\":\"Portal o doga\u0111anjima u gradu Prijedoru\",\"publisher\":{\"@id\":\"https:\/\/www.prijedordanas.com\/#organization\"},\"potentialAction\":[{\"@type\":\"SearchAction\",\"target\":{\"@type\":\"EntryPoint\",\"urlTemplate\":\"https:\/\/www.prijedordanas.com\/?s={search_term_string}\"},\"query-input\":\"required name=search_term_string\"}],\"inLanguage\":\"en-US\"},{\"@type\":\"Organization\",\"@id\":\"https:\/\/www.prijedordanas.com\/#organization\",\"name\":\"PrijedorDanas.com\",\"url\":\"https:\/\/www.prijedordanas.com\/\",\"logo\":{\"@type\":\"ImageObject\",\"inLanguage\":\"en-US\",\"@id\":\"https:\/\/www.prijedordanas.com\/#\/schema\/logo\/image\/\",\"url\":\"http:\/\/www.prijedordanas.com\/wp-content\/uploads\/2021\/12\/logopng.png\",\"contentUrl\":\"http:\/\/www.prijedordanas.com\/wp-content\/uploads\/2021\/12\/logopng.png\",\"width\":1019,\"height\":776,\"caption\":\"PrijedorDanas.com\"},\"image\":{\"@id\":\"https:\/\/www.prijedordanas.com\/#\/schema\/logo\/image\/\"},\"sameAs\":[\"https:\/\/www.facebook.com\/PrijedorDanasCom\/\"]},{\"@type\":\"Person\",\"@id\":\"https:\/\/www.prijedordanas.com\/#\/schema\/person\/4e08ccf29b506ca916ff86d46bb700e6\",\"name\":\"admin\",\"image\":{\"@type\":\"ImageObject\",\"inLanguage\":\"en-US\",\"@id\":\"https:\/\/www.prijedordanas.com\/#\/schema\/person\/image\/\",\"url\":\"https:\/\/secure.gravatar.com\/avatar\/1d3fc949d550f0b53a5f0d51e06dfd79?s=96&d=mm&r=g\",\"contentUrl\":\"https:\/\/secure.gravatar.com\/avatar\/1d3fc949d550f0b53a5f0d51e06dfd79?s=96&d=mm&r=g\",\"caption\":\"admin\"},\"url\":\"https:\/\/www.prijedordanas.com\/?author=1\"}]}<\/script>\n<!-- \/ Yoast SEO plugin. -->","yoast_head_json":{"title":"Na volanu i palici nema DNK optu\u017eenog: Odbrana tra\u017ei osloba\u0111aju\u0107u presudu za ubistvo \u0160mita - PrijedorDanas.com - Prijedorski gradski portal","robots":{"index":"index","follow":"follow","max-snippet":"max-snippet:-1","max-image-preview":"max-image-preview:large","max-video-preview":"max-video-preview:-1"},"canonical":"https:\/\/www.prijedordanas.com\/?p=274715","og_locale":"en_US","og_type":"article","og_title":"Na volanu i palici nema DNK optu\u017eenog: Odbrana tra\u017ei osloba\u0111aju\u0107u presudu za ubistvo \u0160mita - PrijedorDanas.com - Prijedorski gradski portal","og_description":"Republi\u010dko javno tu\u017eila\u0161tvo zatra\u017eilo je od Vrhovnog suda Republike Srpske da izrekne stro\u017eiju kaznu Marku Momi\u0107u, koji je nepravosna\u017eno osu\u0111en na 20 godina zatvora za ubistvo Mihajla Stupara \u0160mita u [&hellip;]","og_url":"https:\/\/www.prijedordanas.com\/?p=274715","og_site_name":"PrijedorDanas.com - Prijedorski gradski portal","article_publisher":"https:\/\/www.facebook.com\/PrijedorDanasCom\/","article_published_time":"2026-08-13T19:44:07+00:00","og_image":[{"url":"https:\/\/www.prijedordanas.com\/wp-content\/uploads\/2025\/06\/momic-stupar-300x226.jpg"}],"author":"admin","twitter_card":"summary_large_image","twitter_misc":{"Written by":"admin"},"schema":{"@context":"https:\/\/schema.org","@graph":[{"@type":"Article","@id":"https:\/\/www.prijedordanas.com\/?p=274715#article","isPartOf":{"@id":"https:\/\/www.prijedordanas.com\/?p=274715"},"author":{"name":"admin","@id":"https:\/\/www.prijedordanas.com\/#\/schema\/person\/4e08ccf29b506ca916ff86d46bb700e6"},"headline":"Na volanu i palici nema DNK optu\u017eenog: Odbrana tra\u017ei osloba\u0111aju\u0107u presudu za ubistvo \u0160mita","datePublished":"2026-08-13T19:44:07+00:00","dateModified":"2026-08-13T19:44:07+00:00","mainEntityOfPage":{"@id":"https:\/\/www.prijedordanas.com\/?p=274715"},"wordCount":1094,"publisher":{"@id":"https:\/\/www.prijedordanas.com\/#organization"},"articleSection":["Hronika"],"inLanguage":"en-US"},{"@type":"WebPage","@id":"https:\/\/www.prijedordanas.com\/?p=274715","url":"https:\/\/www.prijedordanas.com\/?p=274715","name":"Na volanu i palici nema DNK optu\u017eenog: Odbrana tra\u017ei osloba\u0111aju\u0107u presudu za ubistvo \u0160mita - PrijedorDanas.com - Prijedorski gradski portal","isPartOf":{"@id":"https:\/\/www.prijedordanas.com\/#website"},"datePublished":"2026-08-13T19:44:07+00:00","dateModified":"2026-08-13T19:44:07+00:00","breadcrumb":{"@id":"https:\/\/www.prijedordanas.com\/?p=274715#breadcrumb"},"inLanguage":"en-US","potentialAction":[{"@type":"ReadAction","target":["https:\/\/www.prijedordanas.com\/?p=274715"]}]},{"@type":"BreadcrumbList","@id":"https:\/\/www.prijedordanas.com\/?p=274715#breadcrumb","itemListElement":[{"@type":"ListItem","position":1,"name":"Home","item":"https:\/\/www.prijedordanas.com\/"},{"@type":"ListItem","position":2,"name":"Na volanu i palici nema DNK optu\u017eenog: Odbrana tra\u017ei osloba\u0111aju\u0107u presudu za ubistvo \u0160mita"}]},{"@type":"WebSite","@id":"https:\/\/www.prijedordanas.com\/#website","url":"https:\/\/www.prijedordanas.com\/","name":"PrijedorDanas.com - Prijedorski gradski portal","description":"Portal o doga\u0111anjima u gradu Prijedoru","publisher":{"@id":"https:\/\/www.prijedordanas.com\/#organization"},"potentialAction":[{"@type":"SearchAction","target":{"@type":"EntryPoint","urlTemplate":"https:\/\/www.prijedordanas.com\/?s={search_term_string}"},"query-input":"required name=search_term_string"}],"inLanguage":"en-US"},{"@type":"Organization","@id":"https:\/\/www.prijedordanas.com\/#organization","name":"PrijedorDanas.com","url":"https:\/\/www.prijedordanas.com\/","logo":{"@type":"ImageObject","inLanguage":"en-US","@id":"https:\/\/www.prijedordanas.com\/#\/schema\/logo\/image\/","url":"http:\/\/www.prijedordanas.com\/wp-content\/uploads\/2021\/12\/logopng.png","contentUrl":"http:\/\/www.prijedordanas.com\/wp-content\/uploads\/2021\/12\/logopng.png","width":1019,"height":776,"caption":"PrijedorDanas.com"},"image":{"@id":"https:\/\/www.prijedordanas.com\/#\/schema\/logo\/image\/"},"sameAs":["https:\/\/www.facebook.com\/PrijedorDanasCom\/"]},{"@type":"Person","@id":"https:\/\/www.prijedordanas.com\/#\/schema\/person\/4e08ccf29b506ca916ff86d46bb700e6","name":"admin","image":{"@type":"ImageObject","inLanguage":"en-US","@id":"https:\/\/www.prijedordanas.com\/#\/schema\/person\/image\/","url":"https:\/\/secure.gravatar.com\/avatar\/1d3fc949d550f0b53a5f0d51e06dfd79?s=96&d=mm&r=g","contentUrl":"https:\/\/secure.gravatar.com\/avatar\/1d3fc949d550f0b53a5f0d51e06dfd79?s=96&d=mm&r=g","caption":"admin"},"url":"https:\/\/www.prijedordanas.com\/?author=1"}]}},"_links":{"self":[{"href":"https:\/\/www.prijedordanas.com\/index.php?rest_route=\/wp\/v2\/posts\/274715"}],"collection":[{"href":"https:\/\/www.prijedordanas.com\/index.php?rest_route=\/wp\/v2\/posts"}],"about":[{"href":"https:\/\/www.prijedordanas.com\/index.php?rest_route=\/wp\/v2\/types\/post"}],"author":[{"embeddable":true,"href":"https:\/\/www.prijedordanas.com\/index.php?rest_route=\/wp\/v2\/users\/1"}],"replies":[{"embeddable":true,"href":"https:\/\/www.prijedordanas.com\/index.php?rest_route=%2Fwp%2Fv2%2Fcomments&post=274715"}],"version-history":[{"count":1,"href":"https:\/\/www.prijedordanas.com\/index.php?rest_route=\/wp\/v2\/posts\/274715\/revisions"}],"predecessor-version":[{"id":274716,"href":"https:\/\/www.prijedordanas.com\/index.php?rest_route=\/wp\/v2\/posts\/274715\/revisions\/274716"}],"wp:attachment":[{"href":"https:\/\/www.prijedordanas.com\/index.php?rest_route=%2Fwp%2Fv2%2Fmedia&parent=274715"}],"wp:term":[{"taxonomy":"category","embeddable":true,"href":"https:\/\/www.prijedordanas.com\/index.php?rest_route=%2Fwp%2Fv2%2Fcategories&post=274715"},{"taxonomy":"post_tag","embeddable":true,"href":"https:\/\/www.prijedordanas.com\/index.php?rest_route=%2Fwp%2Fv2%2Ftags&post=274715"}],"curies":[{"name":"wp","href":"https:\/\/api.w.org\/{rel}","templated":true}]}}