{"id":274700,"date":"2026-08-13T15:57:25","date_gmt":"2026-08-13T13:57:25","guid":{"rendered":"https:\/\/www.prijedordanas.com\/?p=274700"},"modified":"2026-08-13T15:57:25","modified_gmt":"2026-08-13T13:57:25","slug":"prijedorcanin-optuzen-da-je-uperio-pistolj-u-partnerku-ne-mozes-biti-nicija-ubicu-te","status":"publish","type":"post","link":"https:\/\/www.prijedordanas.com\/?p=274700","title":{"rendered":"Prijedor\u010danin optu\u017een da je uperio pi\u0161tolj u partnerku: &#8220;Ne mo\u017ee\u0161 biti ni\u010dija, ubi\u0107u te&#8221;"},"content":{"rendered":"<p><a href=\"https:\/\/www.prijedordanas.com\/wp-content\/uploads\/2016\/12\/ilustracija-pistolj-prijetnja.jpg\"><img loading=\"lazy\" decoding=\"async\" src=\"https:\/\/www.prijedordanas.com\/wp-content\/uploads\/2016\/12\/ilustracija-pistolj-prijetnja-300x231.jpg\" alt=\"\" width=\"300\" height=\"231\" class=\"alignleft size-medium wp-image-69633\" srcset=\"https:\/\/www.prijedordanas.com\/wp-content\/uploads\/2016\/12\/ilustracija-pistolj-prijetnja-300x231.jpg 300w, https:\/\/www.prijedordanas.com\/wp-content\/uploads\/2016\/12\/ilustracija-pistolj-prijetnja-100x77.jpg 100w, https:\/\/www.prijedordanas.com\/wp-content\/uploads\/2016\/12\/ilustracija-pistolj-prijetnja.jpg 650w\" sizes=\"(max-width: 300px) 100vw, 300px\" \/><\/a>Osnovni sud u Prijedoru potvrdio je optu\u017enicu protiv A.T. iz Prijedora koja ga tereti da je u vi\u0161e navrata prijetio smr\u0107u biv\u0161oj emotivnoj partnerki u koju je bio uperio pi\u0161tolj, kao i da je prekr\u0161io hitnu mjeru za\u0161tite kojom mu je bilo zabranjeno da joj prilazi i kontaktira je.<\/p>\n<p>Prema navodima optu\u017enice Okru\u017enog javnog tu\u017eila\u0161tva Prijedor, prvi incident dogodio se krajem decembra pro\u0161le godine, kada su se A.T. i S.M. nalazili u njegovom automobilu.<\/p>\n<p>Izvadio pi\u0161tolj ispod sjedi\u0161ta i usmjerio ga prema \u017eeni<br \/>\nTokom verbalne rasprave, kako se navodi, A.T. je izvadio pi\u0161tolj crne boje ispod sjedi\u0161ta i usmjerio ga prema biv\u0161oj partnerki, rekav\u0161i joj da &#8220;treba da ga se boji&#8221;.<\/p>\n<p>U optu\u017enici se navodi da je takvo pona\u0161anje kod S.M. izazvalo strah i osje\u0107aj ugro\u017eenosti za \u017eivot.<\/p>\n<p>Druga ta\u010dka optu\u017enice odnosi se na komunikaciju putem aplikacije Viber tokom marta i aprila ove godine. U optu\u017enici se navodi da je A.T. biv\u0161oj partnerki slao niz poruka prijete\u0107eg sadr\u017eaja, me\u0111u kojima su bile i direktne prijetnje da \u0107e je ubiti.<\/p>\n<p>&#8220;Nikad te ne\u0107u ostaviti na miru&#8221;<br \/>\nPrema navodima optu\u017enice, komunikacija je nastavljena i nakon \u0161to je S.M. poku\u0161ala da prekine kontakt. U jednoj od poruka ona ga je upitala da li \u0107e je ostaviti na miru, a kako se navodi, A.T. joj je odgovorio: &#8220;Nikad&#8221;.<\/p>\n<p>Isti\u010de se da joj je poslao vi\u0161e poruka prijete\u0107eg sadr\u017eaja, a izme\u0111u ostalog i: &#8220;Ubi\u0107u tebe ili nekog&#8221;, te &#8220;Tek \u0107e svi vidjeti ko sam ja, a i ti i tvoji&#8221;.<\/p>\n<p>Na odgovor o\u0161te\u0107ene da ona to shvata kao prijetnju, osumnji\u010deni joj pi\u0161e: &#8220;Svataj&#8221;.<\/p>\n<p>Prijetio da \u0107e ubiti nju i sebe<br \/>\nKako se navodi, osumnji\u010deni joj je slao poruke: &#8220;Mozes biti skim oces al moja si i bozija, ne mozes biti nicija ubicu te pa onda sebe&#8221;.<\/p>\n<p>Pisao joj je: &#8220;Kad ti budem prijetijo tad cu te zadaviti&#8221;, pa na pitanje o\u0161te\u0107ene &#8220;Ubices me?&#8221;, osumnji\u010deni odgovara: &#8220;Ako sve saznam o tebi&#8221;.<\/p>\n<p>Crna mamba i tamni sumrak<br \/>\nTako\u0111e joj je pisao: &#8220;Ja sam pred crnom mambom\/tamni sumrak i cekacu te&#8221;, kao i poruku: &#8220;Dodji te zajedno da vas podavim&#8221;.<\/p>\n<p>Prijetio joj je da \u0107e on &#8220;oti\u0107i na robiju&#8221;, a prije robije &#8220;sva\u0161ta se mo\u017ee desiti&#8221; da se &#8220;boji jedino boga&#8221;.<\/p>\n<p>Sve ovo je kod o\u0161te\u0107ene izazvalo osje\u0107aj ugro\u017eenosti i straha za \u017eivot, pa ga terete za ugro\u017eavanje sigurnosti iz \u010dlana 150 stav 1 Krivi\u010dnog zakonika Republike Srpske.<\/p>\n<p>Prekr\u0161io mjeru zabrane<br \/>\nTre\u0107a ta\u010dka optu\u017enice tereti ga da je 26. marta ove godine u Prijedoru, znaju\u0107i da mu je pravosna\u017enim rje\u0161enjem Osnovnog suda u Prijedoru izre\u010dena hitna mjera za\u0161tite zabrane pribli\u017eavanja i kontaktiranja sa o\u0161te\u0107enom S.M. na svakoj lokaciji na kojoj se nalazi o\u0161te\u0107ena, na udaljenosti najmanje 200 metara, prekr\u0161io izre\u010denu mjeru.<\/p>\n<p>Navodi se da je prvo stupio u kontakt sa biv\u0161om partnerkom putem dru\u0161tvene mre\u017ee Messenger, gdje joj je poslao poruku: &#8220;Ju\u010de si imala 209 prijatelja, a danas 211, bitno da si mene blokirala&#8221;, kao i poruku: &#8220;Ju\u010de sam te vidio i svaki dan \u0107u te gledati&#8221;.<\/p>\n<p>Nakon toga je o\u0161te\u0107enoj putem aplikacije Viber poslao poruku sadr\u017eaja: &#8220;Ne smijem ti pisati, ali moram ti re\u0107i da te volim puno i da ti je sve opro\u0161teno&#8221;.<\/p>\n<p>Zatim joj je u aprilu ponovo pisao da ga je brzo zaboravila i da je \u010duo da ima momka.<\/p>\n<p>Uprkos zabrani, dolazio joj pod balkon i izjavljivao ljubav<br \/>\nTako\u0111e se navodi da je potom 15. aprila ove godine opet prekr\u0161io izre\u010denu hitnu mjeru za\u0161tite.<\/p>\n<p>&#8220;Dok se o\u0161te\u0107ena nalazila u stanu, do\u0161ao je neposredno ispod balkona tog stana, \u0161to je udaljenost od najvi\u0161e 50 metara, gdje je vi\u0161e puta vikao i urlao: &#8220;S.!&#8221; i &#8220;S. moja, volim te!&#8221;, pi\u0161e u optu\u017enici.<\/p>\n<p><a href=\"https:\/\/www.nezavisne.com\/novosti\/hronika\/Prijedorcanin-optuzen-da-je-uperio-pistolj-u-partnerku-Ne-mozes-biti-nicija-ubicu-te\/977739\" rel=\"noopener\" target=\"_blank\">nezavisne.com<\/a><\/p>\n","protected":false},"excerpt":{"rendered":"<p>Osnovni sud u Prijedoru potvrdio je optu\u017enicu protiv A.T. iz Prijedora koja ga tereti da je u vi\u0161e navrata prijetio smr\u0107u biv\u0161oj emotivnoj partnerki u koju je bio uperio pi\u0161tolj, [&hellip;]<\/p>\n","protected":false},"author":1,"featured_media":0,"comment_status":"closed","ping_status":"open","sticky":false,"template":"","format":"standard","meta":{"_monsterinsights_skip_tracking":false,"_monsterinsights_sitenote_active":false,"_monsterinsights_sitenote_note":"","_monsterinsights_sitenote_category":0,"footnotes":""},"categories":[5],"tags":[],"yoast_head":"<!-- This site is optimized with the Yoast SEO plugin v21.6 - https:\/\/yoast.com\/wordpress\/plugins\/seo\/ -->\n<title>Prijedor\u010danin optu\u017een da je uperio pi\u0161tolj u partnerku: &quot;Ne mo\u017ee\u0161 biti ni\u010dija, ubi\u0107u te&quot; - PrijedorDanas.com - Prijedorski gradski portal<\/title>\n<meta name=\"robots\" content=\"index, follow, max-snippet:-1, max-image-preview:large, max-video-preview:-1\" \/>\n<link rel=\"canonical\" href=\"https:\/\/www.prijedordanas.com\/?p=274700\" \/>\n<meta property=\"og:locale\" content=\"en_US\" \/>\n<meta property=\"og:type\" content=\"article\" \/>\n<meta property=\"og:title\" content=\"Prijedor\u010danin optu\u017een da je uperio pi\u0161tolj u partnerku: &quot;Ne mo\u017ee\u0161 biti ni\u010dija, ubi\u0107u te&quot; - PrijedorDanas.com - Prijedorski gradski portal\" \/>\n<meta property=\"og:description\" content=\"Osnovni sud u Prijedoru potvrdio je optu\u017enicu protiv A.T. iz Prijedora koja ga tereti da je u vi\u0161e navrata prijetio smr\u0107u biv\u0161oj emotivnoj partnerki u koju je bio uperio pi\u0161tolj, [&hellip;]\" \/>\n<meta property=\"og:url\" content=\"https:\/\/www.prijedordanas.com\/?p=274700\" \/>\n<meta property=\"og:site_name\" content=\"PrijedorDanas.com - Prijedorski gradski portal\" \/>\n<meta property=\"article:publisher\" content=\"https:\/\/www.facebook.com\/PrijedorDanasCom\/\" \/>\n<meta property=\"article:published_time\" content=\"2026-08-13T13:57:25+00:00\" \/>\n<meta property=\"og:image\" content=\"https:\/\/www.prijedordanas.com\/wp-content\/uploads\/2016\/12\/ilustracija-pistolj-prijetnja-300x231.jpg\" \/>\n<meta name=\"author\" content=\"admin\" \/>\n<meta name=\"twitter:card\" content=\"summary_large_image\" \/>\n<meta name=\"twitter:label1\" content=\"Written by\" \/>\n\t<meta name=\"twitter:data1\" content=\"admin\" \/>\n<script type=\"application\/ld+json\" class=\"yoast-schema-graph\">{\"@context\":\"https:\/\/schema.org\",\"@graph\":[{\"@type\":\"Article\",\"@id\":\"https:\/\/www.prijedordanas.com\/?p=274700#article\",\"isPartOf\":{\"@id\":\"https:\/\/www.prijedordanas.com\/?p=274700\"},\"author\":{\"name\":\"admin\",\"@id\":\"https:\/\/www.prijedordanas.com\/#\/schema\/person\/4e08ccf29b506ca916ff86d46bb700e6\"},\"headline\":\"Prijedor\u010danin optu\u017een da je uperio pi\u0161tolj u partnerku: &#8220;Ne mo\u017ee\u0161 biti ni\u010dija, ubi\u0107u te&#8221;\",\"datePublished\":\"2026-08-13T13:57:25+00:00\",\"dateModified\":\"2026-08-13T13:57:25+00:00\",\"mainEntityOfPage\":{\"@id\":\"https:\/\/www.prijedordanas.com\/?p=274700\"},\"wordCount\":714,\"publisher\":{\"@id\":\"https:\/\/www.prijedordanas.com\/#organization\"},\"articleSection\":[\"Hronika\"],\"inLanguage\":\"en-US\"},{\"@type\":\"WebPage\",\"@id\":\"https:\/\/www.prijedordanas.com\/?p=274700\",\"url\":\"https:\/\/www.prijedordanas.com\/?p=274700\",\"name\":\"Prijedor\u010danin optu\u017een da je uperio pi\u0161tolj u partnerku: \\\"Ne mo\u017ee\u0161 biti ni\u010dija, ubi\u0107u te\\\" - PrijedorDanas.com - Prijedorski gradski portal\",\"isPartOf\":{\"@id\":\"https:\/\/www.prijedordanas.com\/#website\"},\"datePublished\":\"2026-08-13T13:57:25+00:00\",\"dateModified\":\"2026-08-13T13:57:25+00:00\",\"breadcrumb\":{\"@id\":\"https:\/\/www.prijedordanas.com\/?p=274700#breadcrumb\"},\"inLanguage\":\"en-US\",\"potentialAction\":[{\"@type\":\"ReadAction\",\"target\":[\"https:\/\/www.prijedordanas.com\/?p=274700\"]}]},{\"@type\":\"BreadcrumbList\",\"@id\":\"https:\/\/www.prijedordanas.com\/?p=274700#breadcrumb\",\"itemListElement\":[{\"@type\":\"ListItem\",\"position\":1,\"name\":\"Home\",\"item\":\"https:\/\/www.prijedordanas.com\/\"},{\"@type\":\"ListItem\",\"position\":2,\"name\":\"Prijedor\u010danin optu\u017een da je uperio pi\u0161tolj u partnerku: &#8220;Ne mo\u017ee\u0161 biti ni\u010dija, ubi\u0107u te&#8221;\"}]},{\"@type\":\"WebSite\",\"@id\":\"https:\/\/www.prijedordanas.com\/#website\",\"url\":\"https:\/\/www.prijedordanas.com\/\",\"name\":\"PrijedorDanas.com - Prijedorski gradski portal\",\"description\":\"Portal o doga\u0111anjima u gradu Prijedoru\",\"publisher\":{\"@id\":\"https:\/\/www.prijedordanas.com\/#organization\"},\"potentialAction\":[{\"@type\":\"SearchAction\",\"target\":{\"@type\":\"EntryPoint\",\"urlTemplate\":\"https:\/\/www.prijedordanas.com\/?s={search_term_string}\"},\"query-input\":\"required name=search_term_string\"}],\"inLanguage\":\"en-US\"},{\"@type\":\"Organization\",\"@id\":\"https:\/\/www.prijedordanas.com\/#organization\",\"name\":\"PrijedorDanas.com\",\"url\":\"https:\/\/www.prijedordanas.com\/\",\"logo\":{\"@type\":\"ImageObject\",\"inLanguage\":\"en-US\",\"@id\":\"https:\/\/www.prijedordanas.com\/#\/schema\/logo\/image\/\",\"url\":\"http:\/\/www.prijedordanas.com\/wp-content\/uploads\/2021\/12\/logopng.png\",\"contentUrl\":\"http:\/\/www.prijedordanas.com\/wp-content\/uploads\/2021\/12\/logopng.png\",\"width\":1019,\"height\":776,\"caption\":\"PrijedorDanas.com\"},\"image\":{\"@id\":\"https:\/\/www.prijedordanas.com\/#\/schema\/logo\/image\/\"},\"sameAs\":[\"https:\/\/www.facebook.com\/PrijedorDanasCom\/\"]},{\"@type\":\"Person\",\"@id\":\"https:\/\/www.prijedordanas.com\/#\/schema\/person\/4e08ccf29b506ca916ff86d46bb700e6\",\"name\":\"admin\",\"image\":{\"@type\":\"ImageObject\",\"inLanguage\":\"en-US\",\"@id\":\"https:\/\/www.prijedordanas.com\/#\/schema\/person\/image\/\",\"url\":\"https:\/\/secure.gravatar.com\/avatar\/1d3fc949d550f0b53a5f0d51e06dfd79?s=96&d=mm&r=g\",\"contentUrl\":\"https:\/\/secure.gravatar.com\/avatar\/1d3fc949d550f0b53a5f0d51e06dfd79?s=96&d=mm&r=g\",\"caption\":\"admin\"},\"url\":\"https:\/\/www.prijedordanas.com\/?author=1\"}]}<\/script>\n<!-- \/ Yoast SEO plugin. -->","yoast_head_json":{"title":"Prijedor\u010danin optu\u017een da je uperio pi\u0161tolj u partnerku: \"Ne mo\u017ee\u0161 biti ni\u010dija, ubi\u0107u te\" - PrijedorDanas.com - Prijedorski gradski portal","robots":{"index":"index","follow":"follow","max-snippet":"max-snippet:-1","max-image-preview":"max-image-preview:large","max-video-preview":"max-video-preview:-1"},"canonical":"https:\/\/www.prijedordanas.com\/?p=274700","og_locale":"en_US","og_type":"article","og_title":"Prijedor\u010danin optu\u017een da je uperio pi\u0161tolj u partnerku: \"Ne mo\u017ee\u0161 biti ni\u010dija, ubi\u0107u te\" - PrijedorDanas.com - Prijedorski gradski portal","og_description":"Osnovni sud u Prijedoru potvrdio je optu\u017enicu protiv A.T. iz Prijedora koja ga tereti da je u vi\u0161e navrata prijetio smr\u0107u biv\u0161oj emotivnoj partnerki u koju je bio uperio pi\u0161tolj, [&hellip;]","og_url":"https:\/\/www.prijedordanas.com\/?p=274700","og_site_name":"PrijedorDanas.com - Prijedorski gradski portal","article_publisher":"https:\/\/www.facebook.com\/PrijedorDanasCom\/","article_published_time":"2026-08-13T13:57:25+00:00","og_image":[{"url":"https:\/\/www.prijedordanas.com\/wp-content\/uploads\/2016\/12\/ilustracija-pistolj-prijetnja-300x231.jpg"}],"author":"admin","twitter_card":"summary_large_image","twitter_misc":{"Written by":"admin"},"schema":{"@context":"https:\/\/schema.org","@graph":[{"@type":"Article","@id":"https:\/\/www.prijedordanas.com\/?p=274700#article","isPartOf":{"@id":"https:\/\/www.prijedordanas.com\/?p=274700"},"author":{"name":"admin","@id":"https:\/\/www.prijedordanas.com\/#\/schema\/person\/4e08ccf29b506ca916ff86d46bb700e6"},"headline":"Prijedor\u010danin optu\u017een da je uperio pi\u0161tolj u partnerku: &#8220;Ne mo\u017ee\u0161 biti ni\u010dija, ubi\u0107u te&#8221;","datePublished":"2026-08-13T13:57:25+00:00","dateModified":"2026-08-13T13:57:25+00:00","mainEntityOfPage":{"@id":"https:\/\/www.prijedordanas.com\/?p=274700"},"wordCount":714,"publisher":{"@id":"https:\/\/www.prijedordanas.com\/#organization"},"articleSection":["Hronika"],"inLanguage":"en-US"},{"@type":"WebPage","@id":"https:\/\/www.prijedordanas.com\/?p=274700","url":"https:\/\/www.prijedordanas.com\/?p=274700","name":"Prijedor\u010danin optu\u017een da je uperio pi\u0161tolj u partnerku: \"Ne mo\u017ee\u0161 biti ni\u010dija, ubi\u0107u te\" - PrijedorDanas.com - Prijedorski gradski portal","isPartOf":{"@id":"https:\/\/www.prijedordanas.com\/#website"},"datePublished":"2026-08-13T13:57:25+00:00","dateModified":"2026-08-13T13:57:25+00:00","breadcrumb":{"@id":"https:\/\/www.prijedordanas.com\/?p=274700#breadcrumb"},"inLanguage":"en-US","potentialAction":[{"@type":"ReadAction","target":["https:\/\/www.prijedordanas.com\/?p=274700"]}]},{"@type":"BreadcrumbList","@id":"https:\/\/www.prijedordanas.com\/?p=274700#breadcrumb","itemListElement":[{"@type":"ListItem","position":1,"name":"Home","item":"https:\/\/www.prijedordanas.com\/"},{"@type":"ListItem","position":2,"name":"Prijedor\u010danin optu\u017een da je uperio pi\u0161tolj u partnerku: &#8220;Ne mo\u017ee\u0161 biti ni\u010dija, ubi\u0107u te&#8221;"}]},{"@type":"WebSite","@id":"https:\/\/www.prijedordanas.com\/#website","url":"https:\/\/www.prijedordanas.com\/","name":"PrijedorDanas.com - Prijedorski gradski portal","description":"Portal o doga\u0111anjima u gradu Prijedoru","publisher":{"@id":"https:\/\/www.prijedordanas.com\/#organization"},"potentialAction":[{"@type":"SearchAction","target":{"@type":"EntryPoint","urlTemplate":"https:\/\/www.prijedordanas.com\/?s={search_term_string}"},"query-input":"required name=search_term_string"}],"inLanguage":"en-US"},{"@type":"Organization","@id":"https:\/\/www.prijedordanas.com\/#organization","name":"PrijedorDanas.com","url":"https:\/\/www.prijedordanas.com\/","logo":{"@type":"ImageObject","inLanguage":"en-US","@id":"https:\/\/www.prijedordanas.com\/#\/schema\/logo\/image\/","url":"http:\/\/www.prijedordanas.com\/wp-content\/uploads\/2021\/12\/logopng.png","contentUrl":"http:\/\/www.prijedordanas.com\/wp-content\/uploads\/2021\/12\/logopng.png","width":1019,"height":776,"caption":"PrijedorDanas.com"},"image":{"@id":"https:\/\/www.prijedordanas.com\/#\/schema\/logo\/image\/"},"sameAs":["https:\/\/www.facebook.com\/PrijedorDanasCom\/"]},{"@type":"Person","@id":"https:\/\/www.prijedordanas.com\/#\/schema\/person\/4e08ccf29b506ca916ff86d46bb700e6","name":"admin","image":{"@type":"ImageObject","inLanguage":"en-US","@id":"https:\/\/www.prijedordanas.com\/#\/schema\/person\/image\/","url":"https:\/\/secure.gravatar.com\/avatar\/1d3fc949d550f0b53a5f0d51e06dfd79?s=96&d=mm&r=g","contentUrl":"https:\/\/secure.gravatar.com\/avatar\/1d3fc949d550f0b53a5f0d51e06dfd79?s=96&d=mm&r=g","caption":"admin"},"url":"https:\/\/www.prijedordanas.com\/?author=1"}]}},"_links":{"self":[{"href":"https:\/\/www.prijedordanas.com\/index.php?rest_route=\/wp\/v2\/posts\/274700"}],"collection":[{"href":"https:\/\/www.prijedordanas.com\/index.php?rest_route=\/wp\/v2\/posts"}],"about":[{"href":"https:\/\/www.prijedordanas.com\/index.php?rest_route=\/wp\/v2\/types\/post"}],"author":[{"embeddable":true,"href":"https:\/\/www.prijedordanas.com\/index.php?rest_route=\/wp\/v2\/users\/1"}],"replies":[{"embeddable":true,"href":"https:\/\/www.prijedordanas.com\/index.php?rest_route=%2Fwp%2Fv2%2Fcomments&post=274700"}],"version-history":[{"count":1,"href":"https:\/\/www.prijedordanas.com\/index.php?rest_route=\/wp\/v2\/posts\/274700\/revisions"}],"predecessor-version":[{"id":274701,"href":"https:\/\/www.prijedordanas.com\/index.php?rest_route=\/wp\/v2\/posts\/274700\/revisions\/274701"}],"wp:attachment":[{"href":"https:\/\/www.prijedordanas.com\/index.php?rest_route=%2Fwp%2Fv2%2Fmedia&parent=274700"}],"wp:term":[{"taxonomy":"category","embeddable":true,"href":"https:\/\/www.prijedordanas.com\/index.php?rest_route=%2Fwp%2Fv2%2Fcategories&post=274700"},{"taxonomy":"post_tag","embeddable":true,"href":"https:\/\/www.prijedordanas.com\/index.php?rest_route=%2Fwp%2Fv2%2Ftags&post=274700"}],"curies":[{"name":"wp","href":"https:\/\/api.w.org\/{rel}","templated":true}]}}