{"id":274528,"date":"2026-08-09T16:40:17","date_gmt":"2026-08-09T14:40:17","guid":{"rendered":"https:\/\/www.prijedordanas.com\/?p=274528"},"modified":"2026-08-09T16:40:17","modified_gmt":"2026-08-09T14:40:17","slug":"lignit-na-stratistu-kod-prijedora","status":"publish","type":"post","link":"https:\/\/www.prijedordanas.com\/?p=274528","title":{"rendered":"Lignit na strati\u0161tu kod Prijedora"},"content":{"rendered":"<p><a href=\"https:\/\/www.prijedordanas.com\/wp-content\/uploads\/2026\/08\/bukova-kosa-foto-miroslav-stakic.jpg\"><img loading=\"lazy\" decoding=\"async\" src=\"https:\/\/www.prijedordanas.com\/wp-content\/uploads\/2026\/08\/bukova-kosa-foto-miroslav-stakic-300x225.jpg\" alt=\"\" width=\"300\" height=\"225\" class=\"alignleft size-medium wp-image-274529\" srcset=\"https:\/\/www.prijedordanas.com\/wp-content\/uploads\/2026\/08\/bukova-kosa-foto-miroslav-stakic-300x225.jpg 300w, https:\/\/www.prijedordanas.com\/wp-content\/uploads\/2026\/08\/bukova-kosa-foto-miroslav-stakic-640x480.jpg 640w, https:\/\/www.prijedordanas.com\/wp-content\/uploads\/2026\/08\/bukova-kosa-foto-miroslav-stakic.jpg 667w\" sizes=\"(max-width: 300px) 100vw, 300px\" \/><\/a>Firma Drvo-Export iz Tesli\u0107a, bliska hibridnom re\u017eimu Milorada Dodika, poslije odobrenih geolo\u0161kih istra\u017eivanja pokrenula je iskopavanje lignita 2023. godine. Koncesiju i dozvolu dobila je tek godinu dana kasnije. Mje\u0161tani su u me\u0111uvremenu u\u0161li u pravnu borbu, potom organizovali proteste, udru\u017eili se u inicijativu \u201ePrijedor se budi\u201c, ali ugalj se iskopava i dalje.<\/p>\n<p>Tokom 22. i 23. oktobra 1942. godine usta\u0161e su umorile vi\u0161e stotina \u017eena i djece u Palan\u010di\u0161tvu pored Prijedora. Uz Jezerine, jednoj od masovnih grobnica tog pokolja, danas se nalazi drveni krst koji su postavili stanovnici Palan\u010di\u0161ta. Na samim Jezerinama, pri\u010da mje\u0161tanin Miroslav Staki\u0107, stradalno mjesto zatrpano je odlagali\u0161tem jalovine nelegalnog iskopa lignita.<\/p>\n<p>\u2013 Kada sam u januaru 2023. godine upozoravao na to, svi su mi govorili da je to nemogu\u0107e i da sam obi\u010dni diletant. Govorili su da ne postoji nikakav rudarski projekat, uprkos tome \u0161to je tada pokrenuta inicijativa za otvaranje rudnika na Bukovoj kosi \u2013 pri\u010da Staki\u0107.<\/p>\n<p>Prije tri godine, pisali su Miloradu Dodiku, tada predsjedniku RS, Aleksandru Vu\u010di\u0107u, predsjedniku Srbije, Porfiriju, patrijarhu SPC, ali odgovora nije bilo \u2013 ni putem medija, ni na adresu po\u0161iljaoca.<\/p>\n<p>Firma Drvo-Export iz Tesli\u0107a, bliska hibridnom re\u017eimu Milorada Dodika, poslije odobrenih geolo\u0161kih istra\u017eivanja pokrenula je iskopavanje lignita 2023. godine. Koncesiju i dozvolu dobila je tek godinu dana kasnije. Mje\u0161tani su u me\u0111uvremenu u\u0161li u pravnu borbu, potom organizovali proteste, udru\u017eili se u inicijativu \u201ePrijedor se budi\u201c. Podnesena je tu\u017eba protiv Vlade Republike Srpske koja \u2013 prema ocjeni mje\u0161tana i aktivista \u2013 nije imala adekvatno pravno upori\u0161te za dodjelu koncesije, niti je javnosti omogu\u0107ila u\u010de\u0161\u0107e u odlu\u010divanju. Od tada do danas, ekolo\u0161ka dozvola za rudnik na Bukovoj kosi poni\u0161tena je tri puta odlukom suda. U junu 2026. godine Vrhovni sud RS donio je presudu kojom se osporava koncesija za geolo\u0161ka istra\u017eivanja. No, bageri se ne zaustavljaju.<\/p>\n<p>\u2013 Na terenu je, u su\u0161tini, haos. Intenzitet radova smanjen je zbog ki\u0161nih dana ali nije zaustavljen. Rade \u010dak i vikendom, oko depoa i skladi\u0161tenja. Oni imaju transportne dampere, imaju hidrauli\u010dne bagere, imaju buldo\u017eere, drobilice, svu osnovnu mehanizaciju povr\u0161inskog kopa. Radovi se ne zaustavljaju ni nakon presude Vrhovnog suda RS o osporavanju koncesije za geolo\u0161ka istra\u017eivanja. Brane se nalazom inspektora da osporavanje koncesija za geolo\u0161ka istra\u017eivanja ne zna\u010di osporavanje koncesije za eksploataciju \u2013 pri\u010da Staki\u0107.<\/p>\n<p>Osim klizi\u0161ta koja su se pojavljivala i bez iskopavanja, najve\u0107i problem mje\u0161tana je nesta\u0161ica pitke vode. Staki\u0107 ima svoje izvori\u0161te s koga vodu nosi ve\u0107ina mje\u0161tana Bukove kose koji nisu prodali zemlji\u0161te za iskopavanje rudnika. Me\u0111u njima ima i roditelja male djece koja se, isto kao i odrasli, suo\u010davaju i sa ozbiljnim zaga\u0111enjem vazduha, zbog \u010destih po\u017eara na lagerovanju i zaga\u0111enja sumpornim isparenjima. U me\u0111uvremenu, na Bukovoj kosi ro\u0111eno je i nekoliko beba.<\/p>\n<p>Osim toga, ljudi se suo\u010davaju sa oduzimanjem zemlji\u0161ta, potkopavanjem ili zakipavanjem sa jalovinskom masom, pri\u010da Staki\u0107. Njemu je jedanaest dunuma polja potpuno uni\u0161teno, a uz to i oko dva dunuma dvori\u0161ta.<\/p>\n<p>\u2013 Mi jasno vidimo da je to njihova metodologija operisanja, na\u010din prisile na terenu. Ve\u0107 godinu i po dana kako je nastala \u0161teta, niko od vlasnika ili iz vrha firme nije do\u0161ao. \u0160alju glasnike s kojima se igramo gluvih telefona. Po\u0161alju geometra ili tre\u0107erazrednog poslovo\u0111u s kojim ni\u0161ta ne mo\u017ee\u0161 dogovoriti, jer to ne pije vode. Bio mi je odsje\u010den pristupni put, pa su i to sanirali po svojoj volji, mimo dogovora. S njima dogovora nema \u2013 pri\u010da Staki\u0107.<\/p>\n<p>Vlasnici se ne javljaju, ka\u017ee na\u0161 sagovornik. Kada su mu kroz dvori\u0161te provla\u010dili te\u0161ku mehanizaciju, poslovo\u0111a mu je na poziv odgovorio kratko i jasno: nemoj me vi\u0161e zvati.<\/p>\n<p>\u2013 U nekoliko navrata sam prijavljivao \u0161tetu policiji koja, u dogovoru s tu\u017eila\u0161tvom, ka\u017ee da tu nema elemenata krivi\u010dnog djela. Ispada da je odlaganje neke materije na tu\u0111e parcele, uni\u0161tavanje zasada, infrastrukture samo za parni\u010dni postupak, i da nema elemenata krivi\u010dnog djela. Podnio sam prijavu u pisanoj formi i sada se, navodno, provodi istraga. Ne mislim da \u0107e od toga biti i\u0161ta jer su njihovi mehanizmi dr\u017eanja u ladicama i nepreduzimanja zaista tromi \u2013 ka\u017ee Staki\u0107.<\/p>\n<p>Napominje da od dodjele koncesije za geolo\u0161ka istra\u017eivanja do danas mje\u0161tani nisu bili uklju\u010deni niti u jednom trenutku. Niti se njihov glas \u010duo u procesu dono\u0161enja odluke, niti je za to bilo prilike, budu\u0107i da javnih rasprava nije bilo.<\/p>\n<p>Dragana Stankovi\u0107, pravna zastupnica mje\u0161tana, smatra da je osporavanje koncesije za geolo\u0161ka istra\u017eivanja u vezi sa mogu\u0107nosti osporavanja iskopavanja. Vlada Republike Srpske i pravnici u ministarstvima treba da znaju \u0161ta treba da urade kako bi uspostavili zakonito stanje, a ako to sami ne urade bi\u0107e pokrenuti sljede\u0107i postupci, ka\u017ee Stankovi\u0107.<\/p>\n<p>\u2013 Da su svi akteri, uklju\u010duju\u0107i izvr\u0161nu vlasti, imali volje da sa\u010dekaju okon\u010danje postupaka, imali bismo potpuno druga\u010dije stanje na terenu \u2013 ka\u017ee Stankovi\u0107.<\/p>\n<p>Ona napominje da se u pravnom lijeku pozivala na diskriminaciju mje\u0161tana kao fizi\u010dkih lica i na samu mogu\u0107nost u\u010de\u0161\u0107a mje\u0161tana kao fizi\u010dkih lica u samom postupku dodjele koncesije. U ovom slu\u010daju, za razliku od nekih drugih, mje\u0161tanima nije osporavano pravo u\u010de\u0161\u0107a kao stranaka u postupku, niti osporavanje akata u upravnom sporu.<\/p>\n<p>\u2013 Ovo nije jedan od primjera da je pravda nedosti\u017ena, niti su ovo postupci koji iziskuju napor da se pokrenu. Postoje razni na\u010dini na koje se mo\u017ee ishodovati pravna pomo\u0107 i podr\u0161ka, a pogotovo ako imate volje da osporavate ono \u0161to smatrate nezakonitim. Mi imamo razra\u0111enu pravnu strategiju i mnoge postupke na raspolaganju. Sve to dalje zavisi od mje\u0161tana. Pitanje je koliko \u0107e oni biti voljni da se zauzmu za svoja prava \u2013 zaklju\u010duje Stankovi\u0107.<\/p>\n<p>Nelegalno iskopavanje lignita na Bukovoj kosi predmet je izvje\u0161taja Mary Lawlor, specijalne izvjestiteljke Ujedinjenih nacija za stanje branitelja ljudskih prava. Nakon posjete Bosni i Hercegovini 2025. godine, Lawlor je u februaru ove godine pred Savjetom za ljudska prava Ujedinjenih nacija eksplicitno preporu\u010dila institucijama RS da revidiraju dozvole i da sara\u0111uju sa pogo\u0111enom zajednicom.<\/p>\n<p>Nelegalni rudnik na Bukovoj kosi je predmet i Izvje\u0161taja za BiH Mary Lawlor. U izvje\u0161taju koji je u februaru 2026. godine prezentovan u \u017denevi pred Vije\u0107em UN-a za ljudska prava, specijalna izvjestiteljica je eksplicitno preporu\u010dila institucijama Republike Srpske da revidiraju dozvole za ovaj rudnik, i da sara\u0111uju sa pogo\u0111enom zajednicom. U izvje\u0161taju Specijalne izvjestiteljke navodi se da je jedan od branitelja ljudskih prava podnio dvije krivi\u010dne prijave zbog prijetnji, ali mu je iz tu\u017eila\u0161tva re\u010deno da nema dovoljno dokaza za pokretanje istraga.<\/p>\n<p>\u201cRepresiju usmjerenu protiv ekolo\u0161kog aktivizma, posebno u kontekstu razvojnih projekata i ekstraktivnih industrija, treba posmatrati u kontekstu \u0161iroko rasprostranjene korupcije u zemlji, za koju izvje\u0161taji sugeri\u0161u da je u porastu. Nekoliko sagovornika poteglo je pitanje zarobljavanja dr\u017eave od strane korporacija, posebno na lokalnom nivou, pri \u010demu branitelji ukazuju na uticaj velikih multinacionalnih kompanija na vlasti\u201d, navodi se u izvje\u0161taju.<\/p>\n<p>Tri mjeseca ranije, Centar za \u017eivotnu sredinu o problemu koncesione politike izvijestio je Komitet za uskla\u0111enost s Aarhuskom konvencijom Ujedinjenih nacija. \u017dalba je prihva\u0107ena, a postupak preispitivanja je u toku.<\/p>\n<p>Uprkos presudama i poni\u0161tavanju dozvola, povr\u0161ina eksploatacionog polja prelazi dozvoljene granice, napominju mje\u0161tani i aktivisti. Projekat pro\u0161irenja \u2013 ako uop\u0161te i postoji \u2013 nije bio predmet prethodne procjene uticaja na \u017eivotnu sredinu. Sr\u0111an Klje\u010danin Rufi, vlasnik firme koncesionara, ina\u010de odbornik Saveza nezavisnih socijaldemokrata Milorada Dodika u Skup\u0161tini op\u0161tine Tesli\u0107, za bosanskohercegova\u010dke medije izjavio je da rudnik radi punim kapacitetom i da \u0107e eksploatacija biti nastavljena u narednom periodu. Sve zavisi, ka\u017ee on, od potreba kompanije i potreba kupaca iz Srbije. Ipak, mje\u0161tani i aktivisti upozoravaju da su borbu spremni voditi do kraja.<\/p>\n<p><a href=\"https:\/\/www.portalnovosti.com\/lignit-na-stratistu\/\" rel=\"noopener\" target=\"_blank\">portalnovosti.com<\/a><\/p>\n","protected":false},"excerpt":{"rendered":"<p>Firma Drvo-Export iz Tesli\u0107a, bliska hibridnom re\u017eimu Milorada Dodika, poslije odobrenih geolo\u0161kih istra\u017eivanja pokrenula je iskopavanje lignita 2023. godine. Koncesiju i dozvolu dobila je tek godinu dana kasnije. Mje\u0161tani su [&hellip;]<\/p>\n","protected":false},"author":1,"featured_media":0,"comment_status":"closed","ping_status":"open","sticky":false,"template":"","format":"standard","meta":{"_monsterinsights_skip_tracking":false,"_monsterinsights_sitenote_active":false,"_monsterinsights_sitenote_note":"","_monsterinsights_sitenote_category":0,"footnotes":""},"categories":[4],"tags":[],"yoast_head":"<!-- This site is optimized with the Yoast SEO plugin v21.6 - https:\/\/yoast.com\/wordpress\/plugins\/seo\/ -->\n<title>Lignit na strati\u0161tu kod Prijedora - PrijedorDanas.com - Prijedorski gradski portal<\/title>\n<meta name=\"robots\" content=\"index, follow, max-snippet:-1, max-image-preview:large, max-video-preview:-1\" \/>\n<link rel=\"canonical\" href=\"https:\/\/www.prijedordanas.com\/?p=274528\" \/>\n<meta property=\"og:locale\" content=\"en_US\" \/>\n<meta property=\"og:type\" content=\"article\" \/>\n<meta property=\"og:title\" content=\"Lignit na strati\u0161tu kod Prijedora - PrijedorDanas.com - Prijedorski gradski portal\" \/>\n<meta property=\"og:description\" content=\"Firma Drvo-Export iz Tesli\u0107a, bliska hibridnom re\u017eimu Milorada Dodika, poslije odobrenih geolo\u0161kih istra\u017eivanja pokrenula je iskopavanje lignita 2023. godine. Koncesiju i dozvolu dobila je tek godinu dana kasnije. Mje\u0161tani su [&hellip;]\" \/>\n<meta property=\"og:url\" content=\"https:\/\/www.prijedordanas.com\/?p=274528\" \/>\n<meta property=\"og:site_name\" content=\"PrijedorDanas.com - Prijedorski gradski portal\" \/>\n<meta property=\"article:publisher\" content=\"https:\/\/www.facebook.com\/PrijedorDanasCom\/\" \/>\n<meta property=\"article:published_time\" content=\"2026-08-09T14:40:17+00:00\" \/>\n<meta property=\"og:image\" content=\"https:\/\/www.prijedordanas.com\/wp-content\/uploads\/2026\/08\/bukova-kosa-foto-miroslav-stakic-300x225.jpg\" \/>\n<meta name=\"author\" content=\"admin\" \/>\n<meta name=\"twitter:card\" content=\"summary_large_image\" \/>\n<meta name=\"twitter:label1\" content=\"Written by\" \/>\n\t<meta name=\"twitter:data1\" content=\"admin\" \/>\n<script type=\"application\/ld+json\" class=\"yoast-schema-graph\">{\"@context\":\"https:\/\/schema.org\",\"@graph\":[{\"@type\":\"Article\",\"@id\":\"https:\/\/www.prijedordanas.com\/?p=274528#article\",\"isPartOf\":{\"@id\":\"https:\/\/www.prijedordanas.com\/?p=274528\"},\"author\":{\"name\":\"admin\",\"@id\":\"https:\/\/www.prijedordanas.com\/#\/schema\/person\/4e08ccf29b506ca916ff86d46bb700e6\"},\"headline\":\"Lignit na strati\u0161tu kod Prijedora\",\"datePublished\":\"2026-08-09T14:40:17+00:00\",\"dateModified\":\"2026-08-09T14:40:17+00:00\",\"mainEntityOfPage\":{\"@id\":\"https:\/\/www.prijedordanas.com\/?p=274528\"},\"wordCount\":1368,\"publisher\":{\"@id\":\"https:\/\/www.prijedordanas.com\/#organization\"},\"articleSection\":[\"Dru\u0161tvo\"],\"inLanguage\":\"en-US\"},{\"@type\":\"WebPage\",\"@id\":\"https:\/\/www.prijedordanas.com\/?p=274528\",\"url\":\"https:\/\/www.prijedordanas.com\/?p=274528\",\"name\":\"Lignit na strati\u0161tu kod Prijedora - PrijedorDanas.com - Prijedorski gradski portal\",\"isPartOf\":{\"@id\":\"https:\/\/www.prijedordanas.com\/#website\"},\"datePublished\":\"2026-08-09T14:40:17+00:00\",\"dateModified\":\"2026-08-09T14:40:17+00:00\",\"breadcrumb\":{\"@id\":\"https:\/\/www.prijedordanas.com\/?p=274528#breadcrumb\"},\"inLanguage\":\"en-US\",\"potentialAction\":[{\"@type\":\"ReadAction\",\"target\":[\"https:\/\/www.prijedordanas.com\/?p=274528\"]}]},{\"@type\":\"BreadcrumbList\",\"@id\":\"https:\/\/www.prijedordanas.com\/?p=274528#breadcrumb\",\"itemListElement\":[{\"@type\":\"ListItem\",\"position\":1,\"name\":\"Home\",\"item\":\"https:\/\/www.prijedordanas.com\/\"},{\"@type\":\"ListItem\",\"position\":2,\"name\":\"Lignit na strati\u0161tu kod Prijedora\"}]},{\"@type\":\"WebSite\",\"@id\":\"https:\/\/www.prijedordanas.com\/#website\",\"url\":\"https:\/\/www.prijedordanas.com\/\",\"name\":\"PrijedorDanas.com - Prijedorski gradski portal\",\"description\":\"Portal o doga\u0111anjima u gradu Prijedoru\",\"publisher\":{\"@id\":\"https:\/\/www.prijedordanas.com\/#organization\"},\"potentialAction\":[{\"@type\":\"SearchAction\",\"target\":{\"@type\":\"EntryPoint\",\"urlTemplate\":\"https:\/\/www.prijedordanas.com\/?s={search_term_string}\"},\"query-input\":\"required name=search_term_string\"}],\"inLanguage\":\"en-US\"},{\"@type\":\"Organization\",\"@id\":\"https:\/\/www.prijedordanas.com\/#organization\",\"name\":\"PrijedorDanas.com\",\"url\":\"https:\/\/www.prijedordanas.com\/\",\"logo\":{\"@type\":\"ImageObject\",\"inLanguage\":\"en-US\",\"@id\":\"https:\/\/www.prijedordanas.com\/#\/schema\/logo\/image\/\",\"url\":\"http:\/\/www.prijedordanas.com\/wp-content\/uploads\/2021\/12\/logopng.png\",\"contentUrl\":\"http:\/\/www.prijedordanas.com\/wp-content\/uploads\/2021\/12\/logopng.png\",\"width\":1019,\"height\":776,\"caption\":\"PrijedorDanas.com\"},\"image\":{\"@id\":\"https:\/\/www.prijedordanas.com\/#\/schema\/logo\/image\/\"},\"sameAs\":[\"https:\/\/www.facebook.com\/PrijedorDanasCom\/\"]},{\"@type\":\"Person\",\"@id\":\"https:\/\/www.prijedordanas.com\/#\/schema\/person\/4e08ccf29b506ca916ff86d46bb700e6\",\"name\":\"admin\",\"image\":{\"@type\":\"ImageObject\",\"inLanguage\":\"en-US\",\"@id\":\"https:\/\/www.prijedordanas.com\/#\/schema\/person\/image\/\",\"url\":\"https:\/\/secure.gravatar.com\/avatar\/1d3fc949d550f0b53a5f0d51e06dfd79?s=96&d=mm&r=g\",\"contentUrl\":\"https:\/\/secure.gravatar.com\/avatar\/1d3fc949d550f0b53a5f0d51e06dfd79?s=96&d=mm&r=g\",\"caption\":\"admin\"},\"url\":\"https:\/\/www.prijedordanas.com\/?author=1\"}]}<\/script>\n<!-- \/ Yoast SEO plugin. -->","yoast_head_json":{"title":"Lignit na strati\u0161tu kod Prijedora - PrijedorDanas.com - Prijedorski gradski portal","robots":{"index":"index","follow":"follow","max-snippet":"max-snippet:-1","max-image-preview":"max-image-preview:large","max-video-preview":"max-video-preview:-1"},"canonical":"https:\/\/www.prijedordanas.com\/?p=274528","og_locale":"en_US","og_type":"article","og_title":"Lignit na strati\u0161tu kod Prijedora - PrijedorDanas.com - Prijedorski gradski portal","og_description":"Firma Drvo-Export iz Tesli\u0107a, bliska hibridnom re\u017eimu Milorada Dodika, poslije odobrenih geolo\u0161kih istra\u017eivanja pokrenula je iskopavanje lignita 2023. godine. Koncesiju i dozvolu dobila je tek godinu dana kasnije. Mje\u0161tani su [&hellip;]","og_url":"https:\/\/www.prijedordanas.com\/?p=274528","og_site_name":"PrijedorDanas.com - Prijedorski gradski portal","article_publisher":"https:\/\/www.facebook.com\/PrijedorDanasCom\/","article_published_time":"2026-08-09T14:40:17+00:00","og_image":[{"url":"https:\/\/www.prijedordanas.com\/wp-content\/uploads\/2026\/08\/bukova-kosa-foto-miroslav-stakic-300x225.jpg"}],"author":"admin","twitter_card":"summary_large_image","twitter_misc":{"Written by":"admin"},"schema":{"@context":"https:\/\/schema.org","@graph":[{"@type":"Article","@id":"https:\/\/www.prijedordanas.com\/?p=274528#article","isPartOf":{"@id":"https:\/\/www.prijedordanas.com\/?p=274528"},"author":{"name":"admin","@id":"https:\/\/www.prijedordanas.com\/#\/schema\/person\/4e08ccf29b506ca916ff86d46bb700e6"},"headline":"Lignit na strati\u0161tu kod Prijedora","datePublished":"2026-08-09T14:40:17+00:00","dateModified":"2026-08-09T14:40:17+00:00","mainEntityOfPage":{"@id":"https:\/\/www.prijedordanas.com\/?p=274528"},"wordCount":1368,"publisher":{"@id":"https:\/\/www.prijedordanas.com\/#organization"},"articleSection":["Dru\u0161tvo"],"inLanguage":"en-US"},{"@type":"WebPage","@id":"https:\/\/www.prijedordanas.com\/?p=274528","url":"https:\/\/www.prijedordanas.com\/?p=274528","name":"Lignit na strati\u0161tu kod Prijedora - PrijedorDanas.com - Prijedorski gradski portal","isPartOf":{"@id":"https:\/\/www.prijedordanas.com\/#website"},"datePublished":"2026-08-09T14:40:17+00:00","dateModified":"2026-08-09T14:40:17+00:00","breadcrumb":{"@id":"https:\/\/www.prijedordanas.com\/?p=274528#breadcrumb"},"inLanguage":"en-US","potentialAction":[{"@type":"ReadAction","target":["https:\/\/www.prijedordanas.com\/?p=274528"]}]},{"@type":"BreadcrumbList","@id":"https:\/\/www.prijedordanas.com\/?p=274528#breadcrumb","itemListElement":[{"@type":"ListItem","position":1,"name":"Home","item":"https:\/\/www.prijedordanas.com\/"},{"@type":"ListItem","position":2,"name":"Lignit na strati\u0161tu kod Prijedora"}]},{"@type":"WebSite","@id":"https:\/\/www.prijedordanas.com\/#website","url":"https:\/\/www.prijedordanas.com\/","name":"PrijedorDanas.com - Prijedorski gradski portal","description":"Portal o doga\u0111anjima u gradu Prijedoru","publisher":{"@id":"https:\/\/www.prijedordanas.com\/#organization"},"potentialAction":[{"@type":"SearchAction","target":{"@type":"EntryPoint","urlTemplate":"https:\/\/www.prijedordanas.com\/?s={search_term_string}"},"query-input":"required name=search_term_string"}],"inLanguage":"en-US"},{"@type":"Organization","@id":"https:\/\/www.prijedordanas.com\/#organization","name":"PrijedorDanas.com","url":"https:\/\/www.prijedordanas.com\/","logo":{"@type":"ImageObject","inLanguage":"en-US","@id":"https:\/\/www.prijedordanas.com\/#\/schema\/logo\/image\/","url":"http:\/\/www.prijedordanas.com\/wp-content\/uploads\/2021\/12\/logopng.png","contentUrl":"http:\/\/www.prijedordanas.com\/wp-content\/uploads\/2021\/12\/logopng.png","width":1019,"height":776,"caption":"PrijedorDanas.com"},"image":{"@id":"https:\/\/www.prijedordanas.com\/#\/schema\/logo\/image\/"},"sameAs":["https:\/\/www.facebook.com\/PrijedorDanasCom\/"]},{"@type":"Person","@id":"https:\/\/www.prijedordanas.com\/#\/schema\/person\/4e08ccf29b506ca916ff86d46bb700e6","name":"admin","image":{"@type":"ImageObject","inLanguage":"en-US","@id":"https:\/\/www.prijedordanas.com\/#\/schema\/person\/image\/","url":"https:\/\/secure.gravatar.com\/avatar\/1d3fc949d550f0b53a5f0d51e06dfd79?s=96&d=mm&r=g","contentUrl":"https:\/\/secure.gravatar.com\/avatar\/1d3fc949d550f0b53a5f0d51e06dfd79?s=96&d=mm&r=g","caption":"admin"},"url":"https:\/\/www.prijedordanas.com\/?author=1"}]}},"_links":{"self":[{"href":"https:\/\/www.prijedordanas.com\/index.php?rest_route=\/wp\/v2\/posts\/274528"}],"collection":[{"href":"https:\/\/www.prijedordanas.com\/index.php?rest_route=\/wp\/v2\/posts"}],"about":[{"href":"https:\/\/www.prijedordanas.com\/index.php?rest_route=\/wp\/v2\/types\/post"}],"author":[{"embeddable":true,"href":"https:\/\/www.prijedordanas.com\/index.php?rest_route=\/wp\/v2\/users\/1"}],"replies":[{"embeddable":true,"href":"https:\/\/www.prijedordanas.com\/index.php?rest_route=%2Fwp%2Fv2%2Fcomments&post=274528"}],"version-history":[{"count":1,"href":"https:\/\/www.prijedordanas.com\/index.php?rest_route=\/wp\/v2\/posts\/274528\/revisions"}],"predecessor-version":[{"id":274530,"href":"https:\/\/www.prijedordanas.com\/index.php?rest_route=\/wp\/v2\/posts\/274528\/revisions\/274530"}],"wp:attachment":[{"href":"https:\/\/www.prijedordanas.com\/index.php?rest_route=%2Fwp%2Fv2%2Fmedia&parent=274528"}],"wp:term":[{"taxonomy":"category","embeddable":true,"href":"https:\/\/www.prijedordanas.com\/index.php?rest_route=%2Fwp%2Fv2%2Fcategories&post=274528"},{"taxonomy":"post_tag","embeddable":true,"href":"https:\/\/www.prijedordanas.com\/index.php?rest_route=%2Fwp%2Fv2%2Ftags&post=274528"}],"curies":[{"name":"wp","href":"https:\/\/api.w.org\/{rel}","templated":true}]}}