{"id":27420,"date":"2015-08-10T23:00:09","date_gmt":"2015-08-10T22:00:09","guid":{"rendered":"https:\/\/www.prijedordanas.com\/?p=27420"},"modified":"2015-08-10T23:00:09","modified_gmt":"2015-08-10T22:00:09","slug":"grafit-ratko-mladic-osvanuo-u-centru-prijedora-foto","status":"publish","type":"post","link":"https:\/\/www.prijedordanas.com\/?p=27420","title":{"rendered":"GRAFIT RATKO MLADI\u0106 \u201eOSVANUO\u201c U CENTRU PRIJEDORA \u2013 FOTO"},"content":{"rendered":"<p><a href=\"https:\/\/www.prijedordanas.com\/wp-content\/uploads\/2015\/08\/grafit-ratko-mladic-1.jpg\"><img loading=\"lazy\" decoding=\"async\" class=\"alignleft size-medium wp-image-27421\" src=\"https:\/\/www.prijedordanas.com\/wp-content\/uploads\/2015\/08\/grafit-ratko-mladic-1-300x199.jpg\" alt=\"grafit ratko mladic (1)\" width=\"300\" height=\"199\" srcset=\"https:\/\/www.prijedordanas.com\/wp-content\/uploads\/2015\/08\/grafit-ratko-mladic-1-300x199.jpg 300w, https:\/\/www.prijedordanas.com\/wp-content\/uploads\/2015\/08\/grafit-ratko-mladic-1-150x100.jpg 150w, https:\/\/www.prijedordanas.com\/wp-content\/uploads\/2015\/08\/grafit-ratko-mladic-1-200x133.jpg 200w, https:\/\/www.prijedordanas.com\/wp-content\/uploads\/2015\/08\/grafit-ratko-mladic-1-250x166.jpg 250w, https:\/\/www.prijedordanas.com\/wp-content\/uploads\/2015\/08\/grafit-ratko-mladic-1-480x320.jpg 480w, https:\/\/www.prijedordanas.com\/wp-content\/uploads\/2015\/08\/grafit-ratko-mladic-1.jpg 600w\" sizes=\"(max-width: 300px) 100vw, 300px\" \/><\/a>U centru Prijedora, svega 20-ak metara od trga majora Zorana Karlice u gradu na Sani, \u201eosvanuo\u201c je grafit \u201eposve\u0107en\u201c Ratku Mladi\u0107u.<\/p>\n<p>Interesantno je da se pomenuti natpis pojavio prije dana\u0161njeg sastanka na kome su o bezbjednosnoj situaciji u Prijedoru razgovarali gradona\u010delnik Marko Pavi\u0107, predstavnici vjerskih zajednica i CJB Prijedor.<\/p>\n<p>Dok pojedini Prijedor\u010dani javno ili tajno podr\u017eavaju ovakve grafite, drugi smatraju da im nije mjesto u na\u0161em gradu.<\/p>\n<p>-Ne vidim ni\u0161ta sporno da neko nacrta \u201eocilo\u201c i napi\u0161e ime srpskog generala na zgradi u Prijedoru. To \u0161to mu se sudi u Hagu, to je politika, jer on nije kriv za nikakve zlo\u010dine \u2013 rekao nam je ovog popodneva sugra\u0111anin mla\u0111e \u017eivotne dobi koji je nedaleko od grafita \u010dekao autobus, a koji nije \u017eelio da se predstavi.<\/p>\n<p><a href=\"https:\/\/www.prijedordanas.com\/wp-content\/uploads\/2015\/08\/grafit-ratko-mladic-2.jpg\"><img loading=\"lazy\" decoding=\"async\" class=\"alignleft size-medium wp-image-27422\" src=\"https:\/\/www.prijedordanas.com\/wp-content\/uploads\/2015\/08\/grafit-ratko-mladic-2-300x199.jpg\" alt=\"grafit ratko mladic (2)\" width=\"300\" height=\"199\" srcset=\"https:\/\/www.prijedordanas.com\/wp-content\/uploads\/2015\/08\/grafit-ratko-mladic-2-300x199.jpg 300w, https:\/\/www.prijedordanas.com\/wp-content\/uploads\/2015\/08\/grafit-ratko-mladic-2-150x100.jpg 150w, https:\/\/www.prijedordanas.com\/wp-content\/uploads\/2015\/08\/grafit-ratko-mladic-2-200x133.jpg 200w, https:\/\/www.prijedordanas.com\/wp-content\/uploads\/2015\/08\/grafit-ratko-mladic-2-250x166.jpg 250w, https:\/\/www.prijedordanas.com\/wp-content\/uploads\/2015\/08\/grafit-ratko-mladic-2-480x320.jpg 480w, https:\/\/www.prijedordanas.com\/wp-content\/uploads\/2015\/08\/grafit-ratko-mladic-2.jpg 600w\" sizes=\"(max-width: 300px) 100vw, 300px\" \/><\/a>Sa druge strane jedna starija gospo\u0111a je burno reagovala na njegove rije\u010di.<\/p>\n<p>-Nema potrebe da se ovakvim i sli\u010dnim \u201e\u0161aranjima\u201c narod ponovo zava\u0111a. Zar nam nije bilo dosta rata na ovim prostorima prije 20 godina \u2013 dodala je ona i istakla da bi sve one koji \u201eraspiruju\u201c mr\u017enju me\u0111u narodima na bilo koji na\u010din trebalo kazniti.<\/p>\n<p>Jedina osoba koju smo zatekli u blizini grafita, koja je bila raspolo\u017eena da imenom i prezimenom \u201estane\u201c iza svog komentara, bio je Behzad \u010cirkin, nekada\u0161nji poslanik u Narodnoj skup\u0161tini Republike Srpske ispred SDP-a.<\/p>\n<p>-\u017dalosno je ovo \u0161to se de\u0161ava u Prijedoru u posljednje vrijeme. Umjesto da idemo naprijed, mi se vra\u0107amo unazad. Podr\u017eavam sve ono \u0161to mo\u017ee dovesti do bolje bezbjednosne situacije u na\u0161em gradu, ali smatram da se treba odlu\u010dnije djelovati i glasnije osu\u0111ivati ovakve pojave. S obzirom da grafit nije uklonjen od jutros kada sam ga prvi put vidio, name\u0107e se pitanje ko je odgovoran za tako ne\u0161to, da li komunalna policija ili CJB Prijedor \u2013 rekao je \u010cirkin dodaju\u0107i da se nada kako \u0107e novi dan osvanuti bez ovog grafita u centru grada.<\/p>\n<p>Iz prijedorske policije nam je potvr\u0111eno da tokom dana nisu imali nikakvu prijavu o pomenutom grafitu.<\/p>\n<p>Tekst i foto \u2013 Aleksandar Drakuli\u0107 \u2013 <a href=\"www.prijedordanas.com\" target=\"_blank\">www.prijedordanas.com<\/a><\/p>\n","protected":false},"excerpt":{"rendered":"<p>U centru Prijedora, svega 20-ak metara od trga majora Zorana Karlice u gradu na Sani, \u201eosvanuo\u201c je grafit \u201eposve\u0107en\u201c Ratku Mladi\u0107u. Interesantno je da se pomenuti natpis pojavio prije dana\u0161njeg [&hellip;]<\/p>\n","protected":false},"author":1,"featured_media":0,"comment_status":"closed","ping_status":"open","sticky":false,"template":"","format":"standard","meta":{"_monsterinsights_skip_tracking":false,"_monsterinsights_sitenote_active":false,"_monsterinsights_sitenote_note":"","_monsterinsights_sitenote_category":0,"footnotes":""},"categories":[8],"tags":[4607,4608],"yoast_head":"<!-- This site is optimized with the Yoast SEO plugin v21.6 - https:\/\/yoast.com\/wordpress\/plugins\/seo\/ -->\n<title>GRAFIT RATKO MLADI\u0106 \u201eOSVANUO\u201c U CENTRU PRIJEDORA \u2013 FOTO - PrijedorDanas.com - Prijedorski gradski portal<\/title>\n<meta name=\"robots\" content=\"index, follow, max-snippet:-1, max-image-preview:large, max-video-preview:-1\" \/>\n<link rel=\"canonical\" href=\"https:\/\/www.prijedordanas.com\/?p=27420\" \/>\n<meta property=\"og:locale\" content=\"en_US\" \/>\n<meta property=\"og:type\" content=\"article\" \/>\n<meta property=\"og:title\" content=\"GRAFIT RATKO MLADI\u0106 \u201eOSVANUO\u201c U CENTRU PRIJEDORA \u2013 FOTO - PrijedorDanas.com - Prijedorski gradski portal\" \/>\n<meta property=\"og:description\" content=\"U centru Prijedora, svega 20-ak metara od trga majora Zorana Karlice u gradu na Sani, \u201eosvanuo\u201c je grafit \u201eposve\u0107en\u201c Ratku Mladi\u0107u. Interesantno je da se pomenuti natpis pojavio prije dana\u0161njeg [&hellip;]\" \/>\n<meta property=\"og:url\" content=\"https:\/\/www.prijedordanas.com\/?p=27420\" \/>\n<meta property=\"og:site_name\" content=\"PrijedorDanas.com - Prijedorski gradski portal\" \/>\n<meta property=\"article:publisher\" content=\"https:\/\/www.facebook.com\/PrijedorDanasCom\/\" \/>\n<meta property=\"article:published_time\" content=\"2015-08-10T22:00:09+00:00\" \/>\n<meta property=\"og:image\" content=\"https:\/\/www.prijedordanas.com\/wp-content\/uploads\/2015\/08\/grafit-ratko-mladic-1-300x199.jpg\" \/>\n<meta name=\"author\" content=\"admin\" \/>\n<meta name=\"twitter:card\" content=\"summary_large_image\" \/>\n<meta name=\"twitter:label1\" content=\"Written by\" \/>\n\t<meta name=\"twitter:data1\" content=\"admin\" \/>\n\t<meta name=\"twitter:label2\" content=\"Est. reading time\" \/>\n\t<meta name=\"twitter:data2\" content=\"2 minutes\" \/>\n<script type=\"application\/ld+json\" class=\"yoast-schema-graph\">{\"@context\":\"https:\/\/schema.org\",\"@graph\":[{\"@type\":\"Article\",\"@id\":\"https:\/\/www.prijedordanas.com\/?p=27420#article\",\"isPartOf\":{\"@id\":\"https:\/\/www.prijedordanas.com\/?p=27420\"},\"author\":{\"name\":\"admin\",\"@id\":\"https:\/\/www.prijedordanas.com\/#\/schema\/person\/4e08ccf29b506ca916ff86d46bb700e6\"},\"headline\":\"GRAFIT RATKO MLADI\u0106 \u201eOSVANUO\u201c U CENTRU PRIJEDORA \u2013 FOTO\",\"datePublished\":\"2015-08-10T22:00:09+00:00\",\"dateModified\":\"2015-08-10T22:00:09+00:00\",\"mainEntityOfPage\":{\"@id\":\"https:\/\/www.prijedordanas.com\/?p=27420\"},\"wordCount\":369,\"publisher\":{\"@id\":\"https:\/\/www.prijedordanas.com\/#organization\"},\"keywords\":[\"grafit\",\"Ratko Mladi\u0107\"],\"articleSection\":[\"Svakodnevno\"],\"inLanguage\":\"en-US\"},{\"@type\":\"WebPage\",\"@id\":\"https:\/\/www.prijedordanas.com\/?p=27420\",\"url\":\"https:\/\/www.prijedordanas.com\/?p=27420\",\"name\":\"GRAFIT RATKO MLADI\u0106 \u201eOSVANUO\u201c U CENTRU PRIJEDORA \u2013 FOTO - PrijedorDanas.com - Prijedorski gradski portal\",\"isPartOf\":{\"@id\":\"https:\/\/www.prijedordanas.com\/#website\"},\"datePublished\":\"2015-08-10T22:00:09+00:00\",\"dateModified\":\"2015-08-10T22:00:09+00:00\",\"breadcrumb\":{\"@id\":\"https:\/\/www.prijedordanas.com\/?p=27420#breadcrumb\"},\"inLanguage\":\"en-US\",\"potentialAction\":[{\"@type\":\"ReadAction\",\"target\":[\"https:\/\/www.prijedordanas.com\/?p=27420\"]}]},{\"@type\":\"BreadcrumbList\",\"@id\":\"https:\/\/www.prijedordanas.com\/?p=27420#breadcrumb\",\"itemListElement\":[{\"@type\":\"ListItem\",\"position\":1,\"name\":\"Home\",\"item\":\"https:\/\/www.prijedordanas.com\/\"},{\"@type\":\"ListItem\",\"position\":2,\"name\":\"GRAFIT RATKO MLADI\u0106 \u201eOSVANUO\u201c U CENTRU PRIJEDORA \u2013 FOTO\"}]},{\"@type\":\"WebSite\",\"@id\":\"https:\/\/www.prijedordanas.com\/#website\",\"url\":\"https:\/\/www.prijedordanas.com\/\",\"name\":\"PrijedorDanas.com - Prijedorski gradski portal\",\"description\":\"Portal o doga\u0111anjima u gradu Prijedoru\",\"publisher\":{\"@id\":\"https:\/\/www.prijedordanas.com\/#organization\"},\"potentialAction\":[{\"@type\":\"SearchAction\",\"target\":{\"@type\":\"EntryPoint\",\"urlTemplate\":\"https:\/\/www.prijedordanas.com\/?s={search_term_string}\"},\"query-input\":\"required name=search_term_string\"}],\"inLanguage\":\"en-US\"},{\"@type\":\"Organization\",\"@id\":\"https:\/\/www.prijedordanas.com\/#organization\",\"name\":\"PrijedorDanas.com\",\"url\":\"https:\/\/www.prijedordanas.com\/\",\"logo\":{\"@type\":\"ImageObject\",\"inLanguage\":\"en-US\",\"@id\":\"https:\/\/www.prijedordanas.com\/#\/schema\/logo\/image\/\",\"url\":\"http:\/\/www.prijedordanas.com\/wp-content\/uploads\/2021\/12\/logopng.png\",\"contentUrl\":\"http:\/\/www.prijedordanas.com\/wp-content\/uploads\/2021\/12\/logopng.png\",\"width\":1019,\"height\":776,\"caption\":\"PrijedorDanas.com\"},\"image\":{\"@id\":\"https:\/\/www.prijedordanas.com\/#\/schema\/logo\/image\/\"},\"sameAs\":[\"https:\/\/www.facebook.com\/PrijedorDanasCom\/\"]},{\"@type\":\"Person\",\"@id\":\"https:\/\/www.prijedordanas.com\/#\/schema\/person\/4e08ccf29b506ca916ff86d46bb700e6\",\"name\":\"admin\",\"image\":{\"@type\":\"ImageObject\",\"inLanguage\":\"en-US\",\"@id\":\"https:\/\/www.prijedordanas.com\/#\/schema\/person\/image\/\",\"url\":\"https:\/\/secure.gravatar.com\/avatar\/1d3fc949d550f0b53a5f0d51e06dfd79?s=96&d=mm&r=g\",\"contentUrl\":\"https:\/\/secure.gravatar.com\/avatar\/1d3fc949d550f0b53a5f0d51e06dfd79?s=96&d=mm&r=g\",\"caption\":\"admin\"},\"url\":\"https:\/\/www.prijedordanas.com\/?author=1\"}]}<\/script>\n<!-- \/ Yoast SEO plugin. -->","yoast_head_json":{"title":"GRAFIT RATKO MLADI\u0106 \u201eOSVANUO\u201c U CENTRU PRIJEDORA \u2013 FOTO - PrijedorDanas.com - Prijedorski gradski portal","robots":{"index":"index","follow":"follow","max-snippet":"max-snippet:-1","max-image-preview":"max-image-preview:large","max-video-preview":"max-video-preview:-1"},"canonical":"https:\/\/www.prijedordanas.com\/?p=27420","og_locale":"en_US","og_type":"article","og_title":"GRAFIT RATKO MLADI\u0106 \u201eOSVANUO\u201c U CENTRU PRIJEDORA \u2013 FOTO - PrijedorDanas.com - Prijedorski gradski portal","og_description":"U centru Prijedora, svega 20-ak metara od trga majora Zorana Karlice u gradu na Sani, \u201eosvanuo\u201c je grafit \u201eposve\u0107en\u201c Ratku Mladi\u0107u. Interesantno je da se pomenuti natpis pojavio prije dana\u0161njeg [&hellip;]","og_url":"https:\/\/www.prijedordanas.com\/?p=27420","og_site_name":"PrijedorDanas.com - Prijedorski gradski portal","article_publisher":"https:\/\/www.facebook.com\/PrijedorDanasCom\/","article_published_time":"2015-08-10T22:00:09+00:00","og_image":[{"url":"https:\/\/www.prijedordanas.com\/wp-content\/uploads\/2015\/08\/grafit-ratko-mladic-1-300x199.jpg"}],"author":"admin","twitter_card":"summary_large_image","twitter_misc":{"Written by":"admin","Est. reading time":"2 minutes"},"schema":{"@context":"https:\/\/schema.org","@graph":[{"@type":"Article","@id":"https:\/\/www.prijedordanas.com\/?p=27420#article","isPartOf":{"@id":"https:\/\/www.prijedordanas.com\/?p=27420"},"author":{"name":"admin","@id":"https:\/\/www.prijedordanas.com\/#\/schema\/person\/4e08ccf29b506ca916ff86d46bb700e6"},"headline":"GRAFIT RATKO MLADI\u0106 \u201eOSVANUO\u201c U CENTRU PRIJEDORA \u2013 FOTO","datePublished":"2015-08-10T22:00:09+00:00","dateModified":"2015-08-10T22:00:09+00:00","mainEntityOfPage":{"@id":"https:\/\/www.prijedordanas.com\/?p=27420"},"wordCount":369,"publisher":{"@id":"https:\/\/www.prijedordanas.com\/#organization"},"keywords":["grafit","Ratko Mladi\u0107"],"articleSection":["Svakodnevno"],"inLanguage":"en-US"},{"@type":"WebPage","@id":"https:\/\/www.prijedordanas.com\/?p=27420","url":"https:\/\/www.prijedordanas.com\/?p=27420","name":"GRAFIT RATKO MLADI\u0106 \u201eOSVANUO\u201c U CENTRU PRIJEDORA \u2013 FOTO - PrijedorDanas.com - Prijedorski gradski portal","isPartOf":{"@id":"https:\/\/www.prijedordanas.com\/#website"},"datePublished":"2015-08-10T22:00:09+00:00","dateModified":"2015-08-10T22:00:09+00:00","breadcrumb":{"@id":"https:\/\/www.prijedordanas.com\/?p=27420#breadcrumb"},"inLanguage":"en-US","potentialAction":[{"@type":"ReadAction","target":["https:\/\/www.prijedordanas.com\/?p=27420"]}]},{"@type":"BreadcrumbList","@id":"https:\/\/www.prijedordanas.com\/?p=27420#breadcrumb","itemListElement":[{"@type":"ListItem","position":1,"name":"Home","item":"https:\/\/www.prijedordanas.com\/"},{"@type":"ListItem","position":2,"name":"GRAFIT RATKO MLADI\u0106 \u201eOSVANUO\u201c U CENTRU PRIJEDORA \u2013 FOTO"}]},{"@type":"WebSite","@id":"https:\/\/www.prijedordanas.com\/#website","url":"https:\/\/www.prijedordanas.com\/","name":"PrijedorDanas.com - Prijedorski gradski portal","description":"Portal o doga\u0111anjima u gradu Prijedoru","publisher":{"@id":"https:\/\/www.prijedordanas.com\/#organization"},"potentialAction":[{"@type":"SearchAction","target":{"@type":"EntryPoint","urlTemplate":"https:\/\/www.prijedordanas.com\/?s={search_term_string}"},"query-input":"required name=search_term_string"}],"inLanguage":"en-US"},{"@type":"Organization","@id":"https:\/\/www.prijedordanas.com\/#organization","name":"PrijedorDanas.com","url":"https:\/\/www.prijedordanas.com\/","logo":{"@type":"ImageObject","inLanguage":"en-US","@id":"https:\/\/www.prijedordanas.com\/#\/schema\/logo\/image\/","url":"http:\/\/www.prijedordanas.com\/wp-content\/uploads\/2021\/12\/logopng.png","contentUrl":"http:\/\/www.prijedordanas.com\/wp-content\/uploads\/2021\/12\/logopng.png","width":1019,"height":776,"caption":"PrijedorDanas.com"},"image":{"@id":"https:\/\/www.prijedordanas.com\/#\/schema\/logo\/image\/"},"sameAs":["https:\/\/www.facebook.com\/PrijedorDanasCom\/"]},{"@type":"Person","@id":"https:\/\/www.prijedordanas.com\/#\/schema\/person\/4e08ccf29b506ca916ff86d46bb700e6","name":"admin","image":{"@type":"ImageObject","inLanguage":"en-US","@id":"https:\/\/www.prijedordanas.com\/#\/schema\/person\/image\/","url":"https:\/\/secure.gravatar.com\/avatar\/1d3fc949d550f0b53a5f0d51e06dfd79?s=96&d=mm&r=g","contentUrl":"https:\/\/secure.gravatar.com\/avatar\/1d3fc949d550f0b53a5f0d51e06dfd79?s=96&d=mm&r=g","caption":"admin"},"url":"https:\/\/www.prijedordanas.com\/?author=1"}]}},"_links":{"self":[{"href":"https:\/\/www.prijedordanas.com\/index.php?rest_route=\/wp\/v2\/posts\/27420"}],"collection":[{"href":"https:\/\/www.prijedordanas.com\/index.php?rest_route=\/wp\/v2\/posts"}],"about":[{"href":"https:\/\/www.prijedordanas.com\/index.php?rest_route=\/wp\/v2\/types\/post"}],"author":[{"embeddable":true,"href":"https:\/\/www.prijedordanas.com\/index.php?rest_route=\/wp\/v2\/users\/1"}],"replies":[{"embeddable":true,"href":"https:\/\/www.prijedordanas.com\/index.php?rest_route=%2Fwp%2Fv2%2Fcomments&post=27420"}],"version-history":[{"count":1,"href":"https:\/\/www.prijedordanas.com\/index.php?rest_route=\/wp\/v2\/posts\/27420\/revisions"}],"predecessor-version":[{"id":27423,"href":"https:\/\/www.prijedordanas.com\/index.php?rest_route=\/wp\/v2\/posts\/27420\/revisions\/27423"}],"wp:attachment":[{"href":"https:\/\/www.prijedordanas.com\/index.php?rest_route=%2Fwp%2Fv2%2Fmedia&parent=27420"}],"wp:term":[{"taxonomy":"category","embeddable":true,"href":"https:\/\/www.prijedordanas.com\/index.php?rest_route=%2Fwp%2Fv2%2Fcategories&post=27420"},{"taxonomy":"post_tag","embeddable":true,"href":"https:\/\/www.prijedordanas.com\/index.php?rest_route=%2Fwp%2Fv2%2Ftags&post=27420"}],"curies":[{"name":"wp","href":"https:\/\/api.w.org\/{rel}","templated":true}]}}