{"id":27416,"date":"2015-08-10T21:28:56","date_gmt":"2015-08-10T20:28:56","guid":{"rendered":"https:\/\/www.prijedordanas.com\/?p=27416"},"modified":"2015-08-10T21:28:56","modified_gmt":"2015-08-10T20:28:56","slug":"ponovo-redukcije-vode-u-pojedinim-prijedorskim-naseljima","status":"publish","type":"post","link":"https:\/\/www.prijedordanas.com\/?p=27416","title":{"rendered":"PONOVO REDUKCIJE VODE U POJEDINIM PRIJEDORSKIM NASELJIMA"},"content":{"rendered":"<p><a href=\"https:\/\/www.prijedordanas.com\/wp-content\/uploads\/2015\/08\/nestanak-vode-ilustracija1.jpg\"><img loading=\"lazy\" decoding=\"async\" src=\"https:\/\/www.prijedordanas.com\/wp-content\/uploads\/2015\/08\/nestanak-vode-ilustracija1-300x173.jpg\" alt=\"nestanak vode-ilustracija\" width=\"300\" height=\"173\" class=\"alignleft size-medium wp-image-27354\" srcset=\"https:\/\/www.prijedordanas.com\/wp-content\/uploads\/2015\/08\/nestanak-vode-ilustracija1-300x173.jpg 300w, https:\/\/www.prijedordanas.com\/wp-content\/uploads\/2015\/08\/nestanak-vode-ilustracija1.jpg 660w\" sizes=\"(max-width: 300px) 100vw, 300px\" \/><\/a>Zbog visokih temperatura i prevelike potro\u0161nje vode, \u201eVodovod\u201c Prijedor \u0107e od danas, 10. avgusta 2015. godine, ponovo uvesti redukcije u isporuci vode na podru\u010dju Donje Ljubije, Kami\u010dana, Trnopolja, Hrni\u0107a i Petrovog Gaja.<\/p>\n<p>&#8211; U Donjoj Ljubiji isporuka vode bi\u0107e obustavljena u ulicama Smaje Ceri\u0107a, Dragice \u0160kori\u0107 i dijelu Ul. Abdulaha Kuruzovi\u0107a u sljede\u0107im periodima:<\/p>\n<p>&#8211; Od 06:00 do 09:00 \u010dasova<br \/>\n&#8211; Od 12:00 do 15:00 \u010dasova<br \/>\n&#8211; Od 18:00 do 21:00 \u010das.<br \/>\nU ovim periodima vodosnabdijevanje na podru\u010dju Gornje Ljubije, po na\u0161im procjenama, bi\u0107e normalizovano.<\/p>\n<p>&#8211; U Kami\u010danima, Trnopolju, Hrni\u0107ima i Petrovom Gaju isporuka vode bi\u0107e obustavljena u sljede\u0107im periodima:<br \/>\n10.08.2015.<br \/>\n&#8211; Od 06:00 do 14:00 \u010dasova<br \/>\n&#8211; Od 22:00 do 06:00 \u010dasova<br \/>\n11.08.2015.<br \/>\n&#8211; Od 14:00 do 22:00 \u010dasa<br \/>\n12.08.2015.<br \/>\n&#8211; Od 06:00 do 14:00 \u010dasova<br \/>\n&#8211; Od 22:00 do 06:00 \u010dasova, i tako redom.<\/p>\n<p>U ovim periodima vodosnabdijevanje u vi\u0161im zonama Kozarca i Kozaru\u0161e, po na\u0161im procjenama, bi\u0107e normalizovano.<\/p>\n<p>Navedene redukcije u isporuci vode bi\u0107e na snazi do stabilizacije u vodosnabdijevanju navedenih podru\u010dja.<\/p>\n<p>Vodovod Prijedor<\/p>\n","protected":false},"excerpt":{"rendered":"<p>Zbog visokih temperatura i prevelike potro\u0161nje vode, \u201eVodovod\u201c Prijedor \u0107e od danas, 10. avgusta 2015. godine, ponovo uvesti redukcije u isporuci vode na podru\u010dju Donje Ljubije, Kami\u010dana, Trnopolja, Hrni\u0107a i [&hellip;]<\/p>\n","protected":false},"author":1,"featured_media":0,"comment_status":"closed","ping_status":"open","sticky":false,"template":"","format":"standard","meta":{"_monsterinsights_skip_tracking":false,"_monsterinsights_sitenote_active":false,"_monsterinsights_sitenote_note":"","_monsterinsights_sitenote_category":0,"footnotes":""},"categories":[4],"tags":[4386,1064,3474],"yoast_head":"<!-- This site is optimized with the Yoast SEO plugin v21.6 - https:\/\/yoast.com\/wordpress\/plugins\/seo\/ -->\n<title>PONOVO REDUKCIJE VODE U POJEDINIM PRIJEDORSKIM NASELJIMA - PrijedorDanas.com - Prijedorski gradski portal<\/title>\n<meta name=\"robots\" content=\"index, follow, max-snippet:-1, max-image-preview:large, max-video-preview:-1\" \/>\n<link rel=\"canonical\" href=\"https:\/\/www.prijedordanas.com\/?p=27416\" \/>\n<meta property=\"og:locale\" content=\"en_US\" \/>\n<meta property=\"og:type\" content=\"article\" \/>\n<meta property=\"og:title\" content=\"PONOVO REDUKCIJE VODE U POJEDINIM PRIJEDORSKIM NASELJIMA - PrijedorDanas.com - Prijedorski gradski portal\" \/>\n<meta property=\"og:description\" content=\"Zbog visokih temperatura i prevelike potro\u0161nje vode, \u201eVodovod\u201c Prijedor \u0107e od danas, 10. avgusta 2015. godine, ponovo uvesti redukcije u isporuci vode na podru\u010dju Donje Ljubije, Kami\u010dana, Trnopolja, Hrni\u0107a i [&hellip;]\" \/>\n<meta property=\"og:url\" content=\"https:\/\/www.prijedordanas.com\/?p=27416\" \/>\n<meta property=\"og:site_name\" content=\"PrijedorDanas.com - Prijedorski gradski portal\" \/>\n<meta property=\"article:publisher\" content=\"https:\/\/www.facebook.com\/PrijedorDanasCom\/\" \/>\n<meta property=\"article:published_time\" content=\"2015-08-10T20:28:56+00:00\" \/>\n<meta property=\"og:image\" content=\"https:\/\/www.prijedordanas.com\/wp-content\/uploads\/2015\/08\/nestanak-vode-ilustracija1-300x173.jpg\" \/>\n<meta name=\"author\" content=\"admin\" \/>\n<meta name=\"twitter:card\" content=\"summary_large_image\" \/>\n<meta name=\"twitter:label1\" content=\"Written by\" \/>\n\t<meta name=\"twitter:data1\" content=\"admin\" \/>\n\t<meta name=\"twitter:label2\" content=\"Est. reading time\" \/>\n\t<meta name=\"twitter:data2\" content=\"1 minute\" \/>\n<script type=\"application\/ld+json\" class=\"yoast-schema-graph\">{\"@context\":\"https:\/\/schema.org\",\"@graph\":[{\"@type\":\"Article\",\"@id\":\"https:\/\/www.prijedordanas.com\/?p=27416#article\",\"isPartOf\":{\"@id\":\"https:\/\/www.prijedordanas.com\/?p=27416\"},\"author\":{\"name\":\"admin\",\"@id\":\"https:\/\/www.prijedordanas.com\/#\/schema\/person\/4e08ccf29b506ca916ff86d46bb700e6\"},\"headline\":\"PONOVO REDUKCIJE VODE U POJEDINIM PRIJEDORSKIM NASELJIMA\",\"datePublished\":\"2015-08-10T20:28:56+00:00\",\"dateModified\":\"2015-08-10T20:28:56+00:00\",\"mainEntityOfPage\":{\"@id\":\"https:\/\/www.prijedordanas.com\/?p=27416\"},\"wordCount\":174,\"publisher\":{\"@id\":\"https:\/\/www.prijedordanas.com\/#organization\"},\"keywords\":[\"redukcija\",\"voda\",\"vodosnabdijevanje\"],\"articleSection\":[\"Dru\u0161tvo\"],\"inLanguage\":\"en-US\"},{\"@type\":\"WebPage\",\"@id\":\"https:\/\/www.prijedordanas.com\/?p=27416\",\"url\":\"https:\/\/www.prijedordanas.com\/?p=27416\",\"name\":\"PONOVO REDUKCIJE VODE U POJEDINIM PRIJEDORSKIM NASELJIMA - PrijedorDanas.com - Prijedorski gradski portal\",\"isPartOf\":{\"@id\":\"https:\/\/www.prijedordanas.com\/#website\"},\"datePublished\":\"2015-08-10T20:28:56+00:00\",\"dateModified\":\"2015-08-10T20:28:56+00:00\",\"breadcrumb\":{\"@id\":\"https:\/\/www.prijedordanas.com\/?p=27416#breadcrumb\"},\"inLanguage\":\"en-US\",\"potentialAction\":[{\"@type\":\"ReadAction\",\"target\":[\"https:\/\/www.prijedordanas.com\/?p=27416\"]}]},{\"@type\":\"BreadcrumbList\",\"@id\":\"https:\/\/www.prijedordanas.com\/?p=27416#breadcrumb\",\"itemListElement\":[{\"@type\":\"ListItem\",\"position\":1,\"name\":\"Home\",\"item\":\"https:\/\/www.prijedordanas.com\/\"},{\"@type\":\"ListItem\",\"position\":2,\"name\":\"PONOVO REDUKCIJE VODE U POJEDINIM PRIJEDORSKIM NASELJIMA\"}]},{\"@type\":\"WebSite\",\"@id\":\"https:\/\/www.prijedordanas.com\/#website\",\"url\":\"https:\/\/www.prijedordanas.com\/\",\"name\":\"PrijedorDanas.com - Prijedorski gradski portal\",\"description\":\"Portal o doga\u0111anjima u gradu Prijedoru\",\"publisher\":{\"@id\":\"https:\/\/www.prijedordanas.com\/#organization\"},\"potentialAction\":[{\"@type\":\"SearchAction\",\"target\":{\"@type\":\"EntryPoint\",\"urlTemplate\":\"https:\/\/www.prijedordanas.com\/?s={search_term_string}\"},\"query-input\":\"required name=search_term_string\"}],\"inLanguage\":\"en-US\"},{\"@type\":\"Organization\",\"@id\":\"https:\/\/www.prijedordanas.com\/#organization\",\"name\":\"PrijedorDanas.com\",\"url\":\"https:\/\/www.prijedordanas.com\/\",\"logo\":{\"@type\":\"ImageObject\",\"inLanguage\":\"en-US\",\"@id\":\"https:\/\/www.prijedordanas.com\/#\/schema\/logo\/image\/\",\"url\":\"http:\/\/www.prijedordanas.com\/wp-content\/uploads\/2021\/12\/logopng.png\",\"contentUrl\":\"http:\/\/www.prijedordanas.com\/wp-content\/uploads\/2021\/12\/logopng.png\",\"width\":1019,\"height\":776,\"caption\":\"PrijedorDanas.com\"},\"image\":{\"@id\":\"https:\/\/www.prijedordanas.com\/#\/schema\/logo\/image\/\"},\"sameAs\":[\"https:\/\/www.facebook.com\/PrijedorDanasCom\/\"]},{\"@type\":\"Person\",\"@id\":\"https:\/\/www.prijedordanas.com\/#\/schema\/person\/4e08ccf29b506ca916ff86d46bb700e6\",\"name\":\"admin\",\"image\":{\"@type\":\"ImageObject\",\"inLanguage\":\"en-US\",\"@id\":\"https:\/\/www.prijedordanas.com\/#\/schema\/person\/image\/\",\"url\":\"https:\/\/secure.gravatar.com\/avatar\/1d3fc949d550f0b53a5f0d51e06dfd79?s=96&d=mm&r=g\",\"contentUrl\":\"https:\/\/secure.gravatar.com\/avatar\/1d3fc949d550f0b53a5f0d51e06dfd79?s=96&d=mm&r=g\",\"caption\":\"admin\"},\"url\":\"https:\/\/www.prijedordanas.com\/?author=1\"}]}<\/script>\n<!-- \/ Yoast SEO plugin. -->","yoast_head_json":{"title":"PONOVO REDUKCIJE VODE U POJEDINIM PRIJEDORSKIM NASELJIMA - PrijedorDanas.com - Prijedorski gradski portal","robots":{"index":"index","follow":"follow","max-snippet":"max-snippet:-1","max-image-preview":"max-image-preview:large","max-video-preview":"max-video-preview:-1"},"canonical":"https:\/\/www.prijedordanas.com\/?p=27416","og_locale":"en_US","og_type":"article","og_title":"PONOVO REDUKCIJE VODE U POJEDINIM PRIJEDORSKIM NASELJIMA - PrijedorDanas.com - Prijedorski gradski portal","og_description":"Zbog visokih temperatura i prevelike potro\u0161nje vode, \u201eVodovod\u201c Prijedor \u0107e od danas, 10. avgusta 2015. godine, ponovo uvesti redukcije u isporuci vode na podru\u010dju Donje Ljubije, Kami\u010dana, Trnopolja, Hrni\u0107a i [&hellip;]","og_url":"https:\/\/www.prijedordanas.com\/?p=27416","og_site_name":"PrijedorDanas.com - Prijedorski gradski portal","article_publisher":"https:\/\/www.facebook.com\/PrijedorDanasCom\/","article_published_time":"2015-08-10T20:28:56+00:00","og_image":[{"url":"https:\/\/www.prijedordanas.com\/wp-content\/uploads\/2015\/08\/nestanak-vode-ilustracija1-300x173.jpg"}],"author":"admin","twitter_card":"summary_large_image","twitter_misc":{"Written by":"admin","Est. reading time":"1 minute"},"schema":{"@context":"https:\/\/schema.org","@graph":[{"@type":"Article","@id":"https:\/\/www.prijedordanas.com\/?p=27416#article","isPartOf":{"@id":"https:\/\/www.prijedordanas.com\/?p=27416"},"author":{"name":"admin","@id":"https:\/\/www.prijedordanas.com\/#\/schema\/person\/4e08ccf29b506ca916ff86d46bb700e6"},"headline":"PONOVO REDUKCIJE VODE U POJEDINIM PRIJEDORSKIM NASELJIMA","datePublished":"2015-08-10T20:28:56+00:00","dateModified":"2015-08-10T20:28:56+00:00","mainEntityOfPage":{"@id":"https:\/\/www.prijedordanas.com\/?p=27416"},"wordCount":174,"publisher":{"@id":"https:\/\/www.prijedordanas.com\/#organization"},"keywords":["redukcija","voda","vodosnabdijevanje"],"articleSection":["Dru\u0161tvo"],"inLanguage":"en-US"},{"@type":"WebPage","@id":"https:\/\/www.prijedordanas.com\/?p=27416","url":"https:\/\/www.prijedordanas.com\/?p=27416","name":"PONOVO REDUKCIJE VODE U POJEDINIM PRIJEDORSKIM NASELJIMA - PrijedorDanas.com - Prijedorski gradski portal","isPartOf":{"@id":"https:\/\/www.prijedordanas.com\/#website"},"datePublished":"2015-08-10T20:28:56+00:00","dateModified":"2015-08-10T20:28:56+00:00","breadcrumb":{"@id":"https:\/\/www.prijedordanas.com\/?p=27416#breadcrumb"},"inLanguage":"en-US","potentialAction":[{"@type":"ReadAction","target":["https:\/\/www.prijedordanas.com\/?p=27416"]}]},{"@type":"BreadcrumbList","@id":"https:\/\/www.prijedordanas.com\/?p=27416#breadcrumb","itemListElement":[{"@type":"ListItem","position":1,"name":"Home","item":"https:\/\/www.prijedordanas.com\/"},{"@type":"ListItem","position":2,"name":"PONOVO REDUKCIJE VODE U POJEDINIM PRIJEDORSKIM NASELJIMA"}]},{"@type":"WebSite","@id":"https:\/\/www.prijedordanas.com\/#website","url":"https:\/\/www.prijedordanas.com\/","name":"PrijedorDanas.com - Prijedorski gradski portal","description":"Portal o doga\u0111anjima u gradu Prijedoru","publisher":{"@id":"https:\/\/www.prijedordanas.com\/#organization"},"potentialAction":[{"@type":"SearchAction","target":{"@type":"EntryPoint","urlTemplate":"https:\/\/www.prijedordanas.com\/?s={search_term_string}"},"query-input":"required name=search_term_string"}],"inLanguage":"en-US"},{"@type":"Organization","@id":"https:\/\/www.prijedordanas.com\/#organization","name":"PrijedorDanas.com","url":"https:\/\/www.prijedordanas.com\/","logo":{"@type":"ImageObject","inLanguage":"en-US","@id":"https:\/\/www.prijedordanas.com\/#\/schema\/logo\/image\/","url":"http:\/\/www.prijedordanas.com\/wp-content\/uploads\/2021\/12\/logopng.png","contentUrl":"http:\/\/www.prijedordanas.com\/wp-content\/uploads\/2021\/12\/logopng.png","width":1019,"height":776,"caption":"PrijedorDanas.com"},"image":{"@id":"https:\/\/www.prijedordanas.com\/#\/schema\/logo\/image\/"},"sameAs":["https:\/\/www.facebook.com\/PrijedorDanasCom\/"]},{"@type":"Person","@id":"https:\/\/www.prijedordanas.com\/#\/schema\/person\/4e08ccf29b506ca916ff86d46bb700e6","name":"admin","image":{"@type":"ImageObject","inLanguage":"en-US","@id":"https:\/\/www.prijedordanas.com\/#\/schema\/person\/image\/","url":"https:\/\/secure.gravatar.com\/avatar\/1d3fc949d550f0b53a5f0d51e06dfd79?s=96&d=mm&r=g","contentUrl":"https:\/\/secure.gravatar.com\/avatar\/1d3fc949d550f0b53a5f0d51e06dfd79?s=96&d=mm&r=g","caption":"admin"},"url":"https:\/\/www.prijedordanas.com\/?author=1"}]}},"_links":{"self":[{"href":"https:\/\/www.prijedordanas.com\/index.php?rest_route=\/wp\/v2\/posts\/27416"}],"collection":[{"href":"https:\/\/www.prijedordanas.com\/index.php?rest_route=\/wp\/v2\/posts"}],"about":[{"href":"https:\/\/www.prijedordanas.com\/index.php?rest_route=\/wp\/v2\/types\/post"}],"author":[{"embeddable":true,"href":"https:\/\/www.prijedordanas.com\/index.php?rest_route=\/wp\/v2\/users\/1"}],"replies":[{"embeddable":true,"href":"https:\/\/www.prijedordanas.com\/index.php?rest_route=%2Fwp%2Fv2%2Fcomments&post=27416"}],"version-history":[{"count":1,"href":"https:\/\/www.prijedordanas.com\/index.php?rest_route=\/wp\/v2\/posts\/27416\/revisions"}],"predecessor-version":[{"id":27417,"href":"https:\/\/www.prijedordanas.com\/index.php?rest_route=\/wp\/v2\/posts\/27416\/revisions\/27417"}],"wp:attachment":[{"href":"https:\/\/www.prijedordanas.com\/index.php?rest_route=%2Fwp%2Fv2%2Fmedia&parent=27416"}],"wp:term":[{"taxonomy":"category","embeddable":true,"href":"https:\/\/www.prijedordanas.com\/index.php?rest_route=%2Fwp%2Fv2%2Fcategories&post=27416"},{"taxonomy":"post_tag","embeddable":true,"href":"https:\/\/www.prijedordanas.com\/index.php?rest_route=%2Fwp%2Fv2%2Ftags&post=27416"}],"curies":[{"name":"wp","href":"https:\/\/api.w.org\/{rel}","templated":true}]}}