{"id":273671,"date":"2026-07-22T16:49:57","date_gmt":"2026-07-22T14:49:57","guid":{"rendered":"https:\/\/www.prijedordanas.com\/?p=273671"},"modified":"2026-07-22T16:49:57","modified_gmt":"2026-07-22T14:49:57","slug":"savremena-sportska-dvorana-u-omarskoj-pri-samom-zavrsetku-foto-video","status":"publish","type":"post","link":"https:\/\/www.prijedordanas.com\/?p=273671","title":{"rendered":"Savremena sportska dvorana u Omarskoj pri samom zavr\u0161etku &#8211; FOTO\/VIDEO"},"content":{"rendered":"<p><a href=\"https:\/\/www.prijedordanas.com\/wp-content\/uploads\/2026\/07\/dvorana-omarska-juli2026-2.jpg\"><img loading=\"lazy\" decoding=\"async\" class=\"alignleft size-medium wp-image-273672\" src=\"https:\/\/www.prijedordanas.com\/wp-content\/uploads\/2026\/07\/dvorana-omarska-juli2026-2-300x225.jpg\" alt=\"\" width=\"300\" height=\"225\" srcset=\"https:\/\/www.prijedordanas.com\/wp-content\/uploads\/2026\/07\/dvorana-omarska-juli2026-2-300x225.jpg 300w, https:\/\/www.prijedordanas.com\/wp-content\/uploads\/2026\/07\/dvorana-omarska-juli2026-2-640x480.jpg 640w, https:\/\/www.prijedordanas.com\/wp-content\/uploads\/2026\/07\/dvorana-omarska-juli2026-2.jpg 667w\" sizes=\"(max-width: 300px) 100vw, 300px\" \/><\/a>Gradona\u010delnik Prijedora Slobodan Javor obi\u0161ao je zavr\u0161ne radove na izgradnji Sportske dvorane u Omarskoj.<\/p>\n<p>Savremena dvorana se gradi zajedni\u010dkim sredstvima Vlada Srbije i Republike Srpske, Kabineta predsjednika Republike Srpske i Grada Prijedora.<\/p>\n<p>\u201cPrva faza radova je iznosila oko 600.000 KM. Dio sredstava obezbijedila je Vlada Srbije, a dio Grad Prijedor. Za drugu fazu radova Vlada Republike Srpske izdvojila je 2.000.000 KM, zatim 500.000 KM za unutra\u0161nje ure\u0111enje po najsavremenijim standardima sa svim mogu\u0107im licencama. U ovoj dvorani se mo\u017ee igrati Euro liga kada govorimo o ko\u0161arci, ispunili smo sve potrebne uslove za to. Slijedi vanjsko ure\u0111enje, odnosno parking prostora. Grad je za te namjene izdvojio 1.169.000 KM. Radovi \u0107e biti zavr\u0161eni za najdalje mjesec dana, kada planiramo sve\u010dano da otvorimo Sportsku dvoranu\u201d, rekao je Javor.<\/p>\n<p><a href=\"https:\/\/www.prijedordanas.com\/wp-content\/uploads\/2026\/07\/kozarski-dvorana-omarska-juli2026-1.jpg\"><img loading=\"lazy\" decoding=\"async\" class=\"alignleft size-medium wp-image-273673\" src=\"https:\/\/www.prijedordanas.com\/wp-content\/uploads\/2026\/07\/kozarski-dvorana-omarska-juli2026-1-300x225.jpg\" alt=\"\" width=\"300\" height=\"225\" srcset=\"https:\/\/www.prijedordanas.com\/wp-content\/uploads\/2026\/07\/kozarski-dvorana-omarska-juli2026-1-300x225.jpg 300w, https:\/\/www.prijedordanas.com\/wp-content\/uploads\/2026\/07\/kozarski-dvorana-omarska-juli2026-1-640x480.jpg 640w, https:\/\/www.prijedordanas.com\/wp-content\/uploads\/2026\/07\/kozarski-dvorana-omarska-juli2026-1.jpg 667w\" sizes=\"(max-width: 300px) 100vw, 300px\" \/><\/a>Sportska dvorana \u0107e prvenstveno slu\u017eiti u\u010denicima Osnovne \u0161kole \u201cVuk Karad\u017ei\u0107\u201d, kao i brojnim rekreativcima i stanovnicima ovog kraja.<\/p>\n<p>\u201cIzuzetno zna\u010dajan objekat za na\u0161e mjesto, ne samo \u0161to \u0107e doprinijeti razvoju sporta, ve\u0107 i nastavi fizi\u010dkog vaspitanja u na\u0161oj \u0161koli. Bi\u0107e od velike koristi i FK \u201cOmarska\u201d koji se takmi\u010di u Prvoj ligi RS, kao i za ponovno pokretanje ko\u0161arka\u0161kog kluba u na\u0161em mjestu\u201d, rekao je Sr\u0111an Janji\u0107, nastavnik fizi\u010dkog vaspitanja u O\u0160 \u201cVuk Karad\u017ei\u0107\u201d.<\/p>\n<p>Zna\u010di\u0107e i sportskim kolektivima, prije svega Fudbalskom klubu \u201cOmarska\u201d.<\/p>\n<p>\u201cPostojimo 53 godine i nikada nismo mogli zimske pripreme obaviti kvalitetno, jer nismo imali ovakav prostor. Zahvaljuju\u0107i novoj dvorani ima\u0107emo bolje uslove za treninge\u201d, dodao je Svetozar Krecelj, predsjednik FK \u201cOmarska\u201d.<\/p>\n<p><a href=\"https:\/\/www.prijedordanas.com\/wp-content\/uploads\/2026\/07\/kozarski-dvorana-omarska-juli2026-2.jpg\"><img loading=\"lazy\" decoding=\"async\" src=\"https:\/\/www.prijedordanas.com\/wp-content\/uploads\/2026\/07\/kozarski-dvorana-omarska-juli2026-2-300x186.jpg\" alt=\"\" width=\"300\" height=\"186\" class=\"alignleft size-medium wp-image-273674\" srcset=\"https:\/\/www.prijedordanas.com\/wp-content\/uploads\/2026\/07\/kozarski-dvorana-omarska-juli2026-2-300x186.jpg 300w, https:\/\/www.prijedordanas.com\/wp-content\/uploads\/2026\/07\/kozarski-dvorana-omarska-juli2026-2.jpg 600w\" sizes=\"(max-width: 300px) 100vw, 300px\" \/><\/a>Ovo je samo jedan u nizu projekata koji se trenutno realizuju u Omarskoj.<\/p>\n<p>U toku je izgradnja savremenog pomo\u0107nog fudbalskog terena sa vje\u0161ta\u010dkom travom. Istovremeno se ula\u017ee i u komunalnu infrastrukturu.<\/p>\n<p>\u201cIzra\u0111ena je prva faza kanalizacione mre\u017ee u iznosu od 1.000.000 KM, Grad je obezbijedio i dodatnih 1.000.000 KM za novu kanalizacionu mre\u017eu prema novoj industrijskoj zoni. Grad je pomogao i izgradnju parohijske sale u Omarskoj. Podr\u0161ka FK \u201cOmarska\u201d svakako ne\u0107e izostati u narednom periodu\u201d, dodao je gradona\u010delnik Slobodan Javor.<\/p>\n<p>Iz Gradske uprave poru\u010duju da \u0107e i u narednom periodu nastaviti razgovore sa stanovnicima ostalih mjesnih zajednica kako bi zajedni\u010dki definisali nove razvojne prioritete.<\/p>\n<p><a href=\"https:\/\/kozarski.com\/savremena-sportska-dvorana-u-omarskoj-pri-samom-zavrsetku\/\" target=\"_blank\" rel=\"noopener\">kozarski.com<\/a><br \/>\n<iframe loading=\"lazy\" title=\"SAVREMENA SPORTSKA DVORANA U OMARSKOJ PRI SAMOM ZAVR\u0160ETKU\" width=\"500\" height=\"281\" src=\"https:\/\/www.youtube.com\/embed\/x_bs_M-BtOk?feature=oembed\" frameborder=\"0\" allow=\"accelerometer; autoplay; clipboard-write; encrypted-media; gyroscope; picture-in-picture; web-share\" referrerpolicy=\"strict-origin-when-cross-origin\" allowfullscreen><\/iframe><\/p>\n<p><a href=\"https:\/\/www.prijedordanas.com\/wp-content\/uploads\/2026\/07\/dvorana-omarska-juli2026-3.jpg\"><img loading=\"lazy\" decoding=\"async\" src=\"https:\/\/www.prijedordanas.com\/wp-content\/uploads\/2026\/07\/dvorana-omarska-juli2026-3-300x225.jpg\" alt=\"\" width=\"300\" height=\"225\" class=\"alignleft size-medium wp-image-273675\" srcset=\"https:\/\/www.prijedordanas.com\/wp-content\/uploads\/2026\/07\/dvorana-omarska-juli2026-3-300x225.jpg 300w, https:\/\/www.prijedordanas.com\/wp-content\/uploads\/2026\/07\/dvorana-omarska-juli2026-3-640x480.jpg 640w, https:\/\/www.prijedordanas.com\/wp-content\/uploads\/2026\/07\/dvorana-omarska-juli2026-3.jpg 667w\" sizes=\"(max-width: 300px) 100vw, 300px\" \/><\/a> <a href=\"https:\/\/www.prijedordanas.com\/wp-content\/uploads\/2026\/07\/dvorana-omarska-juli2026-1.jpg\"><img loading=\"lazy\" decoding=\"async\" src=\"https:\/\/www.prijedordanas.com\/wp-content\/uploads\/2026\/07\/dvorana-omarska-juli2026-1-300x225.jpg\" alt=\"\" width=\"300\" height=\"225\" class=\"alignleft size-medium wp-image-273676\" srcset=\"https:\/\/www.prijedordanas.com\/wp-content\/uploads\/2026\/07\/dvorana-omarska-juli2026-1-300x225.jpg 300w, https:\/\/www.prijedordanas.com\/wp-content\/uploads\/2026\/07\/dvorana-omarska-juli2026-1-640x480.jpg 640w, https:\/\/www.prijedordanas.com\/wp-content\/uploads\/2026\/07\/dvorana-omarska-juli2026-1.jpg 667w\" sizes=\"(max-width: 300px) 100vw, 300px\" \/><\/a> <a href=\"https:\/\/www.prijedordanas.com\/wp-content\/uploads\/2026\/07\/dvorana-omarska-juli2026-5.jpg\"><img loading=\"lazy\" decoding=\"async\" src=\"https:\/\/www.prijedordanas.com\/wp-content\/uploads\/2026\/07\/dvorana-omarska-juli2026-5-300x225.jpg\" alt=\"\" width=\"300\" height=\"225\" class=\"alignleft size-medium wp-image-273677\" srcset=\"https:\/\/www.prijedordanas.com\/wp-content\/uploads\/2026\/07\/dvorana-omarska-juli2026-5-300x225.jpg 300w, https:\/\/www.prijedordanas.com\/wp-content\/uploads\/2026\/07\/dvorana-omarska-juli2026-5.jpg 600w\" sizes=\"(max-width: 300px) 100vw, 300px\" \/><\/a> <a href=\"https:\/\/www.prijedordanas.com\/wp-content\/uploads\/2026\/07\/dvorana-omarska-juli2026-4.jpg\"><img loading=\"lazy\" decoding=\"async\" src=\"https:\/\/www.prijedordanas.com\/wp-content\/uploads\/2026\/07\/dvorana-omarska-juli2026-4-300x225.jpg\" alt=\"\" width=\"300\" height=\"225\" class=\"alignleft size-medium wp-image-273678\" srcset=\"https:\/\/www.prijedordanas.com\/wp-content\/uploads\/2026\/07\/dvorana-omarska-juli2026-4-300x225.jpg 300w, https:\/\/www.prijedordanas.com\/wp-content\/uploads\/2026\/07\/dvorana-omarska-juli2026-4.jpg 600w\" sizes=\"(max-width: 300px) 100vw, 300px\" \/><\/a><\/p>\n<p><iframe loading=\"lazy\" title=\"SAVREMENA SPORTSKA DVORANA U OMARSKOJ PRI SAMOM ZAVR\u0160ETKU\" width=\"500\" height=\"281\" src=\"https:\/\/www.youtube.com\/embed\/x_bs_M-BtOk?feature=oembed\" frameborder=\"0\" allow=\"accelerometer; autoplay; clipboard-write; encrypted-media; gyroscope; picture-in-picture; web-share\" referrerpolicy=\"strict-origin-when-cross-origin\" allowfullscreen><\/iframe><\/p>\n","protected":false},"excerpt":{"rendered":"<p>Gradona\u010delnik Prijedora Slobodan Javor obi\u0161ao je zavr\u0161ne radove na izgradnji Sportske dvorane u Omarskoj. Savremena dvorana se gradi zajedni\u010dkim sredstvima Vlada Srbije i Republike Srpske, Kabineta predsjednika Republike Srpske i [&hellip;]<\/p>\n","protected":false},"author":1,"featured_media":0,"comment_status":"closed","ping_status":"open","sticky":false,"template":"","format":"standard","meta":{"_monsterinsights_skip_tracking":false,"_monsterinsights_sitenote_active":false,"_monsterinsights_sitenote_note":"","_monsterinsights_sitenote_category":0,"footnotes":""},"categories":[4,7],"tags":[],"yoast_head":"<!-- This site is optimized with the Yoast SEO plugin v21.6 - https:\/\/yoast.com\/wordpress\/plugins\/seo\/ -->\n<title>Savremena sportska dvorana u Omarskoj pri samom zavr\u0161etku - FOTO\/VIDEO - PrijedorDanas.com - Prijedorski gradski portal<\/title>\n<meta name=\"robots\" content=\"index, follow, max-snippet:-1, max-image-preview:large, max-video-preview:-1\" \/>\n<link rel=\"canonical\" href=\"https:\/\/www.prijedordanas.com\/?p=273671\" \/>\n<meta property=\"og:locale\" content=\"en_US\" \/>\n<meta property=\"og:type\" content=\"article\" \/>\n<meta property=\"og:title\" content=\"Savremena sportska dvorana u Omarskoj pri samom zavr\u0161etku - FOTO\/VIDEO - PrijedorDanas.com - Prijedorski gradski portal\" \/>\n<meta property=\"og:description\" content=\"Gradona\u010delnik Prijedora Slobodan Javor obi\u0161ao je zavr\u0161ne radove na izgradnji Sportske dvorane u Omarskoj. Savremena dvorana se gradi zajedni\u010dkim sredstvima Vlada Srbije i Republike Srpske, Kabineta predsjednika Republike Srpske i [&hellip;]\" \/>\n<meta property=\"og:url\" content=\"https:\/\/www.prijedordanas.com\/?p=273671\" \/>\n<meta property=\"og:site_name\" content=\"PrijedorDanas.com - Prijedorski gradski portal\" \/>\n<meta property=\"article:publisher\" content=\"https:\/\/www.facebook.com\/PrijedorDanasCom\/\" \/>\n<meta property=\"article:published_time\" content=\"2026-07-22T14:49:57+00:00\" \/>\n<meta property=\"og:image\" content=\"https:\/\/www.prijedordanas.com\/wp-content\/uploads\/2026\/07\/dvorana-omarska-juli2026-2-300x225.jpg\" \/>\n<meta name=\"author\" content=\"admin\" \/>\n<meta name=\"twitter:card\" content=\"summary_large_image\" \/>\n<meta name=\"twitter:label1\" content=\"Written by\" \/>\n\t<meta name=\"twitter:data1\" content=\"admin\" \/>\n\t<meta name=\"twitter:label2\" content=\"Est. reading time\" \/>\n\t<meta name=\"twitter:data2\" content=\"2 minutes\" \/>\n<script type=\"application\/ld+json\" class=\"yoast-schema-graph\">{\"@context\":\"https:\/\/schema.org\",\"@graph\":[{\"@type\":\"Article\",\"@id\":\"https:\/\/www.prijedordanas.com\/?p=273671#article\",\"isPartOf\":{\"@id\":\"https:\/\/www.prijedordanas.com\/?p=273671\"},\"author\":{\"name\":\"admin\",\"@id\":\"https:\/\/www.prijedordanas.com\/#\/schema\/person\/4e08ccf29b506ca916ff86d46bb700e6\"},\"headline\":\"Savremena sportska dvorana u Omarskoj pri samom zavr\u0161etku &#8211; FOTO\/VIDEO\",\"datePublished\":\"2026-07-22T14:49:57+00:00\",\"dateModified\":\"2026-07-22T14:49:57+00:00\",\"mainEntityOfPage\":{\"@id\":\"https:\/\/www.prijedordanas.com\/?p=273671\"},\"wordCount\":414,\"publisher\":{\"@id\":\"https:\/\/www.prijedordanas.com\/#organization\"},\"articleSection\":[\"Dru\u0161tvo\",\"Sport\"],\"inLanguage\":\"en-US\"},{\"@type\":\"WebPage\",\"@id\":\"https:\/\/www.prijedordanas.com\/?p=273671\",\"url\":\"https:\/\/www.prijedordanas.com\/?p=273671\",\"name\":\"Savremena sportska dvorana u Omarskoj pri samom zavr\u0161etku - FOTO\/VIDEO - PrijedorDanas.com - Prijedorski gradski portal\",\"isPartOf\":{\"@id\":\"https:\/\/www.prijedordanas.com\/#website\"},\"datePublished\":\"2026-07-22T14:49:57+00:00\",\"dateModified\":\"2026-07-22T14:49:57+00:00\",\"breadcrumb\":{\"@id\":\"https:\/\/www.prijedordanas.com\/?p=273671#breadcrumb\"},\"inLanguage\":\"en-US\",\"potentialAction\":[{\"@type\":\"ReadAction\",\"target\":[\"https:\/\/www.prijedordanas.com\/?p=273671\"]}]},{\"@type\":\"BreadcrumbList\",\"@id\":\"https:\/\/www.prijedordanas.com\/?p=273671#breadcrumb\",\"itemListElement\":[{\"@type\":\"ListItem\",\"position\":1,\"name\":\"Home\",\"item\":\"https:\/\/www.prijedordanas.com\/\"},{\"@type\":\"ListItem\",\"position\":2,\"name\":\"Savremena sportska dvorana u Omarskoj pri samom zavr\u0161etku &#8211; FOTO\/VIDEO\"}]},{\"@type\":\"WebSite\",\"@id\":\"https:\/\/www.prijedordanas.com\/#website\",\"url\":\"https:\/\/www.prijedordanas.com\/\",\"name\":\"PrijedorDanas.com - Prijedorski gradski portal\",\"description\":\"Portal o doga\u0111anjima u gradu Prijedoru\",\"publisher\":{\"@id\":\"https:\/\/www.prijedordanas.com\/#organization\"},\"potentialAction\":[{\"@type\":\"SearchAction\",\"target\":{\"@type\":\"EntryPoint\",\"urlTemplate\":\"https:\/\/www.prijedordanas.com\/?s={search_term_string}\"},\"query-input\":\"required name=search_term_string\"}],\"inLanguage\":\"en-US\"},{\"@type\":\"Organization\",\"@id\":\"https:\/\/www.prijedordanas.com\/#organization\",\"name\":\"PrijedorDanas.com\",\"url\":\"https:\/\/www.prijedordanas.com\/\",\"logo\":{\"@type\":\"ImageObject\",\"inLanguage\":\"en-US\",\"@id\":\"https:\/\/www.prijedordanas.com\/#\/schema\/logo\/image\/\",\"url\":\"http:\/\/www.prijedordanas.com\/wp-content\/uploads\/2021\/12\/logopng.png\",\"contentUrl\":\"http:\/\/www.prijedordanas.com\/wp-content\/uploads\/2021\/12\/logopng.png\",\"width\":1019,\"height\":776,\"caption\":\"PrijedorDanas.com\"},\"image\":{\"@id\":\"https:\/\/www.prijedordanas.com\/#\/schema\/logo\/image\/\"},\"sameAs\":[\"https:\/\/www.facebook.com\/PrijedorDanasCom\/\"]},{\"@type\":\"Person\",\"@id\":\"https:\/\/www.prijedordanas.com\/#\/schema\/person\/4e08ccf29b506ca916ff86d46bb700e6\",\"name\":\"admin\",\"image\":{\"@type\":\"ImageObject\",\"inLanguage\":\"en-US\",\"@id\":\"https:\/\/www.prijedordanas.com\/#\/schema\/person\/image\/\",\"url\":\"https:\/\/secure.gravatar.com\/avatar\/1d3fc949d550f0b53a5f0d51e06dfd79?s=96&d=mm&r=g\",\"contentUrl\":\"https:\/\/secure.gravatar.com\/avatar\/1d3fc949d550f0b53a5f0d51e06dfd79?s=96&d=mm&r=g\",\"caption\":\"admin\"},\"url\":\"https:\/\/www.prijedordanas.com\/?author=1\"}]}<\/script>\n<!-- \/ Yoast SEO plugin. -->","yoast_head_json":{"title":"Savremena sportska dvorana u Omarskoj pri samom zavr\u0161etku - FOTO\/VIDEO - PrijedorDanas.com - Prijedorski gradski portal","robots":{"index":"index","follow":"follow","max-snippet":"max-snippet:-1","max-image-preview":"max-image-preview:large","max-video-preview":"max-video-preview:-1"},"canonical":"https:\/\/www.prijedordanas.com\/?p=273671","og_locale":"en_US","og_type":"article","og_title":"Savremena sportska dvorana u Omarskoj pri samom zavr\u0161etku - FOTO\/VIDEO - PrijedorDanas.com - Prijedorski gradski portal","og_description":"Gradona\u010delnik Prijedora Slobodan Javor obi\u0161ao je zavr\u0161ne radove na izgradnji Sportske dvorane u Omarskoj. Savremena dvorana se gradi zajedni\u010dkim sredstvima Vlada Srbije i Republike Srpske, Kabineta predsjednika Republike Srpske i [&hellip;]","og_url":"https:\/\/www.prijedordanas.com\/?p=273671","og_site_name":"PrijedorDanas.com - Prijedorski gradski portal","article_publisher":"https:\/\/www.facebook.com\/PrijedorDanasCom\/","article_published_time":"2026-07-22T14:49:57+00:00","og_image":[{"url":"https:\/\/www.prijedordanas.com\/wp-content\/uploads\/2026\/07\/dvorana-omarska-juli2026-2-300x225.jpg"}],"author":"admin","twitter_card":"summary_large_image","twitter_misc":{"Written by":"admin","Est. reading time":"2 minutes"},"schema":{"@context":"https:\/\/schema.org","@graph":[{"@type":"Article","@id":"https:\/\/www.prijedordanas.com\/?p=273671#article","isPartOf":{"@id":"https:\/\/www.prijedordanas.com\/?p=273671"},"author":{"name":"admin","@id":"https:\/\/www.prijedordanas.com\/#\/schema\/person\/4e08ccf29b506ca916ff86d46bb700e6"},"headline":"Savremena sportska dvorana u Omarskoj pri samom zavr\u0161etku &#8211; FOTO\/VIDEO","datePublished":"2026-07-22T14:49:57+00:00","dateModified":"2026-07-22T14:49:57+00:00","mainEntityOfPage":{"@id":"https:\/\/www.prijedordanas.com\/?p=273671"},"wordCount":414,"publisher":{"@id":"https:\/\/www.prijedordanas.com\/#organization"},"articleSection":["Dru\u0161tvo","Sport"],"inLanguage":"en-US"},{"@type":"WebPage","@id":"https:\/\/www.prijedordanas.com\/?p=273671","url":"https:\/\/www.prijedordanas.com\/?p=273671","name":"Savremena sportska dvorana u Omarskoj pri samom zavr\u0161etku - FOTO\/VIDEO - PrijedorDanas.com - Prijedorski gradski portal","isPartOf":{"@id":"https:\/\/www.prijedordanas.com\/#website"},"datePublished":"2026-07-22T14:49:57+00:00","dateModified":"2026-07-22T14:49:57+00:00","breadcrumb":{"@id":"https:\/\/www.prijedordanas.com\/?p=273671#breadcrumb"},"inLanguage":"en-US","potentialAction":[{"@type":"ReadAction","target":["https:\/\/www.prijedordanas.com\/?p=273671"]}]},{"@type":"BreadcrumbList","@id":"https:\/\/www.prijedordanas.com\/?p=273671#breadcrumb","itemListElement":[{"@type":"ListItem","position":1,"name":"Home","item":"https:\/\/www.prijedordanas.com\/"},{"@type":"ListItem","position":2,"name":"Savremena sportska dvorana u Omarskoj pri samom zavr\u0161etku &#8211; FOTO\/VIDEO"}]},{"@type":"WebSite","@id":"https:\/\/www.prijedordanas.com\/#website","url":"https:\/\/www.prijedordanas.com\/","name":"PrijedorDanas.com - Prijedorski gradski portal","description":"Portal o doga\u0111anjima u gradu Prijedoru","publisher":{"@id":"https:\/\/www.prijedordanas.com\/#organization"},"potentialAction":[{"@type":"SearchAction","target":{"@type":"EntryPoint","urlTemplate":"https:\/\/www.prijedordanas.com\/?s={search_term_string}"},"query-input":"required name=search_term_string"}],"inLanguage":"en-US"},{"@type":"Organization","@id":"https:\/\/www.prijedordanas.com\/#organization","name":"PrijedorDanas.com","url":"https:\/\/www.prijedordanas.com\/","logo":{"@type":"ImageObject","inLanguage":"en-US","@id":"https:\/\/www.prijedordanas.com\/#\/schema\/logo\/image\/","url":"http:\/\/www.prijedordanas.com\/wp-content\/uploads\/2021\/12\/logopng.png","contentUrl":"http:\/\/www.prijedordanas.com\/wp-content\/uploads\/2021\/12\/logopng.png","width":1019,"height":776,"caption":"PrijedorDanas.com"},"image":{"@id":"https:\/\/www.prijedordanas.com\/#\/schema\/logo\/image\/"},"sameAs":["https:\/\/www.facebook.com\/PrijedorDanasCom\/"]},{"@type":"Person","@id":"https:\/\/www.prijedordanas.com\/#\/schema\/person\/4e08ccf29b506ca916ff86d46bb700e6","name":"admin","image":{"@type":"ImageObject","inLanguage":"en-US","@id":"https:\/\/www.prijedordanas.com\/#\/schema\/person\/image\/","url":"https:\/\/secure.gravatar.com\/avatar\/1d3fc949d550f0b53a5f0d51e06dfd79?s=96&d=mm&r=g","contentUrl":"https:\/\/secure.gravatar.com\/avatar\/1d3fc949d550f0b53a5f0d51e06dfd79?s=96&d=mm&r=g","caption":"admin"},"url":"https:\/\/www.prijedordanas.com\/?author=1"}]}},"_links":{"self":[{"href":"https:\/\/www.prijedordanas.com\/index.php?rest_route=\/wp\/v2\/posts\/273671"}],"collection":[{"href":"https:\/\/www.prijedordanas.com\/index.php?rest_route=\/wp\/v2\/posts"}],"about":[{"href":"https:\/\/www.prijedordanas.com\/index.php?rest_route=\/wp\/v2\/types\/post"}],"author":[{"embeddable":true,"href":"https:\/\/www.prijedordanas.com\/index.php?rest_route=\/wp\/v2\/users\/1"}],"replies":[{"embeddable":true,"href":"https:\/\/www.prijedordanas.com\/index.php?rest_route=%2Fwp%2Fv2%2Fcomments&post=273671"}],"version-history":[{"count":1,"href":"https:\/\/www.prijedordanas.com\/index.php?rest_route=\/wp\/v2\/posts\/273671\/revisions"}],"predecessor-version":[{"id":273679,"href":"https:\/\/www.prijedordanas.com\/index.php?rest_route=\/wp\/v2\/posts\/273671\/revisions\/273679"}],"wp:attachment":[{"href":"https:\/\/www.prijedordanas.com\/index.php?rest_route=%2Fwp%2Fv2%2Fmedia&parent=273671"}],"wp:term":[{"taxonomy":"category","embeddable":true,"href":"https:\/\/www.prijedordanas.com\/index.php?rest_route=%2Fwp%2Fv2%2Fcategories&post=273671"},{"taxonomy":"post_tag","embeddable":true,"href":"https:\/\/www.prijedordanas.com\/index.php?rest_route=%2Fwp%2Fv2%2Ftags&post=273671"}],"curies":[{"name":"wp","href":"https:\/\/api.w.org\/{rel}","templated":true}]}}