{"id":273624,"date":"2026-07-21T16:26:20","date_gmt":"2026-07-21T14:26:20","guid":{"rendered":"https:\/\/www.prijedordanas.com\/?p=273624"},"modified":"2026-07-21T16:26:20","modified_gmt":"2026-07-21T14:26:20","slug":"dobrovoljno-penzijsko-osiguranje-sve-popularnije-u-prijedoru-minimalnom-stednjom-do-vece-penzije-video","status":"publish","type":"post","link":"https:\/\/www.prijedordanas.com\/?p=273624","title":{"rendered":"Dobrovoljno penzijsko osiguranje sve popularnije u Prijedoru: Minimalnom \u0161tednjom do ve\u0107e penzije &#8211; VIDEO"},"content":{"rendered":"<p><a href=\"https:\/\/www.prijedordanas.com\/wp-content\/uploads\/2026\/07\/epf.jpg\"><img loading=\"lazy\" decoding=\"async\" class=\"alignleft size-medium wp-image-273625\" src=\"https:\/\/www.prijedordanas.com\/wp-content\/uploads\/2026\/07\/epf-300x225.jpg\" alt=\"\" width=\"300\" height=\"225\" srcset=\"https:\/\/www.prijedordanas.com\/wp-content\/uploads\/2026\/07\/epf-300x225.jpg 300w, https:\/\/www.prijedordanas.com\/wp-content\/uploads\/2026\/07\/epf-640x480.jpg 640w, https:\/\/www.prijedordanas.com\/wp-content\/uploads\/2026\/07\/epf.jpg 667w\" sizes=\"(max-width: 300px) 100vw, 300px\" \/><\/a>Evropskom dobrovoljnom penzijskom fondu, prvom u Republici Srpskoj i BiH, od osnivanja 2019. godine pa do danas, povjerenje je ukazalo vi\u0161e hiljada \u010dlanova.Ovaj vid osiguranja sve je popularniji i na podru\u010dju regije Prijedor.<\/p>\n<p>Predstavnici Dru\u0161tva za upravljanje Evropskim dobrovoljnim penzionerskim fondom A.D. Banja Luka odr\u017eali su prezentaciju za zaposlene Informativno-poslovnog centra \u201cKozarski vjesnik\u201d, na kojoj su radnicima detaljno predstavljeni benefiti dobrovoljne penzijske \u0161tednje kako za poslodavce, tako i za zaposlene.<\/p>\n<p>Izvr\u0161ni direktor Dru\u0161tva, Zdravko Ze\u010devi\u0107, istakao je da je cilj fonda prije svega briga o standardu radnika u budu\u0107nosti, te da to ne bi bilo mogu\u0107e bez podr\u0161ke poslodavaca koji odlu\u010de da svojim zaposlenima omogu\u0107e \u010dlanstvo u fondu.<\/p>\n<p>\u201eOno \u0161to mi radimo je prije svega usmjereno prema radnicima, ka vo\u0111enju brige o njihovom standardu u budu\u0107nosti. To ne bismo mogli bez poslodavaca. Zahvaljujem se i IPC \u201cKozarskom vjesniku\u201d i svim ostalim kompanijama koje su se do sada uklju\u010dile u sistem\u201d, rekao je Ze\u010devi\u0107.<\/p>\n<p><a href=\"https:\/\/www.prijedordanas.com\/wp-content\/uploads\/2026\/07\/kozarski-epf.jpg\"><img loading=\"lazy\" decoding=\"async\" src=\"https:\/\/www.prijedordanas.com\/wp-content\/uploads\/2026\/07\/kozarski-epf-300x225.jpg\" alt=\"\" width=\"300\" height=\"225\" class=\"alignleft size-medium wp-image-273626\" srcset=\"https:\/\/www.prijedordanas.com\/wp-content\/uploads\/2026\/07\/kozarski-epf-300x225.jpg 300w, https:\/\/www.prijedordanas.com\/wp-content\/uploads\/2026\/07\/kozarski-epf.jpg 600w\" sizes=\"(max-width: 300px) 100vw, 300px\" \/><\/a>Poslodavci koji upla\u0107uju doprinose za dobrovoljno penzijsko osiguranje svojih radnika oslobo\u0111eni su pla\u0107anja poreza i doprinosa na iznos do 100 KM mjese\u010dno po radniku. Dodatno, svaki zaposleni koji ne prima minimalnu, odnosno zagarantovanu platu, ima mogu\u0107nost da dodatno sufinansira sopstvenu \u0161tednju direktno iz bruto plate.<\/p>\n<p>\u201eMislim da je ovo jedna odli\u010dna sinergija prije svega za radnika, jer je on u fokusu. To zna\u010di da \u0161tedi\u0161, \u0161tedi\u0161, \u0161tedi\u0161, pare su tu, a ima\u0161 pravo da ih podigne\u0161. \u010clan fonda sti\u010de pravo na isplatu sredstava sa navr\u0161enih 58 godina \u017eivota, ili ranije, sa 53 godine, uz uslov da ima najmanje 60 upla\u0107enih mjese\u010dnih doprinosa. Zakon predvi\u0111a i mogu\u0107nost ranije isplate u slu\u010daju gubitka radne sposobnosti ili vanrednih tro\u0161kova lije\u010denja. Cilj je da imamo \u0161to vi\u0161e sredstava, da budemo \u0161to relaksiraniji u budu\u0107nosti kada nam novac bude potrebniji nego dok smo, uslovno re\u010deno, mla\u0111i\u201d, poru\u010dio je Ze\u010devi\u0107, dodaju\u0107i da \u0161tednju ne treba posmatrati kao obavezu, ve\u0107 kao odluku kojom se gradi li\u010dna sigurnost, te da svako treba da prona\u0111e sopstvenu unutra\u0161nju motivaciju za takav korak.<\/p>\n<p>Na pitanje sa kim su do sada potpisani ugovori u prijedorskoj regiji, Ze\u010devi\u0107 je istakao da je Grad Prijedor prva lokalna zajednica u Republici Srpskoj koja je uvela penzijski plan za zaposlene \u010dija se plata finansira iz bud\u017eeta. Time su, kako je naveo, obuhva\u0107eni radnici gradske uprave, ali i zaposleni u drugim institucijama koje se finansiraju iz bud\u017eeta Grada.<\/p>\n<p>\u201eTu zaista dugujemo veliku zahvalnost gradona\u010delniku Slobodanu Javoru i cijeloj upravi koja je to prepoznala i omogu\u0107ila svojim radnicima \u010dlanstvo, a koje je podr\u017eano odre\u0111enim iznosom i od strane privatnih firmi\u201d, naveo je Ze\u010devi\u0107.<\/p>\n<p>Pored toga, zna\u010dajan dio korisnika obuhva\u0107en je i penzijskim planom Vlade Republike Srpske, koji uklju\u010duje sve institucije koje se finansiraju direktno iz republi\u010dkog bud\u017eeta osnovne i srednje \u0161kole, sudove, tu\u017eila\u0161tva, kao i Ministarstvo unutra\u0161njih poslova.<\/p>\n<p>Ze\u010devi\u0107 je poru\u010dio da za sada ne raspola\u017ee ta\u010dnim brojem korisnika u prijedorskoj regiji, ali je izrazio nadu da \u0107e taj broj u narednom periodu nastaviti da raste.<\/p>\n<p><a href=\"https:\/\/kozarski.com\/dobrovoljno-penzijsko-osiguranje-sve-popularnije-u-prijedoru-minimalnom-stednjom-do-vece-penzije\/\" target=\"_blank\" rel=\"noopener\">kozarski.com<\/a><\/p>\n<p><iframe loading=\"lazy\" title=\"MINIMALNOM \u0160TEDNJOM DO VE\u0106E PENZIJE\" width=\"500\" height=\"281\" src=\"https:\/\/www.youtube.com\/embed\/WZQVOFcq49k?feature=oembed\" frameborder=\"0\" allow=\"accelerometer; autoplay; clipboard-write; encrypted-media; gyroscope; picture-in-picture; web-share\" referrerpolicy=\"strict-origin-when-cross-origin\" allowfullscreen><\/iframe><\/p>\n","protected":false},"excerpt":{"rendered":"<p>Evropskom dobrovoljnom penzijskom fondu, prvom u Republici Srpskoj i BiH, od osnivanja 2019. godine pa do danas, povjerenje je ukazalo vi\u0161e hiljada \u010dlanova.Ovaj vid osiguranja sve je popularniji i na [&hellip;]<\/p>\n","protected":false},"author":1,"featured_media":0,"comment_status":"closed","ping_status":"open","sticky":false,"template":"","format":"standard","meta":{"_monsterinsights_skip_tracking":false,"_monsterinsights_sitenote_active":false,"_monsterinsights_sitenote_note":"","_monsterinsights_sitenote_category":0,"footnotes":""},"categories":[3],"tags":[],"yoast_head":"<!-- This site is optimized with the Yoast SEO plugin v21.6 - https:\/\/yoast.com\/wordpress\/plugins\/seo\/ -->\n<title>Dobrovoljno penzijsko osiguranje sve popularnije u Prijedoru: Minimalnom \u0161tednjom do ve\u0107e penzije - VIDEO - PrijedorDanas.com - Prijedorski gradski portal<\/title>\n<meta name=\"robots\" content=\"index, follow, max-snippet:-1, max-image-preview:large, max-video-preview:-1\" \/>\n<link rel=\"canonical\" href=\"https:\/\/www.prijedordanas.com\/?p=273624\" \/>\n<meta property=\"og:locale\" content=\"en_US\" \/>\n<meta property=\"og:type\" content=\"article\" \/>\n<meta property=\"og:title\" content=\"Dobrovoljno penzijsko osiguranje sve popularnije u Prijedoru: Minimalnom \u0161tednjom do ve\u0107e penzije - VIDEO - PrijedorDanas.com - Prijedorski gradski portal\" \/>\n<meta property=\"og:description\" content=\"Evropskom dobrovoljnom penzijskom fondu, prvom u Republici Srpskoj i BiH, od osnivanja 2019. godine pa do danas, povjerenje je ukazalo vi\u0161e hiljada \u010dlanova.Ovaj vid osiguranja sve je popularniji i na [&hellip;]\" \/>\n<meta property=\"og:url\" content=\"https:\/\/www.prijedordanas.com\/?p=273624\" \/>\n<meta property=\"og:site_name\" content=\"PrijedorDanas.com - Prijedorski gradski portal\" \/>\n<meta property=\"article:publisher\" content=\"https:\/\/www.facebook.com\/PrijedorDanasCom\/\" \/>\n<meta property=\"article:published_time\" content=\"2026-07-21T14:26:20+00:00\" \/>\n<meta property=\"og:image\" content=\"https:\/\/www.prijedordanas.com\/wp-content\/uploads\/2026\/07\/epf-300x225.jpg\" \/>\n<meta name=\"author\" content=\"admin\" \/>\n<meta name=\"twitter:card\" content=\"summary_large_image\" \/>\n<meta name=\"twitter:label1\" content=\"Written by\" \/>\n\t<meta name=\"twitter:data1\" content=\"admin\" \/>\n\t<meta name=\"twitter:label2\" content=\"Est. reading time\" \/>\n\t<meta name=\"twitter:data2\" content=\"3 minutes\" \/>\n<script type=\"application\/ld+json\" class=\"yoast-schema-graph\">{\"@context\":\"https:\/\/schema.org\",\"@graph\":[{\"@type\":\"Article\",\"@id\":\"https:\/\/www.prijedordanas.com\/?p=273624#article\",\"isPartOf\":{\"@id\":\"https:\/\/www.prijedordanas.com\/?p=273624\"},\"author\":{\"name\":\"admin\",\"@id\":\"https:\/\/www.prijedordanas.com\/#\/schema\/person\/4e08ccf29b506ca916ff86d46bb700e6\"},\"headline\":\"Dobrovoljno penzijsko osiguranje sve popularnije u Prijedoru: Minimalnom \u0161tednjom do ve\u0107e penzije &#8211; VIDEO\",\"datePublished\":\"2026-07-21T14:26:20+00:00\",\"dateModified\":\"2026-07-21T14:26:20+00:00\",\"mainEntityOfPage\":{\"@id\":\"https:\/\/www.prijedordanas.com\/?p=273624\"},\"wordCount\":567,\"publisher\":{\"@id\":\"https:\/\/www.prijedordanas.com\/#organization\"},\"articleSection\":[\"\u017divot\"],\"inLanguage\":\"en-US\"},{\"@type\":\"WebPage\",\"@id\":\"https:\/\/www.prijedordanas.com\/?p=273624\",\"url\":\"https:\/\/www.prijedordanas.com\/?p=273624\",\"name\":\"Dobrovoljno penzijsko osiguranje sve popularnije u Prijedoru: Minimalnom \u0161tednjom do ve\u0107e penzije - VIDEO - PrijedorDanas.com - Prijedorski gradski portal\",\"isPartOf\":{\"@id\":\"https:\/\/www.prijedordanas.com\/#website\"},\"datePublished\":\"2026-07-21T14:26:20+00:00\",\"dateModified\":\"2026-07-21T14:26:20+00:00\",\"breadcrumb\":{\"@id\":\"https:\/\/www.prijedordanas.com\/?p=273624#breadcrumb\"},\"inLanguage\":\"en-US\",\"potentialAction\":[{\"@type\":\"ReadAction\",\"target\":[\"https:\/\/www.prijedordanas.com\/?p=273624\"]}]},{\"@type\":\"BreadcrumbList\",\"@id\":\"https:\/\/www.prijedordanas.com\/?p=273624#breadcrumb\",\"itemListElement\":[{\"@type\":\"ListItem\",\"position\":1,\"name\":\"Home\",\"item\":\"https:\/\/www.prijedordanas.com\/\"},{\"@type\":\"ListItem\",\"position\":2,\"name\":\"Dobrovoljno penzijsko osiguranje sve popularnije u Prijedoru: Minimalnom \u0161tednjom do ve\u0107e penzije &#8211; VIDEO\"}]},{\"@type\":\"WebSite\",\"@id\":\"https:\/\/www.prijedordanas.com\/#website\",\"url\":\"https:\/\/www.prijedordanas.com\/\",\"name\":\"PrijedorDanas.com - Prijedorski gradski portal\",\"description\":\"Portal o doga\u0111anjima u gradu Prijedoru\",\"publisher\":{\"@id\":\"https:\/\/www.prijedordanas.com\/#organization\"},\"potentialAction\":[{\"@type\":\"SearchAction\",\"target\":{\"@type\":\"EntryPoint\",\"urlTemplate\":\"https:\/\/www.prijedordanas.com\/?s={search_term_string}\"},\"query-input\":\"required name=search_term_string\"}],\"inLanguage\":\"en-US\"},{\"@type\":\"Organization\",\"@id\":\"https:\/\/www.prijedordanas.com\/#organization\",\"name\":\"PrijedorDanas.com\",\"url\":\"https:\/\/www.prijedordanas.com\/\",\"logo\":{\"@type\":\"ImageObject\",\"inLanguage\":\"en-US\",\"@id\":\"https:\/\/www.prijedordanas.com\/#\/schema\/logo\/image\/\",\"url\":\"http:\/\/www.prijedordanas.com\/wp-content\/uploads\/2021\/12\/logopng.png\",\"contentUrl\":\"http:\/\/www.prijedordanas.com\/wp-content\/uploads\/2021\/12\/logopng.png\",\"width\":1019,\"height\":776,\"caption\":\"PrijedorDanas.com\"},\"image\":{\"@id\":\"https:\/\/www.prijedordanas.com\/#\/schema\/logo\/image\/\"},\"sameAs\":[\"https:\/\/www.facebook.com\/PrijedorDanasCom\/\"]},{\"@type\":\"Person\",\"@id\":\"https:\/\/www.prijedordanas.com\/#\/schema\/person\/4e08ccf29b506ca916ff86d46bb700e6\",\"name\":\"admin\",\"image\":{\"@type\":\"ImageObject\",\"inLanguage\":\"en-US\",\"@id\":\"https:\/\/www.prijedordanas.com\/#\/schema\/person\/image\/\",\"url\":\"https:\/\/secure.gravatar.com\/avatar\/1d3fc949d550f0b53a5f0d51e06dfd79?s=96&d=mm&r=g\",\"contentUrl\":\"https:\/\/secure.gravatar.com\/avatar\/1d3fc949d550f0b53a5f0d51e06dfd79?s=96&d=mm&r=g\",\"caption\":\"admin\"},\"url\":\"https:\/\/www.prijedordanas.com\/?author=1\"}]}<\/script>\n<!-- \/ Yoast SEO plugin. -->","yoast_head_json":{"title":"Dobrovoljno penzijsko osiguranje sve popularnije u Prijedoru: Minimalnom \u0161tednjom do ve\u0107e penzije - VIDEO - PrijedorDanas.com - Prijedorski gradski portal","robots":{"index":"index","follow":"follow","max-snippet":"max-snippet:-1","max-image-preview":"max-image-preview:large","max-video-preview":"max-video-preview:-1"},"canonical":"https:\/\/www.prijedordanas.com\/?p=273624","og_locale":"en_US","og_type":"article","og_title":"Dobrovoljno penzijsko osiguranje sve popularnije u Prijedoru: Minimalnom \u0161tednjom do ve\u0107e penzije - VIDEO - PrijedorDanas.com - Prijedorski gradski portal","og_description":"Evropskom dobrovoljnom penzijskom fondu, prvom u Republici Srpskoj i BiH, od osnivanja 2019. godine pa do danas, povjerenje je ukazalo vi\u0161e hiljada \u010dlanova.Ovaj vid osiguranja sve je popularniji i na [&hellip;]","og_url":"https:\/\/www.prijedordanas.com\/?p=273624","og_site_name":"PrijedorDanas.com - Prijedorski gradski portal","article_publisher":"https:\/\/www.facebook.com\/PrijedorDanasCom\/","article_published_time":"2026-07-21T14:26:20+00:00","og_image":[{"url":"https:\/\/www.prijedordanas.com\/wp-content\/uploads\/2026\/07\/epf-300x225.jpg"}],"author":"admin","twitter_card":"summary_large_image","twitter_misc":{"Written by":"admin","Est. reading time":"3 minutes"},"schema":{"@context":"https:\/\/schema.org","@graph":[{"@type":"Article","@id":"https:\/\/www.prijedordanas.com\/?p=273624#article","isPartOf":{"@id":"https:\/\/www.prijedordanas.com\/?p=273624"},"author":{"name":"admin","@id":"https:\/\/www.prijedordanas.com\/#\/schema\/person\/4e08ccf29b506ca916ff86d46bb700e6"},"headline":"Dobrovoljno penzijsko osiguranje sve popularnije u Prijedoru: Minimalnom \u0161tednjom do ve\u0107e penzije &#8211; VIDEO","datePublished":"2026-07-21T14:26:20+00:00","dateModified":"2026-07-21T14:26:20+00:00","mainEntityOfPage":{"@id":"https:\/\/www.prijedordanas.com\/?p=273624"},"wordCount":567,"publisher":{"@id":"https:\/\/www.prijedordanas.com\/#organization"},"articleSection":["\u017divot"],"inLanguage":"en-US"},{"@type":"WebPage","@id":"https:\/\/www.prijedordanas.com\/?p=273624","url":"https:\/\/www.prijedordanas.com\/?p=273624","name":"Dobrovoljno penzijsko osiguranje sve popularnije u Prijedoru: Minimalnom \u0161tednjom do ve\u0107e penzije - VIDEO - PrijedorDanas.com - Prijedorski gradski portal","isPartOf":{"@id":"https:\/\/www.prijedordanas.com\/#website"},"datePublished":"2026-07-21T14:26:20+00:00","dateModified":"2026-07-21T14:26:20+00:00","breadcrumb":{"@id":"https:\/\/www.prijedordanas.com\/?p=273624#breadcrumb"},"inLanguage":"en-US","potentialAction":[{"@type":"ReadAction","target":["https:\/\/www.prijedordanas.com\/?p=273624"]}]},{"@type":"BreadcrumbList","@id":"https:\/\/www.prijedordanas.com\/?p=273624#breadcrumb","itemListElement":[{"@type":"ListItem","position":1,"name":"Home","item":"https:\/\/www.prijedordanas.com\/"},{"@type":"ListItem","position":2,"name":"Dobrovoljno penzijsko osiguranje sve popularnije u Prijedoru: Minimalnom \u0161tednjom do ve\u0107e penzije &#8211; VIDEO"}]},{"@type":"WebSite","@id":"https:\/\/www.prijedordanas.com\/#website","url":"https:\/\/www.prijedordanas.com\/","name":"PrijedorDanas.com - Prijedorski gradski portal","description":"Portal o doga\u0111anjima u gradu Prijedoru","publisher":{"@id":"https:\/\/www.prijedordanas.com\/#organization"},"potentialAction":[{"@type":"SearchAction","target":{"@type":"EntryPoint","urlTemplate":"https:\/\/www.prijedordanas.com\/?s={search_term_string}"},"query-input":"required name=search_term_string"}],"inLanguage":"en-US"},{"@type":"Organization","@id":"https:\/\/www.prijedordanas.com\/#organization","name":"PrijedorDanas.com","url":"https:\/\/www.prijedordanas.com\/","logo":{"@type":"ImageObject","inLanguage":"en-US","@id":"https:\/\/www.prijedordanas.com\/#\/schema\/logo\/image\/","url":"http:\/\/www.prijedordanas.com\/wp-content\/uploads\/2021\/12\/logopng.png","contentUrl":"http:\/\/www.prijedordanas.com\/wp-content\/uploads\/2021\/12\/logopng.png","width":1019,"height":776,"caption":"PrijedorDanas.com"},"image":{"@id":"https:\/\/www.prijedordanas.com\/#\/schema\/logo\/image\/"},"sameAs":["https:\/\/www.facebook.com\/PrijedorDanasCom\/"]},{"@type":"Person","@id":"https:\/\/www.prijedordanas.com\/#\/schema\/person\/4e08ccf29b506ca916ff86d46bb700e6","name":"admin","image":{"@type":"ImageObject","inLanguage":"en-US","@id":"https:\/\/www.prijedordanas.com\/#\/schema\/person\/image\/","url":"https:\/\/secure.gravatar.com\/avatar\/1d3fc949d550f0b53a5f0d51e06dfd79?s=96&d=mm&r=g","contentUrl":"https:\/\/secure.gravatar.com\/avatar\/1d3fc949d550f0b53a5f0d51e06dfd79?s=96&d=mm&r=g","caption":"admin"},"url":"https:\/\/www.prijedordanas.com\/?author=1"}]}},"_links":{"self":[{"href":"https:\/\/www.prijedordanas.com\/index.php?rest_route=\/wp\/v2\/posts\/273624"}],"collection":[{"href":"https:\/\/www.prijedordanas.com\/index.php?rest_route=\/wp\/v2\/posts"}],"about":[{"href":"https:\/\/www.prijedordanas.com\/index.php?rest_route=\/wp\/v2\/types\/post"}],"author":[{"embeddable":true,"href":"https:\/\/www.prijedordanas.com\/index.php?rest_route=\/wp\/v2\/users\/1"}],"replies":[{"embeddable":true,"href":"https:\/\/www.prijedordanas.com\/index.php?rest_route=%2Fwp%2Fv2%2Fcomments&post=273624"}],"version-history":[{"count":1,"href":"https:\/\/www.prijedordanas.com\/index.php?rest_route=\/wp\/v2\/posts\/273624\/revisions"}],"predecessor-version":[{"id":273627,"href":"https:\/\/www.prijedordanas.com\/index.php?rest_route=\/wp\/v2\/posts\/273624\/revisions\/273627"}],"wp:attachment":[{"href":"https:\/\/www.prijedordanas.com\/index.php?rest_route=%2Fwp%2Fv2%2Fmedia&parent=273624"}],"wp:term":[{"taxonomy":"category","embeddable":true,"href":"https:\/\/www.prijedordanas.com\/index.php?rest_route=%2Fwp%2Fv2%2Fcategories&post=273624"},{"taxonomy":"post_tag","embeddable":true,"href":"https:\/\/www.prijedordanas.com\/index.php?rest_route=%2Fwp%2Fv2%2Ftags&post=273624"}],"curies":[{"name":"wp","href":"https:\/\/api.w.org\/{rel}","templated":true}]}}