{"id":273533,"date":"2026-07-20T13:20:40","date_gmt":"2026-07-20T11:20:40","guid":{"rendered":"https:\/\/www.prijedordanas.com\/?p=273533"},"modified":"2026-07-20T13:20:40","modified_gmt":"2026-07-20T11:20:40","slug":"sistematski-pregledi-buducih-prvacica-u-prijedoru-sve-cesci-problemi-sa-tezinom-vidom-i-drzanjem","status":"publish","type":"post","link":"https:\/\/www.prijedordanas.com\/?p=273533","title":{"rendered":"Sistematski pregledi budu\u0107ih prva\u010di\u0107a u Prijedoru: Sve \u010de\u0161\u0107i problemi sa te\u017einom, vidom i dr\u017eanjem"},"content":{"rendered":"<p><a href=\"https:\/\/www.prijedordanas.com\/wp-content\/uploads\/2026\/07\/pixabay-pregled-dijete.jpg\"><img loading=\"lazy\" decoding=\"async\" class=\"alignleft size-medium wp-image-273534\" src=\"https:\/\/www.prijedordanas.com\/wp-content\/uploads\/2026\/07\/pixabay-pregled-dijete-300x225.jpg\" alt=\"\" width=\"300\" height=\"225\" srcset=\"https:\/\/www.prijedordanas.com\/wp-content\/uploads\/2026\/07\/pixabay-pregled-dijete-300x225.jpg 300w, https:\/\/www.prijedordanas.com\/wp-content\/uploads\/2026\/07\/pixabay-pregled-dijete-640x480.jpg 640w, https:\/\/www.prijedordanas.com\/wp-content\/uploads\/2026\/07\/pixabay-pregled-dijete.jpg 667w\" sizes=\"(max-width: 300px) 100vw, 300px\" \/><\/a>Sistematski pregledi budu\u0107ih prva\u010di\u0107a, koji su u Prijedoru obavljeni od 2. marta do 10. aprila, pokazali su da je me\u0111u djecom sve vi\u0161e onih sa prekomjernom tjelesnom masom, slabijim vidom, deformitetima lokomotornog aparata ramenog pojasa i stopala, ali i pote\u0161ko\u0107ama u pa\u017enji i govorno-jezi\u010dkoj komunikaciji.<\/p>\n<p>Dr Tanja Kuki\u0107, specijalista pedijatar u Domu zdravlja Prijedor isti\u010de da sistematski pregled ima klju\u010dnu ulogu u ranom otkrivanju zdravstvenih problema, posebno kod djece koja rijetko dolaze pedijatru, jer nemaju izra\u017eene tegobe.<\/p>\n<p>\u201cSistematski pregled obuhvata op\u0161ti pedijatrijski pregled, pregled lokomotornog aparata, antropometrijska mjerenja, odnosno mjerenje visine i te\u017eine, skrining vida, stomatolo\u0161ki pregled i osnovne laboratorijske nalaze. Cilj nam je da pregledamo \u0161to ve\u0107i broj djece. To je prilika da detaljno pregledamo djecu, na vrijeme uo\u010dimo eventualna odstupanja i, ukoliko je potrebno, uputimo ih na dodatne preglede\u201d, ka\u017ee dr Kuki\u0107.<\/p>\n<p><a href=\"https:\/\/www.prijedordanas.com\/wp-content\/uploads\/2026\/07\/kozarski-pedijatar-kukic.jpg\"><img loading=\"lazy\" decoding=\"async\" class=\"alignleft size-medium wp-image-273535\" src=\"https:\/\/www.prijedordanas.com\/wp-content\/uploads\/2026\/07\/kozarski-pedijatar-kukic-300x225.jpg\" alt=\"\" width=\"300\" height=\"225\" srcset=\"https:\/\/www.prijedordanas.com\/wp-content\/uploads\/2026\/07\/kozarski-pedijatar-kukic-300x225.jpg 300w, https:\/\/www.prijedordanas.com\/wp-content\/uploads\/2026\/07\/kozarski-pedijatar-kukic-640x480.jpg 640w, https:\/\/www.prijedordanas.com\/wp-content\/uploads\/2026\/07\/kozarski-pedijatar-kukic.jpg 667w\" sizes=\"(max-width: 300px) 100vw, 300px\" \/><\/a>Kada je rije\u010d o govorno-jezi\u010dkom razvoju djece, situacija se razlikuje u odnosu na ranije godine.<\/p>\n<p>\u201cDjeca sa pote\u0161ko\u0107ama u razvoju govora i komunikacije danas nam se javljaju znatno ranije, pa su u uzrastu za polazak u \u0161kolu uglavnom ve\u0107 uklju\u010dena u odgovaraju\u0107e tretmane. To je rezultat ve\u0107e informisanosti roditelja i \u010dinjenice da se o ovim problemima danas mnogo vi\u0161e govori nego ranije\u201d, navodi ona.<\/p>\n<p>Savremeni na\u010din \u017eivota, smatra dr Kuki\u0107, jedan je od glavnih uzroka ovakvih rezultata sistematskih pregleda.<\/p>\n<p>\u201cDjeca danas mnogo manje vremena provode u prirodi, a znatno vi\u0161e u zatvorenom prostoru. Upotreba telefona i tableta svakako ima negativan uticaj na njihovo zdravlje i razvoj. Ne mo\u017eemo ih potpuno isklju\u010diti iz \u017eivota djece, jer \u017eivimo u 21. vijeku, ali je va\u017eno da njihova upotreba bude ograni\u010dena i kontrolisana. Roditeljima savjetujem da djeca \u0161to vi\u0161e borave napolju, da se pravilno hrane, provode vrijeme sa vr\u0161njacima i da vrijeme pred ekranima svedu na minimum\u201d, poru\u010duje dr Kuki\u0107.<\/p>\n<p><a href=\"https:\/\/www.prijedordanas.com\/wp-content\/uploads\/2026\/07\/kozarski-dzpd-medicina-rada.jpg\"><img loading=\"lazy\" decoding=\"async\" src=\"https:\/\/www.prijedordanas.com\/wp-content\/uploads\/2026\/07\/kozarski-dzpd-medicina-rada-300x169.jpg\" alt=\"\" width=\"300\" height=\"169\" class=\"alignleft size-medium wp-image-273536\" srcset=\"https:\/\/www.prijedordanas.com\/wp-content\/uploads\/2026\/07\/kozarski-dzpd-medicina-rada-300x169.jpg 300w, https:\/\/www.prijedordanas.com\/wp-content\/uploads\/2026\/07\/kozarski-dzpd-medicina-rada.jpg 600w\" sizes=\"(max-width: 300px) 100vw, 300px\" \/><\/a>Dr Kuki\u0107 upozorava i na zabrinjavaju\u0107i pad obuhvata vakcinacijom MMR vakcinom, odnosno drugom dozom.<\/p>\n<p>\u201cPro\u0161le godine imali smo vi\u0161e od 90 odsto djece vakcinisane drugom dozom MMR vakcine, dok je ove godine taj procenat pao na ne\u0161to vi\u0161e od 50 odsto. Roditelji iz razli\u010ditih razloga odbijaju drugu dozu, iako su prvu primili. Na\u0161 zadatak je da pru\u017eimo stru\u010dne informacije i savjete, ali odluka je na roditeljima. \u017delim jo\u0161 jednom da apelujem da vakcinacija ostane prioritet, jer predstavlja jednu od najva\u017enijih preventivnih mjera u zdravstvenoj za\u0161titi djece\u201d, nagla\u0161ava dr Kuki\u0107.<\/p>\n<p>Redovni sistematski pregledi su zavr\u0161eni, dok \u0107e dopunski biti organizovani u drugoj polovini avgusta.<\/p>\n<p>Ove godine, kako navodi dr Kuki\u0107, manji broj roditelja doveo je djecu na redovne termine, zbog \u010dega se o\u010dekuje ve\u0107i broj pregleda u dopunskom roku.<\/p>\n<p>Apeluje na roditelje da se na vrijeme jave u ambulante u kojima su djeca registrovana, kako bi pregledi bili obavljeni bez gu\u017evi i \u010dekanja pred upis u \u0161kolu.<\/p>\n<p><a href=\"https:\/\/kozarski.com\/sistematski-pregledi-buducih-prvacica-sve-cesci-problemi-sa-tezinom-vidom-i-drzanjem\/\" target=\"_blank\" rel=\"noopener\">kozarski.com<\/a><\/p>\n","protected":false},"excerpt":{"rendered":"<p>Sistematski pregledi budu\u0107ih prva\u010di\u0107a, koji su u Prijedoru obavljeni od 2. marta do 10. aprila, pokazali su da je me\u0111u djecom sve vi\u0161e onih sa prekomjernom tjelesnom masom, slabijim vidom, [&hellip;]<\/p>\n","protected":false},"author":1,"featured_media":0,"comment_status":"closed","ping_status":"open","sticky":false,"template":"","format":"standard","meta":{"_monsterinsights_skip_tracking":false,"_monsterinsights_sitenote_active":false,"_monsterinsights_sitenote_note":"","_monsterinsights_sitenote_category":0,"footnotes":""},"categories":[7518],"tags":[],"yoast_head":"<!-- This site is optimized with the Yoast SEO plugin v21.6 - https:\/\/yoast.com\/wordpress\/plugins\/seo\/ -->\n<title>Sistematski pregledi budu\u0107ih prva\u010di\u0107a u Prijedoru: Sve \u010de\u0161\u0107i problemi sa te\u017einom, vidom i dr\u017eanjem - PrijedorDanas.com - Prijedorski gradski portal<\/title>\n<meta name=\"robots\" content=\"index, follow, max-snippet:-1, max-image-preview:large, max-video-preview:-1\" \/>\n<link rel=\"canonical\" href=\"https:\/\/www.prijedordanas.com\/?p=273533\" \/>\n<meta property=\"og:locale\" content=\"en_US\" \/>\n<meta property=\"og:type\" content=\"article\" \/>\n<meta property=\"og:title\" content=\"Sistematski pregledi budu\u0107ih prva\u010di\u0107a u Prijedoru: Sve \u010de\u0161\u0107i problemi sa te\u017einom, vidom i dr\u017eanjem - PrijedorDanas.com - Prijedorski gradski portal\" \/>\n<meta property=\"og:description\" content=\"Sistematski pregledi budu\u0107ih prva\u010di\u0107a, koji su u Prijedoru obavljeni od 2. marta do 10. aprila, pokazali su da je me\u0111u djecom sve vi\u0161e onih sa prekomjernom tjelesnom masom, slabijim vidom, [&hellip;]\" \/>\n<meta property=\"og:url\" content=\"https:\/\/www.prijedordanas.com\/?p=273533\" \/>\n<meta property=\"og:site_name\" content=\"PrijedorDanas.com - Prijedorski gradski portal\" \/>\n<meta property=\"article:publisher\" content=\"https:\/\/www.facebook.com\/PrijedorDanasCom\/\" \/>\n<meta property=\"article:published_time\" content=\"2026-07-20T11:20:40+00:00\" \/>\n<meta property=\"og:image\" content=\"https:\/\/www.prijedordanas.com\/wp-content\/uploads\/2026\/07\/pixabay-pregled-dijete-300x225.jpg\" \/>\n<meta name=\"author\" content=\"admin\" \/>\n<meta name=\"twitter:card\" content=\"summary_large_image\" \/>\n<meta name=\"twitter:label1\" content=\"Written by\" \/>\n\t<meta name=\"twitter:data1\" content=\"admin\" \/>\n\t<meta name=\"twitter:label2\" content=\"Est. reading time\" \/>\n\t<meta name=\"twitter:data2\" content=\"3 minutes\" \/>\n<script type=\"application\/ld+json\" class=\"yoast-schema-graph\">{\"@context\":\"https:\/\/schema.org\",\"@graph\":[{\"@type\":\"Article\",\"@id\":\"https:\/\/www.prijedordanas.com\/?p=273533#article\",\"isPartOf\":{\"@id\":\"https:\/\/www.prijedordanas.com\/?p=273533\"},\"author\":{\"name\":\"admin\",\"@id\":\"https:\/\/www.prijedordanas.com\/#\/schema\/person\/4e08ccf29b506ca916ff86d46bb700e6\"},\"headline\":\"Sistematski pregledi budu\u0107ih prva\u010di\u0107a u Prijedoru: Sve \u010de\u0161\u0107i problemi sa te\u017einom, vidom i dr\u017eanjem\",\"datePublished\":\"2026-07-20T11:20:40+00:00\",\"dateModified\":\"2026-07-20T11:20:40+00:00\",\"mainEntityOfPage\":{\"@id\":\"https:\/\/www.prijedordanas.com\/?p=273533\"},\"wordCount\":512,\"publisher\":{\"@id\":\"https:\/\/www.prijedordanas.com\/#organization\"},\"articleSection\":[\"Mladi\"],\"inLanguage\":\"en-US\"},{\"@type\":\"WebPage\",\"@id\":\"https:\/\/www.prijedordanas.com\/?p=273533\",\"url\":\"https:\/\/www.prijedordanas.com\/?p=273533\",\"name\":\"Sistematski pregledi budu\u0107ih prva\u010di\u0107a u Prijedoru: Sve \u010de\u0161\u0107i problemi sa te\u017einom, vidom i dr\u017eanjem - PrijedorDanas.com - Prijedorski gradski portal\",\"isPartOf\":{\"@id\":\"https:\/\/www.prijedordanas.com\/#website\"},\"datePublished\":\"2026-07-20T11:20:40+00:00\",\"dateModified\":\"2026-07-20T11:20:40+00:00\",\"breadcrumb\":{\"@id\":\"https:\/\/www.prijedordanas.com\/?p=273533#breadcrumb\"},\"inLanguage\":\"en-US\",\"potentialAction\":[{\"@type\":\"ReadAction\",\"target\":[\"https:\/\/www.prijedordanas.com\/?p=273533\"]}]},{\"@type\":\"BreadcrumbList\",\"@id\":\"https:\/\/www.prijedordanas.com\/?p=273533#breadcrumb\",\"itemListElement\":[{\"@type\":\"ListItem\",\"position\":1,\"name\":\"Home\",\"item\":\"https:\/\/www.prijedordanas.com\/\"},{\"@type\":\"ListItem\",\"position\":2,\"name\":\"Sistematski pregledi budu\u0107ih prva\u010di\u0107a u Prijedoru: Sve \u010de\u0161\u0107i problemi sa te\u017einom, vidom i dr\u017eanjem\"}]},{\"@type\":\"WebSite\",\"@id\":\"https:\/\/www.prijedordanas.com\/#website\",\"url\":\"https:\/\/www.prijedordanas.com\/\",\"name\":\"PrijedorDanas.com - Prijedorski gradski portal\",\"description\":\"Portal o doga\u0111anjima u gradu Prijedoru\",\"publisher\":{\"@id\":\"https:\/\/www.prijedordanas.com\/#organization\"},\"potentialAction\":[{\"@type\":\"SearchAction\",\"target\":{\"@type\":\"EntryPoint\",\"urlTemplate\":\"https:\/\/www.prijedordanas.com\/?s={search_term_string}\"},\"query-input\":\"required name=search_term_string\"}],\"inLanguage\":\"en-US\"},{\"@type\":\"Organization\",\"@id\":\"https:\/\/www.prijedordanas.com\/#organization\",\"name\":\"PrijedorDanas.com\",\"url\":\"https:\/\/www.prijedordanas.com\/\",\"logo\":{\"@type\":\"ImageObject\",\"inLanguage\":\"en-US\",\"@id\":\"https:\/\/www.prijedordanas.com\/#\/schema\/logo\/image\/\",\"url\":\"http:\/\/www.prijedordanas.com\/wp-content\/uploads\/2021\/12\/logopng.png\",\"contentUrl\":\"http:\/\/www.prijedordanas.com\/wp-content\/uploads\/2021\/12\/logopng.png\",\"width\":1019,\"height\":776,\"caption\":\"PrijedorDanas.com\"},\"image\":{\"@id\":\"https:\/\/www.prijedordanas.com\/#\/schema\/logo\/image\/\"},\"sameAs\":[\"https:\/\/www.facebook.com\/PrijedorDanasCom\/\"]},{\"@type\":\"Person\",\"@id\":\"https:\/\/www.prijedordanas.com\/#\/schema\/person\/4e08ccf29b506ca916ff86d46bb700e6\",\"name\":\"admin\",\"image\":{\"@type\":\"ImageObject\",\"inLanguage\":\"en-US\",\"@id\":\"https:\/\/www.prijedordanas.com\/#\/schema\/person\/image\/\",\"url\":\"https:\/\/secure.gravatar.com\/avatar\/1d3fc949d550f0b53a5f0d51e06dfd79?s=96&d=mm&r=g\",\"contentUrl\":\"https:\/\/secure.gravatar.com\/avatar\/1d3fc949d550f0b53a5f0d51e06dfd79?s=96&d=mm&r=g\",\"caption\":\"admin\"},\"url\":\"https:\/\/www.prijedordanas.com\/?author=1\"}]}<\/script>\n<!-- \/ Yoast SEO plugin. -->","yoast_head_json":{"title":"Sistematski pregledi budu\u0107ih prva\u010di\u0107a u Prijedoru: Sve \u010de\u0161\u0107i problemi sa te\u017einom, vidom i dr\u017eanjem - PrijedorDanas.com - Prijedorski gradski portal","robots":{"index":"index","follow":"follow","max-snippet":"max-snippet:-1","max-image-preview":"max-image-preview:large","max-video-preview":"max-video-preview:-1"},"canonical":"https:\/\/www.prijedordanas.com\/?p=273533","og_locale":"en_US","og_type":"article","og_title":"Sistematski pregledi budu\u0107ih prva\u010di\u0107a u Prijedoru: Sve \u010de\u0161\u0107i problemi sa te\u017einom, vidom i dr\u017eanjem - PrijedorDanas.com - Prijedorski gradski portal","og_description":"Sistematski pregledi budu\u0107ih prva\u010di\u0107a, koji su u Prijedoru obavljeni od 2. marta do 10. aprila, pokazali su da je me\u0111u djecom sve vi\u0161e onih sa prekomjernom tjelesnom masom, slabijim vidom, [&hellip;]","og_url":"https:\/\/www.prijedordanas.com\/?p=273533","og_site_name":"PrijedorDanas.com - Prijedorski gradski portal","article_publisher":"https:\/\/www.facebook.com\/PrijedorDanasCom\/","article_published_time":"2026-07-20T11:20:40+00:00","og_image":[{"url":"https:\/\/www.prijedordanas.com\/wp-content\/uploads\/2026\/07\/pixabay-pregled-dijete-300x225.jpg"}],"author":"admin","twitter_card":"summary_large_image","twitter_misc":{"Written by":"admin","Est. reading time":"3 minutes"},"schema":{"@context":"https:\/\/schema.org","@graph":[{"@type":"Article","@id":"https:\/\/www.prijedordanas.com\/?p=273533#article","isPartOf":{"@id":"https:\/\/www.prijedordanas.com\/?p=273533"},"author":{"name":"admin","@id":"https:\/\/www.prijedordanas.com\/#\/schema\/person\/4e08ccf29b506ca916ff86d46bb700e6"},"headline":"Sistematski pregledi budu\u0107ih prva\u010di\u0107a u Prijedoru: Sve \u010de\u0161\u0107i problemi sa te\u017einom, vidom i dr\u017eanjem","datePublished":"2026-07-20T11:20:40+00:00","dateModified":"2026-07-20T11:20:40+00:00","mainEntityOfPage":{"@id":"https:\/\/www.prijedordanas.com\/?p=273533"},"wordCount":512,"publisher":{"@id":"https:\/\/www.prijedordanas.com\/#organization"},"articleSection":["Mladi"],"inLanguage":"en-US"},{"@type":"WebPage","@id":"https:\/\/www.prijedordanas.com\/?p=273533","url":"https:\/\/www.prijedordanas.com\/?p=273533","name":"Sistematski pregledi budu\u0107ih prva\u010di\u0107a u Prijedoru: Sve \u010de\u0161\u0107i problemi sa te\u017einom, vidom i dr\u017eanjem - PrijedorDanas.com - Prijedorski gradski portal","isPartOf":{"@id":"https:\/\/www.prijedordanas.com\/#website"},"datePublished":"2026-07-20T11:20:40+00:00","dateModified":"2026-07-20T11:20:40+00:00","breadcrumb":{"@id":"https:\/\/www.prijedordanas.com\/?p=273533#breadcrumb"},"inLanguage":"en-US","potentialAction":[{"@type":"ReadAction","target":["https:\/\/www.prijedordanas.com\/?p=273533"]}]},{"@type":"BreadcrumbList","@id":"https:\/\/www.prijedordanas.com\/?p=273533#breadcrumb","itemListElement":[{"@type":"ListItem","position":1,"name":"Home","item":"https:\/\/www.prijedordanas.com\/"},{"@type":"ListItem","position":2,"name":"Sistematski pregledi budu\u0107ih prva\u010di\u0107a u Prijedoru: Sve \u010de\u0161\u0107i problemi sa te\u017einom, vidom i dr\u017eanjem"}]},{"@type":"WebSite","@id":"https:\/\/www.prijedordanas.com\/#website","url":"https:\/\/www.prijedordanas.com\/","name":"PrijedorDanas.com - Prijedorski gradski portal","description":"Portal o doga\u0111anjima u gradu Prijedoru","publisher":{"@id":"https:\/\/www.prijedordanas.com\/#organization"},"potentialAction":[{"@type":"SearchAction","target":{"@type":"EntryPoint","urlTemplate":"https:\/\/www.prijedordanas.com\/?s={search_term_string}"},"query-input":"required name=search_term_string"}],"inLanguage":"en-US"},{"@type":"Organization","@id":"https:\/\/www.prijedordanas.com\/#organization","name":"PrijedorDanas.com","url":"https:\/\/www.prijedordanas.com\/","logo":{"@type":"ImageObject","inLanguage":"en-US","@id":"https:\/\/www.prijedordanas.com\/#\/schema\/logo\/image\/","url":"http:\/\/www.prijedordanas.com\/wp-content\/uploads\/2021\/12\/logopng.png","contentUrl":"http:\/\/www.prijedordanas.com\/wp-content\/uploads\/2021\/12\/logopng.png","width":1019,"height":776,"caption":"PrijedorDanas.com"},"image":{"@id":"https:\/\/www.prijedordanas.com\/#\/schema\/logo\/image\/"},"sameAs":["https:\/\/www.facebook.com\/PrijedorDanasCom\/"]},{"@type":"Person","@id":"https:\/\/www.prijedordanas.com\/#\/schema\/person\/4e08ccf29b506ca916ff86d46bb700e6","name":"admin","image":{"@type":"ImageObject","inLanguage":"en-US","@id":"https:\/\/www.prijedordanas.com\/#\/schema\/person\/image\/","url":"https:\/\/secure.gravatar.com\/avatar\/1d3fc949d550f0b53a5f0d51e06dfd79?s=96&d=mm&r=g","contentUrl":"https:\/\/secure.gravatar.com\/avatar\/1d3fc949d550f0b53a5f0d51e06dfd79?s=96&d=mm&r=g","caption":"admin"},"url":"https:\/\/www.prijedordanas.com\/?author=1"}]}},"_links":{"self":[{"href":"https:\/\/www.prijedordanas.com\/index.php?rest_route=\/wp\/v2\/posts\/273533"}],"collection":[{"href":"https:\/\/www.prijedordanas.com\/index.php?rest_route=\/wp\/v2\/posts"}],"about":[{"href":"https:\/\/www.prijedordanas.com\/index.php?rest_route=\/wp\/v2\/types\/post"}],"author":[{"embeddable":true,"href":"https:\/\/www.prijedordanas.com\/index.php?rest_route=\/wp\/v2\/users\/1"}],"replies":[{"embeddable":true,"href":"https:\/\/www.prijedordanas.com\/index.php?rest_route=%2Fwp%2Fv2%2Fcomments&post=273533"}],"version-history":[{"count":1,"href":"https:\/\/www.prijedordanas.com\/index.php?rest_route=\/wp\/v2\/posts\/273533\/revisions"}],"predecessor-version":[{"id":273537,"href":"https:\/\/www.prijedordanas.com\/index.php?rest_route=\/wp\/v2\/posts\/273533\/revisions\/273537"}],"wp:attachment":[{"href":"https:\/\/www.prijedordanas.com\/index.php?rest_route=%2Fwp%2Fv2%2Fmedia&parent=273533"}],"wp:term":[{"taxonomy":"category","embeddable":true,"href":"https:\/\/www.prijedordanas.com\/index.php?rest_route=%2Fwp%2Fv2%2Fcategories&post=273533"},{"taxonomy":"post_tag","embeddable":true,"href":"https:\/\/www.prijedordanas.com\/index.php?rest_route=%2Fwp%2Fv2%2Ftags&post=273533"}],"curies":[{"name":"wp","href":"https:\/\/api.w.org\/{rel}","templated":true}]}}