{"id":273497,"date":"2026-07-19T14:15:53","date_gmt":"2026-07-19T12:15:53","guid":{"rendered":"https:\/\/www.prijedordanas.com\/?p=273497"},"modified":"2026-07-19T14:15:53","modified_gmt":"2026-07-19T12:15:53","slug":"%d1%98avor-nismo-protiv-investicija-ali-zelimo-da-znamo-ko-stoji-iza-firme-zainteresovane-za-hotel-na-mrakovici-video","status":"publish","type":"post","link":"https:\/\/www.prijedordanas.com\/?p=273497","title":{"rendered":"\u0408avor: Nismo protiv investicija, ali \u017eelimo da znamo ko stoji iza firme zainteresovane za hotel na Mrakovici &#8211; VIDEO"},"content":{"rendered":"<p><a href=\"https:\/\/www.prijedordanas.com\/wp-content\/uploads\/2026\/07\/rtrs-javor-juli2026.jpg\"><img loading=\"lazy\" decoding=\"async\" src=\"https:\/\/www.prijedordanas.com\/wp-content\/uploads\/2026\/07\/rtrs-javor-juli2026-300x225.jpg\" alt=\"\" width=\"300\" height=\"225\" class=\"alignleft size-medium wp-image-273498\" srcset=\"https:\/\/www.prijedordanas.com\/wp-content\/uploads\/2026\/07\/rtrs-javor-juli2026-300x225.jpg 300w, https:\/\/www.prijedordanas.com\/wp-content\/uploads\/2026\/07\/rtrs-javor-juli2026-640x480.jpg 640w, https:\/\/www.prijedordanas.com\/wp-content\/uploads\/2026\/07\/rtrs-javor-juli2026.jpg 667w\" sizes=\"(max-width: 300px) 100vw, 300px\" \/><\/a>Gradona\u010delnik Prijedora Slobodan \u0408avor rekao je za RTRS da su sve investicije na Kozari dobrodo\u0161le, ali da se mora znati ko stoji iza njih i kakve namjere ima.<\/p>\n<p>Komentari\u0161u\u0107i najave o potencijalnoj kupovini Hotela Monument na Mrakovici i pismo kompanije \u010diji naziv asocira na arapske zemlje, a u kome se iskazuje interes za kupovinu hotela i vi\u0161emilionska ulaganja, \u0408avor je rekao da javnost, institucije Republike Srpske i Grad Prijedor moraju da budu uklju\u010deni u svaku odluku koja se ti\u010de Kozare, planine od nacionalnog i istorijskog zna\u010daja.<\/p>\n<p>&#8211; Svi investitori su dobrodo\u0161li, ali \u017eelimo transparentnost-  da znamo ko je, kakve namjere ima, kakav mu je plan i kako gleda na ono \u0161to je nama najva\u017enije. Pojavi se nekakav oglas na nekom portalu, neko iz Sarajeva bez jasne adrese i istorijata firme ima \u017eelju da kupi takav hotel. Dakle, uop\u0161te ne pravim razliku izme\u0111u toga da li je potencijalni investitor Srbin, Hrvat, Bo\u0161njak, nacionalna manjina, nebitno. Va\u017ena je samo njegova namjera &#8211; rekao je \u0408avor.<\/p>\n<p>On je istakao da se mora znati \u0161ta stoji iza kupovine hotela &#8211; finansijska korist ili ne\u010dija namjera da &#8220;iskrivi istoriju&#8221;, poru\u010duju\u0107i da zna\u010daj Kozare ne smije da bude zanemaren.<\/p>\n<p>&#8211; Kozara, Mrakovica nije &#8220;obi\u010dna&#8221; planina, objekat, spomen, nije lokacija koja je neznatna za na\u0161 narod. Govorimo o planini gdje je svaka staza, svaki kamen, svako stablo natopljeno suzama majki i djece, natopljeno krvlju nedu\u017eno stradalih na\u0161ih predaka koji su svoj \u017eivot polo\u017eili u borbi za slobodu. To je najva\u017enije &#8211; rekao je gradona\u010delnik Prijedora.<\/p>\n<p>Dodao je da se na Kozari vodila borba izme\u0111u dobra i zla, slobode i ropstva, \u017eivota i smrti i da to svaki \u010dovjek u Republici Srpskoj i svaki Srbin zna.<\/p>\n<p>&#8211; Tu su djeca otrgnuta iz naru\u010dja majke i odvedena u logore. 23.000 djece je strpano u logore, a mnogi se nisu ni vratili. Desetine hiljada na\u0161ih predaka je oti\u0161lo u logore gdje su ih ubijali samo zato \u0161to su Srbi. Ni jednog drugog razloga nije bilo &#8211; rekao je on.<\/p>\n<p>\u0408avor je istakao da potomci \u017ertava i srpski narod \u017eeli o tome da pri\u010da, prenosi budu\u0107im generacijama istoriju i njeguje kulturu sje\u0107anja.<\/p>\n<p>&#8211; To je klju\u010dno. Iz tog razloga \u017eelimo da javnost bude uklju\u010dena u dono\u0161enje odluka o pitanju kupovine hotela. To je prioritet. Zanima nas ko stoji iza odluke, odnosno firme koja je dala ponudu. Kakvi su njihovi planovi, kakva je njihova vizija, da li \u0107e po\u0161tovati \u017ertve kao \u0161to mi po\u0161tujemo? Kakva je garancija prema Republici Srpskoj, prema onima koji su pro\u0161li to \u0161to su pro\u0161li? Da li oni gledaju istim o\u010dima na planinu, Kozaru i istoriju kao mi? &#8211; upitao je \u0408avor.<\/p>\n<p>On je istakao da se Republika Srpska mora uklju\u010diti u dono\u0161enje odluke o ovom pitanju kako &#8220;sutra ne bi bilo kasno&#8221;.<\/p>\n<p>&#8211; Ako postoji promil sumnje ko stoji iza toga, mi moramo da znamo. \u017delimo da Grad Prijedor bude uklju\u010den direktno, a ne da dobijamo pau\u0161alne informacije putem medija &#8211; poru\u010dio je \u0408vaor.<\/p>\n<p>On je istakao da Prijedor \u017eeli nove investicije na Kozari, dodatne smje\u0161tajne kapacitete, nova radna mjesta, ali ne &#8220;po bilo koju cijenu, ne za bilo koga i ne za bilo \u010diji interes&#8221;.<\/p>\n<p>&#8211; To je klju\u010dno. Ovo nije usmjereno protiv bilo kog investitora. Ovdje se radi isklju\u010divo o transparentnosti, odgovornosti i po\u0161tovanju \u017ertava. Moja obaveza kao gradona\u010delnika nije samo institucionalna, ve\u0107 imam moralnu obavezu, kao i svaki gra\u0111anin Prijedora, da gajim i \u010duvam uspomenu na sve \u017ertve i Bitku na Kozari &#8211; naveo je \u0408avor.<\/p>\n<p>Koliko je Bitka na Kozari bitna za srpski narod, dodaje \u0408avor, govori i \u010dinjenica da taj datum zajedni\u010dki obilje\u017eavaju vlade Srpske i Srbije.<\/p>\n<p>&#8211; Nije to va\u017eno samo za Grad Prijedor i Krajinu, ve\u0107 za sve nas. Mi smo za to da se zna ko stoji iza kupovine hotela. \u017delimo da Kozara bude sveto mejsto za sve koji tu budu dolazili, mjesto gde se susre\u0107u istorija, obrazovanje i po\u0161tovanje, gdje se gaji kultura sje\u0107anja koja je jako va\u017ena u svemu \u0161to sam naveo. \u017delimo da na\u0161a djeca u istoriji u\u010de na mjestu gdje se istorija de\u0161avala i stvarala. \u0408edino tada mo\u017eemo biti dostojni \u017ertve na\u0161ih predaka &#8211; poru\u010dio je \u0408avor.<\/p>\n<p>Kada je rije\u010d o projektima u Prijedoru, prvenstveno u oblasti vodoza\u0161tite s obzirom da je ovaj grad u proteklih nekoliko godina pogodilo nekoliko ozbiljnih poplava u kojima su gra\u0111ani pretrpjeli veliku \u0161tetu, \u0408avor je rekao da je u toku realizacija projekta koji uklju\u010duje veliki broj mjera.<\/p>\n<p>&#8211; Mnoge mjere su zavr\u0161ene, realizovane, neke se realizuju, a neke \u0107e ubrzo biti zapo\u010dete. Najva\u017enije je da \u0107e sve te mjere u okviru projekta koji se trenutno realizuje biti gotove zaklju\u010dno sa mjesecom augustom. \u017delimo da u jesen u\u0111emo spremni, da na\u0161i sugra\u0111ani budu sigurni, da je Grad Prijedor rije\u0161io i u\u010dinio sve \u0161to je u na\u0161oj mo\u0107i da gra\u0111ani budu za\u0161ti\u0107eni &#8211; rekao je \u0408avor.<\/p>\n<p>On je naveo neke od mjera, izme\u0111u ostalog, produbljenje korita \u017eeljezni\u010dkog mosta u Brezi\u010danima, zid u naselju Tukovi u du\u017eini od 1,8 kilometara, te ure\u0111enje desne obale u naselju Gomjenica.<\/p>\n<p>\u0408avor je rekao i da se u Prijedoru gradi najve\u0107i vrti\u0107 u Republici Srpskoj.<\/p>\n<p>RTRS<\/p>\n<p><iframe loading=\"lazy\" title=\"\u0408avor: \u017delimo da znamo ko stoji iza firme zainteresovane za hotel na Mrakovici\" width=\"500\" height=\"281\" src=\"https:\/\/www.youtube.com\/embed\/lI7qYoioR2A?feature=oembed\" frameborder=\"0\" allow=\"accelerometer; autoplay; clipboard-write; encrypted-media; gyroscope; picture-in-picture; web-share\" referrerpolicy=\"strict-origin-when-cross-origin\" allowfullscreen><\/iframe><\/p>\n","protected":false},"excerpt":{"rendered":"<p>Gradona\u010delnik Prijedora Slobodan \u0408avor rekao je za RTRS da su sve investicije na Kozari dobrodo\u0161le, ali da se mora znati ko stoji iza njih i kakve namjere ima. Komentari\u0161u\u0107i najave [&hellip;]<\/p>\n","protected":false},"author":1,"featured_media":0,"comment_status":"closed","ping_status":"open","sticky":false,"template":"","format":"standard","meta":{"_monsterinsights_skip_tracking":false,"_monsterinsights_sitenote_active":false,"_monsterinsights_sitenote_note":"","_monsterinsights_sitenote_category":0,"footnotes":""},"categories":[8],"tags":[],"yoast_head":"<!-- This site is optimized with the Yoast SEO plugin v21.6 - https:\/\/yoast.com\/wordpress\/plugins\/seo\/ -->\n<title>\u0408avor: Nismo protiv investicija, ali \u017eelimo da znamo ko stoji iza firme zainteresovane za hotel na Mrakovici - VIDEO - PrijedorDanas.com - Prijedorski gradski portal<\/title>\n<meta name=\"robots\" content=\"index, follow, max-snippet:-1, max-image-preview:large, max-video-preview:-1\" \/>\n<link rel=\"canonical\" href=\"https:\/\/www.prijedordanas.com\/?p=273497\" \/>\n<meta property=\"og:locale\" content=\"en_US\" \/>\n<meta property=\"og:type\" content=\"article\" \/>\n<meta property=\"og:title\" content=\"\u0408avor: Nismo protiv investicija, ali \u017eelimo da znamo ko stoji iza firme zainteresovane za hotel na Mrakovici - VIDEO - PrijedorDanas.com - Prijedorski gradski portal\" \/>\n<meta property=\"og:description\" content=\"Gradona\u010delnik Prijedora Slobodan \u0408avor rekao je za RTRS da su sve investicije na Kozari dobrodo\u0161le, ali da se mora znati ko stoji iza njih i kakve namjere ima. Komentari\u0161u\u0107i najave [&hellip;]\" \/>\n<meta property=\"og:url\" content=\"https:\/\/www.prijedordanas.com\/?p=273497\" \/>\n<meta property=\"og:site_name\" content=\"PrijedorDanas.com - Prijedorski gradski portal\" \/>\n<meta property=\"article:publisher\" content=\"https:\/\/www.facebook.com\/PrijedorDanasCom\/\" \/>\n<meta property=\"article:published_time\" content=\"2026-07-19T12:15:53+00:00\" \/>\n<meta property=\"og:image\" content=\"https:\/\/www.prijedordanas.com\/wp-content\/uploads\/2026\/07\/rtrs-javor-juli2026-300x225.jpg\" \/>\n<meta name=\"author\" content=\"admin\" \/>\n<meta name=\"twitter:card\" content=\"summary_large_image\" \/>\n<meta name=\"twitter:label1\" content=\"Written by\" \/>\n\t<meta name=\"twitter:data1\" content=\"admin\" \/>\n<script type=\"application\/ld+json\" class=\"yoast-schema-graph\">{\"@context\":\"https:\/\/schema.org\",\"@graph\":[{\"@type\":\"Article\",\"@id\":\"https:\/\/www.prijedordanas.com\/?p=273497#article\",\"isPartOf\":{\"@id\":\"https:\/\/www.prijedordanas.com\/?p=273497\"},\"author\":{\"name\":\"admin\",\"@id\":\"https:\/\/www.prijedordanas.com\/#\/schema\/person\/4e08ccf29b506ca916ff86d46bb700e6\"},\"headline\":\"\u0408avor: Nismo protiv investicija, ali \u017eelimo da znamo ko stoji iza firme zainteresovane za hotel na Mrakovici &#8211; VIDEO\",\"datePublished\":\"2026-07-19T12:15:53+00:00\",\"dateModified\":\"2026-07-19T12:15:53+00:00\",\"mainEntityOfPage\":{\"@id\":\"https:\/\/www.prijedordanas.com\/?p=273497\"},\"wordCount\":952,\"publisher\":{\"@id\":\"https:\/\/www.prijedordanas.com\/#organization\"},\"articleSection\":[\"Svakodnevno\"],\"inLanguage\":\"en-US\"},{\"@type\":\"WebPage\",\"@id\":\"https:\/\/www.prijedordanas.com\/?p=273497\",\"url\":\"https:\/\/www.prijedordanas.com\/?p=273497\",\"name\":\"\u0408avor: Nismo protiv investicija, ali \u017eelimo da znamo ko stoji iza firme zainteresovane za hotel na Mrakovici - VIDEO - PrijedorDanas.com - Prijedorski gradski portal\",\"isPartOf\":{\"@id\":\"https:\/\/www.prijedordanas.com\/#website\"},\"datePublished\":\"2026-07-19T12:15:53+00:00\",\"dateModified\":\"2026-07-19T12:15:53+00:00\",\"breadcrumb\":{\"@id\":\"https:\/\/www.prijedordanas.com\/?p=273497#breadcrumb\"},\"inLanguage\":\"en-US\",\"potentialAction\":[{\"@type\":\"ReadAction\",\"target\":[\"https:\/\/www.prijedordanas.com\/?p=273497\"]}]},{\"@type\":\"BreadcrumbList\",\"@id\":\"https:\/\/www.prijedordanas.com\/?p=273497#breadcrumb\",\"itemListElement\":[{\"@type\":\"ListItem\",\"position\":1,\"name\":\"Home\",\"item\":\"https:\/\/www.prijedordanas.com\/\"},{\"@type\":\"ListItem\",\"position\":2,\"name\":\"\u0408avor: Nismo protiv investicija, ali \u017eelimo da znamo ko stoji iza firme zainteresovane za hotel na Mrakovici &#8211; VIDEO\"}]},{\"@type\":\"WebSite\",\"@id\":\"https:\/\/www.prijedordanas.com\/#website\",\"url\":\"https:\/\/www.prijedordanas.com\/\",\"name\":\"PrijedorDanas.com - Prijedorski gradski portal\",\"description\":\"Portal o doga\u0111anjima u gradu Prijedoru\",\"publisher\":{\"@id\":\"https:\/\/www.prijedordanas.com\/#organization\"},\"potentialAction\":[{\"@type\":\"SearchAction\",\"target\":{\"@type\":\"EntryPoint\",\"urlTemplate\":\"https:\/\/www.prijedordanas.com\/?s={search_term_string}\"},\"query-input\":\"required name=search_term_string\"}],\"inLanguage\":\"en-US\"},{\"@type\":\"Organization\",\"@id\":\"https:\/\/www.prijedordanas.com\/#organization\",\"name\":\"PrijedorDanas.com\",\"url\":\"https:\/\/www.prijedordanas.com\/\",\"logo\":{\"@type\":\"ImageObject\",\"inLanguage\":\"en-US\",\"@id\":\"https:\/\/www.prijedordanas.com\/#\/schema\/logo\/image\/\",\"url\":\"http:\/\/www.prijedordanas.com\/wp-content\/uploads\/2021\/12\/logopng.png\",\"contentUrl\":\"http:\/\/www.prijedordanas.com\/wp-content\/uploads\/2021\/12\/logopng.png\",\"width\":1019,\"height\":776,\"caption\":\"PrijedorDanas.com\"},\"image\":{\"@id\":\"https:\/\/www.prijedordanas.com\/#\/schema\/logo\/image\/\"},\"sameAs\":[\"https:\/\/www.facebook.com\/PrijedorDanasCom\/\"]},{\"@type\":\"Person\",\"@id\":\"https:\/\/www.prijedordanas.com\/#\/schema\/person\/4e08ccf29b506ca916ff86d46bb700e6\",\"name\":\"admin\",\"image\":{\"@type\":\"ImageObject\",\"inLanguage\":\"en-US\",\"@id\":\"https:\/\/www.prijedordanas.com\/#\/schema\/person\/image\/\",\"url\":\"https:\/\/secure.gravatar.com\/avatar\/1d3fc949d550f0b53a5f0d51e06dfd79?s=96&d=mm&r=g\",\"contentUrl\":\"https:\/\/secure.gravatar.com\/avatar\/1d3fc949d550f0b53a5f0d51e06dfd79?s=96&d=mm&r=g\",\"caption\":\"admin\"},\"url\":\"https:\/\/www.prijedordanas.com\/?author=1\"}]}<\/script>\n<!-- \/ Yoast SEO plugin. -->","yoast_head_json":{"title":"\u0408avor: Nismo protiv investicija, ali \u017eelimo da znamo ko stoji iza firme zainteresovane za hotel na Mrakovici - VIDEO - PrijedorDanas.com - Prijedorski gradski portal","robots":{"index":"index","follow":"follow","max-snippet":"max-snippet:-1","max-image-preview":"max-image-preview:large","max-video-preview":"max-video-preview:-1"},"canonical":"https:\/\/www.prijedordanas.com\/?p=273497","og_locale":"en_US","og_type":"article","og_title":"\u0408avor: Nismo protiv investicija, ali \u017eelimo da znamo ko stoji iza firme zainteresovane za hotel na Mrakovici - VIDEO - PrijedorDanas.com - Prijedorski gradski portal","og_description":"Gradona\u010delnik Prijedora Slobodan \u0408avor rekao je za RTRS da su sve investicije na Kozari dobrodo\u0161le, ali da se mora znati ko stoji iza njih i kakve namjere ima. Komentari\u0161u\u0107i najave [&hellip;]","og_url":"https:\/\/www.prijedordanas.com\/?p=273497","og_site_name":"PrijedorDanas.com - Prijedorski gradski portal","article_publisher":"https:\/\/www.facebook.com\/PrijedorDanasCom\/","article_published_time":"2026-07-19T12:15:53+00:00","og_image":[{"url":"https:\/\/www.prijedordanas.com\/wp-content\/uploads\/2026\/07\/rtrs-javor-juli2026-300x225.jpg"}],"author":"admin","twitter_card":"summary_large_image","twitter_misc":{"Written by":"admin"},"schema":{"@context":"https:\/\/schema.org","@graph":[{"@type":"Article","@id":"https:\/\/www.prijedordanas.com\/?p=273497#article","isPartOf":{"@id":"https:\/\/www.prijedordanas.com\/?p=273497"},"author":{"name":"admin","@id":"https:\/\/www.prijedordanas.com\/#\/schema\/person\/4e08ccf29b506ca916ff86d46bb700e6"},"headline":"\u0408avor: Nismo protiv investicija, ali \u017eelimo da znamo ko stoji iza firme zainteresovane za hotel na Mrakovici &#8211; VIDEO","datePublished":"2026-07-19T12:15:53+00:00","dateModified":"2026-07-19T12:15:53+00:00","mainEntityOfPage":{"@id":"https:\/\/www.prijedordanas.com\/?p=273497"},"wordCount":952,"publisher":{"@id":"https:\/\/www.prijedordanas.com\/#organization"},"articleSection":["Svakodnevno"],"inLanguage":"en-US"},{"@type":"WebPage","@id":"https:\/\/www.prijedordanas.com\/?p=273497","url":"https:\/\/www.prijedordanas.com\/?p=273497","name":"\u0408avor: Nismo protiv investicija, ali \u017eelimo da znamo ko stoji iza firme zainteresovane za hotel na Mrakovici - VIDEO - PrijedorDanas.com - Prijedorski gradski portal","isPartOf":{"@id":"https:\/\/www.prijedordanas.com\/#website"},"datePublished":"2026-07-19T12:15:53+00:00","dateModified":"2026-07-19T12:15:53+00:00","breadcrumb":{"@id":"https:\/\/www.prijedordanas.com\/?p=273497#breadcrumb"},"inLanguage":"en-US","potentialAction":[{"@type":"ReadAction","target":["https:\/\/www.prijedordanas.com\/?p=273497"]}]},{"@type":"BreadcrumbList","@id":"https:\/\/www.prijedordanas.com\/?p=273497#breadcrumb","itemListElement":[{"@type":"ListItem","position":1,"name":"Home","item":"https:\/\/www.prijedordanas.com\/"},{"@type":"ListItem","position":2,"name":"\u0408avor: Nismo protiv investicija, ali \u017eelimo da znamo ko stoji iza firme zainteresovane za hotel na Mrakovici &#8211; VIDEO"}]},{"@type":"WebSite","@id":"https:\/\/www.prijedordanas.com\/#website","url":"https:\/\/www.prijedordanas.com\/","name":"PrijedorDanas.com - Prijedorski gradski portal","description":"Portal o doga\u0111anjima u gradu Prijedoru","publisher":{"@id":"https:\/\/www.prijedordanas.com\/#organization"},"potentialAction":[{"@type":"SearchAction","target":{"@type":"EntryPoint","urlTemplate":"https:\/\/www.prijedordanas.com\/?s={search_term_string}"},"query-input":"required name=search_term_string"}],"inLanguage":"en-US"},{"@type":"Organization","@id":"https:\/\/www.prijedordanas.com\/#organization","name":"PrijedorDanas.com","url":"https:\/\/www.prijedordanas.com\/","logo":{"@type":"ImageObject","inLanguage":"en-US","@id":"https:\/\/www.prijedordanas.com\/#\/schema\/logo\/image\/","url":"http:\/\/www.prijedordanas.com\/wp-content\/uploads\/2021\/12\/logopng.png","contentUrl":"http:\/\/www.prijedordanas.com\/wp-content\/uploads\/2021\/12\/logopng.png","width":1019,"height":776,"caption":"PrijedorDanas.com"},"image":{"@id":"https:\/\/www.prijedordanas.com\/#\/schema\/logo\/image\/"},"sameAs":["https:\/\/www.facebook.com\/PrijedorDanasCom\/"]},{"@type":"Person","@id":"https:\/\/www.prijedordanas.com\/#\/schema\/person\/4e08ccf29b506ca916ff86d46bb700e6","name":"admin","image":{"@type":"ImageObject","inLanguage":"en-US","@id":"https:\/\/www.prijedordanas.com\/#\/schema\/person\/image\/","url":"https:\/\/secure.gravatar.com\/avatar\/1d3fc949d550f0b53a5f0d51e06dfd79?s=96&d=mm&r=g","contentUrl":"https:\/\/secure.gravatar.com\/avatar\/1d3fc949d550f0b53a5f0d51e06dfd79?s=96&d=mm&r=g","caption":"admin"},"url":"https:\/\/www.prijedordanas.com\/?author=1"}]}},"_links":{"self":[{"href":"https:\/\/www.prijedordanas.com\/index.php?rest_route=\/wp\/v2\/posts\/273497"}],"collection":[{"href":"https:\/\/www.prijedordanas.com\/index.php?rest_route=\/wp\/v2\/posts"}],"about":[{"href":"https:\/\/www.prijedordanas.com\/index.php?rest_route=\/wp\/v2\/types\/post"}],"author":[{"embeddable":true,"href":"https:\/\/www.prijedordanas.com\/index.php?rest_route=\/wp\/v2\/users\/1"}],"replies":[{"embeddable":true,"href":"https:\/\/www.prijedordanas.com\/index.php?rest_route=%2Fwp%2Fv2%2Fcomments&post=273497"}],"version-history":[{"count":1,"href":"https:\/\/www.prijedordanas.com\/index.php?rest_route=\/wp\/v2\/posts\/273497\/revisions"}],"predecessor-version":[{"id":273499,"href":"https:\/\/www.prijedordanas.com\/index.php?rest_route=\/wp\/v2\/posts\/273497\/revisions\/273499"}],"wp:attachment":[{"href":"https:\/\/www.prijedordanas.com\/index.php?rest_route=%2Fwp%2Fv2%2Fmedia&parent=273497"}],"wp:term":[{"taxonomy":"category","embeddable":true,"href":"https:\/\/www.prijedordanas.com\/index.php?rest_route=%2Fwp%2Fv2%2Fcategories&post=273497"},{"taxonomy":"post_tag","embeddable":true,"href":"https:\/\/www.prijedordanas.com\/index.php?rest_route=%2Fwp%2Fv2%2Ftags&post=273497"}],"curies":[{"name":"wp","href":"https:\/\/api.w.org\/{rel}","templated":true}]}}