{"id":27349,"date":"2015-08-09T12:12:06","date_gmt":"2015-08-09T11:12:06","guid":{"rendered":"https:\/\/www.prijedordanas.com\/?p=27349"},"modified":"2015-08-09T12:12:06","modified_gmt":"2015-08-09T11:12:06","slug":"dragane-poleti-ka-slobodi","status":"publish","type":"post","link":"https:\/\/www.prijedordanas.com\/?p=27349","title":{"rendered":"DRAGANE, POLETI KA SLOBODI!"},"content":{"rendered":"<p><a href=\"https:\/\/www.prijedordanas.com\/wp-content\/uploads\/2015\/08\/vesti-dragane-poleti-ka-slobodi-1.jpg\"><img loading=\"lazy\" decoding=\"async\" class=\"alignleft size-medium wp-image-27350\" src=\"https:\/\/www.prijedordanas.com\/wp-content\/uploads\/2015\/08\/vesti-dragane-poleti-ka-slobodi-1-300x180.jpg\" alt=\"vesti-dragane poleti ka slobodi (1)\" width=\"300\" height=\"180\" srcset=\"https:\/\/www.prijedordanas.com\/wp-content\/uploads\/2015\/08\/vesti-dragane-poleti-ka-slobodi-1-300x180.jpg 300w, https:\/\/www.prijedordanas.com\/wp-content\/uploads\/2015\/08\/vesti-dragane-poleti-ka-slobodi-1.jpg 600w\" sizes=\"(max-width: 300px) 100vw, 300px\" \/><\/a>Dragana Rado\u010daja, vedrog i pametnog 19-godi\u0161njeg mladi\u0107a, jedinog u BiH koji boluje od retke bolesti, sindroma &#8220;staklenih kostiju&#8221; prvo su obradovala kolica na elektri\u010dni pogon, osvanula samo jednog dana ispred njegove ku\u0107e u selu Ljeskare kod Prijedora, potom pismo zemljaka iz Norve\u0161ke, a na kraju i donacija od 800 evra, iako je za njegov prvi izlazak u svet trebalo 650 evra.<\/p>\n<p>Veli\u010dina i snaga jednog naroda se meri spremno\u0161\u0107u da pomognu svojim sunarodnicima u nevolji, pi\u0161e u pozivu Udru\u017eenja Srba &#8220;Ivo Andri\u0107&#8221; sa sedi\u0161tem u Stavangeru u pokrajini Rogaland odakle je stiglo i pismo podr\u0161ke \u0161ti\u0107eniku &#8220;Vesti&#8221;.<\/p>\n<p>&#8220;Dragi Dragane,<br \/>\nUdru\u017eenje Srba u Rogalandu &#8220;Ivo Andri\u0107&#8221; okuplja stotinak Srba koji \u017eive i rade na jugozapadu Norve\u0161ke i osnovano je u junu pro\u0161le godine. Osnovni ciljevi rada na\u0161eg Udru\u017eenja su o\u010duvanje srpske tradicije, kulture i jezika, kao i negovanje prijateljstva izme\u0111u srpskog i norve\u0161kog naroda. Tako\u0111e, vrlo bitan cilj postojanja na\u0161eg dru\u0161tva je i humanitarna delatnost, gde nastojimo da pomognemo na\u0161em narodu&#8230;<\/p>\n<p>U dogovoru sa &#8220;Vestima&#8221; iz Frankfurta i saznanju o tvojoj situaciji, doneli smo odluku da ti po\u0161aljemo jednu skromnu donaciju, u \u017eelji da ti pomognemo da makar malo samostalno spozna\u0161 ose\u0107aj slobode. Na\u0161a Humanitarna sekcija je pored sredstava koja je odvojila iz Humanitarnog fonda pokrenula akciju prikupljanja dodatnih sredstava. Nai\u0161li smo na izvanredan odziv, jer su ljudi dobre volje prepoznali koliki si borac i da ti vredi pomo\u0107i. Mi se iskreno nadamo da \u0107e ti ovaj na\u0161 mali gest doneti neke bolje i lep\u0161e dane. \u017delimo svaku sre\u0107u tebi i tvojoj porodici u daljem \u017eivotu, a posebno ti \u017eelimo da nastavi\u0161 da se hrabro i sr\u010dano bori\u0161, kao \u0161to si to do sada radio.<\/p>\n<p>Srda\u010dan pozdrav, Nikola Lazarevi\u0107 predsednik UO Udru\u017eenja i Miloranka Radosavljevi\u0107 koordinator za humanitarni rad&#8221;.<\/p>\n<p><a href=\"https:\/\/www.prijedordanas.com\/wp-content\/uploads\/2015\/08\/vesti-dragane-poleti-ka-slobodi-2.jpg\"><img loading=\"lazy\" decoding=\"async\" src=\"https:\/\/www.prijedordanas.com\/wp-content\/uploads\/2015\/08\/vesti-dragane-poleti-ka-slobodi-2-281x300.jpg\" alt=\"vesti-dragane poleti ka slobodi (2)\" width=\"281\" height=\"300\" class=\"alignleft size-medium wp-image-27351\" srcset=\"https:\/\/www.prijedordanas.com\/wp-content\/uploads\/2015\/08\/vesti-dragane-poleti-ka-slobodi-2-281x300.jpg 281w, https:\/\/www.prijedordanas.com\/wp-content\/uploads\/2015\/08\/vesti-dragane-poleti-ka-slobodi-2.jpg 561w\" sizes=\"(max-width: 281px) 100vw, 281px\" \/><\/a>Zahvalnica za lepo delo<\/p>\n<p>Na vizit karti Nikole Lazarevi\u0107a, ro\u0111enog Beogra\u0111anina, nedavnog gosta Dopisni\u0161tva &#8220;Vesti&#8221; u Beogradu, pi\u0161e i na srpskom i na norve\u0161kom jeziku jedan od citata slavnog nobelovca Andri\u0107a:<br \/>\n&#8220;Svuda na svetu gde god da na\u0161a misao krene ili stane, nailazi na mostove kao ljudsku \u017eelju da se pove\u017ee, da ne bude deljenja, protivnosti ni rastanaka&#8221;. Upravo zbog brze akcije svih \u010dlanova Udru\u017eenja Srba u Rogalandu i krajnjeg cilja da motivi\u0161u princip dobrovoljnosti i me\u0111u zemljacima i me\u0111u Norve\u017eanima, Humanitarni most se odu\u017eio zahvalnicom na njihovom lepom gestu. Znamo i bez obe\u0107anja na\u0161eg zemljaka da se uvek mo\u017eemo osloniti na njih.<\/p>\n<p>Bratska pomo\u0107<\/p>\n<p>Posebno zadovoljstvo je da su se na\u0161em pozivu odazvali i donatori van na\u0161eg Udru\u017eenja, prikupljeno je vi\u0161e sredstava od potrebnih kako bi makar malo doprineli da se pobolj\u0161a kvalitet \u017eivota porodice Rado\u010daj. Ovim putem se zahvaljujemo svim donatorima koji su u\u010destvovali u akciji, a naro\u010dito na\u0161em bratskom udru\u017eenju Srpska kruna iz Po\u0161gruna i predsedniku UO Miomiru \u0160u\u0161njaru, istakla je Miloranka Radosavljevi\u0107, rodom iz op\u0161tine Despotovac.<\/p>\n<p>POZIV DONATORIMA<br \/>\nAko \u017eelite da se uklju\u010dite u neku od akcija Humanitarnog mosta, javite se na mejl adresu: hmost@frvesti.com. Dobi\u0107ete adresu i broj telefona porodice kojoj \u017eelite da pomognete i dogovoriti se sa njima o na\u010dinu dostave donacije. Informacije mo\u017eete da dobijete i od novinara Humanitarnog mosta na: +381 11 31 93 771 i +381 11 31 90 924.<\/p>\n<p>Vesti-online.com<\/p>\n","protected":false},"excerpt":{"rendered":"<p>Dragana Rado\u010daja, vedrog i pametnog 19-godi\u0161njeg mladi\u0107a, jedinog u BiH koji boluje od retke bolesti, sindroma &#8220;staklenih kostiju&#8221; prvo su obradovala kolica na elektri\u010dni pogon, osvanula samo jednog dana ispred [&hellip;]<\/p>\n","protected":false},"author":1,"featured_media":0,"comment_status":"closed","ping_status":"open","sticky":false,"template":"","format":"standard","meta":{"_monsterinsights_skip_tracking":false,"_monsterinsights_sitenote_active":false,"_monsterinsights_sitenote_note":"","_monsterinsights_sitenote_category":0,"footnotes":""},"categories":[3],"tags":[3610,3676],"yoast_head":"<!-- This site is optimized with the Yoast SEO plugin v21.6 - https:\/\/yoast.com\/wordpress\/plugins\/seo\/ -->\n<title>DRAGANE, POLETI KA SLOBODI! - PrijedorDanas.com - Prijedorski gradski portal<\/title>\n<meta name=\"robots\" content=\"index, follow, max-snippet:-1, max-image-preview:large, max-video-preview:-1\" \/>\n<link rel=\"canonical\" href=\"https:\/\/www.prijedordanas.com\/?p=27349\" \/>\n<meta property=\"og:locale\" content=\"en_US\" \/>\n<meta property=\"og:type\" content=\"article\" \/>\n<meta property=\"og:title\" content=\"DRAGANE, POLETI KA SLOBODI! - PrijedorDanas.com - Prijedorski gradski portal\" \/>\n<meta property=\"og:description\" content=\"Dragana Rado\u010daja, vedrog i pametnog 19-godi\u0161njeg mladi\u0107a, jedinog u BiH koji boluje od retke bolesti, sindroma &#8220;staklenih kostiju&#8221; prvo su obradovala kolica na elektri\u010dni pogon, osvanula samo jednog dana ispred [&hellip;]\" \/>\n<meta property=\"og:url\" content=\"https:\/\/www.prijedordanas.com\/?p=27349\" \/>\n<meta property=\"og:site_name\" content=\"PrijedorDanas.com - Prijedorski gradski portal\" \/>\n<meta property=\"article:publisher\" content=\"https:\/\/www.facebook.com\/PrijedorDanasCom\/\" \/>\n<meta property=\"article:published_time\" content=\"2015-08-09T11:12:06+00:00\" \/>\n<meta property=\"og:image\" content=\"https:\/\/www.prijedordanas.com\/wp-content\/uploads\/2015\/08\/vesti-dragane-poleti-ka-slobodi-1-300x180.jpg\" \/>\n<meta name=\"author\" content=\"admin\" \/>\n<meta name=\"twitter:card\" content=\"summary_large_image\" \/>\n<meta name=\"twitter:label1\" content=\"Written by\" \/>\n\t<meta name=\"twitter:data1\" content=\"admin\" \/>\n\t<meta name=\"twitter:label2\" content=\"Est. reading time\" \/>\n\t<meta name=\"twitter:data2\" content=\"3 minutes\" \/>\n<script type=\"application\/ld+json\" class=\"yoast-schema-graph\">{\"@context\":\"https:\/\/schema.org\",\"@graph\":[{\"@type\":\"Article\",\"@id\":\"https:\/\/www.prijedordanas.com\/?p=27349#article\",\"isPartOf\":{\"@id\":\"https:\/\/www.prijedordanas.com\/?p=27349\"},\"author\":{\"name\":\"admin\",\"@id\":\"https:\/\/www.prijedordanas.com\/#\/schema\/person\/4e08ccf29b506ca916ff86d46bb700e6\"},\"headline\":\"DRAGANE, POLETI KA SLOBODI!\",\"datePublished\":\"2015-08-09T11:12:06+00:00\",\"dateModified\":\"2015-08-09T11:12:06+00:00\",\"mainEntityOfPage\":{\"@id\":\"https:\/\/www.prijedordanas.com\/?p=27349\"},\"wordCount\":583,\"publisher\":{\"@id\":\"https:\/\/www.prijedordanas.com\/#organization\"},\"keywords\":[\"Dragan Rado\u010daj\",\"humanitarni most\"],\"articleSection\":[\"\u017divot\"],\"inLanguage\":\"en-US\"},{\"@type\":\"WebPage\",\"@id\":\"https:\/\/www.prijedordanas.com\/?p=27349\",\"url\":\"https:\/\/www.prijedordanas.com\/?p=27349\",\"name\":\"DRAGANE, POLETI KA SLOBODI! - PrijedorDanas.com - Prijedorski gradski portal\",\"isPartOf\":{\"@id\":\"https:\/\/www.prijedordanas.com\/#website\"},\"datePublished\":\"2015-08-09T11:12:06+00:00\",\"dateModified\":\"2015-08-09T11:12:06+00:00\",\"breadcrumb\":{\"@id\":\"https:\/\/www.prijedordanas.com\/?p=27349#breadcrumb\"},\"inLanguage\":\"en-US\",\"potentialAction\":[{\"@type\":\"ReadAction\",\"target\":[\"https:\/\/www.prijedordanas.com\/?p=27349\"]}]},{\"@type\":\"BreadcrumbList\",\"@id\":\"https:\/\/www.prijedordanas.com\/?p=27349#breadcrumb\",\"itemListElement\":[{\"@type\":\"ListItem\",\"position\":1,\"name\":\"Home\",\"item\":\"https:\/\/www.prijedordanas.com\/\"},{\"@type\":\"ListItem\",\"position\":2,\"name\":\"DRAGANE, POLETI KA SLOBODI!\"}]},{\"@type\":\"WebSite\",\"@id\":\"https:\/\/www.prijedordanas.com\/#website\",\"url\":\"https:\/\/www.prijedordanas.com\/\",\"name\":\"PrijedorDanas.com - Prijedorski gradski portal\",\"description\":\"Portal o doga\u0111anjima u gradu Prijedoru\",\"publisher\":{\"@id\":\"https:\/\/www.prijedordanas.com\/#organization\"},\"potentialAction\":[{\"@type\":\"SearchAction\",\"target\":{\"@type\":\"EntryPoint\",\"urlTemplate\":\"https:\/\/www.prijedordanas.com\/?s={search_term_string}\"},\"query-input\":\"required name=search_term_string\"}],\"inLanguage\":\"en-US\"},{\"@type\":\"Organization\",\"@id\":\"https:\/\/www.prijedordanas.com\/#organization\",\"name\":\"PrijedorDanas.com\",\"url\":\"https:\/\/www.prijedordanas.com\/\",\"logo\":{\"@type\":\"ImageObject\",\"inLanguage\":\"en-US\",\"@id\":\"https:\/\/www.prijedordanas.com\/#\/schema\/logo\/image\/\",\"url\":\"http:\/\/www.prijedordanas.com\/wp-content\/uploads\/2021\/12\/logopng.png\",\"contentUrl\":\"http:\/\/www.prijedordanas.com\/wp-content\/uploads\/2021\/12\/logopng.png\",\"width\":1019,\"height\":776,\"caption\":\"PrijedorDanas.com\"},\"image\":{\"@id\":\"https:\/\/www.prijedordanas.com\/#\/schema\/logo\/image\/\"},\"sameAs\":[\"https:\/\/www.facebook.com\/PrijedorDanasCom\/\"]},{\"@type\":\"Person\",\"@id\":\"https:\/\/www.prijedordanas.com\/#\/schema\/person\/4e08ccf29b506ca916ff86d46bb700e6\",\"name\":\"admin\",\"image\":{\"@type\":\"ImageObject\",\"inLanguage\":\"en-US\",\"@id\":\"https:\/\/www.prijedordanas.com\/#\/schema\/person\/image\/\",\"url\":\"https:\/\/secure.gravatar.com\/avatar\/1d3fc949d550f0b53a5f0d51e06dfd79?s=96&d=mm&r=g\",\"contentUrl\":\"https:\/\/secure.gravatar.com\/avatar\/1d3fc949d550f0b53a5f0d51e06dfd79?s=96&d=mm&r=g\",\"caption\":\"admin\"},\"url\":\"https:\/\/www.prijedordanas.com\/?author=1\"}]}<\/script>\n<!-- \/ Yoast SEO plugin. -->","yoast_head_json":{"title":"DRAGANE, POLETI KA SLOBODI! - PrijedorDanas.com - Prijedorski gradski portal","robots":{"index":"index","follow":"follow","max-snippet":"max-snippet:-1","max-image-preview":"max-image-preview:large","max-video-preview":"max-video-preview:-1"},"canonical":"https:\/\/www.prijedordanas.com\/?p=27349","og_locale":"en_US","og_type":"article","og_title":"DRAGANE, POLETI KA SLOBODI! - PrijedorDanas.com - Prijedorski gradski portal","og_description":"Dragana Rado\u010daja, vedrog i pametnog 19-godi\u0161njeg mladi\u0107a, jedinog u BiH koji boluje od retke bolesti, sindroma &#8220;staklenih kostiju&#8221; prvo su obradovala kolica na elektri\u010dni pogon, osvanula samo jednog dana ispred [&hellip;]","og_url":"https:\/\/www.prijedordanas.com\/?p=27349","og_site_name":"PrijedorDanas.com - Prijedorski gradski portal","article_publisher":"https:\/\/www.facebook.com\/PrijedorDanasCom\/","article_published_time":"2015-08-09T11:12:06+00:00","og_image":[{"url":"https:\/\/www.prijedordanas.com\/wp-content\/uploads\/2015\/08\/vesti-dragane-poleti-ka-slobodi-1-300x180.jpg"}],"author":"admin","twitter_card":"summary_large_image","twitter_misc":{"Written by":"admin","Est. reading time":"3 minutes"},"schema":{"@context":"https:\/\/schema.org","@graph":[{"@type":"Article","@id":"https:\/\/www.prijedordanas.com\/?p=27349#article","isPartOf":{"@id":"https:\/\/www.prijedordanas.com\/?p=27349"},"author":{"name":"admin","@id":"https:\/\/www.prijedordanas.com\/#\/schema\/person\/4e08ccf29b506ca916ff86d46bb700e6"},"headline":"DRAGANE, POLETI KA SLOBODI!","datePublished":"2015-08-09T11:12:06+00:00","dateModified":"2015-08-09T11:12:06+00:00","mainEntityOfPage":{"@id":"https:\/\/www.prijedordanas.com\/?p=27349"},"wordCount":583,"publisher":{"@id":"https:\/\/www.prijedordanas.com\/#organization"},"keywords":["Dragan Rado\u010daj","humanitarni most"],"articleSection":["\u017divot"],"inLanguage":"en-US"},{"@type":"WebPage","@id":"https:\/\/www.prijedordanas.com\/?p=27349","url":"https:\/\/www.prijedordanas.com\/?p=27349","name":"DRAGANE, POLETI KA SLOBODI! - PrijedorDanas.com - Prijedorski gradski portal","isPartOf":{"@id":"https:\/\/www.prijedordanas.com\/#website"},"datePublished":"2015-08-09T11:12:06+00:00","dateModified":"2015-08-09T11:12:06+00:00","breadcrumb":{"@id":"https:\/\/www.prijedordanas.com\/?p=27349#breadcrumb"},"inLanguage":"en-US","potentialAction":[{"@type":"ReadAction","target":["https:\/\/www.prijedordanas.com\/?p=27349"]}]},{"@type":"BreadcrumbList","@id":"https:\/\/www.prijedordanas.com\/?p=27349#breadcrumb","itemListElement":[{"@type":"ListItem","position":1,"name":"Home","item":"https:\/\/www.prijedordanas.com\/"},{"@type":"ListItem","position":2,"name":"DRAGANE, POLETI KA SLOBODI!"}]},{"@type":"WebSite","@id":"https:\/\/www.prijedordanas.com\/#website","url":"https:\/\/www.prijedordanas.com\/","name":"PrijedorDanas.com - Prijedorski gradski portal","description":"Portal o doga\u0111anjima u gradu Prijedoru","publisher":{"@id":"https:\/\/www.prijedordanas.com\/#organization"},"potentialAction":[{"@type":"SearchAction","target":{"@type":"EntryPoint","urlTemplate":"https:\/\/www.prijedordanas.com\/?s={search_term_string}"},"query-input":"required name=search_term_string"}],"inLanguage":"en-US"},{"@type":"Organization","@id":"https:\/\/www.prijedordanas.com\/#organization","name":"PrijedorDanas.com","url":"https:\/\/www.prijedordanas.com\/","logo":{"@type":"ImageObject","inLanguage":"en-US","@id":"https:\/\/www.prijedordanas.com\/#\/schema\/logo\/image\/","url":"http:\/\/www.prijedordanas.com\/wp-content\/uploads\/2021\/12\/logopng.png","contentUrl":"http:\/\/www.prijedordanas.com\/wp-content\/uploads\/2021\/12\/logopng.png","width":1019,"height":776,"caption":"PrijedorDanas.com"},"image":{"@id":"https:\/\/www.prijedordanas.com\/#\/schema\/logo\/image\/"},"sameAs":["https:\/\/www.facebook.com\/PrijedorDanasCom\/"]},{"@type":"Person","@id":"https:\/\/www.prijedordanas.com\/#\/schema\/person\/4e08ccf29b506ca916ff86d46bb700e6","name":"admin","image":{"@type":"ImageObject","inLanguage":"en-US","@id":"https:\/\/www.prijedordanas.com\/#\/schema\/person\/image\/","url":"https:\/\/secure.gravatar.com\/avatar\/1d3fc949d550f0b53a5f0d51e06dfd79?s=96&d=mm&r=g","contentUrl":"https:\/\/secure.gravatar.com\/avatar\/1d3fc949d550f0b53a5f0d51e06dfd79?s=96&d=mm&r=g","caption":"admin"},"url":"https:\/\/www.prijedordanas.com\/?author=1"}]}},"_links":{"self":[{"href":"https:\/\/www.prijedordanas.com\/index.php?rest_route=\/wp\/v2\/posts\/27349"}],"collection":[{"href":"https:\/\/www.prijedordanas.com\/index.php?rest_route=\/wp\/v2\/posts"}],"about":[{"href":"https:\/\/www.prijedordanas.com\/index.php?rest_route=\/wp\/v2\/types\/post"}],"author":[{"embeddable":true,"href":"https:\/\/www.prijedordanas.com\/index.php?rest_route=\/wp\/v2\/users\/1"}],"replies":[{"embeddable":true,"href":"https:\/\/www.prijedordanas.com\/index.php?rest_route=%2Fwp%2Fv2%2Fcomments&post=27349"}],"version-history":[{"count":1,"href":"https:\/\/www.prijedordanas.com\/index.php?rest_route=\/wp\/v2\/posts\/27349\/revisions"}],"predecessor-version":[{"id":27352,"href":"https:\/\/www.prijedordanas.com\/index.php?rest_route=\/wp\/v2\/posts\/27349\/revisions\/27352"}],"wp:attachment":[{"href":"https:\/\/www.prijedordanas.com\/index.php?rest_route=%2Fwp%2Fv2%2Fmedia&parent=27349"}],"wp:term":[{"taxonomy":"category","embeddable":true,"href":"https:\/\/www.prijedordanas.com\/index.php?rest_route=%2Fwp%2Fv2%2Fcategories&post=27349"},{"taxonomy":"post_tag","embeddable":true,"href":"https:\/\/www.prijedordanas.com\/index.php?rest_route=%2Fwp%2Fv2%2Ftags&post=27349"}],"curies":[{"name":"wp","href":"https:\/\/api.w.org\/{rel}","templated":true}]}}