{"id":273340,"date":"2026-07-17T10:41:30","date_gmt":"2026-07-17T08:41:30","guid":{"rendered":"https:\/\/www.prijedordanas.com\/?p=273340"},"modified":"2026-07-17T10:41:30","modified_gmt":"2026-07-17T08:41:30","slug":"pu-prijedor-prekrsajna-kazna-za-uvredljive-i-uznemiravajuce-grafite","status":"publish","type":"post","link":"https:\/\/www.prijedordanas.com\/?p=273340","title":{"rendered":"PU Prijedor: Prekr\u0161ajna kazna za uvredljive i uznemiravaju\u0107e grafite"},"content":{"rendered":"<p><a href=\"https:\/\/www.prijedordanas.com\/wp-content\/uploads\/2026\/07\/uvredljivi-grafiti-juni2026-1.jpg\"><img loading=\"lazy\" decoding=\"async\" class=\"alignleft size-medium wp-image-273342\" src=\"https:\/\/www.prijedordanas.com\/wp-content\/uploads\/2026\/07\/uvredljivi-grafiti-juni2026-1-300x225.jpg\" alt=\"\" width=\"300\" height=\"225\" srcset=\"https:\/\/www.prijedordanas.com\/wp-content\/uploads\/2026\/07\/uvredljivi-grafiti-juni2026-1-300x225.jpg 300w, https:\/\/www.prijedordanas.com\/wp-content\/uploads\/2026\/07\/uvredljivi-grafiti-juni2026-1-640x480.jpg 640w, https:\/\/www.prijedordanas.com\/wp-content\/uploads\/2026\/07\/uvredljivi-grafiti-juni2026-1.jpg 667w\" sizes=\"(max-width: 300px) 100vw, 300px\" \/><\/a>Mu\u0161karac S.R. iz Prijedora bi\u0107e prekr\u0161ajno ka\u017enjen zbog pisanja grafita uvredljivog i uznemiravaju\u0107eg sadr\u017eaja na ra\u010dun predsjednika izbornog \u0161taba prijedorskog SNSD-a i direktora \u0160umskog gazdinstva Prijedor Sa\u0161e Bursa\u0107a, izjavio je na\u010delnik Policijske uprave \/PU\/ Prijedor Dragan Milojica.<\/p>\n<p>On je naveo da je po\u010dinilac prona\u0111en uz pomo\u0107 video-nadzora.<\/p>\n<p>\u201cSlu\u010daj je kvalifikovan po \u010dlanu sedam Zakona o javom redu i miru Republike Srpske\u201d, rekao je Milojica Srni.<\/p>\n<p>Kazna je od 100 KM do 300 KM za onog ko naru\u0161ava javni red i mir sva\u0111om, vikom, vriskom, izvo\u0111enjem ili reprodukcijom muzi\u010dkih sadr\u017eaja ili tekstova, no\u0161enjem ili isticanjem simbola, slika, crte\u017ea ili tekstova nepristojnog, uvredljivog ili uznemiravaju\u0107eg sadr\u017eaja i drugim nepristojnim ili drskim pona\u0161anjem, osim ako se navedeno ne odnosi na javno izneseno mi\u0161ljenje o radu dr\u017eavnih organa, te drugih javnih organa i organizacija.<\/p>\n<p>Po\u010detkom mjeseca na vi\u0161e lokacija u Prijedoru pojavili su se grafiti uvredljivog i uznemiruju\u0107eg sadr\u017eaja koji su sadr\u017eavali Bursa\u0107evo ime i prezime.<\/p>\n<p>Izborni \u0161tab prijedorskog SNSD-a najo\u0161trije je osudio uvredljive grafite usmjerene protiv predsjednika ovog \u0161taba.<\/p>\n<p>SRNA<\/p>\n<p><a href=\"https:\/\/www.prijedordanas.com\/wp-content\/uploads\/2026\/07\/uvredljivi-grafiti-juni2026-2.jpg\"><img loading=\"lazy\" decoding=\"async\" src=\"https:\/\/www.prijedordanas.com\/wp-content\/uploads\/2026\/07\/uvredljivi-grafiti-juni2026-2-300x225.jpg\" alt=\"\" width=\"300\" height=\"225\" class=\"alignleft size-medium wp-image-273343\" srcset=\"https:\/\/www.prijedordanas.com\/wp-content\/uploads\/2026\/07\/uvredljivi-grafiti-juni2026-2-300x225.jpg 300w, https:\/\/www.prijedordanas.com\/wp-content\/uploads\/2026\/07\/uvredljivi-grafiti-juni2026-2-640x480.jpg 640w, https:\/\/www.prijedordanas.com\/wp-content\/uploads\/2026\/07\/uvredljivi-grafiti-juni2026-2.jpg 667w\" sizes=\"(max-width: 300px) 100vw, 300px\" \/><\/a> <a href=\"https:\/\/www.prijedordanas.com\/wp-content\/uploads\/2026\/07\/uvredljivi-grafiti-juni2026-3.jpg\"><img loading=\"lazy\" decoding=\"async\" src=\"https:\/\/www.prijedordanas.com\/wp-content\/uploads\/2026\/07\/uvredljivi-grafiti-juni2026-3-300x225.jpg\" alt=\"\" width=\"300\" height=\"225\" class=\"alignleft size-medium wp-image-273344\" srcset=\"https:\/\/www.prijedordanas.com\/wp-content\/uploads\/2026\/07\/uvredljivi-grafiti-juni2026-3-300x225.jpg 300w, https:\/\/www.prijedordanas.com\/wp-content\/uploads\/2026\/07\/uvredljivi-grafiti-juni2026-3-640x480.jpg 640w, https:\/\/www.prijedordanas.com\/wp-content\/uploads\/2026\/07\/uvredljivi-grafiti-juni2026-3.jpg 667w\" sizes=\"(max-width: 300px) 100vw, 300px\" \/><\/a><\/p>\n","protected":false},"excerpt":{"rendered":"<p>Mu\u0161karac S.R. iz Prijedora bi\u0107e prekr\u0161ajno ka\u017enjen zbog pisanja grafita uvredljivog i uznemiravaju\u0107eg sadr\u017eaja na ra\u010dun predsjednika izbornog \u0161taba prijedorskog SNSD-a i direktora \u0160umskog gazdinstva Prijedor Sa\u0161e Bursa\u0107a, izjavio je [&hellip;]<\/p>\n","protected":false},"author":1,"featured_media":0,"comment_status":"closed","ping_status":"open","sticky":false,"template":"","format":"standard","meta":{"_monsterinsights_skip_tracking":false,"_monsterinsights_sitenote_active":false,"_monsterinsights_sitenote_note":"","_monsterinsights_sitenote_category":0,"footnotes":""},"categories":[4],"tags":[],"yoast_head":"<!-- This site is optimized with the Yoast SEO plugin v21.6 - https:\/\/yoast.com\/wordpress\/plugins\/seo\/ -->\n<title>PU Prijedor: Prekr\u0161ajna kazna za uvredljive i uznemiravaju\u0107e grafite - PrijedorDanas.com - Prijedorski gradski portal<\/title>\n<meta name=\"robots\" content=\"index, follow, max-snippet:-1, max-image-preview:large, max-video-preview:-1\" \/>\n<link rel=\"canonical\" href=\"https:\/\/www.prijedordanas.com\/?p=273340\" \/>\n<meta property=\"og:locale\" content=\"en_US\" \/>\n<meta property=\"og:type\" content=\"article\" \/>\n<meta property=\"og:title\" content=\"PU Prijedor: Prekr\u0161ajna kazna za uvredljive i uznemiravaju\u0107e grafite - PrijedorDanas.com - Prijedorski gradski portal\" \/>\n<meta property=\"og:description\" content=\"Mu\u0161karac S.R. iz Prijedora bi\u0107e prekr\u0161ajno ka\u017enjen zbog pisanja grafita uvredljivog i uznemiravaju\u0107eg sadr\u017eaja na ra\u010dun predsjednika izbornog \u0161taba prijedorskog SNSD-a i direktora \u0160umskog gazdinstva Prijedor Sa\u0161e Bursa\u0107a, izjavio je [&hellip;]\" \/>\n<meta property=\"og:url\" content=\"https:\/\/www.prijedordanas.com\/?p=273340\" \/>\n<meta property=\"og:site_name\" content=\"PrijedorDanas.com - Prijedorski gradski portal\" \/>\n<meta property=\"article:publisher\" content=\"https:\/\/www.facebook.com\/PrijedorDanasCom\/\" \/>\n<meta property=\"article:published_time\" content=\"2026-07-17T08:41:30+00:00\" \/>\n<meta property=\"og:image\" content=\"https:\/\/www.prijedordanas.com\/wp-content\/uploads\/2026\/07\/uvredljivi-grafiti-juni2026-1-300x225.jpg\" \/>\n<meta name=\"author\" content=\"admin\" \/>\n<meta name=\"twitter:card\" content=\"summary_large_image\" \/>\n<meta name=\"twitter:label1\" content=\"Written by\" \/>\n\t<meta name=\"twitter:data1\" content=\"admin\" \/>\n\t<meta name=\"twitter:label2\" content=\"Est. reading time\" \/>\n\t<meta name=\"twitter:data2\" content=\"1 minute\" \/>\n<script type=\"application\/ld+json\" class=\"yoast-schema-graph\">{\"@context\":\"https:\/\/schema.org\",\"@graph\":[{\"@type\":\"Article\",\"@id\":\"https:\/\/www.prijedordanas.com\/?p=273340#article\",\"isPartOf\":{\"@id\":\"https:\/\/www.prijedordanas.com\/?p=273340\"},\"author\":{\"name\":\"admin\",\"@id\":\"https:\/\/www.prijedordanas.com\/#\/schema\/person\/4e08ccf29b506ca916ff86d46bb700e6\"},\"headline\":\"PU Prijedor: Prekr\u0161ajna kazna za uvredljive i uznemiravaju\u0107e grafite\",\"datePublished\":\"2026-07-17T08:41:30+00:00\",\"dateModified\":\"2026-07-17T08:41:30+00:00\",\"mainEntityOfPage\":{\"@id\":\"https:\/\/www.prijedordanas.com\/?p=273340\"},\"wordCount\":209,\"publisher\":{\"@id\":\"https:\/\/www.prijedordanas.com\/#organization\"},\"articleSection\":[\"Dru\u0161tvo\"],\"inLanguage\":\"en-US\"},{\"@type\":\"WebPage\",\"@id\":\"https:\/\/www.prijedordanas.com\/?p=273340\",\"url\":\"https:\/\/www.prijedordanas.com\/?p=273340\",\"name\":\"PU Prijedor: Prekr\u0161ajna kazna za uvredljive i uznemiravaju\u0107e grafite - PrijedorDanas.com - Prijedorski gradski portal\",\"isPartOf\":{\"@id\":\"https:\/\/www.prijedordanas.com\/#website\"},\"datePublished\":\"2026-07-17T08:41:30+00:00\",\"dateModified\":\"2026-07-17T08:41:30+00:00\",\"breadcrumb\":{\"@id\":\"https:\/\/www.prijedordanas.com\/?p=273340#breadcrumb\"},\"inLanguage\":\"en-US\",\"potentialAction\":[{\"@type\":\"ReadAction\",\"target\":[\"https:\/\/www.prijedordanas.com\/?p=273340\"]}]},{\"@type\":\"BreadcrumbList\",\"@id\":\"https:\/\/www.prijedordanas.com\/?p=273340#breadcrumb\",\"itemListElement\":[{\"@type\":\"ListItem\",\"position\":1,\"name\":\"Home\",\"item\":\"https:\/\/www.prijedordanas.com\/\"},{\"@type\":\"ListItem\",\"position\":2,\"name\":\"PU Prijedor: Prekr\u0161ajna kazna za uvredljive i uznemiravaju\u0107e grafite\"}]},{\"@type\":\"WebSite\",\"@id\":\"https:\/\/www.prijedordanas.com\/#website\",\"url\":\"https:\/\/www.prijedordanas.com\/\",\"name\":\"PrijedorDanas.com - Prijedorski gradski portal\",\"description\":\"Portal o doga\u0111anjima u gradu Prijedoru\",\"publisher\":{\"@id\":\"https:\/\/www.prijedordanas.com\/#organization\"},\"potentialAction\":[{\"@type\":\"SearchAction\",\"target\":{\"@type\":\"EntryPoint\",\"urlTemplate\":\"https:\/\/www.prijedordanas.com\/?s={search_term_string}\"},\"query-input\":\"required name=search_term_string\"}],\"inLanguage\":\"en-US\"},{\"@type\":\"Organization\",\"@id\":\"https:\/\/www.prijedordanas.com\/#organization\",\"name\":\"PrijedorDanas.com\",\"url\":\"https:\/\/www.prijedordanas.com\/\",\"logo\":{\"@type\":\"ImageObject\",\"inLanguage\":\"en-US\",\"@id\":\"https:\/\/www.prijedordanas.com\/#\/schema\/logo\/image\/\",\"url\":\"http:\/\/www.prijedordanas.com\/wp-content\/uploads\/2021\/12\/logopng.png\",\"contentUrl\":\"http:\/\/www.prijedordanas.com\/wp-content\/uploads\/2021\/12\/logopng.png\",\"width\":1019,\"height\":776,\"caption\":\"PrijedorDanas.com\"},\"image\":{\"@id\":\"https:\/\/www.prijedordanas.com\/#\/schema\/logo\/image\/\"},\"sameAs\":[\"https:\/\/www.facebook.com\/PrijedorDanasCom\/\"]},{\"@type\":\"Person\",\"@id\":\"https:\/\/www.prijedordanas.com\/#\/schema\/person\/4e08ccf29b506ca916ff86d46bb700e6\",\"name\":\"admin\",\"image\":{\"@type\":\"ImageObject\",\"inLanguage\":\"en-US\",\"@id\":\"https:\/\/www.prijedordanas.com\/#\/schema\/person\/image\/\",\"url\":\"https:\/\/secure.gravatar.com\/avatar\/1d3fc949d550f0b53a5f0d51e06dfd79?s=96&d=mm&r=g\",\"contentUrl\":\"https:\/\/secure.gravatar.com\/avatar\/1d3fc949d550f0b53a5f0d51e06dfd79?s=96&d=mm&r=g\",\"caption\":\"admin\"},\"url\":\"https:\/\/www.prijedordanas.com\/?author=1\"}]}<\/script>\n<!-- \/ Yoast SEO plugin. -->","yoast_head_json":{"title":"PU Prijedor: Prekr\u0161ajna kazna za uvredljive i uznemiravaju\u0107e grafite - PrijedorDanas.com - Prijedorski gradski portal","robots":{"index":"index","follow":"follow","max-snippet":"max-snippet:-1","max-image-preview":"max-image-preview:large","max-video-preview":"max-video-preview:-1"},"canonical":"https:\/\/www.prijedordanas.com\/?p=273340","og_locale":"en_US","og_type":"article","og_title":"PU Prijedor: Prekr\u0161ajna kazna za uvredljive i uznemiravaju\u0107e grafite - PrijedorDanas.com - Prijedorski gradski portal","og_description":"Mu\u0161karac S.R. iz Prijedora bi\u0107e prekr\u0161ajno ka\u017enjen zbog pisanja grafita uvredljivog i uznemiravaju\u0107eg sadr\u017eaja na ra\u010dun predsjednika izbornog \u0161taba prijedorskog SNSD-a i direktora \u0160umskog gazdinstva Prijedor Sa\u0161e Bursa\u0107a, izjavio je [&hellip;]","og_url":"https:\/\/www.prijedordanas.com\/?p=273340","og_site_name":"PrijedorDanas.com - Prijedorski gradski portal","article_publisher":"https:\/\/www.facebook.com\/PrijedorDanasCom\/","article_published_time":"2026-07-17T08:41:30+00:00","og_image":[{"url":"https:\/\/www.prijedordanas.com\/wp-content\/uploads\/2026\/07\/uvredljivi-grafiti-juni2026-1-300x225.jpg"}],"author":"admin","twitter_card":"summary_large_image","twitter_misc":{"Written by":"admin","Est. reading time":"1 minute"},"schema":{"@context":"https:\/\/schema.org","@graph":[{"@type":"Article","@id":"https:\/\/www.prijedordanas.com\/?p=273340#article","isPartOf":{"@id":"https:\/\/www.prijedordanas.com\/?p=273340"},"author":{"name":"admin","@id":"https:\/\/www.prijedordanas.com\/#\/schema\/person\/4e08ccf29b506ca916ff86d46bb700e6"},"headline":"PU Prijedor: Prekr\u0161ajna kazna za uvredljive i uznemiravaju\u0107e grafite","datePublished":"2026-07-17T08:41:30+00:00","dateModified":"2026-07-17T08:41:30+00:00","mainEntityOfPage":{"@id":"https:\/\/www.prijedordanas.com\/?p=273340"},"wordCount":209,"publisher":{"@id":"https:\/\/www.prijedordanas.com\/#organization"},"articleSection":["Dru\u0161tvo"],"inLanguage":"en-US"},{"@type":"WebPage","@id":"https:\/\/www.prijedordanas.com\/?p=273340","url":"https:\/\/www.prijedordanas.com\/?p=273340","name":"PU Prijedor: Prekr\u0161ajna kazna za uvredljive i uznemiravaju\u0107e grafite - PrijedorDanas.com - Prijedorski gradski portal","isPartOf":{"@id":"https:\/\/www.prijedordanas.com\/#website"},"datePublished":"2026-07-17T08:41:30+00:00","dateModified":"2026-07-17T08:41:30+00:00","breadcrumb":{"@id":"https:\/\/www.prijedordanas.com\/?p=273340#breadcrumb"},"inLanguage":"en-US","potentialAction":[{"@type":"ReadAction","target":["https:\/\/www.prijedordanas.com\/?p=273340"]}]},{"@type":"BreadcrumbList","@id":"https:\/\/www.prijedordanas.com\/?p=273340#breadcrumb","itemListElement":[{"@type":"ListItem","position":1,"name":"Home","item":"https:\/\/www.prijedordanas.com\/"},{"@type":"ListItem","position":2,"name":"PU Prijedor: Prekr\u0161ajna kazna za uvredljive i uznemiravaju\u0107e grafite"}]},{"@type":"WebSite","@id":"https:\/\/www.prijedordanas.com\/#website","url":"https:\/\/www.prijedordanas.com\/","name":"PrijedorDanas.com - Prijedorski gradski portal","description":"Portal o doga\u0111anjima u gradu Prijedoru","publisher":{"@id":"https:\/\/www.prijedordanas.com\/#organization"},"potentialAction":[{"@type":"SearchAction","target":{"@type":"EntryPoint","urlTemplate":"https:\/\/www.prijedordanas.com\/?s={search_term_string}"},"query-input":"required name=search_term_string"}],"inLanguage":"en-US"},{"@type":"Organization","@id":"https:\/\/www.prijedordanas.com\/#organization","name":"PrijedorDanas.com","url":"https:\/\/www.prijedordanas.com\/","logo":{"@type":"ImageObject","inLanguage":"en-US","@id":"https:\/\/www.prijedordanas.com\/#\/schema\/logo\/image\/","url":"http:\/\/www.prijedordanas.com\/wp-content\/uploads\/2021\/12\/logopng.png","contentUrl":"http:\/\/www.prijedordanas.com\/wp-content\/uploads\/2021\/12\/logopng.png","width":1019,"height":776,"caption":"PrijedorDanas.com"},"image":{"@id":"https:\/\/www.prijedordanas.com\/#\/schema\/logo\/image\/"},"sameAs":["https:\/\/www.facebook.com\/PrijedorDanasCom\/"]},{"@type":"Person","@id":"https:\/\/www.prijedordanas.com\/#\/schema\/person\/4e08ccf29b506ca916ff86d46bb700e6","name":"admin","image":{"@type":"ImageObject","inLanguage":"en-US","@id":"https:\/\/www.prijedordanas.com\/#\/schema\/person\/image\/","url":"https:\/\/secure.gravatar.com\/avatar\/1d3fc949d550f0b53a5f0d51e06dfd79?s=96&d=mm&r=g","contentUrl":"https:\/\/secure.gravatar.com\/avatar\/1d3fc949d550f0b53a5f0d51e06dfd79?s=96&d=mm&r=g","caption":"admin"},"url":"https:\/\/www.prijedordanas.com\/?author=1"}]}},"_links":{"self":[{"href":"https:\/\/www.prijedordanas.com\/index.php?rest_route=\/wp\/v2\/posts\/273340"}],"collection":[{"href":"https:\/\/www.prijedordanas.com\/index.php?rest_route=\/wp\/v2\/posts"}],"about":[{"href":"https:\/\/www.prijedordanas.com\/index.php?rest_route=\/wp\/v2\/types\/post"}],"author":[{"embeddable":true,"href":"https:\/\/www.prijedordanas.com\/index.php?rest_route=\/wp\/v2\/users\/1"}],"replies":[{"embeddable":true,"href":"https:\/\/www.prijedordanas.com\/index.php?rest_route=%2Fwp%2Fv2%2Fcomments&post=273340"}],"version-history":[{"count":1,"href":"https:\/\/www.prijedordanas.com\/index.php?rest_route=\/wp\/v2\/posts\/273340\/revisions"}],"predecessor-version":[{"id":273345,"href":"https:\/\/www.prijedordanas.com\/index.php?rest_route=\/wp\/v2\/posts\/273340\/revisions\/273345"}],"wp:attachment":[{"href":"https:\/\/www.prijedordanas.com\/index.php?rest_route=%2Fwp%2Fv2%2Fmedia&parent=273340"}],"wp:term":[{"taxonomy":"category","embeddable":true,"href":"https:\/\/www.prijedordanas.com\/index.php?rest_route=%2Fwp%2Fv2%2Fcategories&post=273340"},{"taxonomy":"post_tag","embeddable":true,"href":"https:\/\/www.prijedordanas.com\/index.php?rest_route=%2Fwp%2Fv2%2Ftags&post=273340"}],"curies":[{"name":"wp","href":"https:\/\/api.w.org\/{rel}","templated":true}]}}