{"id":273274,"date":"2026-07-15T16:09:50","date_gmt":"2026-07-15T14:09:50","guid":{"rendered":"https:\/\/www.prijedordanas.com\/?p=273274"},"modified":"2026-07-15T16:09:50","modified_gmt":"2026-07-15T14:09:50","slug":"prijedorcanin-aleksej-dukic-medu-najboljim-inovatorima-svijeta-foto-video","status":"publish","type":"post","link":"https:\/\/www.prijedordanas.com\/?p=273274","title":{"rendered":"Prijedor\u010danin Aleksej \u0110uki\u0107 me\u0111u najboljim inovatorima svijeta &#8211; FOTO\/VIDEO"},"content":{"rendered":"<p><a href=\"https:\/\/www.prijedordanas.com\/wp-content\/uploads\/2026\/07\/aleksej-djukic-hakaton-senzen-2.jpg\"><img loading=\"lazy\" decoding=\"async\" class=\"alignleft size-medium wp-image-272568\" src=\"https:\/\/www.prijedordanas.com\/wp-content\/uploads\/2026\/07\/aleksej-djukic-hakaton-senzen-2-225x300.jpg\" alt=\"\" width=\"225\" height=\"300\" srcset=\"https:\/\/www.prijedordanas.com\/wp-content\/uploads\/2026\/07\/aleksej-djukic-hakaton-senzen-2-225x300.jpg 225w, https:\/\/www.prijedordanas.com\/wp-content\/uploads\/2026\/07\/aleksej-djukic-hakaton-senzen-2.jpg 450w\" sizes=\"(max-width: 225px) 100vw, 225px\" \/><\/a>Dok ve\u0107ina njegovih vr\u0161njaka ljetni raspust provodi odmaraju\u0107i se, Aleksej \u0110uki\u0107 \/17\/, u\u010denik drugog razreda Elektrotehni\u010dke \u0161kole Prijedor, smjer informacione tehnologije, ni\u017ee uspjehe na me\u0111unarodnoj sceni.<\/p>\n<p>Svojim znanjem, radom i inovativno\u0161\u0107u osvojio je \u0161esto mjesto na presti\u017enom hakatonu odr\u017eanom u \u0160en\u017eenu, svjetskoj prestonici hardvera i elektronike u Kini.<\/p>\n<p>\u201cDa bude\u0161 dio ovog takmi\u010denja, mora\u0161 da pro\u0111e\u0161 kroz te\u017eak proces. Mjese\u010dne kvalifikacije, izrada projekata, vi\u0161e od 100 sati sam potro\u0161io da se kvalifikujem. Mnogo mi je pomogao i plasman na hakatonu u Be\u010du. Zadatak je bio da se izra\u0111uju hardverski projekti za razliku od hakatona u Be\u010du, gdje su vi\u0161e bili softverski projekti. Bilo nas je preko 200 u\u010desnika iz 50 zemalja i preko 60 timova koji su brojali po troje u\u010desnika. Bio sam u timu sa drugarima iz Makedonije i Francuske\u201d, pri\u010da nam Aleksej.<\/p>\n<p>Hakaton je organizovala ameri\u010dka mre\u017ea \u201cHack Club\u201d, \u010diji je najve\u0107i donator Elon Musk i koja okuplja vi\u0161e od 60.000 talentovanih u\u010denika tehni\u010dkih \u0161kola iz cijelog svijeta.<\/p>\n<p><a href=\"https:\/\/www.prijedordanas.com\/wp-content\/uploads\/2026\/07\/aleksej-djukic-hakaton-senzen-4.jpg\"><img loading=\"lazy\" decoding=\"async\" class=\"alignleft size-medium wp-image-273268\" src=\"https:\/\/www.prijedordanas.com\/wp-content\/uploads\/2026\/07\/aleksej-djukic-hakaton-senzen-4-225x300.jpg\" alt=\"\" width=\"225\" height=\"300\" srcset=\"https:\/\/www.prijedordanas.com\/wp-content\/uploads\/2026\/07\/aleksej-djukic-hakaton-senzen-4-225x300.jpg 225w, https:\/\/www.prijedordanas.com\/wp-content\/uploads\/2026\/07\/aleksej-djukic-hakaton-senzen-4.jpg 450w\" sizes=\"(max-width: 225px) 100vw, 225px\" \/><\/a>Me\u0111u brojnim inovacijama na\u0161li su se makropedovi \/specifi\u010dne tastature\/, dodatni ekrani, mati\u010dne plo\u010de za 3D \u0161tampa\u010de i druga napredna tehnolo\u0161ka rje\u0161enja.<\/p>\n<p>\u201cDefinitivno, za mene, jedno veliko iskustvo. Prvi put u Kini i lijep do\u017eivljaj, jer u budu\u0107nosti \u017eelim da se bavim elektronikom. Najve\u0107e fabrike elektronike se nalaze upravo u \u0160en\u017eenu, to je tehnolo\u0161ki kapital Kine. Tu sam iskusio tehnolo\u0161ku promjenu, gdje se zapravo mo\u017ee dobiti prototip va\u0161eg projekta za samo jedan dan\u201d, dodaje Aleksej.<\/p>\n<p>Posebnu zahvalnost upu\u0107uje svojoj porodici i svim ljudima dobre volje \/prepozna\u0107e se u ovoj pri\u010di\/ koji su mu pomogli da otputuje u Kinu.<\/p>\n<p>To nije bio ni jednostavan, a ni jeftin put, za jednog sedamnaestogodi\u0161njaka.<\/p>\n<p>Aleksej \u0110uki\u0107 dostojno je predstavio svoju \u0161kolu i grad, ostvariv\u0161i odli\u010dan rezultat u konkurenciji mladih inovatora iz cijelog svijeta.<\/p>\n<p><a href=\"https:\/\/www.prijedordanas.com\/wp-content\/uploads\/2026\/07\/aleksej-djukic-hakaton-senzen-5.jpg\"><img loading=\"lazy\" decoding=\"async\" src=\"https:\/\/www.prijedordanas.com\/wp-content\/uploads\/2026\/07\/aleksej-djukic-hakaton-senzen-5-300x200.jpg\" alt=\"\" width=\"300\" height=\"200\" class=\"alignleft size-medium wp-image-273269\" srcset=\"https:\/\/www.prijedordanas.com\/wp-content\/uploads\/2026\/07\/aleksej-djukic-hakaton-senzen-5-300x200.jpg 300w, https:\/\/www.prijedordanas.com\/wp-content\/uploads\/2026\/07\/aleksej-djukic-hakaton-senzen-5-480x320.jpg 480w, https:\/\/www.prijedordanas.com\/wp-content\/uploads\/2026\/07\/aleksej-djukic-hakaton-senzen-5.jpg 600w\" sizes=\"(max-width: 300px) 100vw, 300px\" \/><\/a>Njegov razrednik Branko \u0160alabalija ponosan je na Aleksejev uspjeh.<\/p>\n<p>\u201cOvo je potvrda da se u na\u0161oj \u0161koli jednako kvalitetno njeguju teorijska znanja i prakti\u010dan rad. U\u010denici kroz nastavu i brojne projekte sti\u010du vje\u0161tine koje mogu ravnopravno predstaviti na me\u0111unarodnim takmi\u010denjima. Aleksejev primjer pokazuje da u\u010denici na\u0161e \u0161kole imaju ciljeve koje sebi postavljaju i zavr\u0161avaju. Pokre\u0107u sami svoje projekte, koji im omogu\u0107avaju da se prijave na presti\u017ena takmi\u010danja\u201d, istakao je \u0160alabalija.<\/p>\n<p>Aleksejeva pri\u010da nije samo pri\u010da o osvojenom \u0161estom mjestu, ve\u0107 o mladom \u010dovjeku koji je dokazao da se iz u\u010dionice u Prijedoru mo\u017ee sti\u0107i do najve\u0107ih svjetskih inovacionih centara.<\/p>\n<p>To je poruka svim mladim ljudima. Vjerujte u svoje ideje, radite na njima svakoga dana i ne bojte se velikih izazova, jer upravo oni vode do najve\u0107ih uspjeha!<\/p>\n<p><a href=\"https:\/\/kozarski.com\/prijedorcanin-aleksej-djukic-medju-najboljim-inovatorima-svijeta\/\" target=\"_blank\" rel=\"noopener\">kozarski.com<\/a><\/p>\n<p><a href=\"https:\/\/www.prijedordanas.com\/wp-content\/uploads\/2026\/07\/aleksej-djukic-hakaton-senzen-3.jpg\"><img loading=\"lazy\" decoding=\"async\" src=\"https:\/\/www.prijedordanas.com\/wp-content\/uploads\/2026\/07\/aleksej-djukic-hakaton-senzen-3-300x225.jpg\" alt=\"\" width=\"300\" height=\"225\" class=\"alignleft size-medium wp-image-273270\" srcset=\"https:\/\/www.prijedordanas.com\/wp-content\/uploads\/2026\/07\/aleksej-djukic-hakaton-senzen-3-300x225.jpg 300w, https:\/\/www.prijedordanas.com\/wp-content\/uploads\/2026\/07\/aleksej-djukic-hakaton-senzen-3.jpg 600w\" sizes=\"(max-width: 300px) 100vw, 300px\" \/><\/a> <a href=\"https:\/\/www.prijedordanas.com\/wp-content\/uploads\/2026\/07\/aleksej-djukic-hakaton-senzen-6.jpg\"><img loading=\"lazy\" decoding=\"async\" src=\"https:\/\/www.prijedordanas.com\/wp-content\/uploads\/2026\/07\/aleksej-djukic-hakaton-senzen-6-300x225.jpg\" alt=\"\" width=\"300\" height=\"225\" class=\"alignleft size-medium wp-image-273271\" srcset=\"https:\/\/www.prijedordanas.com\/wp-content\/uploads\/2026\/07\/aleksej-djukic-hakaton-senzen-6-300x225.jpg 300w, https:\/\/www.prijedordanas.com\/wp-content\/uploads\/2026\/07\/aleksej-djukic-hakaton-senzen-6.jpg 600w\" sizes=\"(max-width: 300px) 100vw, 300px\" \/><\/a> <a href=\"https:\/\/www.prijedordanas.com\/wp-content\/uploads\/2026\/07\/kozarski-razrednik-ponosan-na-aleksejev-uspjeh.jpg\"><img loading=\"lazy\" decoding=\"async\" src=\"https:\/\/www.prijedordanas.com\/wp-content\/uploads\/2026\/07\/kozarski-razrednik-ponosan-na-aleksejev-uspjeh-300x169.jpg\" alt=\"\" width=\"300\" height=\"169\" class=\"alignleft size-medium wp-image-273272\" srcset=\"https:\/\/www.prijedordanas.com\/wp-content\/uploads\/2026\/07\/kozarski-razrednik-ponosan-na-aleksejev-uspjeh-300x169.jpg 300w, https:\/\/www.prijedordanas.com\/wp-content\/uploads\/2026\/07\/kozarski-razrednik-ponosan-na-aleksejev-uspjeh.jpg 600w\" sizes=\"(max-width: 300px) 100vw, 300px\" \/><\/a> <a href=\"https:\/\/www.prijedordanas.com\/wp-content\/uploads\/2026\/07\/aleksej-djukic-hakaton-senzen-1.jpg\"><img loading=\"lazy\" decoding=\"async\" src=\"https:\/\/www.prijedordanas.com\/wp-content\/uploads\/2026\/07\/aleksej-djukic-hakaton-senzen-1-300x225.jpg\" alt=\"\" width=\"300\" height=\"225\" class=\"alignleft size-medium wp-image-272567\" srcset=\"https:\/\/www.prijedordanas.com\/wp-content\/uploads\/2026\/07\/aleksej-djukic-hakaton-senzen-1-300x225.jpg 300w, https:\/\/www.prijedordanas.com\/wp-content\/uploads\/2026\/07\/aleksej-djukic-hakaton-senzen-1-640x480.jpg 640w, https:\/\/www.prijedordanas.com\/wp-content\/uploads\/2026\/07\/aleksej-djukic-hakaton-senzen-1.jpg 667w\" sizes=\"(max-width: 300px) 100vw, 300px\" \/><\/a><\/p>\n<p><iframe loading=\"lazy\" title=\"ALEKSEJ \u0110UKI\u0106 ME\u0110U NAJBOLJIM MLADIM INOVATORIMA SVIJETA\" width=\"500\" height=\"281\" src=\"https:\/\/www.youtube.com\/embed\/_Ob8VDPRc9o?feature=oembed\" frameborder=\"0\" allow=\"accelerometer; autoplay; clipboard-write; encrypted-media; gyroscope; picture-in-picture; web-share\" referrerpolicy=\"strict-origin-when-cross-origin\" allowfullscreen><\/iframe><\/p>\n","protected":false},"excerpt":{"rendered":"<p>Dok ve\u0107ina njegovih vr\u0161njaka ljetni raspust provodi odmaraju\u0107i se, Aleksej \u0110uki\u0107 \/17\/, u\u010denik drugog razreda Elektrotehni\u010dke \u0161kole Prijedor, smjer informacione tehnologije, ni\u017ee uspjehe na me\u0111unarodnoj sceni. Svojim znanjem, radom i [&hellip;]<\/p>\n","protected":false},"author":1,"featured_media":0,"comment_status":"closed","ping_status":"open","sticky":false,"template":"","format":"standard","meta":{"_monsterinsights_skip_tracking":false,"_monsterinsights_sitenote_active":false,"_monsterinsights_sitenote_note":"","_monsterinsights_sitenote_category":0,"footnotes":""},"categories":[7518],"tags":[],"yoast_head":"<!-- This site is optimized with the Yoast SEO plugin v21.6 - https:\/\/yoast.com\/wordpress\/plugins\/seo\/ -->\n<title>Prijedor\u010danin Aleksej \u0110uki\u0107 me\u0111u najboljim inovatorima svijeta - FOTO\/VIDEO - PrijedorDanas.com - Prijedorski gradski portal<\/title>\n<meta name=\"robots\" content=\"index, follow, max-snippet:-1, max-image-preview:large, max-video-preview:-1\" \/>\n<link rel=\"canonical\" href=\"https:\/\/www.prijedordanas.com\/?p=273274\" \/>\n<meta property=\"og:locale\" content=\"en_US\" \/>\n<meta property=\"og:type\" content=\"article\" \/>\n<meta property=\"og:title\" content=\"Prijedor\u010danin Aleksej \u0110uki\u0107 me\u0111u najboljim inovatorima svijeta - FOTO\/VIDEO - PrijedorDanas.com - Prijedorski gradski portal\" \/>\n<meta property=\"og:description\" content=\"Dok ve\u0107ina njegovih vr\u0161njaka ljetni raspust provodi odmaraju\u0107i se, Aleksej \u0110uki\u0107 \/17\/, u\u010denik drugog razreda Elektrotehni\u010dke \u0161kole Prijedor, smjer informacione tehnologije, ni\u017ee uspjehe na me\u0111unarodnoj sceni. Svojim znanjem, radom i [&hellip;]\" \/>\n<meta property=\"og:url\" content=\"https:\/\/www.prijedordanas.com\/?p=273274\" \/>\n<meta property=\"og:site_name\" content=\"PrijedorDanas.com - Prijedorski gradski portal\" \/>\n<meta property=\"article:publisher\" content=\"https:\/\/www.facebook.com\/PrijedorDanasCom\/\" \/>\n<meta property=\"article:published_time\" content=\"2026-07-15T14:09:50+00:00\" \/>\n<meta property=\"og:image\" content=\"https:\/\/www.prijedordanas.com\/wp-content\/uploads\/2026\/07\/aleksej-djukic-hakaton-senzen-2-225x300.jpg\" \/>\n<meta name=\"author\" content=\"admin\" \/>\n<meta name=\"twitter:card\" content=\"summary_large_image\" \/>\n<meta name=\"twitter:label1\" content=\"Written by\" \/>\n\t<meta name=\"twitter:data1\" content=\"admin\" \/>\n<script type=\"application\/ld+json\" class=\"yoast-schema-graph\">{\"@context\":\"https:\/\/schema.org\",\"@graph\":[{\"@type\":\"Article\",\"@id\":\"https:\/\/www.prijedordanas.com\/?p=273274#article\",\"isPartOf\":{\"@id\":\"https:\/\/www.prijedordanas.com\/?p=273274\"},\"author\":{\"name\":\"admin\",\"@id\":\"https:\/\/www.prijedordanas.com\/#\/schema\/person\/4e08ccf29b506ca916ff86d46bb700e6\"},\"headline\":\"Prijedor\u010danin Aleksej \u0110uki\u0107 me\u0111u najboljim inovatorima svijeta &#8211; FOTO\/VIDEO\",\"datePublished\":\"2026-07-15T14:09:50+00:00\",\"dateModified\":\"2026-07-15T14:09:50+00:00\",\"mainEntityOfPage\":{\"@id\":\"https:\/\/www.prijedordanas.com\/?p=273274\"},\"wordCount\":508,\"publisher\":{\"@id\":\"https:\/\/www.prijedordanas.com\/#organization\"},\"articleSection\":[\"Mladi\"],\"inLanguage\":\"en-US\"},{\"@type\":\"WebPage\",\"@id\":\"https:\/\/www.prijedordanas.com\/?p=273274\",\"url\":\"https:\/\/www.prijedordanas.com\/?p=273274\",\"name\":\"Prijedor\u010danin Aleksej \u0110uki\u0107 me\u0111u najboljim inovatorima svijeta - FOTO\/VIDEO - PrijedorDanas.com - Prijedorski gradski portal\",\"isPartOf\":{\"@id\":\"https:\/\/www.prijedordanas.com\/#website\"},\"datePublished\":\"2026-07-15T14:09:50+00:00\",\"dateModified\":\"2026-07-15T14:09:50+00:00\",\"breadcrumb\":{\"@id\":\"https:\/\/www.prijedordanas.com\/?p=273274#breadcrumb\"},\"inLanguage\":\"en-US\",\"potentialAction\":[{\"@type\":\"ReadAction\",\"target\":[\"https:\/\/www.prijedordanas.com\/?p=273274\"]}]},{\"@type\":\"BreadcrumbList\",\"@id\":\"https:\/\/www.prijedordanas.com\/?p=273274#breadcrumb\",\"itemListElement\":[{\"@type\":\"ListItem\",\"position\":1,\"name\":\"Home\",\"item\":\"https:\/\/www.prijedordanas.com\/\"},{\"@type\":\"ListItem\",\"position\":2,\"name\":\"Prijedor\u010danin Aleksej \u0110uki\u0107 me\u0111u najboljim inovatorima svijeta &#8211; FOTO\/VIDEO\"}]},{\"@type\":\"WebSite\",\"@id\":\"https:\/\/www.prijedordanas.com\/#website\",\"url\":\"https:\/\/www.prijedordanas.com\/\",\"name\":\"PrijedorDanas.com - Prijedorski gradski portal\",\"description\":\"Portal o doga\u0111anjima u gradu Prijedoru\",\"publisher\":{\"@id\":\"https:\/\/www.prijedordanas.com\/#organization\"},\"potentialAction\":[{\"@type\":\"SearchAction\",\"target\":{\"@type\":\"EntryPoint\",\"urlTemplate\":\"https:\/\/www.prijedordanas.com\/?s={search_term_string}\"},\"query-input\":\"required name=search_term_string\"}],\"inLanguage\":\"en-US\"},{\"@type\":\"Organization\",\"@id\":\"https:\/\/www.prijedordanas.com\/#organization\",\"name\":\"PrijedorDanas.com\",\"url\":\"https:\/\/www.prijedordanas.com\/\",\"logo\":{\"@type\":\"ImageObject\",\"inLanguage\":\"en-US\",\"@id\":\"https:\/\/www.prijedordanas.com\/#\/schema\/logo\/image\/\",\"url\":\"http:\/\/www.prijedordanas.com\/wp-content\/uploads\/2021\/12\/logopng.png\",\"contentUrl\":\"http:\/\/www.prijedordanas.com\/wp-content\/uploads\/2021\/12\/logopng.png\",\"width\":1019,\"height\":776,\"caption\":\"PrijedorDanas.com\"},\"image\":{\"@id\":\"https:\/\/www.prijedordanas.com\/#\/schema\/logo\/image\/\"},\"sameAs\":[\"https:\/\/www.facebook.com\/PrijedorDanasCom\/\"]},{\"@type\":\"Person\",\"@id\":\"https:\/\/www.prijedordanas.com\/#\/schema\/person\/4e08ccf29b506ca916ff86d46bb700e6\",\"name\":\"admin\",\"image\":{\"@type\":\"ImageObject\",\"inLanguage\":\"en-US\",\"@id\":\"https:\/\/www.prijedordanas.com\/#\/schema\/person\/image\/\",\"url\":\"https:\/\/secure.gravatar.com\/avatar\/1d3fc949d550f0b53a5f0d51e06dfd79?s=96&d=mm&r=g\",\"contentUrl\":\"https:\/\/secure.gravatar.com\/avatar\/1d3fc949d550f0b53a5f0d51e06dfd79?s=96&d=mm&r=g\",\"caption\":\"admin\"},\"url\":\"https:\/\/www.prijedordanas.com\/?author=1\"}]}<\/script>\n<!-- \/ Yoast SEO plugin. -->","yoast_head_json":{"title":"Prijedor\u010danin Aleksej \u0110uki\u0107 me\u0111u najboljim inovatorima svijeta - FOTO\/VIDEO - PrijedorDanas.com - Prijedorski gradski portal","robots":{"index":"index","follow":"follow","max-snippet":"max-snippet:-1","max-image-preview":"max-image-preview:large","max-video-preview":"max-video-preview:-1"},"canonical":"https:\/\/www.prijedordanas.com\/?p=273274","og_locale":"en_US","og_type":"article","og_title":"Prijedor\u010danin Aleksej \u0110uki\u0107 me\u0111u najboljim inovatorima svijeta - FOTO\/VIDEO - PrijedorDanas.com - Prijedorski gradski portal","og_description":"Dok ve\u0107ina njegovih vr\u0161njaka ljetni raspust provodi odmaraju\u0107i se, Aleksej \u0110uki\u0107 \/17\/, u\u010denik drugog razreda Elektrotehni\u010dke \u0161kole Prijedor, smjer informacione tehnologije, ni\u017ee uspjehe na me\u0111unarodnoj sceni. Svojim znanjem, radom i [&hellip;]","og_url":"https:\/\/www.prijedordanas.com\/?p=273274","og_site_name":"PrijedorDanas.com - Prijedorski gradski portal","article_publisher":"https:\/\/www.facebook.com\/PrijedorDanasCom\/","article_published_time":"2026-07-15T14:09:50+00:00","og_image":[{"url":"https:\/\/www.prijedordanas.com\/wp-content\/uploads\/2026\/07\/aleksej-djukic-hakaton-senzen-2-225x300.jpg"}],"author":"admin","twitter_card":"summary_large_image","twitter_misc":{"Written by":"admin"},"schema":{"@context":"https:\/\/schema.org","@graph":[{"@type":"Article","@id":"https:\/\/www.prijedordanas.com\/?p=273274#article","isPartOf":{"@id":"https:\/\/www.prijedordanas.com\/?p=273274"},"author":{"name":"admin","@id":"https:\/\/www.prijedordanas.com\/#\/schema\/person\/4e08ccf29b506ca916ff86d46bb700e6"},"headline":"Prijedor\u010danin Aleksej \u0110uki\u0107 me\u0111u najboljim inovatorima svijeta &#8211; FOTO\/VIDEO","datePublished":"2026-07-15T14:09:50+00:00","dateModified":"2026-07-15T14:09:50+00:00","mainEntityOfPage":{"@id":"https:\/\/www.prijedordanas.com\/?p=273274"},"wordCount":508,"publisher":{"@id":"https:\/\/www.prijedordanas.com\/#organization"},"articleSection":["Mladi"],"inLanguage":"en-US"},{"@type":"WebPage","@id":"https:\/\/www.prijedordanas.com\/?p=273274","url":"https:\/\/www.prijedordanas.com\/?p=273274","name":"Prijedor\u010danin Aleksej \u0110uki\u0107 me\u0111u najboljim inovatorima svijeta - FOTO\/VIDEO - PrijedorDanas.com - Prijedorski gradski portal","isPartOf":{"@id":"https:\/\/www.prijedordanas.com\/#website"},"datePublished":"2026-07-15T14:09:50+00:00","dateModified":"2026-07-15T14:09:50+00:00","breadcrumb":{"@id":"https:\/\/www.prijedordanas.com\/?p=273274#breadcrumb"},"inLanguage":"en-US","potentialAction":[{"@type":"ReadAction","target":["https:\/\/www.prijedordanas.com\/?p=273274"]}]},{"@type":"BreadcrumbList","@id":"https:\/\/www.prijedordanas.com\/?p=273274#breadcrumb","itemListElement":[{"@type":"ListItem","position":1,"name":"Home","item":"https:\/\/www.prijedordanas.com\/"},{"@type":"ListItem","position":2,"name":"Prijedor\u010danin Aleksej \u0110uki\u0107 me\u0111u najboljim inovatorima svijeta &#8211; FOTO\/VIDEO"}]},{"@type":"WebSite","@id":"https:\/\/www.prijedordanas.com\/#website","url":"https:\/\/www.prijedordanas.com\/","name":"PrijedorDanas.com - Prijedorski gradski portal","description":"Portal o doga\u0111anjima u gradu Prijedoru","publisher":{"@id":"https:\/\/www.prijedordanas.com\/#organization"},"potentialAction":[{"@type":"SearchAction","target":{"@type":"EntryPoint","urlTemplate":"https:\/\/www.prijedordanas.com\/?s={search_term_string}"},"query-input":"required name=search_term_string"}],"inLanguage":"en-US"},{"@type":"Organization","@id":"https:\/\/www.prijedordanas.com\/#organization","name":"PrijedorDanas.com","url":"https:\/\/www.prijedordanas.com\/","logo":{"@type":"ImageObject","inLanguage":"en-US","@id":"https:\/\/www.prijedordanas.com\/#\/schema\/logo\/image\/","url":"http:\/\/www.prijedordanas.com\/wp-content\/uploads\/2021\/12\/logopng.png","contentUrl":"http:\/\/www.prijedordanas.com\/wp-content\/uploads\/2021\/12\/logopng.png","width":1019,"height":776,"caption":"PrijedorDanas.com"},"image":{"@id":"https:\/\/www.prijedordanas.com\/#\/schema\/logo\/image\/"},"sameAs":["https:\/\/www.facebook.com\/PrijedorDanasCom\/"]},{"@type":"Person","@id":"https:\/\/www.prijedordanas.com\/#\/schema\/person\/4e08ccf29b506ca916ff86d46bb700e6","name":"admin","image":{"@type":"ImageObject","inLanguage":"en-US","@id":"https:\/\/www.prijedordanas.com\/#\/schema\/person\/image\/","url":"https:\/\/secure.gravatar.com\/avatar\/1d3fc949d550f0b53a5f0d51e06dfd79?s=96&d=mm&r=g","contentUrl":"https:\/\/secure.gravatar.com\/avatar\/1d3fc949d550f0b53a5f0d51e06dfd79?s=96&d=mm&r=g","caption":"admin"},"url":"https:\/\/www.prijedordanas.com\/?author=1"}]}},"_links":{"self":[{"href":"https:\/\/www.prijedordanas.com\/index.php?rest_route=\/wp\/v2\/posts\/273274"}],"collection":[{"href":"https:\/\/www.prijedordanas.com\/index.php?rest_route=\/wp\/v2\/posts"}],"about":[{"href":"https:\/\/www.prijedordanas.com\/index.php?rest_route=\/wp\/v2\/types\/post"}],"author":[{"embeddable":true,"href":"https:\/\/www.prijedordanas.com\/index.php?rest_route=\/wp\/v2\/users\/1"}],"replies":[{"embeddable":true,"href":"https:\/\/www.prijedordanas.com\/index.php?rest_route=%2Fwp%2Fv2%2Fcomments&post=273274"}],"version-history":[{"count":1,"href":"https:\/\/www.prijedordanas.com\/index.php?rest_route=\/wp\/v2\/posts\/273274\/revisions"}],"predecessor-version":[{"id":273275,"href":"https:\/\/www.prijedordanas.com\/index.php?rest_route=\/wp\/v2\/posts\/273274\/revisions\/273275"}],"wp:attachment":[{"href":"https:\/\/www.prijedordanas.com\/index.php?rest_route=%2Fwp%2Fv2%2Fmedia&parent=273274"}],"wp:term":[{"taxonomy":"category","embeddable":true,"href":"https:\/\/www.prijedordanas.com\/index.php?rest_route=%2Fwp%2Fv2%2Fcategories&post=273274"},{"taxonomy":"post_tag","embeddable":true,"href":"https:\/\/www.prijedordanas.com\/index.php?rest_route=%2Fwp%2Fv2%2Ftags&post=273274"}],"curies":[{"name":"wp","href":"https:\/\/api.w.org\/{rel}","templated":true}]}}