{"id":27276,"date":"2015-08-07T06:31:00","date_gmt":"2015-08-07T05:31:00","guid":{"rendered":"https:\/\/www.prijedordanas.com\/?p=27276"},"modified":"2015-08-08T02:44:54","modified_gmt":"2015-08-08T01:44:54","slug":"evidencija-biroa-kraca-za-1-679-lica-trend-zaposljavanja-nastavljen-u-prvom-polugodistu-ove-godine","status":"publish","type":"post","link":"https:\/\/www.prijedordanas.com\/?p=27276","title":{"rendered":"EVIDENCIJA BIROA KRA\u0106A ZA 1.679 LICA: TREND ZAPO\u0160LJAVANJA NASTAVLJEN U PRVOM POLUGODI\u0160TU OVE GODINE"},"content":{"rendered":"<p><a href=\"https:\/\/www.prijedordanas.com\/wp-content\/uploads\/2015\/08\/povecano-zaposljavanje.jpg\"><img loading=\"lazy\" decoding=\"async\" class=\"alignleft size-medium wp-image-27277\" src=\"https:\/\/www.prijedordanas.com\/wp-content\/uploads\/2015\/08\/povecano-zaposljavanje-300x225.jpg\" alt=\"povecano zaposljavanje\" width=\"300\" height=\"225\" srcset=\"https:\/\/www.prijedordanas.com\/wp-content\/uploads\/2015\/08\/povecano-zaposljavanje-300x225.jpg 300w, https:\/\/www.prijedordanas.com\/wp-content\/uploads\/2015\/08\/povecano-zaposljavanje.jpg 600w\" sizes=\"(max-width: 300px) 100vw, 300px\" \/><\/a>Pozitivnim i dobrim rezultatima zapo\u0161ljavanja na podru\u010dju Filijale i Biroa Prijedor u prvom polugodi\u0161tu ove godine doprinelo je pove\u0107ano zapo\u0161ljavanje u zimskim mesecima, te rekordni majski rezultati, kada je na nivou Filijale zaposleno 352, a na nivou Biroa 227 lica.<\/p>\n<p>Rukovodilac Filijale Prijedor Zdravko Suvajac ka\u017ee da je na nivou Filijale u prvih \u0161est meseci ove godine zaposleno 1.694 lice, \u0161to je za 147 lica, ili 10 odsto vi\u0161e nego u istom periodu pro\u0161le godine.<\/p>\n<p>Na nivou Biroa Prijedor je u istom periodu ove godine zaposleno 1.090 lica, \u0161to je za 16 odsto vi\u0161e nego lane.<\/p>\n<p>Krajem prvog polugodi\u0161ta ove godine, na evidenciji nezaposlenih na nivou Filijale bilo je 14.239 lica, \u0161to je za 13 odsto manje u odnosu na lane, a na Birou Prijedor broj nezaposlenih se smanjio za 18 procenata.<\/p>\n<p>-U drugom polugodi\u0161tu ove godine o\u010dekujemo tako\u0111e dobre rezultate, jer je u toku realizacija republi\u010dkih podsticaja za zapo\u0161ljavanje kroz javni poziv Zavoda za zapo\u0161ljavanje Republike Srpske \u2013 navodi Suvajac i dodaje da se trenutno provode aktivnosti kroz javni poziv koji sadr\u017ei tri komponenete pod nazivom \u201eZajedno do posla\u201c.<\/p>\n<p>On isti\u010de da je ovaj projekat realizovan i u ranijem periodu i da je dao dobre pokazatelje, a odnosi se na zapo\u0161ljavanje dece poginulih boraca, ratnih vojnih invalida i demobilisanih boraca.<\/p>\n<p>Druga komponenta je \u201eZapo\u0161ljavanje u privredi RS\u201c za 2015. godinu, a tre\u0107a pod nazivom \u201e45+\u201c, a usmerena je na zapo\u0161ljavanje lica starijih od 45 godina, koja ujedno i najte\u017ee dolaze do posla.<\/p>\n<p>Prema poslednjim podacima po osnovu javnog poziva na nivou Filijale bi\u0107e zaposleno 227 lica, a Biroa Prijedor 125 lica. Kroz projekat \u201eZajedno d posla\u201c 10 poslodavaca je zaposlilo 11 lica, \u0161est lica se opredelilo za samozapo\u0161ljavanje, isto kao i osmoro dece poginulih boraca. U projektu \u201e45+\u201c 29 poslodavaca je zaposlilo 34 lica, a tri su iskoristila mogu\u0107nost samozapo\u0161ljavanja.<\/p>\n<p>Kroz projekat \u201eZapo\u0161ljavanje u privredi RS\u201c 45 poslodavaca je zaposlilo 51 lice, a 23 se odlu\u010dilo na samozapo\u0161ljavanje. U pro\u0161lom mesecu na podru\u010dju regije je zaposleno 241 lice, a na podru\u010dju Biroa Prijedor 158 lica. Najvi\u0161e radnih mesta je ponu\u0111eno u trgovini, zdravstvu i uslu\u017enim delatnostima.<\/p>\n<p>Sezonski posao<br \/>\nU letnjem periodu sezonski poslovi su najtra\u017eeniji. u Potkozarju su sezonski radnici najvi\u0161e anga\u017eovani u oblasti vo\u0107arstva, ribarstva, gra\u0111evinarstva, ali i trgovine, turizma i ugostiteljstva.<\/p>\n<p>Oni koji beru korni\u0161one imaju dnevnicu od 2, 5 KM po satu, a prave \u010de\u0161\u0107e pauze zbog nesnosnih vru\u0107ina. U preduze\u0107u \u201ePrijedorputevi\u201c od 200 zaposlenih imaju oko 60 sezonaca, odnosno radnika na odre\u0111eno vreme, a jedan broj njih dobije i stalni posao.<\/p>\n<p>Me\u0111utim, pored svetlih primera ima i onih drugih, a iz sindikata poru\u010duju da ima poslodavaca koji ne \u017eele prijaviti radnike prilikom obavljanja sezonskog posla i da se anga\u017euju na crno, te prilikom povreda nemaju mogu\u0107nost ostvariti svoja prava, iako sezonski radnici imaju zakonsko pravo na topli obork, dnevnu pauzu, prevoz i sedmi\u010dni odmor. Tokom leta ve\u0107i broj njih prona\u0111e posao u inostranstvu, ali bez posredovanja Zavoda za zapo\u0161ljavanje RS.<\/p>\n<p>G.K.<br \/>\n<a href=\"www.prijedordanas.com\" target=\"_blank\">www.prijedordanas.com<\/a><\/p>\n","protected":false},"excerpt":{"rendered":"<p>Pozitivnim i dobrim rezultatima zapo\u0161ljavanja na podru\u010dju Filijale i Biroa Prijedor u prvom polugodi\u0161tu ove godine doprinelo je pove\u0107ano zapo\u0161ljavanje u zimskim mesecima, te rekordni majski rezultati, kada je na [&hellip;]<\/p>\n","protected":false},"author":1,"featured_media":0,"comment_status":"closed","ping_status":"open","sticky":false,"template":"","format":"standard","meta":{"_monsterinsights_skip_tracking":false,"_monsterinsights_sitenote_active":false,"_monsterinsights_sitenote_note":"","_monsterinsights_sitenote_category":0,"footnotes":""},"categories":[4],"tags":[827,567],"yoast_head":"<!-- This site is optimized with the Yoast SEO plugin v21.6 - https:\/\/yoast.com\/wordpress\/plugins\/seo\/ -->\n<title>EVIDENCIJA BIROA KRA\u0106A ZA 1.679 LICA: TREND ZAPO\u0160LJAVANJA NASTAVLJEN U PRVOM POLUGODI\u0160TU OVE GODINE - PrijedorDanas.com - Prijedorski gradski portal<\/title>\n<meta name=\"robots\" content=\"index, follow, max-snippet:-1, max-image-preview:large, max-video-preview:-1\" \/>\n<link rel=\"canonical\" href=\"https:\/\/www.prijedordanas.com\/?p=27276\" \/>\n<meta property=\"og:locale\" content=\"en_US\" \/>\n<meta property=\"og:type\" content=\"article\" \/>\n<meta property=\"og:title\" content=\"EVIDENCIJA BIROA KRA\u0106A ZA 1.679 LICA: TREND ZAPO\u0160LJAVANJA NASTAVLJEN U PRVOM POLUGODI\u0160TU OVE GODINE - PrijedorDanas.com - Prijedorski gradski portal\" \/>\n<meta property=\"og:description\" content=\"Pozitivnim i dobrim rezultatima zapo\u0161ljavanja na podru\u010dju Filijale i Biroa Prijedor u prvom polugodi\u0161tu ove godine doprinelo je pove\u0107ano zapo\u0161ljavanje u zimskim mesecima, te rekordni majski rezultati, kada je na [&hellip;]\" \/>\n<meta property=\"og:url\" content=\"https:\/\/www.prijedordanas.com\/?p=27276\" \/>\n<meta property=\"og:site_name\" content=\"PrijedorDanas.com - Prijedorski gradski portal\" \/>\n<meta property=\"article:publisher\" content=\"https:\/\/www.facebook.com\/PrijedorDanasCom\/\" \/>\n<meta property=\"article:published_time\" content=\"2015-08-07T05:31:00+00:00\" \/>\n<meta property=\"article:modified_time\" content=\"2015-08-08T01:44:54+00:00\" \/>\n<meta property=\"og:image\" content=\"https:\/\/www.prijedordanas.com\/wp-content\/uploads\/2015\/08\/povecano-zaposljavanje-300x225.jpg\" \/>\n<meta name=\"author\" content=\"admin\" \/>\n<meta name=\"twitter:card\" content=\"summary_large_image\" \/>\n<meta name=\"twitter:label1\" content=\"Written by\" \/>\n\t<meta name=\"twitter:data1\" content=\"admin\" \/>\n\t<meta name=\"twitter:label2\" content=\"Est. reading time\" \/>\n\t<meta name=\"twitter:data2\" content=\"3 minutes\" \/>\n<script type=\"application\/ld+json\" class=\"yoast-schema-graph\">{\"@context\":\"https:\/\/schema.org\",\"@graph\":[{\"@type\":\"Article\",\"@id\":\"https:\/\/www.prijedordanas.com\/?p=27276#article\",\"isPartOf\":{\"@id\":\"https:\/\/www.prijedordanas.com\/?p=27276\"},\"author\":{\"name\":\"admin\",\"@id\":\"https:\/\/www.prijedordanas.com\/#\/schema\/person\/4e08ccf29b506ca916ff86d46bb700e6\"},\"headline\":\"EVIDENCIJA BIROA KRA\u0106A ZA 1.679 LICA: TREND ZAPO\u0160LJAVANJA NASTAVLJEN U PRVOM POLUGODI\u0160TU OVE GODINE\",\"datePublished\":\"2015-08-07T05:31:00+00:00\",\"dateModified\":\"2015-08-08T01:44:54+00:00\",\"mainEntityOfPage\":{\"@id\":\"https:\/\/www.prijedordanas.com\/?p=27276\"},\"wordCount\":530,\"publisher\":{\"@id\":\"https:\/\/www.prijedordanas.com\/#organization\"},\"keywords\":[\"zapo\u0161ljavanje\",\"Zdravko Suvajac\"],\"articleSection\":[\"Dru\u0161tvo\"],\"inLanguage\":\"en-US\"},{\"@type\":\"WebPage\",\"@id\":\"https:\/\/www.prijedordanas.com\/?p=27276\",\"url\":\"https:\/\/www.prijedordanas.com\/?p=27276\",\"name\":\"EVIDENCIJA BIROA KRA\u0106A ZA 1.679 LICA: TREND ZAPO\u0160LJAVANJA NASTAVLJEN U PRVOM POLUGODI\u0160TU OVE GODINE - PrijedorDanas.com - Prijedorski gradski portal\",\"isPartOf\":{\"@id\":\"https:\/\/www.prijedordanas.com\/#website\"},\"datePublished\":\"2015-08-07T05:31:00+00:00\",\"dateModified\":\"2015-08-08T01:44:54+00:00\",\"breadcrumb\":{\"@id\":\"https:\/\/www.prijedordanas.com\/?p=27276#breadcrumb\"},\"inLanguage\":\"en-US\",\"potentialAction\":[{\"@type\":\"ReadAction\",\"target\":[\"https:\/\/www.prijedordanas.com\/?p=27276\"]}]},{\"@type\":\"BreadcrumbList\",\"@id\":\"https:\/\/www.prijedordanas.com\/?p=27276#breadcrumb\",\"itemListElement\":[{\"@type\":\"ListItem\",\"position\":1,\"name\":\"Home\",\"item\":\"https:\/\/www.prijedordanas.com\/\"},{\"@type\":\"ListItem\",\"position\":2,\"name\":\"EVIDENCIJA BIROA KRA\u0106A ZA 1.679 LICA: TREND ZAPO\u0160LJAVANJA NASTAVLJEN U PRVOM POLUGODI\u0160TU OVE GODINE\"}]},{\"@type\":\"WebSite\",\"@id\":\"https:\/\/www.prijedordanas.com\/#website\",\"url\":\"https:\/\/www.prijedordanas.com\/\",\"name\":\"PrijedorDanas.com - Prijedorski gradski portal\",\"description\":\"Portal o doga\u0111anjima u gradu Prijedoru\",\"publisher\":{\"@id\":\"https:\/\/www.prijedordanas.com\/#organization\"},\"potentialAction\":[{\"@type\":\"SearchAction\",\"target\":{\"@type\":\"EntryPoint\",\"urlTemplate\":\"https:\/\/www.prijedordanas.com\/?s={search_term_string}\"},\"query-input\":\"required name=search_term_string\"}],\"inLanguage\":\"en-US\"},{\"@type\":\"Organization\",\"@id\":\"https:\/\/www.prijedordanas.com\/#organization\",\"name\":\"PrijedorDanas.com\",\"url\":\"https:\/\/www.prijedordanas.com\/\",\"logo\":{\"@type\":\"ImageObject\",\"inLanguage\":\"en-US\",\"@id\":\"https:\/\/www.prijedordanas.com\/#\/schema\/logo\/image\/\",\"url\":\"http:\/\/www.prijedordanas.com\/wp-content\/uploads\/2021\/12\/logopng.png\",\"contentUrl\":\"http:\/\/www.prijedordanas.com\/wp-content\/uploads\/2021\/12\/logopng.png\",\"width\":1019,\"height\":776,\"caption\":\"PrijedorDanas.com\"},\"image\":{\"@id\":\"https:\/\/www.prijedordanas.com\/#\/schema\/logo\/image\/\"},\"sameAs\":[\"https:\/\/www.facebook.com\/PrijedorDanasCom\/\"]},{\"@type\":\"Person\",\"@id\":\"https:\/\/www.prijedordanas.com\/#\/schema\/person\/4e08ccf29b506ca916ff86d46bb700e6\",\"name\":\"admin\",\"image\":{\"@type\":\"ImageObject\",\"inLanguage\":\"en-US\",\"@id\":\"https:\/\/www.prijedordanas.com\/#\/schema\/person\/image\/\",\"url\":\"https:\/\/secure.gravatar.com\/avatar\/1d3fc949d550f0b53a5f0d51e06dfd79?s=96&d=mm&r=g\",\"contentUrl\":\"https:\/\/secure.gravatar.com\/avatar\/1d3fc949d550f0b53a5f0d51e06dfd79?s=96&d=mm&r=g\",\"caption\":\"admin\"},\"url\":\"https:\/\/www.prijedordanas.com\/?author=1\"}]}<\/script>\n<!-- \/ Yoast SEO plugin. -->","yoast_head_json":{"title":"EVIDENCIJA BIROA KRA\u0106A ZA 1.679 LICA: TREND ZAPO\u0160LJAVANJA NASTAVLJEN U PRVOM POLUGODI\u0160TU OVE GODINE - PrijedorDanas.com - Prijedorski gradski portal","robots":{"index":"index","follow":"follow","max-snippet":"max-snippet:-1","max-image-preview":"max-image-preview:large","max-video-preview":"max-video-preview:-1"},"canonical":"https:\/\/www.prijedordanas.com\/?p=27276","og_locale":"en_US","og_type":"article","og_title":"EVIDENCIJA BIROA KRA\u0106A ZA 1.679 LICA: TREND ZAPO\u0160LJAVANJA NASTAVLJEN U PRVOM POLUGODI\u0160TU OVE GODINE - PrijedorDanas.com - Prijedorski gradski portal","og_description":"Pozitivnim i dobrim rezultatima zapo\u0161ljavanja na podru\u010dju Filijale i Biroa Prijedor u prvom polugodi\u0161tu ove godine doprinelo je pove\u0107ano zapo\u0161ljavanje u zimskim mesecima, te rekordni majski rezultati, kada je na [&hellip;]","og_url":"https:\/\/www.prijedordanas.com\/?p=27276","og_site_name":"PrijedorDanas.com - Prijedorski gradski portal","article_publisher":"https:\/\/www.facebook.com\/PrijedorDanasCom\/","article_published_time":"2015-08-07T05:31:00+00:00","article_modified_time":"2015-08-08T01:44:54+00:00","og_image":[{"url":"https:\/\/www.prijedordanas.com\/wp-content\/uploads\/2015\/08\/povecano-zaposljavanje-300x225.jpg"}],"author":"admin","twitter_card":"summary_large_image","twitter_misc":{"Written by":"admin","Est. reading time":"3 minutes"},"schema":{"@context":"https:\/\/schema.org","@graph":[{"@type":"Article","@id":"https:\/\/www.prijedordanas.com\/?p=27276#article","isPartOf":{"@id":"https:\/\/www.prijedordanas.com\/?p=27276"},"author":{"name":"admin","@id":"https:\/\/www.prijedordanas.com\/#\/schema\/person\/4e08ccf29b506ca916ff86d46bb700e6"},"headline":"EVIDENCIJA BIROA KRA\u0106A ZA 1.679 LICA: TREND ZAPO\u0160LJAVANJA NASTAVLJEN U PRVOM POLUGODI\u0160TU OVE GODINE","datePublished":"2015-08-07T05:31:00+00:00","dateModified":"2015-08-08T01:44:54+00:00","mainEntityOfPage":{"@id":"https:\/\/www.prijedordanas.com\/?p=27276"},"wordCount":530,"publisher":{"@id":"https:\/\/www.prijedordanas.com\/#organization"},"keywords":["zapo\u0161ljavanje","Zdravko Suvajac"],"articleSection":["Dru\u0161tvo"],"inLanguage":"en-US"},{"@type":"WebPage","@id":"https:\/\/www.prijedordanas.com\/?p=27276","url":"https:\/\/www.prijedordanas.com\/?p=27276","name":"EVIDENCIJA BIROA KRA\u0106A ZA 1.679 LICA: TREND ZAPO\u0160LJAVANJA NASTAVLJEN U PRVOM POLUGODI\u0160TU OVE GODINE - PrijedorDanas.com - Prijedorski gradski portal","isPartOf":{"@id":"https:\/\/www.prijedordanas.com\/#website"},"datePublished":"2015-08-07T05:31:00+00:00","dateModified":"2015-08-08T01:44:54+00:00","breadcrumb":{"@id":"https:\/\/www.prijedordanas.com\/?p=27276#breadcrumb"},"inLanguage":"en-US","potentialAction":[{"@type":"ReadAction","target":["https:\/\/www.prijedordanas.com\/?p=27276"]}]},{"@type":"BreadcrumbList","@id":"https:\/\/www.prijedordanas.com\/?p=27276#breadcrumb","itemListElement":[{"@type":"ListItem","position":1,"name":"Home","item":"https:\/\/www.prijedordanas.com\/"},{"@type":"ListItem","position":2,"name":"EVIDENCIJA BIROA KRA\u0106A ZA 1.679 LICA: TREND ZAPO\u0160LJAVANJA NASTAVLJEN U PRVOM POLUGODI\u0160TU OVE GODINE"}]},{"@type":"WebSite","@id":"https:\/\/www.prijedordanas.com\/#website","url":"https:\/\/www.prijedordanas.com\/","name":"PrijedorDanas.com - Prijedorski gradski portal","description":"Portal o doga\u0111anjima u gradu Prijedoru","publisher":{"@id":"https:\/\/www.prijedordanas.com\/#organization"},"potentialAction":[{"@type":"SearchAction","target":{"@type":"EntryPoint","urlTemplate":"https:\/\/www.prijedordanas.com\/?s={search_term_string}"},"query-input":"required name=search_term_string"}],"inLanguage":"en-US"},{"@type":"Organization","@id":"https:\/\/www.prijedordanas.com\/#organization","name":"PrijedorDanas.com","url":"https:\/\/www.prijedordanas.com\/","logo":{"@type":"ImageObject","inLanguage":"en-US","@id":"https:\/\/www.prijedordanas.com\/#\/schema\/logo\/image\/","url":"http:\/\/www.prijedordanas.com\/wp-content\/uploads\/2021\/12\/logopng.png","contentUrl":"http:\/\/www.prijedordanas.com\/wp-content\/uploads\/2021\/12\/logopng.png","width":1019,"height":776,"caption":"PrijedorDanas.com"},"image":{"@id":"https:\/\/www.prijedordanas.com\/#\/schema\/logo\/image\/"},"sameAs":["https:\/\/www.facebook.com\/PrijedorDanasCom\/"]},{"@type":"Person","@id":"https:\/\/www.prijedordanas.com\/#\/schema\/person\/4e08ccf29b506ca916ff86d46bb700e6","name":"admin","image":{"@type":"ImageObject","inLanguage":"en-US","@id":"https:\/\/www.prijedordanas.com\/#\/schema\/person\/image\/","url":"https:\/\/secure.gravatar.com\/avatar\/1d3fc949d550f0b53a5f0d51e06dfd79?s=96&d=mm&r=g","contentUrl":"https:\/\/secure.gravatar.com\/avatar\/1d3fc949d550f0b53a5f0d51e06dfd79?s=96&d=mm&r=g","caption":"admin"},"url":"https:\/\/www.prijedordanas.com\/?author=1"}]}},"_links":{"self":[{"href":"https:\/\/www.prijedordanas.com\/index.php?rest_route=\/wp\/v2\/posts\/27276"}],"collection":[{"href":"https:\/\/www.prijedordanas.com\/index.php?rest_route=\/wp\/v2\/posts"}],"about":[{"href":"https:\/\/www.prijedordanas.com\/index.php?rest_route=\/wp\/v2\/types\/post"}],"author":[{"embeddable":true,"href":"https:\/\/www.prijedordanas.com\/index.php?rest_route=\/wp\/v2\/users\/1"}],"replies":[{"embeddable":true,"href":"https:\/\/www.prijedordanas.com\/index.php?rest_route=%2Fwp%2Fv2%2Fcomments&post=27276"}],"version-history":[{"count":2,"href":"https:\/\/www.prijedordanas.com\/index.php?rest_route=\/wp\/v2\/posts\/27276\/revisions"}],"predecessor-version":[{"id":27301,"href":"https:\/\/www.prijedordanas.com\/index.php?rest_route=\/wp\/v2\/posts\/27276\/revisions\/27301"}],"wp:attachment":[{"href":"https:\/\/www.prijedordanas.com\/index.php?rest_route=%2Fwp%2Fv2%2Fmedia&parent=27276"}],"wp:term":[{"taxonomy":"category","embeddable":true,"href":"https:\/\/www.prijedordanas.com\/index.php?rest_route=%2Fwp%2Fv2%2Fcategories&post=27276"},{"taxonomy":"post_tag","embeddable":true,"href":"https:\/\/www.prijedordanas.com\/index.php?rest_route=%2Fwp%2Fv2%2Ftags&post=27276"}],"curies":[{"name":"wp","href":"https:\/\/api.w.org\/{rel}","templated":true}]}}