{"id":27270,"date":"2015-08-07T06:12:38","date_gmt":"2015-08-07T05:12:38","guid":{"rendered":"https:\/\/www.prijedordanas.com\/?p=27270"},"modified":"2015-08-07T06:12:38","modified_gmt":"2015-08-07T05:12:38","slug":"zeljeni-susret-u-rodnom-kraju","status":"publish","type":"post","link":"https:\/\/www.prijedordanas.com\/?p=27270","title":{"rendered":"\u017dELJENI SUSRET U RODNOM KRAJU"},"content":{"rendered":"<p><a href=\"https:\/\/www.prijedordanas.com\/wp-content\/uploads\/2015\/08\/vesti-majstorovic.jpg\"><img loading=\"lazy\" decoding=\"async\" src=\"https:\/\/www.prijedordanas.com\/wp-content\/uploads\/2015\/08\/vesti-majstorovic-300x180.jpg\" alt=\"vesti-majstorovic\" width=\"300\" height=\"180\" class=\"alignleft size-medium wp-image-27271\" srcset=\"https:\/\/www.prijedordanas.com\/wp-content\/uploads\/2015\/08\/vesti-majstorovic-300x180.jpg 300w, https:\/\/www.prijedordanas.com\/wp-content\/uploads\/2015\/08\/vesti-majstorovic.jpg 600w\" sizes=\"(max-width: 300px) 100vw, 300px\" \/><\/a>Da bi i ove godine Ranko Majstorovi\u0107 iz Omarske kod Prijedora nabavio deo drva za zimu ranije nego \u0161to je uobi\u010dajeno, pomogao mu je njegov stalni anonimni donator N.J. iz Minhena sa prilogom od 110 evra.<\/p>\n<p>A ovaj starina, koji gazi devetu deceniju, zahvalan je na svakom evru koji mu stigne. &#8220;Bi\u0107u \u0161tedljiv, kupi\u0107u drva sada dok su na skladi\u0161tu jeftinija. Hvala mom dobro\u010dinitelju, da nije njega ne znam ni \u0161ta bih ni kako bih u ovim te\u0161kim vremenima&#8221;, ka\u017ee Ranko, koji stalno pri\u017eeljkuje da upozna nepoznatog donatora i da ga ugosti u svom domu. Kona\u010dno ovog leta, Ranku \u0107e se i ta \u017eelja ispuniti. Donator je najavio da \u0107e, kada sa tri k\u0107erke i suprugom krene u rodni kraj u okolini Banjaluke, posetiti starinu Ranka, njegovu k\u0107erku Bo\u017eanu i unuka Marka da se kona\u010dno upoznaju &#8220;licem u lice&#8221;.<\/p>\n<p>&#8211; Ne mogu ni re\u0107i koliko se radujem na\u0161em prvom susretu. Dobrotu tog \u010doveka ose\u0107am godinama, za hiljadu stvari koje sam uz njegovu pomo\u0107 re\u0161io, od struje, lekova, pa do drva. Mogu samo re\u0107i hvala. Velika mi je \u017eelja bila da upoznam tog plemenitog zemljaka i njegovu familiju, da mu deda stegne ruku juna\u010dku, i da ga ugosti u svom skromnom domu &#8211; poru\u010duje Ranko Majstorovi\u0107, koji broji dane do zakazanog vi\u0111enja.<\/p>\n<p>POZIV DONATORIMA<br \/>\nAko \u017eelite da se uklju\u010dite u neku od akcija Humanitarnog mosta, javite se na mejl adresu: hmost@frvesti.com. Dobi\u0107ete adresu i broj telefona porodice kojoj \u017eelite da pomognete i dogovoriti se sa njima o na\u010dinu dostave donacije. Informacije mo\u017eete da dobijete i od novinara Humanitarnog mosta na: +381 11 31 93 771 i +381 11 31 90 924.<\/p>\n<p>Vesti-online.com<\/p>\n","protected":false},"excerpt":{"rendered":"<p>Da bi i ove godine Ranko Majstorovi\u0107 iz Omarske kod Prijedora nabavio deo drva za zimu ranije nego \u0161to je uobi\u010dajeno, pomogao mu je njegov stalni anonimni donator N.J. iz [&hellip;]<\/p>\n","protected":false},"author":1,"featured_media":0,"comment_status":"closed","ping_status":"open","sticky":false,"template":"","format":"standard","meta":{"_monsterinsights_skip_tracking":false,"_monsterinsights_sitenote_active":false,"_monsterinsights_sitenote_note":"","_monsterinsights_sitenote_category":0,"footnotes":""},"categories":[3],"tags":[1031,1213,165,1898],"yoast_head":"<!-- This site is optimized with the Yoast SEO plugin v21.6 - https:\/\/yoast.com\/wordpress\/plugins\/seo\/ -->\n<title>\u017dELJENI SUSRET U RODNOM KRAJU - PrijedorDanas.com - Prijedorski gradski portal<\/title>\n<meta name=\"robots\" content=\"index, follow, max-snippet:-1, max-image-preview:large, max-video-preview:-1\" \/>\n<link rel=\"canonical\" href=\"https:\/\/www.prijedordanas.com\/?p=27270\" \/>\n<meta property=\"og:locale\" content=\"en_US\" \/>\n<meta property=\"og:type\" content=\"article\" \/>\n<meta property=\"og:title\" content=\"\u017dELJENI SUSRET U RODNOM KRAJU - PrijedorDanas.com - Prijedorski gradski portal\" \/>\n<meta property=\"og:description\" content=\"Da bi i ove godine Ranko Majstorovi\u0107 iz Omarske kod Prijedora nabavio deo drva za zimu ranije nego \u0161to je uobi\u010dajeno, pomogao mu je njegov stalni anonimni donator N.J. iz [&hellip;]\" \/>\n<meta property=\"og:url\" content=\"https:\/\/www.prijedordanas.com\/?p=27270\" \/>\n<meta property=\"og:site_name\" content=\"PrijedorDanas.com - Prijedorski gradski portal\" \/>\n<meta property=\"article:publisher\" content=\"https:\/\/www.facebook.com\/PrijedorDanasCom\/\" \/>\n<meta property=\"article:published_time\" content=\"2015-08-07T05:12:38+00:00\" \/>\n<meta property=\"og:image\" content=\"https:\/\/www.prijedordanas.com\/wp-content\/uploads\/2015\/08\/vesti-majstorovic-300x180.jpg\" \/>\n<meta name=\"author\" content=\"admin\" \/>\n<meta name=\"twitter:card\" content=\"summary_large_image\" \/>\n<meta name=\"twitter:label1\" content=\"Written by\" \/>\n\t<meta name=\"twitter:data1\" content=\"admin\" \/>\n\t<meta name=\"twitter:label2\" content=\"Est. reading time\" \/>\n\t<meta name=\"twitter:data2\" content=\"1 minute\" \/>\n<script type=\"application\/ld+json\" class=\"yoast-schema-graph\">{\"@context\":\"https:\/\/schema.org\",\"@graph\":[{\"@type\":\"Article\",\"@id\":\"https:\/\/www.prijedordanas.com\/?p=27270#article\",\"isPartOf\":{\"@id\":\"https:\/\/www.prijedordanas.com\/?p=27270\"},\"author\":{\"name\":\"admin\",\"@id\":\"https:\/\/www.prijedordanas.com\/#\/schema\/person\/4e08ccf29b506ca916ff86d46bb700e6\"},\"headline\":\"\u017dELJENI SUSRET U RODNOM KRAJU\",\"datePublished\":\"2015-08-07T05:12:38+00:00\",\"dateModified\":\"2015-08-07T05:12:38+00:00\",\"mainEntityOfPage\":{\"@id\":\"https:\/\/www.prijedordanas.com\/?p=27270\"},\"wordCount\":294,\"publisher\":{\"@id\":\"https:\/\/www.prijedordanas.com\/#organization\"},\"keywords\":[\"donacije\",\"Humanost\",\"Omarska\",\"Ranko Majstorovi\u0107\"],\"articleSection\":[\"\u017divot\"],\"inLanguage\":\"en-US\"},{\"@type\":\"WebPage\",\"@id\":\"https:\/\/www.prijedordanas.com\/?p=27270\",\"url\":\"https:\/\/www.prijedordanas.com\/?p=27270\",\"name\":\"\u017dELJENI SUSRET U RODNOM KRAJU - PrijedorDanas.com - Prijedorski gradski portal\",\"isPartOf\":{\"@id\":\"https:\/\/www.prijedordanas.com\/#website\"},\"datePublished\":\"2015-08-07T05:12:38+00:00\",\"dateModified\":\"2015-08-07T05:12:38+00:00\",\"breadcrumb\":{\"@id\":\"https:\/\/www.prijedordanas.com\/?p=27270#breadcrumb\"},\"inLanguage\":\"en-US\",\"potentialAction\":[{\"@type\":\"ReadAction\",\"target\":[\"https:\/\/www.prijedordanas.com\/?p=27270\"]}]},{\"@type\":\"BreadcrumbList\",\"@id\":\"https:\/\/www.prijedordanas.com\/?p=27270#breadcrumb\",\"itemListElement\":[{\"@type\":\"ListItem\",\"position\":1,\"name\":\"Home\",\"item\":\"https:\/\/www.prijedordanas.com\/\"},{\"@type\":\"ListItem\",\"position\":2,\"name\":\"\u017dELJENI SUSRET U RODNOM KRAJU\"}]},{\"@type\":\"WebSite\",\"@id\":\"https:\/\/www.prijedordanas.com\/#website\",\"url\":\"https:\/\/www.prijedordanas.com\/\",\"name\":\"PrijedorDanas.com - Prijedorski gradski portal\",\"description\":\"Portal o doga\u0111anjima u gradu Prijedoru\",\"publisher\":{\"@id\":\"https:\/\/www.prijedordanas.com\/#organization\"},\"potentialAction\":[{\"@type\":\"SearchAction\",\"target\":{\"@type\":\"EntryPoint\",\"urlTemplate\":\"https:\/\/www.prijedordanas.com\/?s={search_term_string}\"},\"query-input\":\"required name=search_term_string\"}],\"inLanguage\":\"en-US\"},{\"@type\":\"Organization\",\"@id\":\"https:\/\/www.prijedordanas.com\/#organization\",\"name\":\"PrijedorDanas.com\",\"url\":\"https:\/\/www.prijedordanas.com\/\",\"logo\":{\"@type\":\"ImageObject\",\"inLanguage\":\"en-US\",\"@id\":\"https:\/\/www.prijedordanas.com\/#\/schema\/logo\/image\/\",\"url\":\"http:\/\/www.prijedordanas.com\/wp-content\/uploads\/2021\/12\/logopng.png\",\"contentUrl\":\"http:\/\/www.prijedordanas.com\/wp-content\/uploads\/2021\/12\/logopng.png\",\"width\":1019,\"height\":776,\"caption\":\"PrijedorDanas.com\"},\"image\":{\"@id\":\"https:\/\/www.prijedordanas.com\/#\/schema\/logo\/image\/\"},\"sameAs\":[\"https:\/\/www.facebook.com\/PrijedorDanasCom\/\"]},{\"@type\":\"Person\",\"@id\":\"https:\/\/www.prijedordanas.com\/#\/schema\/person\/4e08ccf29b506ca916ff86d46bb700e6\",\"name\":\"admin\",\"image\":{\"@type\":\"ImageObject\",\"inLanguage\":\"en-US\",\"@id\":\"https:\/\/www.prijedordanas.com\/#\/schema\/person\/image\/\",\"url\":\"https:\/\/secure.gravatar.com\/avatar\/1d3fc949d550f0b53a5f0d51e06dfd79?s=96&d=mm&r=g\",\"contentUrl\":\"https:\/\/secure.gravatar.com\/avatar\/1d3fc949d550f0b53a5f0d51e06dfd79?s=96&d=mm&r=g\",\"caption\":\"admin\"},\"url\":\"https:\/\/www.prijedordanas.com\/?author=1\"}]}<\/script>\n<!-- \/ Yoast SEO plugin. -->","yoast_head_json":{"title":"\u017dELJENI SUSRET U RODNOM KRAJU - PrijedorDanas.com - Prijedorski gradski portal","robots":{"index":"index","follow":"follow","max-snippet":"max-snippet:-1","max-image-preview":"max-image-preview:large","max-video-preview":"max-video-preview:-1"},"canonical":"https:\/\/www.prijedordanas.com\/?p=27270","og_locale":"en_US","og_type":"article","og_title":"\u017dELJENI SUSRET U RODNOM KRAJU - PrijedorDanas.com - Prijedorski gradski portal","og_description":"Da bi i ove godine Ranko Majstorovi\u0107 iz Omarske kod Prijedora nabavio deo drva za zimu ranije nego \u0161to je uobi\u010dajeno, pomogao mu je njegov stalni anonimni donator N.J. iz [&hellip;]","og_url":"https:\/\/www.prijedordanas.com\/?p=27270","og_site_name":"PrijedorDanas.com - Prijedorski gradski portal","article_publisher":"https:\/\/www.facebook.com\/PrijedorDanasCom\/","article_published_time":"2015-08-07T05:12:38+00:00","og_image":[{"url":"https:\/\/www.prijedordanas.com\/wp-content\/uploads\/2015\/08\/vesti-majstorovic-300x180.jpg"}],"author":"admin","twitter_card":"summary_large_image","twitter_misc":{"Written by":"admin","Est. reading time":"1 minute"},"schema":{"@context":"https:\/\/schema.org","@graph":[{"@type":"Article","@id":"https:\/\/www.prijedordanas.com\/?p=27270#article","isPartOf":{"@id":"https:\/\/www.prijedordanas.com\/?p=27270"},"author":{"name":"admin","@id":"https:\/\/www.prijedordanas.com\/#\/schema\/person\/4e08ccf29b506ca916ff86d46bb700e6"},"headline":"\u017dELJENI SUSRET U RODNOM KRAJU","datePublished":"2015-08-07T05:12:38+00:00","dateModified":"2015-08-07T05:12:38+00:00","mainEntityOfPage":{"@id":"https:\/\/www.prijedordanas.com\/?p=27270"},"wordCount":294,"publisher":{"@id":"https:\/\/www.prijedordanas.com\/#organization"},"keywords":["donacije","Humanost","Omarska","Ranko Majstorovi\u0107"],"articleSection":["\u017divot"],"inLanguage":"en-US"},{"@type":"WebPage","@id":"https:\/\/www.prijedordanas.com\/?p=27270","url":"https:\/\/www.prijedordanas.com\/?p=27270","name":"\u017dELJENI SUSRET U RODNOM KRAJU - PrijedorDanas.com - Prijedorski gradski portal","isPartOf":{"@id":"https:\/\/www.prijedordanas.com\/#website"},"datePublished":"2015-08-07T05:12:38+00:00","dateModified":"2015-08-07T05:12:38+00:00","breadcrumb":{"@id":"https:\/\/www.prijedordanas.com\/?p=27270#breadcrumb"},"inLanguage":"en-US","potentialAction":[{"@type":"ReadAction","target":["https:\/\/www.prijedordanas.com\/?p=27270"]}]},{"@type":"BreadcrumbList","@id":"https:\/\/www.prijedordanas.com\/?p=27270#breadcrumb","itemListElement":[{"@type":"ListItem","position":1,"name":"Home","item":"https:\/\/www.prijedordanas.com\/"},{"@type":"ListItem","position":2,"name":"\u017dELJENI SUSRET U RODNOM KRAJU"}]},{"@type":"WebSite","@id":"https:\/\/www.prijedordanas.com\/#website","url":"https:\/\/www.prijedordanas.com\/","name":"PrijedorDanas.com - Prijedorski gradski portal","description":"Portal o doga\u0111anjima u gradu Prijedoru","publisher":{"@id":"https:\/\/www.prijedordanas.com\/#organization"},"potentialAction":[{"@type":"SearchAction","target":{"@type":"EntryPoint","urlTemplate":"https:\/\/www.prijedordanas.com\/?s={search_term_string}"},"query-input":"required name=search_term_string"}],"inLanguage":"en-US"},{"@type":"Organization","@id":"https:\/\/www.prijedordanas.com\/#organization","name":"PrijedorDanas.com","url":"https:\/\/www.prijedordanas.com\/","logo":{"@type":"ImageObject","inLanguage":"en-US","@id":"https:\/\/www.prijedordanas.com\/#\/schema\/logo\/image\/","url":"http:\/\/www.prijedordanas.com\/wp-content\/uploads\/2021\/12\/logopng.png","contentUrl":"http:\/\/www.prijedordanas.com\/wp-content\/uploads\/2021\/12\/logopng.png","width":1019,"height":776,"caption":"PrijedorDanas.com"},"image":{"@id":"https:\/\/www.prijedordanas.com\/#\/schema\/logo\/image\/"},"sameAs":["https:\/\/www.facebook.com\/PrijedorDanasCom\/"]},{"@type":"Person","@id":"https:\/\/www.prijedordanas.com\/#\/schema\/person\/4e08ccf29b506ca916ff86d46bb700e6","name":"admin","image":{"@type":"ImageObject","inLanguage":"en-US","@id":"https:\/\/www.prijedordanas.com\/#\/schema\/person\/image\/","url":"https:\/\/secure.gravatar.com\/avatar\/1d3fc949d550f0b53a5f0d51e06dfd79?s=96&d=mm&r=g","contentUrl":"https:\/\/secure.gravatar.com\/avatar\/1d3fc949d550f0b53a5f0d51e06dfd79?s=96&d=mm&r=g","caption":"admin"},"url":"https:\/\/www.prijedordanas.com\/?author=1"}]}},"_links":{"self":[{"href":"https:\/\/www.prijedordanas.com\/index.php?rest_route=\/wp\/v2\/posts\/27270"}],"collection":[{"href":"https:\/\/www.prijedordanas.com\/index.php?rest_route=\/wp\/v2\/posts"}],"about":[{"href":"https:\/\/www.prijedordanas.com\/index.php?rest_route=\/wp\/v2\/types\/post"}],"author":[{"embeddable":true,"href":"https:\/\/www.prijedordanas.com\/index.php?rest_route=\/wp\/v2\/users\/1"}],"replies":[{"embeddable":true,"href":"https:\/\/www.prijedordanas.com\/index.php?rest_route=%2Fwp%2Fv2%2Fcomments&post=27270"}],"version-history":[{"count":1,"href":"https:\/\/www.prijedordanas.com\/index.php?rest_route=\/wp\/v2\/posts\/27270\/revisions"}],"predecessor-version":[{"id":27272,"href":"https:\/\/www.prijedordanas.com\/index.php?rest_route=\/wp\/v2\/posts\/27270\/revisions\/27272"}],"wp:attachment":[{"href":"https:\/\/www.prijedordanas.com\/index.php?rest_route=%2Fwp%2Fv2%2Fmedia&parent=27270"}],"wp:term":[{"taxonomy":"category","embeddable":true,"href":"https:\/\/www.prijedordanas.com\/index.php?rest_route=%2Fwp%2Fv2%2Fcategories&post=27270"},{"taxonomy":"post_tag","embeddable":true,"href":"https:\/\/www.prijedordanas.com\/index.php?rest_route=%2Fwp%2Fv2%2Ftags&post=27270"}],"curies":[{"name":"wp","href":"https:\/\/api.w.org\/{rel}","templated":true}]}}