{"id":26841,"date":"2015-07-31T09:59:18","date_gmt":"2015-07-31T08:59:18","guid":{"rendered":"https:\/\/www.prijedordanas.com\/?p=26841"},"modified":"2015-07-31T09:59:18","modified_gmt":"2015-07-31T08:59:18","slug":"fondacija-zajednicki-put-svecana-dodjela-diploma-skole-stranih-jezika-i-skole-liderstva-2015","status":"publish","type":"post","link":"https:\/\/www.prijedordanas.com\/?p=26841","title":{"rendered":"FONDACIJA \u201eZAJEDNI\u010cKI PUT\u201c: SVE\u010cANA DODJELA DIPLOMA \u201e\u0160KOLE STRANIH JEZIKA\u201c I \u201e\u0160KOLE LIDERSTVA 2015\u201c"},"content":{"rendered":"<p><a href=\"https:\/\/www.prijedordanas.com\/wp-content\/uploads\/2015\/07\/fondacija-zajednicki-put-dodjela-diploma-2015.jpg\"><img loading=\"lazy\" decoding=\"async\" src=\"https:\/\/www.prijedordanas.com\/wp-content\/uploads\/2015\/07\/fondacija-zajednicki-put-dodjela-diploma-2015-300x225.jpg\" alt=\"fondacija zajednicki put-dodjela diploma 2015\" width=\"300\" height=\"225\" class=\"alignleft size-medium wp-image-26842\" srcset=\"https:\/\/www.prijedordanas.com\/wp-content\/uploads\/2015\/07\/fondacija-zajednicki-put-dodjela-diploma-2015-300x225.jpg 300w, https:\/\/www.prijedordanas.com\/wp-content\/uploads\/2015\/07\/fondacija-zajednicki-put-dodjela-diploma-2015.jpg 600w\" sizes=\"(max-width: 300px) 100vw, 300px\" \/><\/a>Fondacija &#8220;Zajedni\u010dki put&#8221; Prijedor je 25. jula 2015. godine sa po\u010detkom u 20 sati organizovala sve\u010danu dodjelu diploma u prostorijama Omladinskog savjeta Prijedor za uspje\u0161ne polaznike prvog ciklusa \u201c\u0160kole jezika 2015\u201d kao i za tre\u0107u generaciju mladih lidera u sklopu projekta \u201c\u0160kola liderstva 2015\u201d.<\/p>\n<p>Uz saradnju i podr\u0161ku Omladinskog savjeta Prijedor realizovali smo prvi ciklus &#8220;\u0160kole jezika&#8221; za oko 70 polaznika sa podru\u010dja Prijedora iz njema\u010dkog i engleskog jezika. \u0160kola jezika 2015 je zvani\u010dno zapo\u010dela 16. marta ove godine a prvi ciklus je zavr\u0161en 23. jula 2015. godine.  <\/p>\n<p>Kursevi su organizovani za sve starosne grupe &#8211; \u010dlanove na\u0161e organizacije: djecu, mlade i odrasle; i pokrivaju razli\u010dite nivoe znanja u skladu s Evropskim niovima poznavanja stranih jezika (A1, A2; B1, B2; C1 i C2).<\/p>\n<p>Kvalitetnu, zanimljivu, zabavnu i interaktivnu nastavu garantuju diplomirani profesori sa dugogodi\u0161njim iskustvom i sve to uz vrlo niske tro\u0161kove obuke! Na\u0161a \u0160kola jezika inspirisana je \u017eeljom da dragim sugra\u0111anima omogu\u0107imo kvalitetno u\u010denje stranih jezika uz niske tro\u0161kove obuke.<\/p>\n<p>U ponudi \u0160kole stranih jezika II ciklusa su zastupljeni engleski, njema\u010dki, italijanski jezik i francuski jezik.<\/p>\n<p>\u201e\u0160kola liderstva: III generacija mladih lidera Prijedora\u201c predstavlja tradicionalan projekat Fondacije koji se realizuje po tre\u0107i put u kontinuitetu uz pokroviteljstvo Osniva\u010da i predsjednice Fondacije Semire Hoffmann. <\/p>\n<p>Posebna tema ovogodi\u0161njeg projekta je bila omogu\u0107avanje mladim ljudima da uzmu aktivno u\u010de\u0161\u0107e u kreiranju vlastite ekonomske samostalnosti usvajaju\u0107i i razvijaju\u0107i vje\u0161tine bavljenja preduzetni\u0161tvom u okviru Za\u0161titne radionice Prijedor koja je osnovana od strane Fondacije po\u010detkom 2015. godine.<\/p>\n<p>Fondacija Zajedni\u010dki put Prijedor<\/p>\n","protected":false},"excerpt":{"rendered":"<p>Fondacija &#8220;Zajedni\u010dki put&#8221; Prijedor je 25. jula 2015. godine sa po\u010detkom u 20 sati organizovala sve\u010danu dodjelu diploma u prostorijama Omladinskog savjeta Prijedor za uspje\u0161ne polaznike prvog ciklusa \u201c\u0160kole jezika [&hellip;]<\/p>\n","protected":false},"author":1,"featured_media":0,"comment_status":"closed","ping_status":"open","sticky":false,"template":"","format":"standard","meta":{"_monsterinsights_skip_tracking":false,"_monsterinsights_sitenote_active":false,"_monsterinsights_sitenote_note":"","_monsterinsights_sitenote_category":0,"footnotes":""},"categories":[8],"tags":[4488,76,4487,4486],"yoast_head":"<!-- This site is optimized with the Yoast SEO plugin v21.6 - https:\/\/yoast.com\/wordpress\/plugins\/seo\/ -->\n<title>FONDACIJA \u201eZAJEDNI\u010cKI PUT\u201c: SVE\u010cANA DODJELA DIPLOMA \u201e\u0160KOLE STRANIH JEZIKA\u201c I \u201e\u0160KOLE LIDERSTVA 2015\u201c - PrijedorDanas.com - Prijedorski gradski portal<\/title>\n<meta name=\"robots\" content=\"index, follow, max-snippet:-1, max-image-preview:large, max-video-preview:-1\" \/>\n<link rel=\"canonical\" href=\"https:\/\/www.prijedordanas.com\/?p=26841\" \/>\n<meta property=\"og:locale\" content=\"en_US\" \/>\n<meta property=\"og:type\" content=\"article\" \/>\n<meta property=\"og:title\" content=\"FONDACIJA \u201eZAJEDNI\u010cKI PUT\u201c: SVE\u010cANA DODJELA DIPLOMA \u201e\u0160KOLE STRANIH JEZIKA\u201c I \u201e\u0160KOLE LIDERSTVA 2015\u201c - PrijedorDanas.com - Prijedorski gradski portal\" \/>\n<meta property=\"og:description\" content=\"Fondacija &#8220;Zajedni\u010dki put&#8221; Prijedor je 25. jula 2015. godine sa po\u010detkom u 20 sati organizovala sve\u010danu dodjelu diploma u prostorijama Omladinskog savjeta Prijedor za uspje\u0161ne polaznike prvog ciklusa \u201c\u0160kole jezika [&hellip;]\" \/>\n<meta property=\"og:url\" content=\"https:\/\/www.prijedordanas.com\/?p=26841\" \/>\n<meta property=\"og:site_name\" content=\"PrijedorDanas.com - Prijedorski gradski portal\" \/>\n<meta property=\"article:publisher\" content=\"https:\/\/www.facebook.com\/PrijedorDanasCom\/\" \/>\n<meta property=\"article:published_time\" content=\"2015-07-31T08:59:18+00:00\" \/>\n<meta property=\"og:image\" content=\"https:\/\/www.prijedordanas.com\/wp-content\/uploads\/2015\/07\/fondacija-zajednicki-put-dodjela-diploma-2015-300x225.jpg\" \/>\n<meta name=\"author\" content=\"admin\" \/>\n<meta name=\"twitter:card\" content=\"summary_large_image\" \/>\n<meta name=\"twitter:label1\" content=\"Written by\" \/>\n\t<meta name=\"twitter:data1\" content=\"admin\" \/>\n\t<meta name=\"twitter:label2\" content=\"Est. reading time\" \/>\n\t<meta name=\"twitter:data2\" content=\"1 minute\" \/>\n<script type=\"application\/ld+json\" class=\"yoast-schema-graph\">{\"@context\":\"https:\/\/schema.org\",\"@graph\":[{\"@type\":\"Article\",\"@id\":\"https:\/\/www.prijedordanas.com\/?p=26841#article\",\"isPartOf\":{\"@id\":\"https:\/\/www.prijedordanas.com\/?p=26841\"},\"author\":{\"name\":\"admin\",\"@id\":\"https:\/\/www.prijedordanas.com\/#\/schema\/person\/4e08ccf29b506ca916ff86d46bb700e6\"},\"headline\":\"FONDACIJA \u201eZAJEDNI\u010cKI PUT\u201c: SVE\u010cANA DODJELA DIPLOMA \u201e\u0160KOLE STRANIH JEZIKA\u201c I \u201e\u0160KOLE LIDERSTVA 2015\u201c\",\"datePublished\":\"2015-07-31T08:59:18+00:00\",\"dateModified\":\"2015-07-31T08:59:18+00:00\",\"mainEntityOfPage\":{\"@id\":\"https:\/\/www.prijedordanas.com\/?p=26841\"},\"wordCount\":283,\"publisher\":{\"@id\":\"https:\/\/www.prijedordanas.com\/#organization\"},\"keywords\":[\"dodjela diploma\",\"Fondacija Zajedni\u010dki put\",\"\u0160kola jezika 2015\",\"\u0160kola liderstva 2015\"],\"articleSection\":[\"Svakodnevno\"],\"inLanguage\":\"en-US\"},{\"@type\":\"WebPage\",\"@id\":\"https:\/\/www.prijedordanas.com\/?p=26841\",\"url\":\"https:\/\/www.prijedordanas.com\/?p=26841\",\"name\":\"FONDACIJA \u201eZAJEDNI\u010cKI PUT\u201c: SVE\u010cANA DODJELA DIPLOMA \u201e\u0160KOLE STRANIH JEZIKA\u201c I \u201e\u0160KOLE LIDERSTVA 2015\u201c - PrijedorDanas.com - Prijedorski gradski portal\",\"isPartOf\":{\"@id\":\"https:\/\/www.prijedordanas.com\/#website\"},\"datePublished\":\"2015-07-31T08:59:18+00:00\",\"dateModified\":\"2015-07-31T08:59:18+00:00\",\"breadcrumb\":{\"@id\":\"https:\/\/www.prijedordanas.com\/?p=26841#breadcrumb\"},\"inLanguage\":\"en-US\",\"potentialAction\":[{\"@type\":\"ReadAction\",\"target\":[\"https:\/\/www.prijedordanas.com\/?p=26841\"]}]},{\"@type\":\"BreadcrumbList\",\"@id\":\"https:\/\/www.prijedordanas.com\/?p=26841#breadcrumb\",\"itemListElement\":[{\"@type\":\"ListItem\",\"position\":1,\"name\":\"Home\",\"item\":\"https:\/\/www.prijedordanas.com\/\"},{\"@type\":\"ListItem\",\"position\":2,\"name\":\"FONDACIJA \u201eZAJEDNI\u010cKI PUT\u201c: SVE\u010cANA DODJELA DIPLOMA \u201e\u0160KOLE STRANIH JEZIKA\u201c I \u201e\u0160KOLE LIDERSTVA 2015\u201c\"}]},{\"@type\":\"WebSite\",\"@id\":\"https:\/\/www.prijedordanas.com\/#website\",\"url\":\"https:\/\/www.prijedordanas.com\/\",\"name\":\"PrijedorDanas.com - Prijedorski gradski portal\",\"description\":\"Portal o doga\u0111anjima u gradu Prijedoru\",\"publisher\":{\"@id\":\"https:\/\/www.prijedordanas.com\/#organization\"},\"potentialAction\":[{\"@type\":\"SearchAction\",\"target\":{\"@type\":\"EntryPoint\",\"urlTemplate\":\"https:\/\/www.prijedordanas.com\/?s={search_term_string}\"},\"query-input\":\"required name=search_term_string\"}],\"inLanguage\":\"en-US\"},{\"@type\":\"Organization\",\"@id\":\"https:\/\/www.prijedordanas.com\/#organization\",\"name\":\"PrijedorDanas.com\",\"url\":\"https:\/\/www.prijedordanas.com\/\",\"logo\":{\"@type\":\"ImageObject\",\"inLanguage\":\"en-US\",\"@id\":\"https:\/\/www.prijedordanas.com\/#\/schema\/logo\/image\/\",\"url\":\"http:\/\/www.prijedordanas.com\/wp-content\/uploads\/2021\/12\/logopng.png\",\"contentUrl\":\"http:\/\/www.prijedordanas.com\/wp-content\/uploads\/2021\/12\/logopng.png\",\"width\":1019,\"height\":776,\"caption\":\"PrijedorDanas.com\"},\"image\":{\"@id\":\"https:\/\/www.prijedordanas.com\/#\/schema\/logo\/image\/\"},\"sameAs\":[\"https:\/\/www.facebook.com\/PrijedorDanasCom\/\"]},{\"@type\":\"Person\",\"@id\":\"https:\/\/www.prijedordanas.com\/#\/schema\/person\/4e08ccf29b506ca916ff86d46bb700e6\",\"name\":\"admin\",\"image\":{\"@type\":\"ImageObject\",\"inLanguage\":\"en-US\",\"@id\":\"https:\/\/www.prijedordanas.com\/#\/schema\/person\/image\/\",\"url\":\"https:\/\/secure.gravatar.com\/avatar\/1d3fc949d550f0b53a5f0d51e06dfd79?s=96&d=mm&r=g\",\"contentUrl\":\"https:\/\/secure.gravatar.com\/avatar\/1d3fc949d550f0b53a5f0d51e06dfd79?s=96&d=mm&r=g\",\"caption\":\"admin\"},\"url\":\"https:\/\/www.prijedordanas.com\/?author=1\"}]}<\/script>\n<!-- \/ Yoast SEO plugin. -->","yoast_head_json":{"title":"FONDACIJA \u201eZAJEDNI\u010cKI PUT\u201c: SVE\u010cANA DODJELA DIPLOMA \u201e\u0160KOLE STRANIH JEZIKA\u201c I \u201e\u0160KOLE LIDERSTVA 2015\u201c - PrijedorDanas.com - Prijedorski gradski portal","robots":{"index":"index","follow":"follow","max-snippet":"max-snippet:-1","max-image-preview":"max-image-preview:large","max-video-preview":"max-video-preview:-1"},"canonical":"https:\/\/www.prijedordanas.com\/?p=26841","og_locale":"en_US","og_type":"article","og_title":"FONDACIJA \u201eZAJEDNI\u010cKI PUT\u201c: SVE\u010cANA DODJELA DIPLOMA \u201e\u0160KOLE STRANIH JEZIKA\u201c I \u201e\u0160KOLE LIDERSTVA 2015\u201c - PrijedorDanas.com - Prijedorski gradski portal","og_description":"Fondacija &#8220;Zajedni\u010dki put&#8221; Prijedor je 25. jula 2015. godine sa po\u010detkom u 20 sati organizovala sve\u010danu dodjelu diploma u prostorijama Omladinskog savjeta Prijedor za uspje\u0161ne polaznike prvog ciklusa \u201c\u0160kole jezika [&hellip;]","og_url":"https:\/\/www.prijedordanas.com\/?p=26841","og_site_name":"PrijedorDanas.com - Prijedorski gradski portal","article_publisher":"https:\/\/www.facebook.com\/PrijedorDanasCom\/","article_published_time":"2015-07-31T08:59:18+00:00","og_image":[{"url":"https:\/\/www.prijedordanas.com\/wp-content\/uploads\/2015\/07\/fondacija-zajednicki-put-dodjela-diploma-2015-300x225.jpg"}],"author":"admin","twitter_card":"summary_large_image","twitter_misc":{"Written by":"admin","Est. reading time":"1 minute"},"schema":{"@context":"https:\/\/schema.org","@graph":[{"@type":"Article","@id":"https:\/\/www.prijedordanas.com\/?p=26841#article","isPartOf":{"@id":"https:\/\/www.prijedordanas.com\/?p=26841"},"author":{"name":"admin","@id":"https:\/\/www.prijedordanas.com\/#\/schema\/person\/4e08ccf29b506ca916ff86d46bb700e6"},"headline":"FONDACIJA \u201eZAJEDNI\u010cKI PUT\u201c: SVE\u010cANA DODJELA DIPLOMA \u201e\u0160KOLE STRANIH JEZIKA\u201c I \u201e\u0160KOLE LIDERSTVA 2015\u201c","datePublished":"2015-07-31T08:59:18+00:00","dateModified":"2015-07-31T08:59:18+00:00","mainEntityOfPage":{"@id":"https:\/\/www.prijedordanas.com\/?p=26841"},"wordCount":283,"publisher":{"@id":"https:\/\/www.prijedordanas.com\/#organization"},"keywords":["dodjela diploma","Fondacija Zajedni\u010dki put","\u0160kola jezika 2015","\u0160kola liderstva 2015"],"articleSection":["Svakodnevno"],"inLanguage":"en-US"},{"@type":"WebPage","@id":"https:\/\/www.prijedordanas.com\/?p=26841","url":"https:\/\/www.prijedordanas.com\/?p=26841","name":"FONDACIJA \u201eZAJEDNI\u010cKI PUT\u201c: SVE\u010cANA DODJELA DIPLOMA \u201e\u0160KOLE STRANIH JEZIKA\u201c I \u201e\u0160KOLE LIDERSTVA 2015\u201c - PrijedorDanas.com - Prijedorski gradski portal","isPartOf":{"@id":"https:\/\/www.prijedordanas.com\/#website"},"datePublished":"2015-07-31T08:59:18+00:00","dateModified":"2015-07-31T08:59:18+00:00","breadcrumb":{"@id":"https:\/\/www.prijedordanas.com\/?p=26841#breadcrumb"},"inLanguage":"en-US","potentialAction":[{"@type":"ReadAction","target":["https:\/\/www.prijedordanas.com\/?p=26841"]}]},{"@type":"BreadcrumbList","@id":"https:\/\/www.prijedordanas.com\/?p=26841#breadcrumb","itemListElement":[{"@type":"ListItem","position":1,"name":"Home","item":"https:\/\/www.prijedordanas.com\/"},{"@type":"ListItem","position":2,"name":"FONDACIJA \u201eZAJEDNI\u010cKI PUT\u201c: SVE\u010cANA DODJELA DIPLOMA \u201e\u0160KOLE STRANIH JEZIKA\u201c I \u201e\u0160KOLE LIDERSTVA 2015\u201c"}]},{"@type":"WebSite","@id":"https:\/\/www.prijedordanas.com\/#website","url":"https:\/\/www.prijedordanas.com\/","name":"PrijedorDanas.com - Prijedorski gradski portal","description":"Portal o doga\u0111anjima u gradu Prijedoru","publisher":{"@id":"https:\/\/www.prijedordanas.com\/#organization"},"potentialAction":[{"@type":"SearchAction","target":{"@type":"EntryPoint","urlTemplate":"https:\/\/www.prijedordanas.com\/?s={search_term_string}"},"query-input":"required name=search_term_string"}],"inLanguage":"en-US"},{"@type":"Organization","@id":"https:\/\/www.prijedordanas.com\/#organization","name":"PrijedorDanas.com","url":"https:\/\/www.prijedordanas.com\/","logo":{"@type":"ImageObject","inLanguage":"en-US","@id":"https:\/\/www.prijedordanas.com\/#\/schema\/logo\/image\/","url":"http:\/\/www.prijedordanas.com\/wp-content\/uploads\/2021\/12\/logopng.png","contentUrl":"http:\/\/www.prijedordanas.com\/wp-content\/uploads\/2021\/12\/logopng.png","width":1019,"height":776,"caption":"PrijedorDanas.com"},"image":{"@id":"https:\/\/www.prijedordanas.com\/#\/schema\/logo\/image\/"},"sameAs":["https:\/\/www.facebook.com\/PrijedorDanasCom\/"]},{"@type":"Person","@id":"https:\/\/www.prijedordanas.com\/#\/schema\/person\/4e08ccf29b506ca916ff86d46bb700e6","name":"admin","image":{"@type":"ImageObject","inLanguage":"en-US","@id":"https:\/\/www.prijedordanas.com\/#\/schema\/person\/image\/","url":"https:\/\/secure.gravatar.com\/avatar\/1d3fc949d550f0b53a5f0d51e06dfd79?s=96&d=mm&r=g","contentUrl":"https:\/\/secure.gravatar.com\/avatar\/1d3fc949d550f0b53a5f0d51e06dfd79?s=96&d=mm&r=g","caption":"admin"},"url":"https:\/\/www.prijedordanas.com\/?author=1"}]}},"_links":{"self":[{"href":"https:\/\/www.prijedordanas.com\/index.php?rest_route=\/wp\/v2\/posts\/26841"}],"collection":[{"href":"https:\/\/www.prijedordanas.com\/index.php?rest_route=\/wp\/v2\/posts"}],"about":[{"href":"https:\/\/www.prijedordanas.com\/index.php?rest_route=\/wp\/v2\/types\/post"}],"author":[{"embeddable":true,"href":"https:\/\/www.prijedordanas.com\/index.php?rest_route=\/wp\/v2\/users\/1"}],"replies":[{"embeddable":true,"href":"https:\/\/www.prijedordanas.com\/index.php?rest_route=%2Fwp%2Fv2%2Fcomments&post=26841"}],"version-history":[{"count":1,"href":"https:\/\/www.prijedordanas.com\/index.php?rest_route=\/wp\/v2\/posts\/26841\/revisions"}],"predecessor-version":[{"id":26843,"href":"https:\/\/www.prijedordanas.com\/index.php?rest_route=\/wp\/v2\/posts\/26841\/revisions\/26843"}],"wp:attachment":[{"href":"https:\/\/www.prijedordanas.com\/index.php?rest_route=%2Fwp%2Fv2%2Fmedia&parent=26841"}],"wp:term":[{"taxonomy":"category","embeddable":true,"href":"https:\/\/www.prijedordanas.com\/index.php?rest_route=%2Fwp%2Fv2%2Fcategories&post=26841"},{"taxonomy":"post_tag","embeddable":true,"href":"https:\/\/www.prijedordanas.com\/index.php?rest_route=%2Fwp%2Fv2%2Ftags&post=26841"}],"curies":[{"name":"wp","href":"https:\/\/api.w.org\/{rel}","templated":true}]}}