{"id":268037,"date":"2026-04-28T12:17:11","date_gmt":"2026-04-28T10:17:11","guid":{"rendered":"https:\/\/www.prijedordanas.com\/?p=268037"},"modified":"2026-04-28T12:17:11","modified_gmt":"2026-04-28T10:17:11","slug":"prijedor-veceras-tribina-anatomija-zla-sa-lordanom-zafranovicem-i-najava-filma-zlatni-rez-42-djeca-kozare","status":"publish","type":"post","link":"https:\/\/www.prijedordanas.com\/?p=268037","title":{"rendered":"Prijedor: Ve\u010deras tribina &#8220;Anatomija zla&#8221; sa Lordanom Zafranovi\u0107em i najava filma &#8220;Zlatni rez 42 &#8211; Djeca Kozare&#8221;"},"content":{"rendered":"<p><a href=\"https:\/\/www.prijedordanas.com\/wp-content\/uploads\/2026\/04\/zafranovic-tribina-plakat.jpg\"><img loading=\"lazy\" decoding=\"async\" src=\"https:\/\/www.prijedordanas.com\/wp-content\/uploads\/2026\/04\/zafranovic-tribina-plakat-214x300.jpg\" alt=\"\" width=\"214\" height=\"300\" class=\"alignleft size-medium wp-image-268038\" srcset=\"https:\/\/www.prijedordanas.com\/wp-content\/uploads\/2026\/04\/zafranovic-tribina-plakat-214x300.jpg 214w, https:\/\/www.prijedordanas.com\/wp-content\/uploads\/2026\/04\/zafranovic-tribina-plakat.jpg 453w\" sizes=\"(max-width: 214px) 100vw, 214px\" \/><\/a>U okviru manifestacija kojima Prijedor obilje\u017eava Dan grada-16. maj, ve\u010deras \u0107e u kinu Kozara \u0107e biti odr\u017eana tribina &#8220;Anatomija zla&#8221; sa re\u017eiserom Lordanom Zafranovi\u0107em kao i najava njegovog novog filma &#8220;Zlatni rez 42&#8221; (Djeca Kozare).<\/p>\n<p>Prethodnih dana Prijedor\u010dani su mogli da pogledaju retrospektiva filmskog Zafranovi\u0107evog stvarala\u0161tva, odnosno &#8220;Ratnu trilogiju&#8221; koju \u010dine filmovi &#8220;Pad Italije&#8221;, &#8220;Ve\u010dernja zvona&#8221; i &#8220;Okupacija u 26 slika&#8221;.<\/p>\n<p>U\u010desnici na tribini su Lordan Zafranovi\u0107 i Slobodan Iveti\u0107.<\/p>\n<p>Tribina u kinu Kozara po\u010dinje od 19 \u010dasova uz besplatan ulaz.<\/p>\n<p>Tekst &#8211; Aleksandar Drakuli\u0107 &#8211; <a href=\"https:\/\/www.prijedordanas.com\" target=\"_blank\" rel=\"noopener noreferrer\">www.prijedordanas.com<\/a><\/p>\n","protected":false},"excerpt":{"rendered":"<p>U okviru manifestacija kojima Prijedor obilje\u017eava Dan grada-16. maj, ve\u010deras \u0107e u kinu Kozara \u0107e biti odr\u017eana tribina &#8220;Anatomija zla&#8221; sa re\u017eiserom Lordanom Zafranovi\u0107em kao i najava njegovog novog filma [&hellip;]<\/p>\n","protected":false},"author":1,"featured_media":0,"comment_status":"closed","ping_status":"open","sticky":false,"template":"","format":"standard","meta":{"_monsterinsights_skip_tracking":false,"_monsterinsights_sitenote_active":false,"_monsterinsights_sitenote_note":"","_monsterinsights_sitenote_category":0,"footnotes":""},"categories":[6],"tags":[],"yoast_head":"<!-- This site is optimized with the Yoast SEO plugin v21.6 - https:\/\/yoast.com\/wordpress\/plugins\/seo\/ -->\n<title>Prijedor: Ve\u010deras tribina &quot;Anatomija zla&quot; sa Lordanom Zafranovi\u0107em i najava filma &quot;Zlatni rez 42 - Djeca Kozare&quot; - PrijedorDanas.com - Prijedorski gradski portal<\/title>\n<meta name=\"robots\" content=\"index, follow, max-snippet:-1, max-image-preview:large, max-video-preview:-1\" \/>\n<link rel=\"canonical\" href=\"https:\/\/www.prijedordanas.com\/?p=268037\" \/>\n<meta property=\"og:locale\" content=\"en_US\" \/>\n<meta property=\"og:type\" content=\"article\" \/>\n<meta property=\"og:title\" content=\"Prijedor: Ve\u010deras tribina &quot;Anatomija zla&quot; sa Lordanom Zafranovi\u0107em i najava filma &quot;Zlatni rez 42 - Djeca Kozare&quot; - PrijedorDanas.com - Prijedorski gradski portal\" \/>\n<meta property=\"og:description\" content=\"U okviru manifestacija kojima Prijedor obilje\u017eava Dan grada-16. maj, ve\u010deras \u0107e u kinu Kozara \u0107e biti odr\u017eana tribina &#8220;Anatomija zla&#8221; sa re\u017eiserom Lordanom Zafranovi\u0107em kao i najava njegovog novog filma [&hellip;]\" \/>\n<meta property=\"og:url\" content=\"https:\/\/www.prijedordanas.com\/?p=268037\" \/>\n<meta property=\"og:site_name\" content=\"PrijedorDanas.com - Prijedorski gradski portal\" \/>\n<meta property=\"article:publisher\" content=\"https:\/\/www.facebook.com\/PrijedorDanasCom\/\" \/>\n<meta property=\"article:published_time\" content=\"2026-04-28T10:17:11+00:00\" \/>\n<meta property=\"og:image\" content=\"https:\/\/www.prijedordanas.com\/wp-content\/uploads\/2026\/04\/zafranovic-tribina-plakat-214x300.jpg\" \/>\n<meta name=\"author\" content=\"admin\" \/>\n<meta name=\"twitter:card\" content=\"summary_large_image\" \/>\n<meta name=\"twitter:label1\" content=\"Written by\" \/>\n\t<meta name=\"twitter:data1\" content=\"admin\" \/>\n<script type=\"application\/ld+json\" class=\"yoast-schema-graph\">{\"@context\":\"https:\/\/schema.org\",\"@graph\":[{\"@type\":\"Article\",\"@id\":\"https:\/\/www.prijedordanas.com\/?p=268037#article\",\"isPartOf\":{\"@id\":\"https:\/\/www.prijedordanas.com\/?p=268037\"},\"author\":{\"name\":\"admin\",\"@id\":\"https:\/\/www.prijedordanas.com\/#\/schema\/person\/4e08ccf29b506ca916ff86d46bb700e6\"},\"headline\":\"Prijedor: Ve\u010deras tribina &#8220;Anatomija zla&#8221; sa Lordanom Zafranovi\u0107em i najava filma &#8220;Zlatni rez 42 &#8211; Djeca Kozare&#8221;\",\"datePublished\":\"2026-04-28T10:17:11+00:00\",\"dateModified\":\"2026-04-28T10:17:11+00:00\",\"mainEntityOfPage\":{\"@id\":\"https:\/\/www.prijedordanas.com\/?p=268037\"},\"wordCount\":115,\"publisher\":{\"@id\":\"https:\/\/www.prijedordanas.com\/#organization\"},\"articleSection\":[\"Kultura\"],\"inLanguage\":\"en-US\"},{\"@type\":\"WebPage\",\"@id\":\"https:\/\/www.prijedordanas.com\/?p=268037\",\"url\":\"https:\/\/www.prijedordanas.com\/?p=268037\",\"name\":\"Prijedor: Ve\u010deras tribina \\\"Anatomija zla\\\" sa Lordanom Zafranovi\u0107em i najava filma \\\"Zlatni rez 42 - Djeca Kozare\\\" - PrijedorDanas.com - Prijedorski gradski portal\",\"isPartOf\":{\"@id\":\"https:\/\/www.prijedordanas.com\/#website\"},\"datePublished\":\"2026-04-28T10:17:11+00:00\",\"dateModified\":\"2026-04-28T10:17:11+00:00\",\"breadcrumb\":{\"@id\":\"https:\/\/www.prijedordanas.com\/?p=268037#breadcrumb\"},\"inLanguage\":\"en-US\",\"potentialAction\":[{\"@type\":\"ReadAction\",\"target\":[\"https:\/\/www.prijedordanas.com\/?p=268037\"]}]},{\"@type\":\"BreadcrumbList\",\"@id\":\"https:\/\/www.prijedordanas.com\/?p=268037#breadcrumb\",\"itemListElement\":[{\"@type\":\"ListItem\",\"position\":1,\"name\":\"Home\",\"item\":\"https:\/\/www.prijedordanas.com\/\"},{\"@type\":\"ListItem\",\"position\":2,\"name\":\"Prijedor: Ve\u010deras tribina &#8220;Anatomija zla&#8221; sa Lordanom Zafranovi\u0107em i najava filma &#8220;Zlatni rez 42 &#8211; Djeca Kozare&#8221;\"}]},{\"@type\":\"WebSite\",\"@id\":\"https:\/\/www.prijedordanas.com\/#website\",\"url\":\"https:\/\/www.prijedordanas.com\/\",\"name\":\"PrijedorDanas.com - Prijedorski gradski portal\",\"description\":\"Portal o doga\u0111anjima u gradu Prijedoru\",\"publisher\":{\"@id\":\"https:\/\/www.prijedordanas.com\/#organization\"},\"potentialAction\":[{\"@type\":\"SearchAction\",\"target\":{\"@type\":\"EntryPoint\",\"urlTemplate\":\"https:\/\/www.prijedordanas.com\/?s={search_term_string}\"},\"query-input\":\"required name=search_term_string\"}],\"inLanguage\":\"en-US\"},{\"@type\":\"Organization\",\"@id\":\"https:\/\/www.prijedordanas.com\/#organization\",\"name\":\"PrijedorDanas.com\",\"url\":\"https:\/\/www.prijedordanas.com\/\",\"logo\":{\"@type\":\"ImageObject\",\"inLanguage\":\"en-US\",\"@id\":\"https:\/\/www.prijedordanas.com\/#\/schema\/logo\/image\/\",\"url\":\"http:\/\/www.prijedordanas.com\/wp-content\/uploads\/2021\/12\/logopng.png\",\"contentUrl\":\"http:\/\/www.prijedordanas.com\/wp-content\/uploads\/2021\/12\/logopng.png\",\"width\":1019,\"height\":776,\"caption\":\"PrijedorDanas.com\"},\"image\":{\"@id\":\"https:\/\/www.prijedordanas.com\/#\/schema\/logo\/image\/\"},\"sameAs\":[\"https:\/\/www.facebook.com\/PrijedorDanasCom\/\"]},{\"@type\":\"Person\",\"@id\":\"https:\/\/www.prijedordanas.com\/#\/schema\/person\/4e08ccf29b506ca916ff86d46bb700e6\",\"name\":\"admin\",\"image\":{\"@type\":\"ImageObject\",\"inLanguage\":\"en-US\",\"@id\":\"https:\/\/www.prijedordanas.com\/#\/schema\/person\/image\/\",\"url\":\"https:\/\/secure.gravatar.com\/avatar\/1d3fc949d550f0b53a5f0d51e06dfd79?s=96&d=mm&r=g\",\"contentUrl\":\"https:\/\/secure.gravatar.com\/avatar\/1d3fc949d550f0b53a5f0d51e06dfd79?s=96&d=mm&r=g\",\"caption\":\"admin\"},\"url\":\"https:\/\/www.prijedordanas.com\/?author=1\"}]}<\/script>\n<!-- \/ Yoast SEO plugin. -->","yoast_head_json":{"title":"Prijedor: Ve\u010deras tribina \"Anatomija zla\" sa Lordanom Zafranovi\u0107em i najava filma \"Zlatni rez 42 - Djeca Kozare\" - PrijedorDanas.com - Prijedorski gradski portal","robots":{"index":"index","follow":"follow","max-snippet":"max-snippet:-1","max-image-preview":"max-image-preview:large","max-video-preview":"max-video-preview:-1"},"canonical":"https:\/\/www.prijedordanas.com\/?p=268037","og_locale":"en_US","og_type":"article","og_title":"Prijedor: Ve\u010deras tribina \"Anatomija zla\" sa Lordanom Zafranovi\u0107em i najava filma \"Zlatni rez 42 - Djeca Kozare\" - PrijedorDanas.com - Prijedorski gradski portal","og_description":"U okviru manifestacija kojima Prijedor obilje\u017eava Dan grada-16. maj, ve\u010deras \u0107e u kinu Kozara \u0107e biti odr\u017eana tribina &#8220;Anatomija zla&#8221; sa re\u017eiserom Lordanom Zafranovi\u0107em kao i najava njegovog novog filma [&hellip;]","og_url":"https:\/\/www.prijedordanas.com\/?p=268037","og_site_name":"PrijedorDanas.com - Prijedorski gradski portal","article_publisher":"https:\/\/www.facebook.com\/PrijedorDanasCom\/","article_published_time":"2026-04-28T10:17:11+00:00","og_image":[{"url":"https:\/\/www.prijedordanas.com\/wp-content\/uploads\/2026\/04\/zafranovic-tribina-plakat-214x300.jpg"}],"author":"admin","twitter_card":"summary_large_image","twitter_misc":{"Written by":"admin"},"schema":{"@context":"https:\/\/schema.org","@graph":[{"@type":"Article","@id":"https:\/\/www.prijedordanas.com\/?p=268037#article","isPartOf":{"@id":"https:\/\/www.prijedordanas.com\/?p=268037"},"author":{"name":"admin","@id":"https:\/\/www.prijedordanas.com\/#\/schema\/person\/4e08ccf29b506ca916ff86d46bb700e6"},"headline":"Prijedor: Ve\u010deras tribina &#8220;Anatomija zla&#8221; sa Lordanom Zafranovi\u0107em i najava filma &#8220;Zlatni rez 42 &#8211; Djeca Kozare&#8221;","datePublished":"2026-04-28T10:17:11+00:00","dateModified":"2026-04-28T10:17:11+00:00","mainEntityOfPage":{"@id":"https:\/\/www.prijedordanas.com\/?p=268037"},"wordCount":115,"publisher":{"@id":"https:\/\/www.prijedordanas.com\/#organization"},"articleSection":["Kultura"],"inLanguage":"en-US"},{"@type":"WebPage","@id":"https:\/\/www.prijedordanas.com\/?p=268037","url":"https:\/\/www.prijedordanas.com\/?p=268037","name":"Prijedor: Ve\u010deras tribina \"Anatomija zla\" sa Lordanom Zafranovi\u0107em i najava filma \"Zlatni rez 42 - Djeca Kozare\" - PrijedorDanas.com - Prijedorski gradski portal","isPartOf":{"@id":"https:\/\/www.prijedordanas.com\/#website"},"datePublished":"2026-04-28T10:17:11+00:00","dateModified":"2026-04-28T10:17:11+00:00","breadcrumb":{"@id":"https:\/\/www.prijedordanas.com\/?p=268037#breadcrumb"},"inLanguage":"en-US","potentialAction":[{"@type":"ReadAction","target":["https:\/\/www.prijedordanas.com\/?p=268037"]}]},{"@type":"BreadcrumbList","@id":"https:\/\/www.prijedordanas.com\/?p=268037#breadcrumb","itemListElement":[{"@type":"ListItem","position":1,"name":"Home","item":"https:\/\/www.prijedordanas.com\/"},{"@type":"ListItem","position":2,"name":"Prijedor: Ve\u010deras tribina &#8220;Anatomija zla&#8221; sa Lordanom Zafranovi\u0107em i najava filma &#8220;Zlatni rez 42 &#8211; Djeca Kozare&#8221;"}]},{"@type":"WebSite","@id":"https:\/\/www.prijedordanas.com\/#website","url":"https:\/\/www.prijedordanas.com\/","name":"PrijedorDanas.com - Prijedorski gradski portal","description":"Portal o doga\u0111anjima u gradu Prijedoru","publisher":{"@id":"https:\/\/www.prijedordanas.com\/#organization"},"potentialAction":[{"@type":"SearchAction","target":{"@type":"EntryPoint","urlTemplate":"https:\/\/www.prijedordanas.com\/?s={search_term_string}"},"query-input":"required name=search_term_string"}],"inLanguage":"en-US"},{"@type":"Organization","@id":"https:\/\/www.prijedordanas.com\/#organization","name":"PrijedorDanas.com","url":"https:\/\/www.prijedordanas.com\/","logo":{"@type":"ImageObject","inLanguage":"en-US","@id":"https:\/\/www.prijedordanas.com\/#\/schema\/logo\/image\/","url":"http:\/\/www.prijedordanas.com\/wp-content\/uploads\/2021\/12\/logopng.png","contentUrl":"http:\/\/www.prijedordanas.com\/wp-content\/uploads\/2021\/12\/logopng.png","width":1019,"height":776,"caption":"PrijedorDanas.com"},"image":{"@id":"https:\/\/www.prijedordanas.com\/#\/schema\/logo\/image\/"},"sameAs":["https:\/\/www.facebook.com\/PrijedorDanasCom\/"]},{"@type":"Person","@id":"https:\/\/www.prijedordanas.com\/#\/schema\/person\/4e08ccf29b506ca916ff86d46bb700e6","name":"admin","image":{"@type":"ImageObject","inLanguage":"en-US","@id":"https:\/\/www.prijedordanas.com\/#\/schema\/person\/image\/","url":"https:\/\/secure.gravatar.com\/avatar\/1d3fc949d550f0b53a5f0d51e06dfd79?s=96&d=mm&r=g","contentUrl":"https:\/\/secure.gravatar.com\/avatar\/1d3fc949d550f0b53a5f0d51e06dfd79?s=96&d=mm&r=g","caption":"admin"},"url":"https:\/\/www.prijedordanas.com\/?author=1"}]}},"_links":{"self":[{"href":"https:\/\/www.prijedordanas.com\/index.php?rest_route=\/wp\/v2\/posts\/268037"}],"collection":[{"href":"https:\/\/www.prijedordanas.com\/index.php?rest_route=\/wp\/v2\/posts"}],"about":[{"href":"https:\/\/www.prijedordanas.com\/index.php?rest_route=\/wp\/v2\/types\/post"}],"author":[{"embeddable":true,"href":"https:\/\/www.prijedordanas.com\/index.php?rest_route=\/wp\/v2\/users\/1"}],"replies":[{"embeddable":true,"href":"https:\/\/www.prijedordanas.com\/index.php?rest_route=%2Fwp%2Fv2%2Fcomments&post=268037"}],"version-history":[{"count":1,"href":"https:\/\/www.prijedordanas.com\/index.php?rest_route=\/wp\/v2\/posts\/268037\/revisions"}],"predecessor-version":[{"id":268039,"href":"https:\/\/www.prijedordanas.com\/index.php?rest_route=\/wp\/v2\/posts\/268037\/revisions\/268039"}],"wp:attachment":[{"href":"https:\/\/www.prijedordanas.com\/index.php?rest_route=%2Fwp%2Fv2%2Fmedia&parent=268037"}],"wp:term":[{"taxonomy":"category","embeddable":true,"href":"https:\/\/www.prijedordanas.com\/index.php?rest_route=%2Fwp%2Fv2%2Fcategories&post=268037"},{"taxonomy":"post_tag","embeddable":true,"href":"https:\/\/www.prijedordanas.com\/index.php?rest_route=%2Fwp%2Fv2%2Ftags&post=268037"}],"curies":[{"name":"wp","href":"https:\/\/api.w.org\/{rel}","templated":true}]}}