{"id":267855,"date":"2026-04-25T17:40:52","date_gmt":"2026-04-25T15:40:52","guid":{"rendered":"https:\/\/www.prijedordanas.com\/?p=267855"},"modified":"2026-04-25T17:40:52","modified_gmt":"2026-04-25T15:40:52","slug":"grad-prijedor-radno-vrijeme-za-praznike-1-2-i-9-maj-2","status":"publish","type":"post","link":"https:\/\/www.prijedordanas.com\/?p=267855","title":{"rendered":"Grad Prijedor: Radno vrijeme za praznike 1, 2. i 9. maj"},"content":{"rendered":"<p><a href=\"https:\/\/www.prijedordanas.com\/wp-content\/uploads\/2025\/08\/prijedorgradorg-pd2025-12.jpg\"><img loading=\"lazy\" decoding=\"async\" class=\"alignleft size-medium wp-image-252418\" src=\"https:\/\/www.prijedordanas.com\/wp-content\/uploads\/2025\/08\/prijedorgradorg-pd2025-12-300x225.jpg\" alt=\"\" width=\"300\" height=\"225\" srcset=\"https:\/\/www.prijedordanas.com\/wp-content\/uploads\/2025\/08\/prijedorgradorg-pd2025-12-300x225.jpg 300w, https:\/\/www.prijedordanas.com\/wp-content\/uploads\/2025\/08\/prijedorgradorg-pd2025-12-640x480.jpg 640w, https:\/\/www.prijedordanas.com\/wp-content\/uploads\/2025\/08\/prijedorgradorg-pd2025-12.jpg 667w\" sizes=\"(max-width: 300px) 100vw, 300px\" \/><\/a>Na osnovu \u010dlana 2. i \u010dlana 5. ta\u010dka 3. Zakona o praznicima Republike Srpske, (&#8220;Sl.glasnik RS&#8221;, broj: 43\/07), \u010dlana 7. i \u010dlana 8. Odluke o odre\u0111ivanju radnog vremena pravnim licima i preduzetnicima koji obavljaju trgova\u010dku, zanatsku i uslu\u017enu djelatnost na podru\u010dju grada Prijedora (&#8220;Sl.glasnik grada Prijedora&#8221; broj: 14\/19 i 15\/21), \u010dlana 82. stav 3. Zakona o lokalnoj samoupravi (&#8220;Sl.glasnik RS&#8221; broj : 97\/16 , 36\/19 i 61\/21), i \u010dlana 89. Statuta grada Prijedora (&#8220;Slu\u017ebeni glasnik grada Prijedora&#8221;, broj: 12\/17), Gradona\u010delnik Prijedora, d o n o s i:<\/p>\n<p>ZAKLJU\u010cAK<\/p>\n<p>1.Prvi dan Me\u0111unarodnog praznika rada, 01.05.2026. godine (petak), je neradni dan za sve privredne subjekte registrovane na podru\u010dju grada Prijedora, osim subjekata pobrojanih u ta\u010dkama 2. 5. i 6. ovog Zaklju\u010dka.<\/p>\n<p>2.Prvi dan Me\u0111unarodnog praznika rada, 01.05.2026. godine (petak), mogu da rade samostalne preduzetni\u010dke radnje-mesnice u periodu od 07:00 do 12:00 \u010dasova.<\/p>\n<p>3.Drugog maja 2026. godine (subota), pravna lica i preduzetnici koji obavljaju trgovinsku, zanatsku i uslu\u017enu djelatnost, osim subjekata pobrojanih u ta\u010dki 5. ovog Zaklju\u010dka, mogu da rade u vremenu od 08:00 do 13:00 \u010dasova.<\/p>\n<p>4.Dan pobjede nad fa\u0161izmom, 09.05.2026. godine (subota), je neradni dan za sve privredne subjekte registrovane na podru\u010dju grada Prijedora, osim subjekata pobrojanih u ta\u010dki 5. i 6. ovog Zaklju\u010dka.<\/p>\n<p>5.Apoteke, benzinske pumpne stanice i plinske pumpne stanice i prodavnice na benzinskim i plinskim pumpnim stanicama, subjekti koji se bave djelatnostima proizvodnje i prodaje hljeba, peciva, svje\u017ee tjestenine i kola\u010da, trgova\u010dke radnje tipa &#8220;dragstor&#8221;, trgova\u010dke radnje koje se nalaze u sklopu stani\u010dnih objekata i ugostiteljski objekti mogu raditi redovno radno vrijeme za vrijeme trajanja republi\u010dkih praznika.<\/p>\n<p>6.U dane republi\u010dkih praznika, u vremenu od 08:00 do 13:00 \u010dasova mogu da rade cvje\u0107are, prodavnice pogrebne opreme i pripadaju\u0107e opreme.<\/p>\n<p>7.Ukoliko se zbog unaprijed ugovorenih obaveza prema kupcima uka\u017ee potreba za rad na dan republi\u010dkog praznika, privredni subjekti koji imaju registrovanu proizvodnu djelatnost, treba pismeno, uz obrazlo\u017eenje razloga za rad, da se obrate Podru\u010dnoj Zanatsko-preduzetni\u010dkoj komori Prijedor Zanatsko preduzetni\u010dko udru\u017eenje Prijedor ili Privrednoj komori RS &#8211; Podru\u010dna privredna komora Banja Luka kancelarija Prijedor najkasnije pet (5) dana prije tra\u017eenog datuma.<\/p>\n<p>8.Poslodavac je du\u017ean radnicima, koji \u0107e raditi na dane republi\u010dkih praznika, omogu\u0107iti ostvarivanje prava u skladu sa propisima o radu.<\/p>\n<p>9.Ovaj Zaklju\u010dak stupa na snagu danom dono\u0161enja.<\/p>\n<p>GRADONA\u010cELNIK<br \/>\nSlobodan Javor<\/p>\n","protected":false},"excerpt":{"rendered":"<p>Na osnovu \u010dlana 2. i \u010dlana 5. ta\u010dka 3. Zakona o praznicima Republike Srpske, (&#8220;Sl.glasnik RS&#8221;, broj: 43\/07), \u010dlana 7. i \u010dlana 8. Odluke o odre\u0111ivanju radnog vremena pravnim licima [&hellip;]<\/p>\n","protected":false},"author":1,"featured_media":0,"comment_status":"closed","ping_status":"open","sticky":false,"template":"","format":"standard","meta":{"_monsterinsights_skip_tracking":false,"_monsterinsights_sitenote_active":false,"_monsterinsights_sitenote_note":"","_monsterinsights_sitenote_category":0,"footnotes":""},"categories":[4],"tags":[],"yoast_head":"<!-- This site is optimized with the Yoast SEO plugin v21.6 - https:\/\/yoast.com\/wordpress\/plugins\/seo\/ -->\n<title>Grad Prijedor: Radno vrijeme za praznike 1, 2. i 9. maj - PrijedorDanas.com - Prijedorski gradski portal<\/title>\n<meta name=\"robots\" content=\"index, follow, max-snippet:-1, max-image-preview:large, max-video-preview:-1\" \/>\n<link rel=\"canonical\" href=\"https:\/\/www.prijedordanas.com\/?p=267855\" \/>\n<meta property=\"og:locale\" content=\"en_US\" \/>\n<meta property=\"og:type\" content=\"article\" \/>\n<meta property=\"og:title\" content=\"Grad Prijedor: Radno vrijeme za praznike 1, 2. i 9. maj - PrijedorDanas.com - Prijedorski gradski portal\" \/>\n<meta property=\"og:description\" content=\"Na osnovu \u010dlana 2. i \u010dlana 5. ta\u010dka 3. Zakona o praznicima Republike Srpske, (&#8220;Sl.glasnik RS&#8221;, broj: 43\/07), \u010dlana 7. i \u010dlana 8. Odluke o odre\u0111ivanju radnog vremena pravnim licima [&hellip;]\" \/>\n<meta property=\"og:url\" content=\"https:\/\/www.prijedordanas.com\/?p=267855\" \/>\n<meta property=\"og:site_name\" content=\"PrijedorDanas.com - Prijedorski gradski portal\" \/>\n<meta property=\"article:publisher\" content=\"https:\/\/www.facebook.com\/PrijedorDanasCom\/\" \/>\n<meta property=\"article:published_time\" content=\"2026-04-25T15:40:52+00:00\" \/>\n<meta property=\"og:image\" content=\"https:\/\/www.prijedordanas.com\/wp-content\/uploads\/2025\/08\/prijedorgradorg-pd2025-12-300x225.jpg\" \/>\n<meta name=\"author\" content=\"admin\" \/>\n<meta name=\"twitter:card\" content=\"summary_large_image\" \/>\n<meta name=\"twitter:label1\" content=\"Written by\" \/>\n\t<meta name=\"twitter:data1\" content=\"admin\" \/>\n\t<meta name=\"twitter:label2\" content=\"Est. reading time\" \/>\n\t<meta name=\"twitter:data2\" content=\"2 minutes\" \/>\n<script type=\"application\/ld+json\" class=\"yoast-schema-graph\">{\"@context\":\"https:\/\/schema.org\",\"@graph\":[{\"@type\":\"Article\",\"@id\":\"https:\/\/www.prijedordanas.com\/?p=267855#article\",\"isPartOf\":{\"@id\":\"https:\/\/www.prijedordanas.com\/?p=267855\"},\"author\":{\"name\":\"admin\",\"@id\":\"https:\/\/www.prijedordanas.com\/#\/schema\/person\/4e08ccf29b506ca916ff86d46bb700e6\"},\"headline\":\"Grad Prijedor: Radno vrijeme za praznike 1, 2. i 9. maj\",\"datePublished\":\"2026-04-25T15:40:52+00:00\",\"dateModified\":\"2026-04-25T15:40:52+00:00\",\"mainEntityOfPage\":{\"@id\":\"https:\/\/www.prijedordanas.com\/?p=267855\"},\"wordCount\":392,\"publisher\":{\"@id\":\"https:\/\/www.prijedordanas.com\/#organization\"},\"articleSection\":[\"Dru\u0161tvo\"],\"inLanguage\":\"en-US\"},{\"@type\":\"WebPage\",\"@id\":\"https:\/\/www.prijedordanas.com\/?p=267855\",\"url\":\"https:\/\/www.prijedordanas.com\/?p=267855\",\"name\":\"Grad Prijedor: Radno vrijeme za praznike 1, 2. i 9. maj - PrijedorDanas.com - Prijedorski gradski portal\",\"isPartOf\":{\"@id\":\"https:\/\/www.prijedordanas.com\/#website\"},\"datePublished\":\"2026-04-25T15:40:52+00:00\",\"dateModified\":\"2026-04-25T15:40:52+00:00\",\"breadcrumb\":{\"@id\":\"https:\/\/www.prijedordanas.com\/?p=267855#breadcrumb\"},\"inLanguage\":\"en-US\",\"potentialAction\":[{\"@type\":\"ReadAction\",\"target\":[\"https:\/\/www.prijedordanas.com\/?p=267855\"]}]},{\"@type\":\"BreadcrumbList\",\"@id\":\"https:\/\/www.prijedordanas.com\/?p=267855#breadcrumb\",\"itemListElement\":[{\"@type\":\"ListItem\",\"position\":1,\"name\":\"Home\",\"item\":\"https:\/\/www.prijedordanas.com\/\"},{\"@type\":\"ListItem\",\"position\":2,\"name\":\"Grad Prijedor: Radno vrijeme za praznike 1, 2. i 9. maj\"}]},{\"@type\":\"WebSite\",\"@id\":\"https:\/\/www.prijedordanas.com\/#website\",\"url\":\"https:\/\/www.prijedordanas.com\/\",\"name\":\"PrijedorDanas.com - Prijedorski gradski portal\",\"description\":\"Portal o doga\u0111anjima u gradu Prijedoru\",\"publisher\":{\"@id\":\"https:\/\/www.prijedordanas.com\/#organization\"},\"potentialAction\":[{\"@type\":\"SearchAction\",\"target\":{\"@type\":\"EntryPoint\",\"urlTemplate\":\"https:\/\/www.prijedordanas.com\/?s={search_term_string}\"},\"query-input\":\"required name=search_term_string\"}],\"inLanguage\":\"en-US\"},{\"@type\":\"Organization\",\"@id\":\"https:\/\/www.prijedordanas.com\/#organization\",\"name\":\"PrijedorDanas.com\",\"url\":\"https:\/\/www.prijedordanas.com\/\",\"logo\":{\"@type\":\"ImageObject\",\"inLanguage\":\"en-US\",\"@id\":\"https:\/\/www.prijedordanas.com\/#\/schema\/logo\/image\/\",\"url\":\"http:\/\/www.prijedordanas.com\/wp-content\/uploads\/2021\/12\/logopng.png\",\"contentUrl\":\"http:\/\/www.prijedordanas.com\/wp-content\/uploads\/2021\/12\/logopng.png\",\"width\":1019,\"height\":776,\"caption\":\"PrijedorDanas.com\"},\"image\":{\"@id\":\"https:\/\/www.prijedordanas.com\/#\/schema\/logo\/image\/\"},\"sameAs\":[\"https:\/\/www.facebook.com\/PrijedorDanasCom\/\"]},{\"@type\":\"Person\",\"@id\":\"https:\/\/www.prijedordanas.com\/#\/schema\/person\/4e08ccf29b506ca916ff86d46bb700e6\",\"name\":\"admin\",\"image\":{\"@type\":\"ImageObject\",\"inLanguage\":\"en-US\",\"@id\":\"https:\/\/www.prijedordanas.com\/#\/schema\/person\/image\/\",\"url\":\"https:\/\/secure.gravatar.com\/avatar\/1d3fc949d550f0b53a5f0d51e06dfd79?s=96&d=mm&r=g\",\"contentUrl\":\"https:\/\/secure.gravatar.com\/avatar\/1d3fc949d550f0b53a5f0d51e06dfd79?s=96&d=mm&r=g\",\"caption\":\"admin\"},\"url\":\"https:\/\/www.prijedordanas.com\/?author=1\"}]}<\/script>\n<!-- \/ Yoast SEO plugin. -->","yoast_head_json":{"title":"Grad Prijedor: Radno vrijeme za praznike 1, 2. i 9. maj - PrijedorDanas.com - Prijedorski gradski portal","robots":{"index":"index","follow":"follow","max-snippet":"max-snippet:-1","max-image-preview":"max-image-preview:large","max-video-preview":"max-video-preview:-1"},"canonical":"https:\/\/www.prijedordanas.com\/?p=267855","og_locale":"en_US","og_type":"article","og_title":"Grad Prijedor: Radno vrijeme za praznike 1, 2. i 9. maj - PrijedorDanas.com - Prijedorski gradski portal","og_description":"Na osnovu \u010dlana 2. i \u010dlana 5. ta\u010dka 3. Zakona o praznicima Republike Srpske, (&#8220;Sl.glasnik RS&#8221;, broj: 43\/07), \u010dlana 7. i \u010dlana 8. Odluke o odre\u0111ivanju radnog vremena pravnim licima [&hellip;]","og_url":"https:\/\/www.prijedordanas.com\/?p=267855","og_site_name":"PrijedorDanas.com - Prijedorski gradski portal","article_publisher":"https:\/\/www.facebook.com\/PrijedorDanasCom\/","article_published_time":"2026-04-25T15:40:52+00:00","og_image":[{"url":"https:\/\/www.prijedordanas.com\/wp-content\/uploads\/2025\/08\/prijedorgradorg-pd2025-12-300x225.jpg"}],"author":"admin","twitter_card":"summary_large_image","twitter_misc":{"Written by":"admin","Est. reading time":"2 minutes"},"schema":{"@context":"https:\/\/schema.org","@graph":[{"@type":"Article","@id":"https:\/\/www.prijedordanas.com\/?p=267855#article","isPartOf":{"@id":"https:\/\/www.prijedordanas.com\/?p=267855"},"author":{"name":"admin","@id":"https:\/\/www.prijedordanas.com\/#\/schema\/person\/4e08ccf29b506ca916ff86d46bb700e6"},"headline":"Grad Prijedor: Radno vrijeme za praznike 1, 2. i 9. maj","datePublished":"2026-04-25T15:40:52+00:00","dateModified":"2026-04-25T15:40:52+00:00","mainEntityOfPage":{"@id":"https:\/\/www.prijedordanas.com\/?p=267855"},"wordCount":392,"publisher":{"@id":"https:\/\/www.prijedordanas.com\/#organization"},"articleSection":["Dru\u0161tvo"],"inLanguage":"en-US"},{"@type":"WebPage","@id":"https:\/\/www.prijedordanas.com\/?p=267855","url":"https:\/\/www.prijedordanas.com\/?p=267855","name":"Grad Prijedor: Radno vrijeme za praznike 1, 2. i 9. maj - PrijedorDanas.com - Prijedorski gradski portal","isPartOf":{"@id":"https:\/\/www.prijedordanas.com\/#website"},"datePublished":"2026-04-25T15:40:52+00:00","dateModified":"2026-04-25T15:40:52+00:00","breadcrumb":{"@id":"https:\/\/www.prijedordanas.com\/?p=267855#breadcrumb"},"inLanguage":"en-US","potentialAction":[{"@type":"ReadAction","target":["https:\/\/www.prijedordanas.com\/?p=267855"]}]},{"@type":"BreadcrumbList","@id":"https:\/\/www.prijedordanas.com\/?p=267855#breadcrumb","itemListElement":[{"@type":"ListItem","position":1,"name":"Home","item":"https:\/\/www.prijedordanas.com\/"},{"@type":"ListItem","position":2,"name":"Grad Prijedor: Radno vrijeme za praznike 1, 2. i 9. maj"}]},{"@type":"WebSite","@id":"https:\/\/www.prijedordanas.com\/#website","url":"https:\/\/www.prijedordanas.com\/","name":"PrijedorDanas.com - Prijedorski gradski portal","description":"Portal o doga\u0111anjima u gradu Prijedoru","publisher":{"@id":"https:\/\/www.prijedordanas.com\/#organization"},"potentialAction":[{"@type":"SearchAction","target":{"@type":"EntryPoint","urlTemplate":"https:\/\/www.prijedordanas.com\/?s={search_term_string}"},"query-input":"required name=search_term_string"}],"inLanguage":"en-US"},{"@type":"Organization","@id":"https:\/\/www.prijedordanas.com\/#organization","name":"PrijedorDanas.com","url":"https:\/\/www.prijedordanas.com\/","logo":{"@type":"ImageObject","inLanguage":"en-US","@id":"https:\/\/www.prijedordanas.com\/#\/schema\/logo\/image\/","url":"http:\/\/www.prijedordanas.com\/wp-content\/uploads\/2021\/12\/logopng.png","contentUrl":"http:\/\/www.prijedordanas.com\/wp-content\/uploads\/2021\/12\/logopng.png","width":1019,"height":776,"caption":"PrijedorDanas.com"},"image":{"@id":"https:\/\/www.prijedordanas.com\/#\/schema\/logo\/image\/"},"sameAs":["https:\/\/www.facebook.com\/PrijedorDanasCom\/"]},{"@type":"Person","@id":"https:\/\/www.prijedordanas.com\/#\/schema\/person\/4e08ccf29b506ca916ff86d46bb700e6","name":"admin","image":{"@type":"ImageObject","inLanguage":"en-US","@id":"https:\/\/www.prijedordanas.com\/#\/schema\/person\/image\/","url":"https:\/\/secure.gravatar.com\/avatar\/1d3fc949d550f0b53a5f0d51e06dfd79?s=96&d=mm&r=g","contentUrl":"https:\/\/secure.gravatar.com\/avatar\/1d3fc949d550f0b53a5f0d51e06dfd79?s=96&d=mm&r=g","caption":"admin"},"url":"https:\/\/www.prijedordanas.com\/?author=1"}]}},"_links":{"self":[{"href":"https:\/\/www.prijedordanas.com\/index.php?rest_route=\/wp\/v2\/posts\/267855"}],"collection":[{"href":"https:\/\/www.prijedordanas.com\/index.php?rest_route=\/wp\/v2\/posts"}],"about":[{"href":"https:\/\/www.prijedordanas.com\/index.php?rest_route=\/wp\/v2\/types\/post"}],"author":[{"embeddable":true,"href":"https:\/\/www.prijedordanas.com\/index.php?rest_route=\/wp\/v2\/users\/1"}],"replies":[{"embeddable":true,"href":"https:\/\/www.prijedordanas.com\/index.php?rest_route=%2Fwp%2Fv2%2Fcomments&post=267855"}],"version-history":[{"count":1,"href":"https:\/\/www.prijedordanas.com\/index.php?rest_route=\/wp\/v2\/posts\/267855\/revisions"}],"predecessor-version":[{"id":267856,"href":"https:\/\/www.prijedordanas.com\/index.php?rest_route=\/wp\/v2\/posts\/267855\/revisions\/267856"}],"wp:attachment":[{"href":"https:\/\/www.prijedordanas.com\/index.php?rest_route=%2Fwp%2Fv2%2Fmedia&parent=267855"}],"wp:term":[{"taxonomy":"category","embeddable":true,"href":"https:\/\/www.prijedordanas.com\/index.php?rest_route=%2Fwp%2Fv2%2Fcategories&post=267855"},{"taxonomy":"post_tag","embeddable":true,"href":"https:\/\/www.prijedordanas.com\/index.php?rest_route=%2Fwp%2Fv2%2Ftags&post=267855"}],"curies":[{"name":"wp","href":"https:\/\/api.w.org\/{rel}","templated":true}]}}