{"id":267758,"date":"2026-04-24T13:06:15","date_gmt":"2026-04-24T11:06:15","guid":{"rendered":"https:\/\/www.prijedordanas.com\/?p=267758"},"modified":"2026-04-24T13:06:15","modified_gmt":"2026-04-24T11:06:15","slug":"odrzana-prva-redovna-skupstina-regionalnog-odbora-organizacije-starjesina-vrs-prijedor","status":"publish","type":"post","link":"https:\/\/www.prijedordanas.com\/?p=267758","title":{"rendered":"Odr\u017eana prva redovna Skup\u0161tina Regionalnog odbora Organizacije starje\u0161ina VRS Prijedor"},"content":{"rendered":"<p><a href=\"https:\/\/www.prijedordanas.com\/wp-content\/uploads\/2026\/04\/kozarski-skupstina-regionalnog-odbora-os-vrs-pd-1.jpg\"><img loading=\"lazy\" decoding=\"async\" class=\"alignleft size-medium wp-image-267759\" src=\"https:\/\/www.prijedordanas.com\/wp-content\/uploads\/2026\/04\/kozarski-skupstina-regionalnog-odbora-os-vrs-pd-1-300x225.jpg\" alt=\"\" width=\"300\" height=\"225\" srcset=\"https:\/\/www.prijedordanas.com\/wp-content\/uploads\/2026\/04\/kozarski-skupstina-regionalnog-odbora-os-vrs-pd-1-300x225.jpg 300w, https:\/\/www.prijedordanas.com\/wp-content\/uploads\/2026\/04\/kozarski-skupstina-regionalnog-odbora-os-vrs-pd-1-640x480.jpg 640w, https:\/\/www.prijedordanas.com\/wp-content\/uploads\/2026\/04\/kozarski-skupstina-regionalnog-odbora-os-vrs-pd-1.jpg 667w\" sizes=\"(max-width: 300px) 100vw, 300px\" \/><\/a>U Prijedoru je odr\u017eana prva redovna godi\u0161nja Skup\u0161tina Regionalnog odbora Organizacije starje\u0161ina Vojske Republike Srpske na kojoj je sumirano ura\u0111eno u protekloj godini, utvr\u0111en program za naredni period te razmotreni finansijski planovi.<\/p>\n<p>Osnivanje ovakvih udru\u017eenja zna\u010dajno je za o\u010duvanje tekovina i saradnju s drugim organizacijama proisteklim iz Odbrambeno-otad\u017ebinskog rata, za njegovanja tradicije i zalaganje za bolji status starje\u0161ina i demobilisanih boraca, rekao je Rade Pralica, predsjednik Skup\u0161tine Regionalnog odbora OSTA VRS Prijedor.<\/p>\n<p>Potpredsjednik Regionalnog odbora Prijedor i \u010dlan Predsjedni\u0161tva republi\u010dke organizacije Stevan Tadi\u0107 smatra da je ovu organizaciju trebalo i ranije formirati, ali da su starje\u0161ine za kratak period postale prepoznatljive.<\/p>\n<p>\u201cObjavili smo dosad, kako na lokalnim nivoima tako i na republi\u010dkom, dosta dokumenata, knjiga, zbornika radova, s ciljem da se ka\u017ee istina o proteklom Odbrambeno-otad\u017ebinskom ratu, jer mnogi nastoje da to skrnave i nas predstave kao zlo\u010dince\u201d, rekao je Tadi\u0107.<\/p>\n<p><a href=\"https:\/\/www.prijedordanas.com\/wp-content\/uploads\/2026\/04\/kozarski-skupstina-regionalnog-odbora-os-vrs-pd-2.jpg\"><img loading=\"lazy\" decoding=\"async\" src=\"https:\/\/www.prijedordanas.com\/wp-content\/uploads\/2026\/04\/kozarski-skupstina-regionalnog-odbora-os-vrs-pd-2-300x169.jpg\" alt=\"\" width=\"300\" height=\"169\" class=\"alignleft size-medium wp-image-267760\" srcset=\"https:\/\/www.prijedordanas.com\/wp-content\/uploads\/2026\/04\/kozarski-skupstina-regionalnog-odbora-os-vrs-pd-2-300x169.jpg 300w, https:\/\/www.prijedordanas.com\/wp-content\/uploads\/2026\/04\/kozarski-skupstina-regionalnog-odbora-os-vrs-pd-2.jpg 600w\" sizes=\"(max-width: 300px) 100vw, 300px\" \/><\/a>Izvje\u0161tajnoj Skup\u0161tini prisustvovao je predsjednik Organizacije starje\u0161ina VRS Slobodan \u017dupljanin, koji je podsjetio na neke od najzna\u010dajnijih ciljeva.<\/p>\n<p>\u201cRadimo na tome da ja\u010damo i \u0161irimo ukupan front patriotskih snaga za odbranu Republike Srpske i interesa srpskog naroda. Tu aktivnost smo prakti\u010dno vodili od samog po\u010detka i ona je krunisana 23. marta ove godine, kada je Organizacija starje\u0161ina VRS bila nosilac stvaranja jedne nove asocijacije, a to je asocijacija patriota RS. Na\u0161 strate\u0161ki cilj je \u010duvanje i njegovanje tradicije, razvijanje kulture sje\u0107anja, da sa\u010duvamo uspomene na ono \u0161to predstavlja srpski oficir i srpski borac. Vrijeme u kojem \u017eivimo i globalni procesi vode ka tome da se vr\u0161i zamjena teza i da se tradicionalne vrijednosti poku\u0161avaju gurnuti u stranu\u201d, navodi \u017dupljanin dodaju\u0107i da je va\u017eno zabilje\u017eiti istinu o doga\u0111ajima u proteklom ratu i prenijeti je novim generacijama.<\/p>\n<p>Organizacija starje\u0161ina Vojske Republike Srpske formirana je 2017. godine, ima sedam regionalnih i preko 45 lokalnih odbora.<\/p>\n<p><a href=\"https:\/\/kozarski.com\/odrzana-prva-redovna-skupstina-regionalnog-odbora-organizacije-starjesina-vrs-prijedor\/\" target=\"_blank\" rel=\"noopener\">kozarski.com<\/a><\/p>\n","protected":false},"excerpt":{"rendered":"<p>U Prijedoru je odr\u017eana prva redovna godi\u0161nja Skup\u0161tina Regionalnog odbora Organizacije starje\u0161ina Vojske Republike Srpske na kojoj je sumirano ura\u0111eno u protekloj godini, utvr\u0111en program za naredni period te razmotreni [&hellip;]<\/p>\n","protected":false},"author":1,"featured_media":0,"comment_status":"closed","ping_status":"open","sticky":false,"template":"","format":"standard","meta":{"_monsterinsights_skip_tracking":false,"_monsterinsights_sitenote_active":false,"_monsterinsights_sitenote_note":"","_monsterinsights_sitenote_category":0,"footnotes":""},"categories":[8],"tags":[],"yoast_head":"<!-- This site is optimized with the Yoast SEO plugin v21.6 - https:\/\/yoast.com\/wordpress\/plugins\/seo\/ -->\n<title>Odr\u017eana prva redovna Skup\u0161tina Regionalnog odbora Organizacije starje\u0161ina VRS Prijedor - PrijedorDanas.com - Prijedorski gradski portal<\/title>\n<meta name=\"robots\" content=\"index, follow, max-snippet:-1, max-image-preview:large, max-video-preview:-1\" \/>\n<link rel=\"canonical\" href=\"https:\/\/www.prijedordanas.com\/?p=267758\" \/>\n<meta property=\"og:locale\" content=\"en_US\" \/>\n<meta property=\"og:type\" content=\"article\" \/>\n<meta property=\"og:title\" content=\"Odr\u017eana prva redovna Skup\u0161tina Regionalnog odbora Organizacije starje\u0161ina VRS Prijedor - PrijedorDanas.com - Prijedorski gradski portal\" \/>\n<meta property=\"og:description\" content=\"U Prijedoru je odr\u017eana prva redovna godi\u0161nja Skup\u0161tina Regionalnog odbora Organizacije starje\u0161ina Vojske Republike Srpske na kojoj je sumirano ura\u0111eno u protekloj godini, utvr\u0111en program za naredni period te razmotreni [&hellip;]\" \/>\n<meta property=\"og:url\" content=\"https:\/\/www.prijedordanas.com\/?p=267758\" \/>\n<meta property=\"og:site_name\" content=\"PrijedorDanas.com - Prijedorski gradski portal\" \/>\n<meta property=\"article:publisher\" content=\"https:\/\/www.facebook.com\/PrijedorDanasCom\/\" \/>\n<meta property=\"article:published_time\" content=\"2026-04-24T11:06:15+00:00\" \/>\n<meta property=\"og:image\" content=\"https:\/\/www.prijedordanas.com\/wp-content\/uploads\/2026\/04\/kozarski-skupstina-regionalnog-odbora-os-vrs-pd-1-300x225.jpg\" \/>\n<meta name=\"author\" content=\"admin\" \/>\n<meta name=\"twitter:card\" content=\"summary_large_image\" \/>\n<meta name=\"twitter:label1\" content=\"Written by\" \/>\n\t<meta name=\"twitter:data1\" content=\"admin\" \/>\n\t<meta name=\"twitter:label2\" content=\"Est. reading time\" \/>\n\t<meta name=\"twitter:data2\" content=\"2 minutes\" \/>\n<script type=\"application\/ld+json\" class=\"yoast-schema-graph\">{\"@context\":\"https:\/\/schema.org\",\"@graph\":[{\"@type\":\"Article\",\"@id\":\"https:\/\/www.prijedordanas.com\/?p=267758#article\",\"isPartOf\":{\"@id\":\"https:\/\/www.prijedordanas.com\/?p=267758\"},\"author\":{\"name\":\"admin\",\"@id\":\"https:\/\/www.prijedordanas.com\/#\/schema\/person\/4e08ccf29b506ca916ff86d46bb700e6\"},\"headline\":\"Odr\u017eana prva redovna Skup\u0161tina Regionalnog odbora Organizacije starje\u0161ina VRS Prijedor\",\"datePublished\":\"2026-04-24T11:06:15+00:00\",\"dateModified\":\"2026-04-24T11:06:15+00:00\",\"mainEntityOfPage\":{\"@id\":\"https:\/\/www.prijedordanas.com\/?p=267758\"},\"wordCount\":342,\"publisher\":{\"@id\":\"https:\/\/www.prijedordanas.com\/#organization\"},\"articleSection\":[\"Svakodnevno\"],\"inLanguage\":\"en-US\"},{\"@type\":\"WebPage\",\"@id\":\"https:\/\/www.prijedordanas.com\/?p=267758\",\"url\":\"https:\/\/www.prijedordanas.com\/?p=267758\",\"name\":\"Odr\u017eana prva redovna Skup\u0161tina Regionalnog odbora Organizacije starje\u0161ina VRS Prijedor - PrijedorDanas.com - Prijedorski gradski portal\",\"isPartOf\":{\"@id\":\"https:\/\/www.prijedordanas.com\/#website\"},\"datePublished\":\"2026-04-24T11:06:15+00:00\",\"dateModified\":\"2026-04-24T11:06:15+00:00\",\"breadcrumb\":{\"@id\":\"https:\/\/www.prijedordanas.com\/?p=267758#breadcrumb\"},\"inLanguage\":\"en-US\",\"potentialAction\":[{\"@type\":\"ReadAction\",\"target\":[\"https:\/\/www.prijedordanas.com\/?p=267758\"]}]},{\"@type\":\"BreadcrumbList\",\"@id\":\"https:\/\/www.prijedordanas.com\/?p=267758#breadcrumb\",\"itemListElement\":[{\"@type\":\"ListItem\",\"position\":1,\"name\":\"Home\",\"item\":\"https:\/\/www.prijedordanas.com\/\"},{\"@type\":\"ListItem\",\"position\":2,\"name\":\"Odr\u017eana prva redovna Skup\u0161tina Regionalnog odbora Organizacije starje\u0161ina VRS Prijedor\"}]},{\"@type\":\"WebSite\",\"@id\":\"https:\/\/www.prijedordanas.com\/#website\",\"url\":\"https:\/\/www.prijedordanas.com\/\",\"name\":\"PrijedorDanas.com - Prijedorski gradski portal\",\"description\":\"Portal o doga\u0111anjima u gradu Prijedoru\",\"publisher\":{\"@id\":\"https:\/\/www.prijedordanas.com\/#organization\"},\"potentialAction\":[{\"@type\":\"SearchAction\",\"target\":{\"@type\":\"EntryPoint\",\"urlTemplate\":\"https:\/\/www.prijedordanas.com\/?s={search_term_string}\"},\"query-input\":\"required name=search_term_string\"}],\"inLanguage\":\"en-US\"},{\"@type\":\"Organization\",\"@id\":\"https:\/\/www.prijedordanas.com\/#organization\",\"name\":\"PrijedorDanas.com\",\"url\":\"https:\/\/www.prijedordanas.com\/\",\"logo\":{\"@type\":\"ImageObject\",\"inLanguage\":\"en-US\",\"@id\":\"https:\/\/www.prijedordanas.com\/#\/schema\/logo\/image\/\",\"url\":\"http:\/\/www.prijedordanas.com\/wp-content\/uploads\/2021\/12\/logopng.png\",\"contentUrl\":\"http:\/\/www.prijedordanas.com\/wp-content\/uploads\/2021\/12\/logopng.png\",\"width\":1019,\"height\":776,\"caption\":\"PrijedorDanas.com\"},\"image\":{\"@id\":\"https:\/\/www.prijedordanas.com\/#\/schema\/logo\/image\/\"},\"sameAs\":[\"https:\/\/www.facebook.com\/PrijedorDanasCom\/\"]},{\"@type\":\"Person\",\"@id\":\"https:\/\/www.prijedordanas.com\/#\/schema\/person\/4e08ccf29b506ca916ff86d46bb700e6\",\"name\":\"admin\",\"image\":{\"@type\":\"ImageObject\",\"inLanguage\":\"en-US\",\"@id\":\"https:\/\/www.prijedordanas.com\/#\/schema\/person\/image\/\",\"url\":\"https:\/\/secure.gravatar.com\/avatar\/1d3fc949d550f0b53a5f0d51e06dfd79?s=96&d=mm&r=g\",\"contentUrl\":\"https:\/\/secure.gravatar.com\/avatar\/1d3fc949d550f0b53a5f0d51e06dfd79?s=96&d=mm&r=g\",\"caption\":\"admin\"},\"url\":\"https:\/\/www.prijedordanas.com\/?author=1\"}]}<\/script>\n<!-- \/ Yoast SEO plugin. -->","yoast_head_json":{"title":"Odr\u017eana prva redovna Skup\u0161tina Regionalnog odbora Organizacije starje\u0161ina VRS Prijedor - PrijedorDanas.com - Prijedorski gradski portal","robots":{"index":"index","follow":"follow","max-snippet":"max-snippet:-1","max-image-preview":"max-image-preview:large","max-video-preview":"max-video-preview:-1"},"canonical":"https:\/\/www.prijedordanas.com\/?p=267758","og_locale":"en_US","og_type":"article","og_title":"Odr\u017eana prva redovna Skup\u0161tina Regionalnog odbora Organizacije starje\u0161ina VRS Prijedor - PrijedorDanas.com - Prijedorski gradski portal","og_description":"U Prijedoru je odr\u017eana prva redovna godi\u0161nja Skup\u0161tina Regionalnog odbora Organizacije starje\u0161ina Vojske Republike Srpske na kojoj je sumirano ura\u0111eno u protekloj godini, utvr\u0111en program za naredni period te razmotreni [&hellip;]","og_url":"https:\/\/www.prijedordanas.com\/?p=267758","og_site_name":"PrijedorDanas.com - Prijedorski gradski portal","article_publisher":"https:\/\/www.facebook.com\/PrijedorDanasCom\/","article_published_time":"2026-04-24T11:06:15+00:00","og_image":[{"url":"https:\/\/www.prijedordanas.com\/wp-content\/uploads\/2026\/04\/kozarski-skupstina-regionalnog-odbora-os-vrs-pd-1-300x225.jpg"}],"author":"admin","twitter_card":"summary_large_image","twitter_misc":{"Written by":"admin","Est. reading time":"2 minutes"},"schema":{"@context":"https:\/\/schema.org","@graph":[{"@type":"Article","@id":"https:\/\/www.prijedordanas.com\/?p=267758#article","isPartOf":{"@id":"https:\/\/www.prijedordanas.com\/?p=267758"},"author":{"name":"admin","@id":"https:\/\/www.prijedordanas.com\/#\/schema\/person\/4e08ccf29b506ca916ff86d46bb700e6"},"headline":"Odr\u017eana prva redovna Skup\u0161tina Regionalnog odbora Organizacije starje\u0161ina VRS Prijedor","datePublished":"2026-04-24T11:06:15+00:00","dateModified":"2026-04-24T11:06:15+00:00","mainEntityOfPage":{"@id":"https:\/\/www.prijedordanas.com\/?p=267758"},"wordCount":342,"publisher":{"@id":"https:\/\/www.prijedordanas.com\/#organization"},"articleSection":["Svakodnevno"],"inLanguage":"en-US"},{"@type":"WebPage","@id":"https:\/\/www.prijedordanas.com\/?p=267758","url":"https:\/\/www.prijedordanas.com\/?p=267758","name":"Odr\u017eana prva redovna Skup\u0161tina Regionalnog odbora Organizacije starje\u0161ina VRS Prijedor - PrijedorDanas.com - Prijedorski gradski portal","isPartOf":{"@id":"https:\/\/www.prijedordanas.com\/#website"},"datePublished":"2026-04-24T11:06:15+00:00","dateModified":"2026-04-24T11:06:15+00:00","breadcrumb":{"@id":"https:\/\/www.prijedordanas.com\/?p=267758#breadcrumb"},"inLanguage":"en-US","potentialAction":[{"@type":"ReadAction","target":["https:\/\/www.prijedordanas.com\/?p=267758"]}]},{"@type":"BreadcrumbList","@id":"https:\/\/www.prijedordanas.com\/?p=267758#breadcrumb","itemListElement":[{"@type":"ListItem","position":1,"name":"Home","item":"https:\/\/www.prijedordanas.com\/"},{"@type":"ListItem","position":2,"name":"Odr\u017eana prva redovna Skup\u0161tina Regionalnog odbora Organizacije starje\u0161ina VRS Prijedor"}]},{"@type":"WebSite","@id":"https:\/\/www.prijedordanas.com\/#website","url":"https:\/\/www.prijedordanas.com\/","name":"PrijedorDanas.com - Prijedorski gradski portal","description":"Portal o doga\u0111anjima u gradu Prijedoru","publisher":{"@id":"https:\/\/www.prijedordanas.com\/#organization"},"potentialAction":[{"@type":"SearchAction","target":{"@type":"EntryPoint","urlTemplate":"https:\/\/www.prijedordanas.com\/?s={search_term_string}"},"query-input":"required name=search_term_string"}],"inLanguage":"en-US"},{"@type":"Organization","@id":"https:\/\/www.prijedordanas.com\/#organization","name":"PrijedorDanas.com","url":"https:\/\/www.prijedordanas.com\/","logo":{"@type":"ImageObject","inLanguage":"en-US","@id":"https:\/\/www.prijedordanas.com\/#\/schema\/logo\/image\/","url":"http:\/\/www.prijedordanas.com\/wp-content\/uploads\/2021\/12\/logopng.png","contentUrl":"http:\/\/www.prijedordanas.com\/wp-content\/uploads\/2021\/12\/logopng.png","width":1019,"height":776,"caption":"PrijedorDanas.com"},"image":{"@id":"https:\/\/www.prijedordanas.com\/#\/schema\/logo\/image\/"},"sameAs":["https:\/\/www.facebook.com\/PrijedorDanasCom\/"]},{"@type":"Person","@id":"https:\/\/www.prijedordanas.com\/#\/schema\/person\/4e08ccf29b506ca916ff86d46bb700e6","name":"admin","image":{"@type":"ImageObject","inLanguage":"en-US","@id":"https:\/\/www.prijedordanas.com\/#\/schema\/person\/image\/","url":"https:\/\/secure.gravatar.com\/avatar\/1d3fc949d550f0b53a5f0d51e06dfd79?s=96&d=mm&r=g","contentUrl":"https:\/\/secure.gravatar.com\/avatar\/1d3fc949d550f0b53a5f0d51e06dfd79?s=96&d=mm&r=g","caption":"admin"},"url":"https:\/\/www.prijedordanas.com\/?author=1"}]}},"_links":{"self":[{"href":"https:\/\/www.prijedordanas.com\/index.php?rest_route=\/wp\/v2\/posts\/267758"}],"collection":[{"href":"https:\/\/www.prijedordanas.com\/index.php?rest_route=\/wp\/v2\/posts"}],"about":[{"href":"https:\/\/www.prijedordanas.com\/index.php?rest_route=\/wp\/v2\/types\/post"}],"author":[{"embeddable":true,"href":"https:\/\/www.prijedordanas.com\/index.php?rest_route=\/wp\/v2\/users\/1"}],"replies":[{"embeddable":true,"href":"https:\/\/www.prijedordanas.com\/index.php?rest_route=%2Fwp%2Fv2%2Fcomments&post=267758"}],"version-history":[{"count":1,"href":"https:\/\/www.prijedordanas.com\/index.php?rest_route=\/wp\/v2\/posts\/267758\/revisions"}],"predecessor-version":[{"id":267761,"href":"https:\/\/www.prijedordanas.com\/index.php?rest_route=\/wp\/v2\/posts\/267758\/revisions\/267761"}],"wp:attachment":[{"href":"https:\/\/www.prijedordanas.com\/index.php?rest_route=%2Fwp%2Fv2%2Fmedia&parent=267758"}],"wp:term":[{"taxonomy":"category","embeddable":true,"href":"https:\/\/www.prijedordanas.com\/index.php?rest_route=%2Fwp%2Fv2%2Fcategories&post=267758"},{"taxonomy":"post_tag","embeddable":true,"href":"https:\/\/www.prijedordanas.com\/index.php?rest_route=%2Fwp%2Fv2%2Ftags&post=267758"}],"curies":[{"name":"wp","href":"https:\/\/api.w.org\/{rel}","templated":true}]}}