{"id":267678,"date":"2026-04-22T23:15:08","date_gmt":"2026-04-22T21:15:08","guid":{"rendered":"https:\/\/www.prijedordanas.com\/?p=267678"},"modified":"2026-04-22T23:15:08","modified_gmt":"2026-04-22T21:15:08","slug":"prijedor-dan-planete-zemlje-svaki-korak-je-vazan-video","status":"publish","type":"post","link":"https:\/\/www.prijedordanas.com\/?p=267678","title":{"rendered":"Prijedor: Dan planete Zemlje &#8211; Svaki korak je va\u017ean &#8211; VIDEO"},"content":{"rendered":"<p><a href=\"https:\/\/www.prijedordanas.com\/wp-content\/uploads\/2026\/04\/kozarski-dan-planete-zemlje-1.jpg\"><img loading=\"lazy\" decoding=\"async\" class=\"alignleft size-medium wp-image-267679\" src=\"https:\/\/www.prijedordanas.com\/wp-content\/uploads\/2026\/04\/kozarski-dan-planete-zemlje-1-300x225.jpg\" alt=\"\" width=\"300\" height=\"225\" srcset=\"https:\/\/www.prijedordanas.com\/wp-content\/uploads\/2026\/04\/kozarski-dan-planete-zemlje-1-300x225.jpg 300w, https:\/\/www.prijedordanas.com\/wp-content\/uploads\/2026\/04\/kozarski-dan-planete-zemlje-1-640x480.jpg 640w, https:\/\/www.prijedordanas.com\/wp-content\/uploads\/2026\/04\/kozarski-dan-planete-zemlje-1.jpg 667w\" sizes=\"(max-width: 300px) 100vw, 300px\" \/><\/a>Dan planete Zemlje, 22. april, ove godine obilje\u017eava se pod sloganom \u201eNa\u0161a snaga, na\u0161 planet\u201c, a cilj je ukazati na zajedni\u010dku odgovornost kako zajednice tako i svakog pojedinca za za\u0161titu \u017eivotne sredine.<\/p>\n<p>Nisu va\u017eni samo veliki ekolo\u0161ki projekti, ve\u0107 da svako u\u010dini mali korak u tom pravcu.<\/p>\n<p>Svjesni su toga i u prijedorskoj Gimnaziji \u201cSveti Sava\u201d gdje realizuju brojne ekolo\u0161ke akcije.<\/p>\n<p>\u201cGimnazijalci su u\u010destvovali u akcijama po\u0161umljavanja, \u0161to obuhvata i sadnju Pan\u010di\u0107eve omorike na vi\u0161e lokacija u gradu. U okviru na\u0161e ekolo\u0161ke sekcije, dosta smo radili na recikla\u017ei, izra\u0111ivali smo reciklirane \u010destitke kako bi iskoristili otpad i kod ljudi razvili svijest o va\u017enosti recikla\u017ee\u201d, rekao je u\u010denik Ivan \u0110uki\u0107.<\/p>\n<p><a href=\"https:\/\/www.prijedordanas.com\/wp-content\/uploads\/2026\/04\/kozarski-dan-planete-zemlje-2.jpg\"><img loading=\"lazy\" decoding=\"async\" class=\"alignleft size-medium wp-image-267680\" src=\"https:\/\/www.prijedordanas.com\/wp-content\/uploads\/2026\/04\/kozarski-dan-planete-zemlje-2-300x169.jpg\" alt=\"\" width=\"300\" height=\"169\" srcset=\"https:\/\/www.prijedordanas.com\/wp-content\/uploads\/2026\/04\/kozarski-dan-planete-zemlje-2-300x169.jpg 300w, https:\/\/www.prijedordanas.com\/wp-content\/uploads\/2026\/04\/kozarski-dan-planete-zemlje-2.jpg 600w\" sizes=\"(max-width: 300px) 100vw, 300px\" \/><\/a>U\u010denica Milana Topoli\u0107 isti\u010de da male promjene u svakodnevnom \u017eivotu mogu doprinijeti stvaranju i gra\u0111enju odr\u017eive budu\u0107nosti.<\/p>\n<p>\u201cCilj je da podstaknemo ljude na stvaranje globalne solidarnosti. Podsje\u0107am na ono \u0161to slijedi, a to je 3. maj, Dan ekolo\u0161kog duga. To je trenutak kada \u010dovje\u010danstvo potro\u0161i sve resurse koje je Zemlja u mogu\u0107nosti da obnovi u toj godini i tog trenutka po\u010dinje da tro\u0161i resurse koji su bili predvi\u0111eni za budu\u0107e generacije\u201d, navodi Milana.<\/p>\n<p>O\u010duvanje \u017eivotne sredine u fokusu je rada prijedorskog preduze\u0107a \u201cKomunalne usluge\u201d.<\/p>\n<p><a href=\"https:\/\/www.prijedordanas.com\/wp-content\/uploads\/2026\/04\/kozarski-dan-planete-zemlje-4.jpg\"><img loading=\"lazy\" decoding=\"async\" class=\"alignleft size-medium wp-image-267681\" src=\"https:\/\/www.prijedordanas.com\/wp-content\/uploads\/2026\/04\/kozarski-dan-planete-zemlje-4-300x169.jpg\" alt=\"\" width=\"300\" height=\"169\" srcset=\"https:\/\/www.prijedordanas.com\/wp-content\/uploads\/2026\/04\/kozarski-dan-planete-zemlje-4-300x169.jpg 300w, https:\/\/www.prijedordanas.com\/wp-content\/uploads\/2026\/04\/kozarski-dan-planete-zemlje-4.jpg 600w\" sizes=\"(max-width: 300px) 100vw, 300px\" \/><\/a>\u010cesto apeluju na gra\u0111ane da namjenski odla\u017eu otpad i da budu pa\u017eljiviji, jer svake godine izgori do 80 kontejnera.<\/p>\n<p>U toku je akcija besplatnog odvoza kabastog otpada, a u narednom periodu trebalo bi da budu postavljena \u010detiri recikla\u017ena ostrva na podru\u010dju grada.<\/p>\n<p>\u201cZahvaljuju\u0107i recikla\u017enim ostrvima, gra\u0111ani \u0107e mo\u0107i u bilo koje doba dana i no\u0107i da dovezu kabasti i elektronski otpad ili \u0161utu na za to predvi\u0111ena mjesta. Ne\u0107e morati da se kriju i pod okriljem no\u0107i iznose stari namje\u0161taj. Zaista su ujturo ru\u017ene scene kada pored kontejnerskih mjesta zateknemo ne\u010dije kompletne dnevne boravke ili kuhinje\u201d, rekao je direktor Dalibor Grabe\u017e.<\/p>\n<p><a href=\"https:\/\/www.prijedordanas.com\/wp-content\/uploads\/2026\/04\/kozarski-dan-planete-zemlje-3.jpg\"><img loading=\"lazy\" decoding=\"async\" src=\"https:\/\/www.prijedordanas.com\/wp-content\/uploads\/2026\/04\/kozarski-dan-planete-zemlje-3-300x169.jpg\" alt=\"\" width=\"300\" height=\"169\" class=\"alignleft size-medium wp-image-267682\" srcset=\"https:\/\/www.prijedordanas.com\/wp-content\/uploads\/2026\/04\/kozarski-dan-planete-zemlje-3-300x169.jpg 300w, https:\/\/www.prijedordanas.com\/wp-content\/uploads\/2026\/04\/kozarski-dan-planete-zemlje-3.jpg 600w\" sizes=\"(max-width: 300px) 100vw, 300px\" \/><\/a>\u010cuvajmo \u017eivotnu sredinu za na\u0161e budu\u0107e generacije, poru\u010duju iz Gradske uprave, uz podsje\u0107anje da redovnim godi\u0161njim akcijama poput \u201c\u010cistog prolje\u0107a\u201d i \u201cProljetnog ure\u0111enja grada\u201d nastoje da podignu svijest stanovni\u0161tva o za\u0161titi okoli\u0161a.<\/p>\n<p>\u201cVr\u0161imo ure\u0111enje zelenih povr\u0161ina, parkova, trgova, ulica, trotoara, kosina i obala rijeka. U sklopu proljetne akcije imamo i besplatan odvoz kabastog otpada, a tako\u0111e dodjeljujemo cvije\u0107e, klupe i korpe za otpatke mjesnim zajednicama i \u0161kolama u cilju ure\u0111enja njihovih prostora\u201d, rekao je Branko \u0160vraka, \u0161ef Odsjeka za komunalne poslove i za\u0161titu \u017eivotne sredine.<\/p>\n<p>On podsje\u0107a da Grad svake godine obnavlja dio drvoreda. Proteklih nekoliko godina posa\u0111eno je preko 500 stabala novog drve\u0107a, 400 komada ukrasnog \u017ebunja i 800 trajnica. Dan planete Zemlje prvi put je obilje\u017een 1970. godine, nakon masovnog izlijevanja nafte u Kaliforniji. Ujedinjene nacije su 1992. odr\u017eivi razvoj postavile kao globalni cilj, a 2009. godine 22. april je progla\u0161en Me\u0111unarodnim danom planete Zemlje.<\/p>\n<p><a href=\"https:\/\/kozarski.com\/dan-planete-zemlje-svaki-korak-je-vazan\/\" target=\"_blank\" rel=\"noopener\">kozarski.com<\/a><\/p>\n<p><iframe loading=\"lazy\" title=\"DAN PLANETE ZEMLJE - SVAKI KORAK JE VA\u017dAN\" width=\"500\" height=\"281\" src=\"https:\/\/www.youtube.com\/embed\/bjD9UZSOIkU?feature=oembed\" frameborder=\"0\" allow=\"accelerometer; autoplay; clipboard-write; encrypted-media; gyroscope; picture-in-picture; web-share\" referrerpolicy=\"strict-origin-when-cross-origin\" allowfullscreen><\/iframe><\/p>\n","protected":false},"excerpt":{"rendered":"<p>Dan planete Zemlje, 22. april, ove godine obilje\u017eava se pod sloganom \u201eNa\u0161a snaga, na\u0161 planet\u201c, a cilj je ukazati na zajedni\u010dku odgovornost kako zajednice tako i svakog pojedinca za za\u0161titu [&hellip;]<\/p>\n","protected":false},"author":1,"featured_media":0,"comment_status":"closed","ping_status":"open","sticky":false,"template":"","format":"standard","meta":{"_monsterinsights_skip_tracking":false,"_monsterinsights_sitenote_active":false,"_monsterinsights_sitenote_note":"","_monsterinsights_sitenote_category":0,"footnotes":""},"categories":[8],"tags":[],"yoast_head":"<!-- This site is optimized with the Yoast SEO plugin v21.6 - https:\/\/yoast.com\/wordpress\/plugins\/seo\/ -->\n<title>Prijedor: Dan planete Zemlje - Svaki korak je va\u017ean - VIDEO - PrijedorDanas.com - Prijedorski gradski portal<\/title>\n<meta name=\"robots\" content=\"index, follow, max-snippet:-1, max-image-preview:large, max-video-preview:-1\" \/>\n<link rel=\"canonical\" href=\"https:\/\/www.prijedordanas.com\/?p=267678\" \/>\n<meta property=\"og:locale\" content=\"en_US\" \/>\n<meta property=\"og:type\" content=\"article\" \/>\n<meta property=\"og:title\" content=\"Prijedor: Dan planete Zemlje - Svaki korak je va\u017ean - VIDEO - PrijedorDanas.com - Prijedorski gradski portal\" \/>\n<meta property=\"og:description\" content=\"Dan planete Zemlje, 22. april, ove godine obilje\u017eava se pod sloganom \u201eNa\u0161a snaga, na\u0161 planet\u201c, a cilj je ukazati na zajedni\u010dku odgovornost kako zajednice tako i svakog pojedinca za za\u0161titu [&hellip;]\" \/>\n<meta property=\"og:url\" content=\"https:\/\/www.prijedordanas.com\/?p=267678\" \/>\n<meta property=\"og:site_name\" content=\"PrijedorDanas.com - Prijedorski gradski portal\" \/>\n<meta property=\"article:publisher\" content=\"https:\/\/www.facebook.com\/PrijedorDanasCom\/\" \/>\n<meta property=\"article:published_time\" content=\"2026-04-22T21:15:08+00:00\" \/>\n<meta property=\"og:image\" content=\"https:\/\/www.prijedordanas.com\/wp-content\/uploads\/2026\/04\/kozarski-dan-planete-zemlje-1-300x225.jpg\" \/>\n<meta name=\"author\" content=\"admin\" \/>\n<meta name=\"twitter:card\" content=\"summary_large_image\" \/>\n<meta name=\"twitter:label1\" content=\"Written by\" \/>\n\t<meta name=\"twitter:data1\" content=\"admin\" \/>\n\t<meta name=\"twitter:label2\" content=\"Est. reading time\" \/>\n\t<meta name=\"twitter:data2\" content=\"3 minutes\" \/>\n<script type=\"application\/ld+json\" class=\"yoast-schema-graph\">{\"@context\":\"https:\/\/schema.org\",\"@graph\":[{\"@type\":\"Article\",\"@id\":\"https:\/\/www.prijedordanas.com\/?p=267678#article\",\"isPartOf\":{\"@id\":\"https:\/\/www.prijedordanas.com\/?p=267678\"},\"author\":{\"name\":\"admin\",\"@id\":\"https:\/\/www.prijedordanas.com\/#\/schema\/person\/4e08ccf29b506ca916ff86d46bb700e6\"},\"headline\":\"Prijedor: Dan planete Zemlje &#8211; Svaki korak je va\u017ean &#8211; VIDEO\",\"datePublished\":\"2026-04-22T21:15:08+00:00\",\"dateModified\":\"2026-04-22T21:15:08+00:00\",\"mainEntityOfPage\":{\"@id\":\"https:\/\/www.prijedordanas.com\/?p=267678\"},\"wordCount\":530,\"publisher\":{\"@id\":\"https:\/\/www.prijedordanas.com\/#organization\"},\"articleSection\":[\"Svakodnevno\"],\"inLanguage\":\"en-US\"},{\"@type\":\"WebPage\",\"@id\":\"https:\/\/www.prijedordanas.com\/?p=267678\",\"url\":\"https:\/\/www.prijedordanas.com\/?p=267678\",\"name\":\"Prijedor: Dan planete Zemlje - Svaki korak je va\u017ean - VIDEO - PrijedorDanas.com - Prijedorski gradski portal\",\"isPartOf\":{\"@id\":\"https:\/\/www.prijedordanas.com\/#website\"},\"datePublished\":\"2026-04-22T21:15:08+00:00\",\"dateModified\":\"2026-04-22T21:15:08+00:00\",\"breadcrumb\":{\"@id\":\"https:\/\/www.prijedordanas.com\/?p=267678#breadcrumb\"},\"inLanguage\":\"en-US\",\"potentialAction\":[{\"@type\":\"ReadAction\",\"target\":[\"https:\/\/www.prijedordanas.com\/?p=267678\"]}]},{\"@type\":\"BreadcrumbList\",\"@id\":\"https:\/\/www.prijedordanas.com\/?p=267678#breadcrumb\",\"itemListElement\":[{\"@type\":\"ListItem\",\"position\":1,\"name\":\"Home\",\"item\":\"https:\/\/www.prijedordanas.com\/\"},{\"@type\":\"ListItem\",\"position\":2,\"name\":\"Prijedor: Dan planete Zemlje &#8211; Svaki korak je va\u017ean &#8211; VIDEO\"}]},{\"@type\":\"WebSite\",\"@id\":\"https:\/\/www.prijedordanas.com\/#website\",\"url\":\"https:\/\/www.prijedordanas.com\/\",\"name\":\"PrijedorDanas.com - Prijedorski gradski portal\",\"description\":\"Portal o doga\u0111anjima u gradu Prijedoru\",\"publisher\":{\"@id\":\"https:\/\/www.prijedordanas.com\/#organization\"},\"potentialAction\":[{\"@type\":\"SearchAction\",\"target\":{\"@type\":\"EntryPoint\",\"urlTemplate\":\"https:\/\/www.prijedordanas.com\/?s={search_term_string}\"},\"query-input\":\"required name=search_term_string\"}],\"inLanguage\":\"en-US\"},{\"@type\":\"Organization\",\"@id\":\"https:\/\/www.prijedordanas.com\/#organization\",\"name\":\"PrijedorDanas.com\",\"url\":\"https:\/\/www.prijedordanas.com\/\",\"logo\":{\"@type\":\"ImageObject\",\"inLanguage\":\"en-US\",\"@id\":\"https:\/\/www.prijedordanas.com\/#\/schema\/logo\/image\/\",\"url\":\"http:\/\/www.prijedordanas.com\/wp-content\/uploads\/2021\/12\/logopng.png\",\"contentUrl\":\"http:\/\/www.prijedordanas.com\/wp-content\/uploads\/2021\/12\/logopng.png\",\"width\":1019,\"height\":776,\"caption\":\"PrijedorDanas.com\"},\"image\":{\"@id\":\"https:\/\/www.prijedordanas.com\/#\/schema\/logo\/image\/\"},\"sameAs\":[\"https:\/\/www.facebook.com\/PrijedorDanasCom\/\"]},{\"@type\":\"Person\",\"@id\":\"https:\/\/www.prijedordanas.com\/#\/schema\/person\/4e08ccf29b506ca916ff86d46bb700e6\",\"name\":\"admin\",\"image\":{\"@type\":\"ImageObject\",\"inLanguage\":\"en-US\",\"@id\":\"https:\/\/www.prijedordanas.com\/#\/schema\/person\/image\/\",\"url\":\"https:\/\/secure.gravatar.com\/avatar\/1d3fc949d550f0b53a5f0d51e06dfd79?s=96&d=mm&r=g\",\"contentUrl\":\"https:\/\/secure.gravatar.com\/avatar\/1d3fc949d550f0b53a5f0d51e06dfd79?s=96&d=mm&r=g\",\"caption\":\"admin\"},\"url\":\"https:\/\/www.prijedordanas.com\/?author=1\"}]}<\/script>\n<!-- \/ Yoast SEO plugin. -->","yoast_head_json":{"title":"Prijedor: Dan planete Zemlje - Svaki korak je va\u017ean - VIDEO - PrijedorDanas.com - Prijedorski gradski portal","robots":{"index":"index","follow":"follow","max-snippet":"max-snippet:-1","max-image-preview":"max-image-preview:large","max-video-preview":"max-video-preview:-1"},"canonical":"https:\/\/www.prijedordanas.com\/?p=267678","og_locale":"en_US","og_type":"article","og_title":"Prijedor: Dan planete Zemlje - Svaki korak je va\u017ean - VIDEO - PrijedorDanas.com - Prijedorski gradski portal","og_description":"Dan planete Zemlje, 22. april, ove godine obilje\u017eava se pod sloganom \u201eNa\u0161a snaga, na\u0161 planet\u201c, a cilj je ukazati na zajedni\u010dku odgovornost kako zajednice tako i svakog pojedinca za za\u0161titu [&hellip;]","og_url":"https:\/\/www.prijedordanas.com\/?p=267678","og_site_name":"PrijedorDanas.com - Prijedorski gradski portal","article_publisher":"https:\/\/www.facebook.com\/PrijedorDanasCom\/","article_published_time":"2026-04-22T21:15:08+00:00","og_image":[{"url":"https:\/\/www.prijedordanas.com\/wp-content\/uploads\/2026\/04\/kozarski-dan-planete-zemlje-1-300x225.jpg"}],"author":"admin","twitter_card":"summary_large_image","twitter_misc":{"Written by":"admin","Est. reading time":"3 minutes"},"schema":{"@context":"https:\/\/schema.org","@graph":[{"@type":"Article","@id":"https:\/\/www.prijedordanas.com\/?p=267678#article","isPartOf":{"@id":"https:\/\/www.prijedordanas.com\/?p=267678"},"author":{"name":"admin","@id":"https:\/\/www.prijedordanas.com\/#\/schema\/person\/4e08ccf29b506ca916ff86d46bb700e6"},"headline":"Prijedor: Dan planete Zemlje &#8211; Svaki korak je va\u017ean &#8211; VIDEO","datePublished":"2026-04-22T21:15:08+00:00","dateModified":"2026-04-22T21:15:08+00:00","mainEntityOfPage":{"@id":"https:\/\/www.prijedordanas.com\/?p=267678"},"wordCount":530,"publisher":{"@id":"https:\/\/www.prijedordanas.com\/#organization"},"articleSection":["Svakodnevno"],"inLanguage":"en-US"},{"@type":"WebPage","@id":"https:\/\/www.prijedordanas.com\/?p=267678","url":"https:\/\/www.prijedordanas.com\/?p=267678","name":"Prijedor: Dan planete Zemlje - Svaki korak je va\u017ean - VIDEO - PrijedorDanas.com - Prijedorski gradski portal","isPartOf":{"@id":"https:\/\/www.prijedordanas.com\/#website"},"datePublished":"2026-04-22T21:15:08+00:00","dateModified":"2026-04-22T21:15:08+00:00","breadcrumb":{"@id":"https:\/\/www.prijedordanas.com\/?p=267678#breadcrumb"},"inLanguage":"en-US","potentialAction":[{"@type":"ReadAction","target":["https:\/\/www.prijedordanas.com\/?p=267678"]}]},{"@type":"BreadcrumbList","@id":"https:\/\/www.prijedordanas.com\/?p=267678#breadcrumb","itemListElement":[{"@type":"ListItem","position":1,"name":"Home","item":"https:\/\/www.prijedordanas.com\/"},{"@type":"ListItem","position":2,"name":"Prijedor: Dan planete Zemlje &#8211; Svaki korak je va\u017ean &#8211; VIDEO"}]},{"@type":"WebSite","@id":"https:\/\/www.prijedordanas.com\/#website","url":"https:\/\/www.prijedordanas.com\/","name":"PrijedorDanas.com - Prijedorski gradski portal","description":"Portal o doga\u0111anjima u gradu Prijedoru","publisher":{"@id":"https:\/\/www.prijedordanas.com\/#organization"},"potentialAction":[{"@type":"SearchAction","target":{"@type":"EntryPoint","urlTemplate":"https:\/\/www.prijedordanas.com\/?s={search_term_string}"},"query-input":"required name=search_term_string"}],"inLanguage":"en-US"},{"@type":"Organization","@id":"https:\/\/www.prijedordanas.com\/#organization","name":"PrijedorDanas.com","url":"https:\/\/www.prijedordanas.com\/","logo":{"@type":"ImageObject","inLanguage":"en-US","@id":"https:\/\/www.prijedordanas.com\/#\/schema\/logo\/image\/","url":"http:\/\/www.prijedordanas.com\/wp-content\/uploads\/2021\/12\/logopng.png","contentUrl":"http:\/\/www.prijedordanas.com\/wp-content\/uploads\/2021\/12\/logopng.png","width":1019,"height":776,"caption":"PrijedorDanas.com"},"image":{"@id":"https:\/\/www.prijedordanas.com\/#\/schema\/logo\/image\/"},"sameAs":["https:\/\/www.facebook.com\/PrijedorDanasCom\/"]},{"@type":"Person","@id":"https:\/\/www.prijedordanas.com\/#\/schema\/person\/4e08ccf29b506ca916ff86d46bb700e6","name":"admin","image":{"@type":"ImageObject","inLanguage":"en-US","@id":"https:\/\/www.prijedordanas.com\/#\/schema\/person\/image\/","url":"https:\/\/secure.gravatar.com\/avatar\/1d3fc949d550f0b53a5f0d51e06dfd79?s=96&d=mm&r=g","contentUrl":"https:\/\/secure.gravatar.com\/avatar\/1d3fc949d550f0b53a5f0d51e06dfd79?s=96&d=mm&r=g","caption":"admin"},"url":"https:\/\/www.prijedordanas.com\/?author=1"}]}},"_links":{"self":[{"href":"https:\/\/www.prijedordanas.com\/index.php?rest_route=\/wp\/v2\/posts\/267678"}],"collection":[{"href":"https:\/\/www.prijedordanas.com\/index.php?rest_route=\/wp\/v2\/posts"}],"about":[{"href":"https:\/\/www.prijedordanas.com\/index.php?rest_route=\/wp\/v2\/types\/post"}],"author":[{"embeddable":true,"href":"https:\/\/www.prijedordanas.com\/index.php?rest_route=\/wp\/v2\/users\/1"}],"replies":[{"embeddable":true,"href":"https:\/\/www.prijedordanas.com\/index.php?rest_route=%2Fwp%2Fv2%2Fcomments&post=267678"}],"version-history":[{"count":1,"href":"https:\/\/www.prijedordanas.com\/index.php?rest_route=\/wp\/v2\/posts\/267678\/revisions"}],"predecessor-version":[{"id":267683,"href":"https:\/\/www.prijedordanas.com\/index.php?rest_route=\/wp\/v2\/posts\/267678\/revisions\/267683"}],"wp:attachment":[{"href":"https:\/\/www.prijedordanas.com\/index.php?rest_route=%2Fwp%2Fv2%2Fmedia&parent=267678"}],"wp:term":[{"taxonomy":"category","embeddable":true,"href":"https:\/\/www.prijedordanas.com\/index.php?rest_route=%2Fwp%2Fv2%2Fcategories&post=267678"},{"taxonomy":"post_tag","embeddable":true,"href":"https:\/\/www.prijedordanas.com\/index.php?rest_route=%2Fwp%2Fv2%2Ftags&post=267678"}],"curies":[{"name":"wp","href":"https:\/\/api.w.org\/{rel}","templated":true}]}}