{"id":267614,"date":"2026-04-22T00:12:58","date_gmt":"2026-04-21T22:12:58","guid":{"rendered":"https:\/\/www.prijedordanas.com\/?p=267614"},"modified":"2026-04-22T00:12:58","modified_gmt":"2026-04-21T22:12:58","slug":"oslobodeni-za-zlocine-u-zecovima-kod-prijedora-trazi-vise-od-100-000-maraka-naknade","status":"publish","type":"post","link":"https:\/\/www.prijedordanas.com\/?p=267614","title":{"rendered":"Oslobo\u0111eni za zlo\u010dine u Zecovima kod Prijedora tra\u017ei vi\u0161e od 100.000 maraka naknade"},"content":{"rendered":"<p><a href=\"https:\/\/www.prijedordanas.com\/wp-content\/uploads\/2025\/11\/detektor-sud-bih-2.jpg\"><img loading=\"lazy\" decoding=\"async\" class=\"alignleft size-medium wp-image-257600\" src=\"https:\/\/www.prijedordanas.com\/wp-content\/uploads\/2025\/11\/detektor-sud-bih-2-300x225.jpg\" alt=\"\" width=\"300\" height=\"225\" srcset=\"https:\/\/www.prijedordanas.com\/wp-content\/uploads\/2025\/11\/detektor-sud-bih-2-300x225.jpg 300w, https:\/\/www.prijedordanas.com\/wp-content\/uploads\/2025\/11\/detektor-sud-bih-2-640x480.jpg 640w, https:\/\/www.prijedordanas.com\/wp-content\/uploads\/2025\/11\/detektor-sud-bih-2.jpg 667w\" sizes=\"(max-width: 300px) 100vw, 300px\" \/><\/a>Radovan \u010ceti\u0107, koji je pravosna\u017eno oslobo\u0111en optu\u017ebe za zlo\u010dine u Zecovima, u tu\u017ebenom zahtjevu je zatra\u017eio da mu Bosna i Hercegovina na ime materijalne i nematerijalne \u0161tete, uz zakonske zatezne kamate, isplati vi\u0161e od 100.000 maraka zbog vremena provedenog u pritvoru i pod mjerama zabrane.<\/p>\n<p>\u010ceti\u0107 je tokom svjedo\u010denja kazao da je do\u017eivio \u0161ok kada je policija pokucala na vrata njegove ku\u0107e. Naveo je da mu je tokom pritvora naru\u0161eno zdravstveno stanje i da je izgubio apetit koji mu se, kako je rekao, do danas nije vratio. Ispri\u010dao je da su pritvor i hap\u0161enje uticali pogubno na njega i njegovu porodicu.<\/p>\n<p>\u201cIzgubili smo prijatelje, okretali su glave od nas\u201d, kazao je \u010ceti\u0107 i dodao da je od svog poslodavca dobijao 50 posto naknade do penzionisanja.<\/p>\n<p>Na ro\u010di\u0161tu je nalaz iznio vje\u0161tak neuropsihijatar Abdulah Ku\u010dukali\u0107 koji je izjavio da je \u010ceti\u0107 imao odre\u0111enih zdravstvenih problema i da je odre\u0111ivanje pritvora sigurno jedan od razloga koji su do njih doveli.<\/p>\n<p>Vje\u0161takinja ekonomske struke Dragana Lubura je kazala da ostaje u cijelosti kod ranije sa\u010dinjenog nalaza koji nije detaljno obrazlagan u sudnici.<\/p>\n<p>Punomo\u0107nik Aleksandar \u010coke\u0161a kazao je da \u0107e urediti tu\u017ebeni zahtjev nakon nalaza vje\u0161taka, a Sud je dopustio preina\u010denje tu\u017ebe.<\/p>\n<p>\u010coke\u0161a je kazao da potra\u017euju nov\u010dani iznos od 90.000 KM na ime naknade nematerijalne \u0161tete zajedno sa zateznom kamatom, i 10.214,85 KM na ime materijale \u0161tete sa zateznom kamatom kao i da se tu\u017eiocu isplati naknada tro\u0161kova presude.<\/p>\n<p>Pomo\u0107nica pravobranioca BiH Sandra Janji\u0107 kazala je da u cijelosti osporava osnovu i visinu zahtjeva iz razloga koje su detaljno obrazlo\u017eili u odgovoru na tu\u017ebu, posebno imaju\u0107i u vidu da su u iskazu tu\u017eioca danas \u010duli da su nadle\u017eni organi postupali u okviru zakonskih ovla\u0161tenja i u skladu s zakonskom procedurom, i da su u rje\u0161enju Suda BiH objektivizirani svi razlozi za utvr\u0111ivanje pritvora.<\/p>\n<p>Na ro\u010di\u0161tu je re\u010deno da je \u010ceti\u0107 18 mjeseci proveo u pritvoru i vi\u0161e mjeseci po mjerama zabrane.<\/p>\n<p>U zavr\u0161noj rije\u010di je punomo\u0107nik \u010coke\u0161a kazao da je nesporno da \u010ceti\u0107 ima pravo na naknadnu \u0161tete i zbog umanjenja prihoda i zbog hap\u0161enja, te je zatra\u017eio da se u cijelosti prihvati njegov zahtjev tu\u017eioca. Zavr\u0161ne rije\u010di Pravobranila\u0161tva BiH nisu detaljno obrazlagane u sudnici.<\/p>\n<p>Radovan \u010ceti\u0107 je sa jo\u0161 \u0161est osoba pravomo\u0107no oslobo\u0111en optu\u017ebi za zlo\u010dine u Zecovima, dok su u istom predmetu osu\u0111ena petorica.<\/p>\n<p>Sud \u0107e odluku po \u010ceti\u0107evoj tu\u017ebi za naknadu \u0161tete donijeti u zakonski predvi\u0111enom roku.<\/p>\n<p><a href=\"https:\/\/detektor.ba\/2026\/04\/21\/oslobodjeni-za-zlocine-u-zecovima-trazi-vise-od-100-000-maraka-naknade\/\" target=\"_blank\" rel=\"noopener\">detektor.ba<\/a><\/p>\n","protected":false},"excerpt":{"rendered":"<p>Radovan \u010ceti\u0107, koji je pravosna\u017eno oslobo\u0111en optu\u017ebe za zlo\u010dine u Zecovima, u tu\u017ebenom zahtjevu je zatra\u017eio da mu Bosna i Hercegovina na ime materijalne i nematerijalne \u0161tete, uz zakonske zatezne [&hellip;]<\/p>\n","protected":false},"author":1,"featured_media":0,"comment_status":"closed","ping_status":"open","sticky":false,"template":"","format":"standard","meta":{"_monsterinsights_skip_tracking":false,"_monsterinsights_sitenote_active":false,"_monsterinsights_sitenote_note":"","_monsterinsights_sitenote_category":0,"footnotes":""},"categories":[5],"tags":[],"yoast_head":"<!-- This site is optimized with the Yoast SEO plugin v21.6 - https:\/\/yoast.com\/wordpress\/plugins\/seo\/ -->\n<title>Oslobo\u0111eni za zlo\u010dine u Zecovima kod Prijedora tra\u017ei vi\u0161e od 100.000 maraka naknade - PrijedorDanas.com - Prijedorski gradski portal<\/title>\n<meta name=\"robots\" content=\"index, follow, max-snippet:-1, max-image-preview:large, max-video-preview:-1\" \/>\n<link rel=\"canonical\" href=\"https:\/\/www.prijedordanas.com\/?p=267614\" \/>\n<meta property=\"og:locale\" content=\"en_US\" \/>\n<meta property=\"og:type\" content=\"article\" \/>\n<meta property=\"og:title\" content=\"Oslobo\u0111eni za zlo\u010dine u Zecovima kod Prijedora tra\u017ei vi\u0161e od 100.000 maraka naknade - PrijedorDanas.com - Prijedorski gradski portal\" \/>\n<meta property=\"og:description\" content=\"Radovan \u010ceti\u0107, koji je pravosna\u017eno oslobo\u0111en optu\u017ebe za zlo\u010dine u Zecovima, u tu\u017ebenom zahtjevu je zatra\u017eio da mu Bosna i Hercegovina na ime materijalne i nematerijalne \u0161tete, uz zakonske zatezne [&hellip;]\" \/>\n<meta property=\"og:url\" content=\"https:\/\/www.prijedordanas.com\/?p=267614\" \/>\n<meta property=\"og:site_name\" content=\"PrijedorDanas.com - Prijedorski gradski portal\" \/>\n<meta property=\"article:publisher\" content=\"https:\/\/www.facebook.com\/PrijedorDanasCom\/\" \/>\n<meta property=\"article:published_time\" content=\"2026-04-21T22:12:58+00:00\" \/>\n<meta property=\"og:image\" content=\"https:\/\/www.prijedordanas.com\/wp-content\/uploads\/2025\/11\/detektor-sud-bih-2-300x225.jpg\" \/>\n<meta name=\"author\" content=\"admin\" \/>\n<meta name=\"twitter:card\" content=\"summary_large_image\" \/>\n<meta name=\"twitter:label1\" content=\"Written by\" \/>\n\t<meta name=\"twitter:data1\" content=\"admin\" \/>\n\t<meta name=\"twitter:label2\" content=\"Est. reading time\" \/>\n\t<meta name=\"twitter:data2\" content=\"2 minutes\" \/>\n<script type=\"application\/ld+json\" class=\"yoast-schema-graph\">{\"@context\":\"https:\/\/schema.org\",\"@graph\":[{\"@type\":\"Article\",\"@id\":\"https:\/\/www.prijedordanas.com\/?p=267614#article\",\"isPartOf\":{\"@id\":\"https:\/\/www.prijedordanas.com\/?p=267614\"},\"author\":{\"name\":\"admin\",\"@id\":\"https:\/\/www.prijedordanas.com\/#\/schema\/person\/4e08ccf29b506ca916ff86d46bb700e6\"},\"headline\":\"Oslobo\u0111eni za zlo\u010dine u Zecovima kod Prijedora tra\u017ei vi\u0161e od 100.000 maraka naknade\",\"datePublished\":\"2026-04-21T22:12:58+00:00\",\"dateModified\":\"2026-04-21T22:12:58+00:00\",\"mainEntityOfPage\":{\"@id\":\"https:\/\/www.prijedordanas.com\/?p=267614\"},\"wordCount\":473,\"publisher\":{\"@id\":\"https:\/\/www.prijedordanas.com\/#organization\"},\"articleSection\":[\"Hronika\"],\"inLanguage\":\"en-US\"},{\"@type\":\"WebPage\",\"@id\":\"https:\/\/www.prijedordanas.com\/?p=267614\",\"url\":\"https:\/\/www.prijedordanas.com\/?p=267614\",\"name\":\"Oslobo\u0111eni za zlo\u010dine u Zecovima kod Prijedora tra\u017ei vi\u0161e od 100.000 maraka naknade - PrijedorDanas.com - Prijedorski gradski portal\",\"isPartOf\":{\"@id\":\"https:\/\/www.prijedordanas.com\/#website\"},\"datePublished\":\"2026-04-21T22:12:58+00:00\",\"dateModified\":\"2026-04-21T22:12:58+00:00\",\"breadcrumb\":{\"@id\":\"https:\/\/www.prijedordanas.com\/?p=267614#breadcrumb\"},\"inLanguage\":\"en-US\",\"potentialAction\":[{\"@type\":\"ReadAction\",\"target\":[\"https:\/\/www.prijedordanas.com\/?p=267614\"]}]},{\"@type\":\"BreadcrumbList\",\"@id\":\"https:\/\/www.prijedordanas.com\/?p=267614#breadcrumb\",\"itemListElement\":[{\"@type\":\"ListItem\",\"position\":1,\"name\":\"Home\",\"item\":\"https:\/\/www.prijedordanas.com\/\"},{\"@type\":\"ListItem\",\"position\":2,\"name\":\"Oslobo\u0111eni za zlo\u010dine u Zecovima kod Prijedora tra\u017ei vi\u0161e od 100.000 maraka naknade\"}]},{\"@type\":\"WebSite\",\"@id\":\"https:\/\/www.prijedordanas.com\/#website\",\"url\":\"https:\/\/www.prijedordanas.com\/\",\"name\":\"PrijedorDanas.com - Prijedorski gradski portal\",\"description\":\"Portal o doga\u0111anjima u gradu Prijedoru\",\"publisher\":{\"@id\":\"https:\/\/www.prijedordanas.com\/#organization\"},\"potentialAction\":[{\"@type\":\"SearchAction\",\"target\":{\"@type\":\"EntryPoint\",\"urlTemplate\":\"https:\/\/www.prijedordanas.com\/?s={search_term_string}\"},\"query-input\":\"required name=search_term_string\"}],\"inLanguage\":\"en-US\"},{\"@type\":\"Organization\",\"@id\":\"https:\/\/www.prijedordanas.com\/#organization\",\"name\":\"PrijedorDanas.com\",\"url\":\"https:\/\/www.prijedordanas.com\/\",\"logo\":{\"@type\":\"ImageObject\",\"inLanguage\":\"en-US\",\"@id\":\"https:\/\/www.prijedordanas.com\/#\/schema\/logo\/image\/\",\"url\":\"http:\/\/www.prijedordanas.com\/wp-content\/uploads\/2021\/12\/logopng.png\",\"contentUrl\":\"http:\/\/www.prijedordanas.com\/wp-content\/uploads\/2021\/12\/logopng.png\",\"width\":1019,\"height\":776,\"caption\":\"PrijedorDanas.com\"},\"image\":{\"@id\":\"https:\/\/www.prijedordanas.com\/#\/schema\/logo\/image\/\"},\"sameAs\":[\"https:\/\/www.facebook.com\/PrijedorDanasCom\/\"]},{\"@type\":\"Person\",\"@id\":\"https:\/\/www.prijedordanas.com\/#\/schema\/person\/4e08ccf29b506ca916ff86d46bb700e6\",\"name\":\"admin\",\"image\":{\"@type\":\"ImageObject\",\"inLanguage\":\"en-US\",\"@id\":\"https:\/\/www.prijedordanas.com\/#\/schema\/person\/image\/\",\"url\":\"https:\/\/secure.gravatar.com\/avatar\/1d3fc949d550f0b53a5f0d51e06dfd79?s=96&d=mm&r=g\",\"contentUrl\":\"https:\/\/secure.gravatar.com\/avatar\/1d3fc949d550f0b53a5f0d51e06dfd79?s=96&d=mm&r=g\",\"caption\":\"admin\"},\"url\":\"https:\/\/www.prijedordanas.com\/?author=1\"}]}<\/script>\n<!-- \/ Yoast SEO plugin. -->","yoast_head_json":{"title":"Oslobo\u0111eni za zlo\u010dine u Zecovima kod Prijedora tra\u017ei vi\u0161e od 100.000 maraka naknade - PrijedorDanas.com - Prijedorski gradski portal","robots":{"index":"index","follow":"follow","max-snippet":"max-snippet:-1","max-image-preview":"max-image-preview:large","max-video-preview":"max-video-preview:-1"},"canonical":"https:\/\/www.prijedordanas.com\/?p=267614","og_locale":"en_US","og_type":"article","og_title":"Oslobo\u0111eni za zlo\u010dine u Zecovima kod Prijedora tra\u017ei vi\u0161e od 100.000 maraka naknade - PrijedorDanas.com - Prijedorski gradski portal","og_description":"Radovan \u010ceti\u0107, koji je pravosna\u017eno oslobo\u0111en optu\u017ebe za zlo\u010dine u Zecovima, u tu\u017ebenom zahtjevu je zatra\u017eio da mu Bosna i Hercegovina na ime materijalne i nematerijalne \u0161tete, uz zakonske zatezne [&hellip;]","og_url":"https:\/\/www.prijedordanas.com\/?p=267614","og_site_name":"PrijedorDanas.com - Prijedorski gradski portal","article_publisher":"https:\/\/www.facebook.com\/PrijedorDanasCom\/","article_published_time":"2026-04-21T22:12:58+00:00","og_image":[{"url":"https:\/\/www.prijedordanas.com\/wp-content\/uploads\/2025\/11\/detektor-sud-bih-2-300x225.jpg"}],"author":"admin","twitter_card":"summary_large_image","twitter_misc":{"Written by":"admin","Est. reading time":"2 minutes"},"schema":{"@context":"https:\/\/schema.org","@graph":[{"@type":"Article","@id":"https:\/\/www.prijedordanas.com\/?p=267614#article","isPartOf":{"@id":"https:\/\/www.prijedordanas.com\/?p=267614"},"author":{"name":"admin","@id":"https:\/\/www.prijedordanas.com\/#\/schema\/person\/4e08ccf29b506ca916ff86d46bb700e6"},"headline":"Oslobo\u0111eni za zlo\u010dine u Zecovima kod Prijedora tra\u017ei vi\u0161e od 100.000 maraka naknade","datePublished":"2026-04-21T22:12:58+00:00","dateModified":"2026-04-21T22:12:58+00:00","mainEntityOfPage":{"@id":"https:\/\/www.prijedordanas.com\/?p=267614"},"wordCount":473,"publisher":{"@id":"https:\/\/www.prijedordanas.com\/#organization"},"articleSection":["Hronika"],"inLanguage":"en-US"},{"@type":"WebPage","@id":"https:\/\/www.prijedordanas.com\/?p=267614","url":"https:\/\/www.prijedordanas.com\/?p=267614","name":"Oslobo\u0111eni za zlo\u010dine u Zecovima kod Prijedora tra\u017ei vi\u0161e od 100.000 maraka naknade - PrijedorDanas.com - Prijedorski gradski portal","isPartOf":{"@id":"https:\/\/www.prijedordanas.com\/#website"},"datePublished":"2026-04-21T22:12:58+00:00","dateModified":"2026-04-21T22:12:58+00:00","breadcrumb":{"@id":"https:\/\/www.prijedordanas.com\/?p=267614#breadcrumb"},"inLanguage":"en-US","potentialAction":[{"@type":"ReadAction","target":["https:\/\/www.prijedordanas.com\/?p=267614"]}]},{"@type":"BreadcrumbList","@id":"https:\/\/www.prijedordanas.com\/?p=267614#breadcrumb","itemListElement":[{"@type":"ListItem","position":1,"name":"Home","item":"https:\/\/www.prijedordanas.com\/"},{"@type":"ListItem","position":2,"name":"Oslobo\u0111eni za zlo\u010dine u Zecovima kod Prijedora tra\u017ei vi\u0161e od 100.000 maraka naknade"}]},{"@type":"WebSite","@id":"https:\/\/www.prijedordanas.com\/#website","url":"https:\/\/www.prijedordanas.com\/","name":"PrijedorDanas.com - Prijedorski gradski portal","description":"Portal o doga\u0111anjima u gradu Prijedoru","publisher":{"@id":"https:\/\/www.prijedordanas.com\/#organization"},"potentialAction":[{"@type":"SearchAction","target":{"@type":"EntryPoint","urlTemplate":"https:\/\/www.prijedordanas.com\/?s={search_term_string}"},"query-input":"required name=search_term_string"}],"inLanguage":"en-US"},{"@type":"Organization","@id":"https:\/\/www.prijedordanas.com\/#organization","name":"PrijedorDanas.com","url":"https:\/\/www.prijedordanas.com\/","logo":{"@type":"ImageObject","inLanguage":"en-US","@id":"https:\/\/www.prijedordanas.com\/#\/schema\/logo\/image\/","url":"http:\/\/www.prijedordanas.com\/wp-content\/uploads\/2021\/12\/logopng.png","contentUrl":"http:\/\/www.prijedordanas.com\/wp-content\/uploads\/2021\/12\/logopng.png","width":1019,"height":776,"caption":"PrijedorDanas.com"},"image":{"@id":"https:\/\/www.prijedordanas.com\/#\/schema\/logo\/image\/"},"sameAs":["https:\/\/www.facebook.com\/PrijedorDanasCom\/"]},{"@type":"Person","@id":"https:\/\/www.prijedordanas.com\/#\/schema\/person\/4e08ccf29b506ca916ff86d46bb700e6","name":"admin","image":{"@type":"ImageObject","inLanguage":"en-US","@id":"https:\/\/www.prijedordanas.com\/#\/schema\/person\/image\/","url":"https:\/\/secure.gravatar.com\/avatar\/1d3fc949d550f0b53a5f0d51e06dfd79?s=96&d=mm&r=g","contentUrl":"https:\/\/secure.gravatar.com\/avatar\/1d3fc949d550f0b53a5f0d51e06dfd79?s=96&d=mm&r=g","caption":"admin"},"url":"https:\/\/www.prijedordanas.com\/?author=1"}]}},"_links":{"self":[{"href":"https:\/\/www.prijedordanas.com\/index.php?rest_route=\/wp\/v2\/posts\/267614"}],"collection":[{"href":"https:\/\/www.prijedordanas.com\/index.php?rest_route=\/wp\/v2\/posts"}],"about":[{"href":"https:\/\/www.prijedordanas.com\/index.php?rest_route=\/wp\/v2\/types\/post"}],"author":[{"embeddable":true,"href":"https:\/\/www.prijedordanas.com\/index.php?rest_route=\/wp\/v2\/users\/1"}],"replies":[{"embeddable":true,"href":"https:\/\/www.prijedordanas.com\/index.php?rest_route=%2Fwp%2Fv2%2Fcomments&post=267614"}],"version-history":[{"count":1,"href":"https:\/\/www.prijedordanas.com\/index.php?rest_route=\/wp\/v2\/posts\/267614\/revisions"}],"predecessor-version":[{"id":267615,"href":"https:\/\/www.prijedordanas.com\/index.php?rest_route=\/wp\/v2\/posts\/267614\/revisions\/267615"}],"wp:attachment":[{"href":"https:\/\/www.prijedordanas.com\/index.php?rest_route=%2Fwp%2Fv2%2Fmedia&parent=267614"}],"wp:term":[{"taxonomy":"category","embeddable":true,"href":"https:\/\/www.prijedordanas.com\/index.php?rest_route=%2Fwp%2Fv2%2Fcategories&post=267614"},{"taxonomy":"post_tag","embeddable":true,"href":"https:\/\/www.prijedordanas.com\/index.php?rest_route=%2Fwp%2Fv2%2Ftags&post=267614"}],"curies":[{"name":"wp","href":"https:\/\/api.w.org\/{rel}","templated":true}]}}