{"id":267566,"date":"2026-04-21T14:20:51","date_gmt":"2026-04-21T12:20:51","guid":{"rendered":"https:\/\/www.prijedordanas.com\/?p=267566"},"modified":"2026-04-21T14:20:51","modified_gmt":"2026-04-21T12:20:51","slug":"odrzana-4-ulicna-trka-kroz-derventu-2026-zapazeni-rezultati-prijedorskih-atleticara","status":"publish","type":"post","link":"https:\/\/www.prijedordanas.com\/?p=267566","title":{"rendered":"Odr\u017eana 4. uli\u010dna trka &#8220;Kroz Derventu 2026&#8221;: Zapa\u017eeni rezultati prijedorskih atleti\u010dara"},"content":{"rendered":"<p><a href=\"https:\/\/www.prijedordanas.com\/wp-content\/uploads\/2026\/04\/ak-prijedor-ulicna-trka-kroz-derventu-2026.jpg\"><img loading=\"lazy\" decoding=\"async\" src=\"https:\/\/www.prijedordanas.com\/wp-content\/uploads\/2026\/04\/ak-prijedor-ulicna-trka-kroz-derventu-2026-278x300.jpg\" alt=\"\" width=\"278\" height=\"300\" class=\"alignleft size-medium wp-image-267567\" srcset=\"https:\/\/www.prijedordanas.com\/wp-content\/uploads\/2026\/04\/ak-prijedor-ulicna-trka-kroz-derventu-2026-278x300.jpg 278w, https:\/\/www.prijedordanas.com\/wp-content\/uploads\/2026\/04\/ak-prijedor-ulicna-trka-kroz-derventu-2026.jpg 555w\" sizes=\"(max-width: 278px) 100vw, 278px\" \/><\/a>Odr\u017eana je 4. uli\u010dna trka \u201eKroz Derventu 2026\u201c, koja je okupila vi\u0161e od 500 takmi\u010dara iz zemlje i regiona. <\/p>\n<p>Me\u0111u u\u010desnicima su se istakli i \u010dlanovi Atletskog kluba \u201ePrijedor\u201c, ostvariv\u0161i niz zapa\u017eenih rezultata u razli\u010ditim uzrasnim kategorijama.<\/p>\n<p>U najmla\u0111im kategorijama (cicibani 2019\/2020) Sofija Vujkovi\u0107 osvojila je 3. mjesto. U kategoriji 2017\/2018 nastupili su Mia Mijatovi\u0107 (2. mjesto), Vasilije Vujinovi\u0107 (3. mjesto) i Ina Kobas (5. mjesto).<\/p>\n<p>U uzrastu 2013\/2014 posebno su se istakli Vuk Majstorovi\u0107 (1. mjesto), Lav Tati\u0107 (2. mjesto) i Elena Bilbija (2. mjesto), dok su Igor \u010ci\u010da i Natalija Kne\u017eevi\u0107 zauzeli 4. mjesta, a Lana Tuta 5. mjesto.<\/p>\n<p>U kategoriji 2011\/2012 odli\u010dan rezultat ostvario je Sergej Kne\u017eevi\u0107 osvojiv\u0161i 1. mjesto, dok je Nikola Bakal bio 4.<\/p>\n<p>Me\u0111u juniorima (2007\u20132010), Danilo Popovi\u0107 osvojio je 3. mjesto, a Ognjen Kondi\u0107 5. mjesto.<\/p>\n<p>U trci mama i tata (150 m): Tijana Ti\u0161ma Rajili\u0107 (1. mjesto), Danijel Bilbija (2. mjesto) i Aleksandra Mijatovi\u0107 (3. mjesto).<\/p>\n<p>U trci veterana (3000 m): Milan Popovi\u0107 zauzeo je 4. mjesto.<\/p>\n<p>Ova manifestacija jo\u0161 jednom je pokazala veliki sportski duh i masovnost atletike u regionu, kao i uspje\u0161an rad mladih sportista i njihovih trenera.<\/p>\n<p><a href=\"https:\/\/kozarski.com\/odrzana-4-ulicna-trka-kroz-derventu-2026\/\" rel=\"noopener\" target=\"_blank\">kozarski.com<\/a><\/p>\n","protected":false},"excerpt":{"rendered":"<p>Odr\u017eana je 4. uli\u010dna trka \u201eKroz Derventu 2026\u201c, koja je okupila vi\u0161e od 500 takmi\u010dara iz zemlje i regiona. Me\u0111u u\u010desnicima su se istakli i \u010dlanovi Atletskog kluba \u201ePrijedor\u201c, ostvariv\u0161i [&hellip;]<\/p>\n","protected":false},"author":1,"featured_media":0,"comment_status":"closed","ping_status":"open","sticky":false,"template":"","format":"standard","meta":{"_monsterinsights_skip_tracking":false,"_monsterinsights_sitenote_active":false,"_monsterinsights_sitenote_note":"","_monsterinsights_sitenote_category":0,"footnotes":""},"categories":[7],"tags":[],"yoast_head":"<!-- This site is optimized with the Yoast SEO plugin v21.6 - https:\/\/yoast.com\/wordpress\/plugins\/seo\/ -->\n<title>Odr\u017eana 4. uli\u010dna trka &quot;Kroz Derventu 2026&quot;: Zapa\u017eeni rezultati prijedorskih atleti\u010dara - PrijedorDanas.com - Prijedorski gradski portal<\/title>\n<meta name=\"robots\" content=\"index, follow, max-snippet:-1, max-image-preview:large, max-video-preview:-1\" \/>\n<link rel=\"canonical\" href=\"https:\/\/www.prijedordanas.com\/?p=267566\" \/>\n<meta property=\"og:locale\" content=\"en_US\" \/>\n<meta property=\"og:type\" content=\"article\" \/>\n<meta property=\"og:title\" content=\"Odr\u017eana 4. uli\u010dna trka &quot;Kroz Derventu 2026&quot;: Zapa\u017eeni rezultati prijedorskih atleti\u010dara - PrijedorDanas.com - Prijedorski gradski portal\" \/>\n<meta property=\"og:description\" content=\"Odr\u017eana je 4. uli\u010dna trka \u201eKroz Derventu 2026\u201c, koja je okupila vi\u0161e od 500 takmi\u010dara iz zemlje i regiona. Me\u0111u u\u010desnicima su se istakli i \u010dlanovi Atletskog kluba \u201ePrijedor\u201c, ostvariv\u0161i [&hellip;]\" \/>\n<meta property=\"og:url\" content=\"https:\/\/www.prijedordanas.com\/?p=267566\" \/>\n<meta property=\"og:site_name\" content=\"PrijedorDanas.com - Prijedorski gradski portal\" \/>\n<meta property=\"article:publisher\" content=\"https:\/\/www.facebook.com\/PrijedorDanasCom\/\" \/>\n<meta property=\"article:published_time\" content=\"2026-04-21T12:20:51+00:00\" \/>\n<meta property=\"og:image\" content=\"https:\/\/www.prijedordanas.com\/wp-content\/uploads\/2026\/04\/ak-prijedor-ulicna-trka-kroz-derventu-2026-278x300.jpg\" \/>\n<meta name=\"author\" content=\"admin\" \/>\n<meta name=\"twitter:card\" content=\"summary_large_image\" \/>\n<meta name=\"twitter:label1\" content=\"Written by\" \/>\n\t<meta name=\"twitter:data1\" content=\"admin\" \/>\n<script type=\"application\/ld+json\" class=\"yoast-schema-graph\">{\"@context\":\"https:\/\/schema.org\",\"@graph\":[{\"@type\":\"Article\",\"@id\":\"https:\/\/www.prijedordanas.com\/?p=267566#article\",\"isPartOf\":{\"@id\":\"https:\/\/www.prijedordanas.com\/?p=267566\"},\"author\":{\"name\":\"admin\",\"@id\":\"https:\/\/www.prijedordanas.com\/#\/schema\/person\/4e08ccf29b506ca916ff86d46bb700e6\"},\"headline\":\"Odr\u017eana 4. uli\u010dna trka &#8220;Kroz Derventu 2026&#8221;: Zapa\u017eeni rezultati prijedorskih atleti\u010dara\",\"datePublished\":\"2026-04-21T12:20:51+00:00\",\"dateModified\":\"2026-04-21T12:20:51+00:00\",\"mainEntityOfPage\":{\"@id\":\"https:\/\/www.prijedordanas.com\/?p=267566\"},\"wordCount\":194,\"publisher\":{\"@id\":\"https:\/\/www.prijedordanas.com\/#organization\"},\"articleSection\":[\"Sport\"],\"inLanguage\":\"en-US\"},{\"@type\":\"WebPage\",\"@id\":\"https:\/\/www.prijedordanas.com\/?p=267566\",\"url\":\"https:\/\/www.prijedordanas.com\/?p=267566\",\"name\":\"Odr\u017eana 4. uli\u010dna trka \\\"Kroz Derventu 2026\\\": Zapa\u017eeni rezultati prijedorskih atleti\u010dara - PrijedorDanas.com - Prijedorski gradski portal\",\"isPartOf\":{\"@id\":\"https:\/\/www.prijedordanas.com\/#website\"},\"datePublished\":\"2026-04-21T12:20:51+00:00\",\"dateModified\":\"2026-04-21T12:20:51+00:00\",\"breadcrumb\":{\"@id\":\"https:\/\/www.prijedordanas.com\/?p=267566#breadcrumb\"},\"inLanguage\":\"en-US\",\"potentialAction\":[{\"@type\":\"ReadAction\",\"target\":[\"https:\/\/www.prijedordanas.com\/?p=267566\"]}]},{\"@type\":\"BreadcrumbList\",\"@id\":\"https:\/\/www.prijedordanas.com\/?p=267566#breadcrumb\",\"itemListElement\":[{\"@type\":\"ListItem\",\"position\":1,\"name\":\"Home\",\"item\":\"https:\/\/www.prijedordanas.com\/\"},{\"@type\":\"ListItem\",\"position\":2,\"name\":\"Odr\u017eana 4. uli\u010dna trka &#8220;Kroz Derventu 2026&#8221;: Zapa\u017eeni rezultati prijedorskih atleti\u010dara\"}]},{\"@type\":\"WebSite\",\"@id\":\"https:\/\/www.prijedordanas.com\/#website\",\"url\":\"https:\/\/www.prijedordanas.com\/\",\"name\":\"PrijedorDanas.com - Prijedorski gradski portal\",\"description\":\"Portal o doga\u0111anjima u gradu Prijedoru\",\"publisher\":{\"@id\":\"https:\/\/www.prijedordanas.com\/#organization\"},\"potentialAction\":[{\"@type\":\"SearchAction\",\"target\":{\"@type\":\"EntryPoint\",\"urlTemplate\":\"https:\/\/www.prijedordanas.com\/?s={search_term_string}\"},\"query-input\":\"required name=search_term_string\"}],\"inLanguage\":\"en-US\"},{\"@type\":\"Organization\",\"@id\":\"https:\/\/www.prijedordanas.com\/#organization\",\"name\":\"PrijedorDanas.com\",\"url\":\"https:\/\/www.prijedordanas.com\/\",\"logo\":{\"@type\":\"ImageObject\",\"inLanguage\":\"en-US\",\"@id\":\"https:\/\/www.prijedordanas.com\/#\/schema\/logo\/image\/\",\"url\":\"http:\/\/www.prijedordanas.com\/wp-content\/uploads\/2021\/12\/logopng.png\",\"contentUrl\":\"http:\/\/www.prijedordanas.com\/wp-content\/uploads\/2021\/12\/logopng.png\",\"width\":1019,\"height\":776,\"caption\":\"PrijedorDanas.com\"},\"image\":{\"@id\":\"https:\/\/www.prijedordanas.com\/#\/schema\/logo\/image\/\"},\"sameAs\":[\"https:\/\/www.facebook.com\/PrijedorDanasCom\/\"]},{\"@type\":\"Person\",\"@id\":\"https:\/\/www.prijedordanas.com\/#\/schema\/person\/4e08ccf29b506ca916ff86d46bb700e6\",\"name\":\"admin\",\"image\":{\"@type\":\"ImageObject\",\"inLanguage\":\"en-US\",\"@id\":\"https:\/\/www.prijedordanas.com\/#\/schema\/person\/image\/\",\"url\":\"https:\/\/secure.gravatar.com\/avatar\/1d3fc949d550f0b53a5f0d51e06dfd79?s=96&d=mm&r=g\",\"contentUrl\":\"https:\/\/secure.gravatar.com\/avatar\/1d3fc949d550f0b53a5f0d51e06dfd79?s=96&d=mm&r=g\",\"caption\":\"admin\"},\"url\":\"https:\/\/www.prijedordanas.com\/?author=1\"}]}<\/script>\n<!-- \/ Yoast SEO plugin. -->","yoast_head_json":{"title":"Odr\u017eana 4. uli\u010dna trka \"Kroz Derventu 2026\": Zapa\u017eeni rezultati prijedorskih atleti\u010dara - PrijedorDanas.com - Prijedorski gradski portal","robots":{"index":"index","follow":"follow","max-snippet":"max-snippet:-1","max-image-preview":"max-image-preview:large","max-video-preview":"max-video-preview:-1"},"canonical":"https:\/\/www.prijedordanas.com\/?p=267566","og_locale":"en_US","og_type":"article","og_title":"Odr\u017eana 4. uli\u010dna trka \"Kroz Derventu 2026\": Zapa\u017eeni rezultati prijedorskih atleti\u010dara - PrijedorDanas.com - Prijedorski gradski portal","og_description":"Odr\u017eana je 4. uli\u010dna trka \u201eKroz Derventu 2026\u201c, koja je okupila vi\u0161e od 500 takmi\u010dara iz zemlje i regiona. Me\u0111u u\u010desnicima su se istakli i \u010dlanovi Atletskog kluba \u201ePrijedor\u201c, ostvariv\u0161i [&hellip;]","og_url":"https:\/\/www.prijedordanas.com\/?p=267566","og_site_name":"PrijedorDanas.com - Prijedorski gradski portal","article_publisher":"https:\/\/www.facebook.com\/PrijedorDanasCom\/","article_published_time":"2026-04-21T12:20:51+00:00","og_image":[{"url":"https:\/\/www.prijedordanas.com\/wp-content\/uploads\/2026\/04\/ak-prijedor-ulicna-trka-kroz-derventu-2026-278x300.jpg"}],"author":"admin","twitter_card":"summary_large_image","twitter_misc":{"Written by":"admin"},"schema":{"@context":"https:\/\/schema.org","@graph":[{"@type":"Article","@id":"https:\/\/www.prijedordanas.com\/?p=267566#article","isPartOf":{"@id":"https:\/\/www.prijedordanas.com\/?p=267566"},"author":{"name":"admin","@id":"https:\/\/www.prijedordanas.com\/#\/schema\/person\/4e08ccf29b506ca916ff86d46bb700e6"},"headline":"Odr\u017eana 4. uli\u010dna trka &#8220;Kroz Derventu 2026&#8221;: Zapa\u017eeni rezultati prijedorskih atleti\u010dara","datePublished":"2026-04-21T12:20:51+00:00","dateModified":"2026-04-21T12:20:51+00:00","mainEntityOfPage":{"@id":"https:\/\/www.prijedordanas.com\/?p=267566"},"wordCount":194,"publisher":{"@id":"https:\/\/www.prijedordanas.com\/#organization"},"articleSection":["Sport"],"inLanguage":"en-US"},{"@type":"WebPage","@id":"https:\/\/www.prijedordanas.com\/?p=267566","url":"https:\/\/www.prijedordanas.com\/?p=267566","name":"Odr\u017eana 4. uli\u010dna trka \"Kroz Derventu 2026\": Zapa\u017eeni rezultati prijedorskih atleti\u010dara - PrijedorDanas.com - Prijedorski gradski portal","isPartOf":{"@id":"https:\/\/www.prijedordanas.com\/#website"},"datePublished":"2026-04-21T12:20:51+00:00","dateModified":"2026-04-21T12:20:51+00:00","breadcrumb":{"@id":"https:\/\/www.prijedordanas.com\/?p=267566#breadcrumb"},"inLanguage":"en-US","potentialAction":[{"@type":"ReadAction","target":["https:\/\/www.prijedordanas.com\/?p=267566"]}]},{"@type":"BreadcrumbList","@id":"https:\/\/www.prijedordanas.com\/?p=267566#breadcrumb","itemListElement":[{"@type":"ListItem","position":1,"name":"Home","item":"https:\/\/www.prijedordanas.com\/"},{"@type":"ListItem","position":2,"name":"Odr\u017eana 4. uli\u010dna trka &#8220;Kroz Derventu 2026&#8221;: Zapa\u017eeni rezultati prijedorskih atleti\u010dara"}]},{"@type":"WebSite","@id":"https:\/\/www.prijedordanas.com\/#website","url":"https:\/\/www.prijedordanas.com\/","name":"PrijedorDanas.com - Prijedorski gradski portal","description":"Portal o doga\u0111anjima u gradu Prijedoru","publisher":{"@id":"https:\/\/www.prijedordanas.com\/#organization"},"potentialAction":[{"@type":"SearchAction","target":{"@type":"EntryPoint","urlTemplate":"https:\/\/www.prijedordanas.com\/?s={search_term_string}"},"query-input":"required name=search_term_string"}],"inLanguage":"en-US"},{"@type":"Organization","@id":"https:\/\/www.prijedordanas.com\/#organization","name":"PrijedorDanas.com","url":"https:\/\/www.prijedordanas.com\/","logo":{"@type":"ImageObject","inLanguage":"en-US","@id":"https:\/\/www.prijedordanas.com\/#\/schema\/logo\/image\/","url":"http:\/\/www.prijedordanas.com\/wp-content\/uploads\/2021\/12\/logopng.png","contentUrl":"http:\/\/www.prijedordanas.com\/wp-content\/uploads\/2021\/12\/logopng.png","width":1019,"height":776,"caption":"PrijedorDanas.com"},"image":{"@id":"https:\/\/www.prijedordanas.com\/#\/schema\/logo\/image\/"},"sameAs":["https:\/\/www.facebook.com\/PrijedorDanasCom\/"]},{"@type":"Person","@id":"https:\/\/www.prijedordanas.com\/#\/schema\/person\/4e08ccf29b506ca916ff86d46bb700e6","name":"admin","image":{"@type":"ImageObject","inLanguage":"en-US","@id":"https:\/\/www.prijedordanas.com\/#\/schema\/person\/image\/","url":"https:\/\/secure.gravatar.com\/avatar\/1d3fc949d550f0b53a5f0d51e06dfd79?s=96&d=mm&r=g","contentUrl":"https:\/\/secure.gravatar.com\/avatar\/1d3fc949d550f0b53a5f0d51e06dfd79?s=96&d=mm&r=g","caption":"admin"},"url":"https:\/\/www.prijedordanas.com\/?author=1"}]}},"_links":{"self":[{"href":"https:\/\/www.prijedordanas.com\/index.php?rest_route=\/wp\/v2\/posts\/267566"}],"collection":[{"href":"https:\/\/www.prijedordanas.com\/index.php?rest_route=\/wp\/v2\/posts"}],"about":[{"href":"https:\/\/www.prijedordanas.com\/index.php?rest_route=\/wp\/v2\/types\/post"}],"author":[{"embeddable":true,"href":"https:\/\/www.prijedordanas.com\/index.php?rest_route=\/wp\/v2\/users\/1"}],"replies":[{"embeddable":true,"href":"https:\/\/www.prijedordanas.com\/index.php?rest_route=%2Fwp%2Fv2%2Fcomments&post=267566"}],"version-history":[{"count":1,"href":"https:\/\/www.prijedordanas.com\/index.php?rest_route=\/wp\/v2\/posts\/267566\/revisions"}],"predecessor-version":[{"id":267568,"href":"https:\/\/www.prijedordanas.com\/index.php?rest_route=\/wp\/v2\/posts\/267566\/revisions\/267568"}],"wp:attachment":[{"href":"https:\/\/www.prijedordanas.com\/index.php?rest_route=%2Fwp%2Fv2%2Fmedia&parent=267566"}],"wp:term":[{"taxonomy":"category","embeddable":true,"href":"https:\/\/www.prijedordanas.com\/index.php?rest_route=%2Fwp%2Fv2%2Fcategories&post=267566"},{"taxonomy":"post_tag","embeddable":true,"href":"https:\/\/www.prijedordanas.com\/index.php?rest_route=%2Fwp%2Fv2%2Ftags&post=267566"}],"curies":[{"name":"wp","href":"https:\/\/api.w.org\/{rel}","templated":true}]}}