{"id":267527,"date":"2026-04-21T17:30:52","date_gmt":"2026-04-21T15:30:52","guid":{"rendered":"https:\/\/www.prijedordanas.com\/?p=267527"},"modified":"2026-04-21T17:30:52","modified_gmt":"2026-04-21T15:30:52","slug":"sudenje-glusac-i-ostali-odbrane-i-optuzeni-traze-oslobadajucu-presudu","status":"publish","type":"post","link":"https:\/\/www.prijedordanas.com\/?p=267527","title":{"rendered":"Su\u0111enje Glu\u0161ac i ostali: Odbrane i optu\u017eeni tra\u017ee osloba\u0111aju\u0107u presudu"},"content":{"rendered":"<p><a href=\"https:\/\/www.prijedordanas.com\/wp-content\/uploads\/2025\/02\/sud-bih-2025-8.jpg\"><img loading=\"lazy\" decoding=\"async\" src=\"https:\/\/www.prijedordanas.com\/wp-content\/uploads\/2025\/02\/sud-bih-2025-8-300x225.jpg\" alt=\"\" width=\"300\" height=\"225\" class=\"alignleft size-medium wp-image-241516\" srcset=\"https:\/\/www.prijedordanas.com\/wp-content\/uploads\/2025\/02\/sud-bih-2025-8-300x225.jpg 300w, https:\/\/www.prijedordanas.com\/wp-content\/uploads\/2025\/02\/sud-bih-2025-8-640x480.jpg 640w, https:\/\/www.prijedordanas.com\/wp-content\/uploads\/2025\/02\/sud-bih-2025-8.jpg 668w\" sizes=\"(max-width: 300px) 100vw, 300px\" \/><\/a>Odbrane Ranka Do\u0161enovi\u0107a, Zdravka Pani\u0107a i Trive Vuki\u0107a su u zavr\u0161nim rije\u010dima istakle kako nije postojao udru\u017eeni zlo\u010dina\u010dki poduhvat, ni dogovor optu\u017eenih o po\u010dinjenju krivi\u010dnog djela, niti materijalni dokazi da su po\u010dinili zlo\u010dine na podru\u010dju Prijedora u ljeto 1992. godine.<\/p>\n<p>Optu\u017eeni Ranko Babi\u0107 je u svojoj zavr\u0161noj rije\u010di kazao kako stvarni krivci \u201cza ove nemile doga\u0111aje\u201d likuju jer nikada nisu privedeni. Istakao je kako je njegova supruga bila Bo\u0161njakinja, te da je u ratu pomogao \u201ckome je mogao i kome nije smio\u201d.<\/p>\n<p>Ispri\u010dao je kako je po\u010detkom rata kod njega bila smje\u0161tena njena porodica, te da je on od 1. februara 1992. godine bio anga\u017eovan u Rudniku Ljubija.<\/p>\n<p>\u201cSvi podobni Srbi su bili obavije\u0161teni o preuzimanju vlasti, samo nisam ja, pa umalo nisam poginuo\u201d, rekao je Babi\u0107.<\/p>\n<p>Naveo je kako se vojno anga\u017eovao 31. jula 1992. godine kako bi za\u0161titio suprugu i djecu, koji su maltretirani. Naveo je kako mu je Radmilo Zeljaja kazao da nema mjesta za oficirski kadar, te da je 2. augusta upisan u Ljubijski bataljon.<\/p>\n<p>\u201cU \u2018Monografiji Prijedorske brigade\u2019 samo sam ja naveden bez du\u017enosti. Nisam imao nikakvu komandu ni zapovjednu du\u017enost. Niko u mene nije imao povjerenje. Vje\u0161tak vojne struke je rekao na ovome su\u0111enju kako savjetnik komandanta nije bio predvi\u0111en formacijski niti je imao bilo kakvu komandnu du\u017enost\u201d, kazao je Babi\u0107.<\/p>\n<p>Izrazio je uvjerenje da \u0107e ga Sud osloboditi jer nije prisustvovao nikakvim nezakonitim radnjama.<\/p>\n<p>Babi\u0107 je optu\u017een, s Milodragom Glu\u0161cem, Rankom Do\u0161enovi\u0107em, Zdravkom Pani\u0107em, Trivom i Milanom Vuki\u0107em, Slobodanom Kne\u017eevi\u0107em i Miloradom Obradovi\u0107em, za u\u010de\u0161\u0107e u nezakonitom zarobljavanju i zatvaranju 120 mu\u0161karaca \u2013 u Domu u Miskoj Glavi, a potom i na stadionu u Ljubiji \u2013 te njihovom mu\u010denju i ubistvima po\u010dinjenim krajem jula 1992. godine.<\/p>\n<p>Sa\u0161a Daki\u0107, advokat Do\u0161enovi\u0107a, naveo je kako pomo\u0107nik komandanta nije rukovode\u0107i kadar u bataljonu, te da nije mogao planirati, podsticati, narediti ni sprije\u010diti izvr\u0161enje krivi\u010dnog djela, niti kazniti po\u010dinioce. Naveo je kako je vi\u0161e svjedoka istaklo da je Do\u0161enovi\u0107 bio pripadnik Vojne policije bez ikakve funkcije i ovla\u0161tenja.<\/p>\n<p>\u201cRade Bilbija je bio komandant bataljona. Nijedan materijalni dokaz nema da je Do\u0161enovi\u0107 ne\u0161to naredio. Tu\u017eilac nije dokazao postojanje udru\u017eenog zlo\u010dina\u010dkog poduhvata\u201d, rekao je Daki\u0107 te naveo kako Do\u0161enovi\u0107 nije bio u Ljubiji na stadionu, niti u Kipama, gdje su bila strijeljanja, te zatra\u017eio od Sudskog vije\u0107a da ga oslobodi odgovornosti.<\/p>\n<p>Odbrana Zdravka Pani\u0107a je navela kako Tu\u017eila\u0161tvo nije izvelo nijedan materijalni dokaz da je postojao zajedni\u010dki umi\u0161ljaj optu\u017eenih \u010diji je cilj bio da po\u010dine krivi\u010dna djela, kao i da Optu\u017eba nije ponudila nijedan dokaz da je optu\u017eeni u\u010destvovao u izvo\u0111enju i ubijanju 11 civila iz Doma u Miskoj Glavi.<\/p>\n<p>Pozvali su se iz Odbrane na, kako su rekli, kontradiktorne izjave svjedoka, te ukazali na svjedo\u010denje S-1, koji je izjavio da su vojnici u uniformama \u010ditali spiskove i izveli zarobljene iz Doma u Miskoj Glavi, te da je Pani\u0107 bio u civilu, odnosno da nije imao uniformu. Iz Odbrane su se pozvali i na svjedo\u010denje Nermina Karagi\u0107a, koji je bio u Miskoj Glavi zarobljen, te opisao drugu osobu kao visoku, s bradom i naoru\u017eanu, da je u\u010destvovala u zarobljavanju i odvo\u0111enju.<\/p>\n<p>\u201cVeliki broj svjedoka koji su dali iskaze ovdje su nastojali izbje\u0107i krivi\u010dnu odgovornost\u201d, rekli su iz Odbrane Pani\u0107a i naveli kako nije dokazano da je po\u010dinio zlo\u010dine.<\/p>\n<p>Odbrana Trive Vuki\u0107a je tako\u0111er sporila postojanje udru\u017eenog zlo\u010dina\u010dkog poduhvata, kao i da je optu\u017eeni bio pripadnik Miskoglavske \u010dete. Naveli su kako je on bio pripadnik Teritorijalne odbrane, koja je na nivou seoske stra\u017ee, naveli su, pozivaju\u0107i se na vje\u0161ta\u010denje vje\u0161taka Martina Fran\u010de\u0161evi\u0107a.<\/p>\n<p>\u201cNijedan optu\u017eeni nije djelovao na ostvarenju zajedni\u010dkog cilja. Neosnovana je tvrdnja da je izme\u0111u njih bilo dogovora. Individualna odgovornost mog branjenika nije dokazana\u201d, rekli su iz Odbrane, navode\u0107i kako ga niko od svjedoka nije prepoznao da je u\u010destvovao u zarobljavanju i odvo\u0111enju.<\/p>\n<p>Izno\u0161enje zavr\u0161ne rije\u010di Odbrane se nastavlja 24. aprila.<\/p>\n<p><a href=\"https:\/\/detektor.ba\/2026\/04\/20\/glusac-i-ostali-odbrane-i-optuzeni-traze-oslobadjajucu-presudu\/\" rel=\"noopener\" target=\"_blank\">detektor.ba<\/a><\/p>\n","protected":false},"excerpt":{"rendered":"<p>Odbrane Ranka Do\u0161enovi\u0107a, Zdravka Pani\u0107a i Trive Vuki\u0107a su u zavr\u0161nim rije\u010dima istakle kako nije postojao udru\u017eeni zlo\u010dina\u010dki poduhvat, ni dogovor optu\u017eenih o po\u010dinjenju krivi\u010dnog djela, niti materijalni dokazi da [&hellip;]<\/p>\n","protected":false},"author":1,"featured_media":0,"comment_status":"closed","ping_status":"open","sticky":false,"template":"","format":"standard","meta":{"_monsterinsights_skip_tracking":false,"_monsterinsights_sitenote_active":false,"_monsterinsights_sitenote_note":"","_monsterinsights_sitenote_category":0,"footnotes":""},"categories":[5],"tags":[],"yoast_head":"<!-- This site is optimized with the Yoast SEO plugin v21.6 - https:\/\/yoast.com\/wordpress\/plugins\/seo\/ -->\n<title>Su\u0111enje Glu\u0161ac i ostali: Odbrane i optu\u017eeni tra\u017ee osloba\u0111aju\u0107u presudu - PrijedorDanas.com - Prijedorski gradski portal<\/title>\n<meta name=\"robots\" content=\"index, follow, max-snippet:-1, max-image-preview:large, max-video-preview:-1\" \/>\n<link rel=\"canonical\" href=\"https:\/\/www.prijedordanas.com\/?p=267527\" \/>\n<meta property=\"og:locale\" content=\"en_US\" \/>\n<meta property=\"og:type\" content=\"article\" \/>\n<meta property=\"og:title\" content=\"Su\u0111enje Glu\u0161ac i ostali: Odbrane i optu\u017eeni tra\u017ee osloba\u0111aju\u0107u presudu - PrijedorDanas.com - Prijedorski gradski portal\" \/>\n<meta property=\"og:description\" content=\"Odbrane Ranka Do\u0161enovi\u0107a, Zdravka Pani\u0107a i Trive Vuki\u0107a su u zavr\u0161nim rije\u010dima istakle kako nije postojao udru\u017eeni zlo\u010dina\u010dki poduhvat, ni dogovor optu\u017eenih o po\u010dinjenju krivi\u010dnog djela, niti materijalni dokazi da [&hellip;]\" \/>\n<meta property=\"og:url\" content=\"https:\/\/www.prijedordanas.com\/?p=267527\" \/>\n<meta property=\"og:site_name\" content=\"PrijedorDanas.com - Prijedorski gradski portal\" \/>\n<meta property=\"article:publisher\" content=\"https:\/\/www.facebook.com\/PrijedorDanasCom\/\" \/>\n<meta property=\"article:published_time\" content=\"2026-04-21T15:30:52+00:00\" \/>\n<meta property=\"og:image\" content=\"https:\/\/www.prijedordanas.com\/wp-content\/uploads\/2025\/02\/sud-bih-2025-8-300x225.jpg\" \/>\n<meta name=\"author\" content=\"admin\" \/>\n<meta name=\"twitter:card\" content=\"summary_large_image\" \/>\n<meta name=\"twitter:label1\" content=\"Written by\" \/>\n\t<meta name=\"twitter:data1\" content=\"admin\" \/>\n\t<meta name=\"twitter:label2\" content=\"Est. reading time\" \/>\n\t<meta name=\"twitter:data2\" content=\"3 minutes\" \/>\n<script type=\"application\/ld+json\" class=\"yoast-schema-graph\">{\"@context\":\"https:\/\/schema.org\",\"@graph\":[{\"@type\":\"Article\",\"@id\":\"https:\/\/www.prijedordanas.com\/?p=267527#article\",\"isPartOf\":{\"@id\":\"https:\/\/www.prijedordanas.com\/?p=267527\"},\"author\":{\"name\":\"admin\",\"@id\":\"https:\/\/www.prijedordanas.com\/#\/schema\/person\/4e08ccf29b506ca916ff86d46bb700e6\"},\"headline\":\"Su\u0111enje Glu\u0161ac i ostali: Odbrane i optu\u017eeni tra\u017ee osloba\u0111aju\u0107u presudu\",\"datePublished\":\"2026-04-21T15:30:52+00:00\",\"dateModified\":\"2026-04-21T15:30:52+00:00\",\"mainEntityOfPage\":{\"@id\":\"https:\/\/www.prijedordanas.com\/?p=267527\"},\"wordCount\":752,\"publisher\":{\"@id\":\"https:\/\/www.prijedordanas.com\/#organization\"},\"articleSection\":[\"Hronika\"],\"inLanguage\":\"en-US\"},{\"@type\":\"WebPage\",\"@id\":\"https:\/\/www.prijedordanas.com\/?p=267527\",\"url\":\"https:\/\/www.prijedordanas.com\/?p=267527\",\"name\":\"Su\u0111enje Glu\u0161ac i ostali: Odbrane i optu\u017eeni tra\u017ee osloba\u0111aju\u0107u presudu - PrijedorDanas.com - Prijedorski gradski portal\",\"isPartOf\":{\"@id\":\"https:\/\/www.prijedordanas.com\/#website\"},\"datePublished\":\"2026-04-21T15:30:52+00:00\",\"dateModified\":\"2026-04-21T15:30:52+00:00\",\"breadcrumb\":{\"@id\":\"https:\/\/www.prijedordanas.com\/?p=267527#breadcrumb\"},\"inLanguage\":\"en-US\",\"potentialAction\":[{\"@type\":\"ReadAction\",\"target\":[\"https:\/\/www.prijedordanas.com\/?p=267527\"]}]},{\"@type\":\"BreadcrumbList\",\"@id\":\"https:\/\/www.prijedordanas.com\/?p=267527#breadcrumb\",\"itemListElement\":[{\"@type\":\"ListItem\",\"position\":1,\"name\":\"Home\",\"item\":\"https:\/\/www.prijedordanas.com\/\"},{\"@type\":\"ListItem\",\"position\":2,\"name\":\"Su\u0111enje Glu\u0161ac i ostali: Odbrane i optu\u017eeni tra\u017ee osloba\u0111aju\u0107u presudu\"}]},{\"@type\":\"WebSite\",\"@id\":\"https:\/\/www.prijedordanas.com\/#website\",\"url\":\"https:\/\/www.prijedordanas.com\/\",\"name\":\"PrijedorDanas.com - Prijedorski gradski portal\",\"description\":\"Portal o doga\u0111anjima u gradu Prijedoru\",\"publisher\":{\"@id\":\"https:\/\/www.prijedordanas.com\/#organization\"},\"potentialAction\":[{\"@type\":\"SearchAction\",\"target\":{\"@type\":\"EntryPoint\",\"urlTemplate\":\"https:\/\/www.prijedordanas.com\/?s={search_term_string}\"},\"query-input\":\"required name=search_term_string\"}],\"inLanguage\":\"en-US\"},{\"@type\":\"Organization\",\"@id\":\"https:\/\/www.prijedordanas.com\/#organization\",\"name\":\"PrijedorDanas.com\",\"url\":\"https:\/\/www.prijedordanas.com\/\",\"logo\":{\"@type\":\"ImageObject\",\"inLanguage\":\"en-US\",\"@id\":\"https:\/\/www.prijedordanas.com\/#\/schema\/logo\/image\/\",\"url\":\"http:\/\/www.prijedordanas.com\/wp-content\/uploads\/2021\/12\/logopng.png\",\"contentUrl\":\"http:\/\/www.prijedordanas.com\/wp-content\/uploads\/2021\/12\/logopng.png\",\"width\":1019,\"height\":776,\"caption\":\"PrijedorDanas.com\"},\"image\":{\"@id\":\"https:\/\/www.prijedordanas.com\/#\/schema\/logo\/image\/\"},\"sameAs\":[\"https:\/\/www.facebook.com\/PrijedorDanasCom\/\"]},{\"@type\":\"Person\",\"@id\":\"https:\/\/www.prijedordanas.com\/#\/schema\/person\/4e08ccf29b506ca916ff86d46bb700e6\",\"name\":\"admin\",\"image\":{\"@type\":\"ImageObject\",\"inLanguage\":\"en-US\",\"@id\":\"https:\/\/www.prijedordanas.com\/#\/schema\/person\/image\/\",\"url\":\"https:\/\/secure.gravatar.com\/avatar\/1d3fc949d550f0b53a5f0d51e06dfd79?s=96&d=mm&r=g\",\"contentUrl\":\"https:\/\/secure.gravatar.com\/avatar\/1d3fc949d550f0b53a5f0d51e06dfd79?s=96&d=mm&r=g\",\"caption\":\"admin\"},\"url\":\"https:\/\/www.prijedordanas.com\/?author=1\"}]}<\/script>\n<!-- \/ Yoast SEO plugin. -->","yoast_head_json":{"title":"Su\u0111enje Glu\u0161ac i ostali: Odbrane i optu\u017eeni tra\u017ee osloba\u0111aju\u0107u presudu - PrijedorDanas.com - Prijedorski gradski portal","robots":{"index":"index","follow":"follow","max-snippet":"max-snippet:-1","max-image-preview":"max-image-preview:large","max-video-preview":"max-video-preview:-1"},"canonical":"https:\/\/www.prijedordanas.com\/?p=267527","og_locale":"en_US","og_type":"article","og_title":"Su\u0111enje Glu\u0161ac i ostali: Odbrane i optu\u017eeni tra\u017ee osloba\u0111aju\u0107u presudu - PrijedorDanas.com - Prijedorski gradski portal","og_description":"Odbrane Ranka Do\u0161enovi\u0107a, Zdravka Pani\u0107a i Trive Vuki\u0107a su u zavr\u0161nim rije\u010dima istakle kako nije postojao udru\u017eeni zlo\u010dina\u010dki poduhvat, ni dogovor optu\u017eenih o po\u010dinjenju krivi\u010dnog djela, niti materijalni dokazi da [&hellip;]","og_url":"https:\/\/www.prijedordanas.com\/?p=267527","og_site_name":"PrijedorDanas.com - Prijedorski gradski portal","article_publisher":"https:\/\/www.facebook.com\/PrijedorDanasCom\/","article_published_time":"2026-04-21T15:30:52+00:00","og_image":[{"url":"https:\/\/www.prijedordanas.com\/wp-content\/uploads\/2025\/02\/sud-bih-2025-8-300x225.jpg"}],"author":"admin","twitter_card":"summary_large_image","twitter_misc":{"Written by":"admin","Est. reading time":"3 minutes"},"schema":{"@context":"https:\/\/schema.org","@graph":[{"@type":"Article","@id":"https:\/\/www.prijedordanas.com\/?p=267527#article","isPartOf":{"@id":"https:\/\/www.prijedordanas.com\/?p=267527"},"author":{"name":"admin","@id":"https:\/\/www.prijedordanas.com\/#\/schema\/person\/4e08ccf29b506ca916ff86d46bb700e6"},"headline":"Su\u0111enje Glu\u0161ac i ostali: Odbrane i optu\u017eeni tra\u017ee osloba\u0111aju\u0107u presudu","datePublished":"2026-04-21T15:30:52+00:00","dateModified":"2026-04-21T15:30:52+00:00","mainEntityOfPage":{"@id":"https:\/\/www.prijedordanas.com\/?p=267527"},"wordCount":752,"publisher":{"@id":"https:\/\/www.prijedordanas.com\/#organization"},"articleSection":["Hronika"],"inLanguage":"en-US"},{"@type":"WebPage","@id":"https:\/\/www.prijedordanas.com\/?p=267527","url":"https:\/\/www.prijedordanas.com\/?p=267527","name":"Su\u0111enje Glu\u0161ac i ostali: Odbrane i optu\u017eeni tra\u017ee osloba\u0111aju\u0107u presudu - PrijedorDanas.com - Prijedorski gradski portal","isPartOf":{"@id":"https:\/\/www.prijedordanas.com\/#website"},"datePublished":"2026-04-21T15:30:52+00:00","dateModified":"2026-04-21T15:30:52+00:00","breadcrumb":{"@id":"https:\/\/www.prijedordanas.com\/?p=267527#breadcrumb"},"inLanguage":"en-US","potentialAction":[{"@type":"ReadAction","target":["https:\/\/www.prijedordanas.com\/?p=267527"]}]},{"@type":"BreadcrumbList","@id":"https:\/\/www.prijedordanas.com\/?p=267527#breadcrumb","itemListElement":[{"@type":"ListItem","position":1,"name":"Home","item":"https:\/\/www.prijedordanas.com\/"},{"@type":"ListItem","position":2,"name":"Su\u0111enje Glu\u0161ac i ostali: Odbrane i optu\u017eeni tra\u017ee osloba\u0111aju\u0107u presudu"}]},{"@type":"WebSite","@id":"https:\/\/www.prijedordanas.com\/#website","url":"https:\/\/www.prijedordanas.com\/","name":"PrijedorDanas.com - Prijedorski gradski portal","description":"Portal o doga\u0111anjima u gradu Prijedoru","publisher":{"@id":"https:\/\/www.prijedordanas.com\/#organization"},"potentialAction":[{"@type":"SearchAction","target":{"@type":"EntryPoint","urlTemplate":"https:\/\/www.prijedordanas.com\/?s={search_term_string}"},"query-input":"required name=search_term_string"}],"inLanguage":"en-US"},{"@type":"Organization","@id":"https:\/\/www.prijedordanas.com\/#organization","name":"PrijedorDanas.com","url":"https:\/\/www.prijedordanas.com\/","logo":{"@type":"ImageObject","inLanguage":"en-US","@id":"https:\/\/www.prijedordanas.com\/#\/schema\/logo\/image\/","url":"http:\/\/www.prijedordanas.com\/wp-content\/uploads\/2021\/12\/logopng.png","contentUrl":"http:\/\/www.prijedordanas.com\/wp-content\/uploads\/2021\/12\/logopng.png","width":1019,"height":776,"caption":"PrijedorDanas.com"},"image":{"@id":"https:\/\/www.prijedordanas.com\/#\/schema\/logo\/image\/"},"sameAs":["https:\/\/www.facebook.com\/PrijedorDanasCom\/"]},{"@type":"Person","@id":"https:\/\/www.prijedordanas.com\/#\/schema\/person\/4e08ccf29b506ca916ff86d46bb700e6","name":"admin","image":{"@type":"ImageObject","inLanguage":"en-US","@id":"https:\/\/www.prijedordanas.com\/#\/schema\/person\/image\/","url":"https:\/\/secure.gravatar.com\/avatar\/1d3fc949d550f0b53a5f0d51e06dfd79?s=96&d=mm&r=g","contentUrl":"https:\/\/secure.gravatar.com\/avatar\/1d3fc949d550f0b53a5f0d51e06dfd79?s=96&d=mm&r=g","caption":"admin"},"url":"https:\/\/www.prijedordanas.com\/?author=1"}]}},"_links":{"self":[{"href":"https:\/\/www.prijedordanas.com\/index.php?rest_route=\/wp\/v2\/posts\/267527"}],"collection":[{"href":"https:\/\/www.prijedordanas.com\/index.php?rest_route=\/wp\/v2\/posts"}],"about":[{"href":"https:\/\/www.prijedordanas.com\/index.php?rest_route=\/wp\/v2\/types\/post"}],"author":[{"embeddable":true,"href":"https:\/\/www.prijedordanas.com\/index.php?rest_route=\/wp\/v2\/users\/1"}],"replies":[{"embeddable":true,"href":"https:\/\/www.prijedordanas.com\/index.php?rest_route=%2Fwp%2Fv2%2Fcomments&post=267527"}],"version-history":[{"count":1,"href":"https:\/\/www.prijedordanas.com\/index.php?rest_route=\/wp\/v2\/posts\/267527\/revisions"}],"predecessor-version":[{"id":267528,"href":"https:\/\/www.prijedordanas.com\/index.php?rest_route=\/wp\/v2\/posts\/267527\/revisions\/267528"}],"wp:attachment":[{"href":"https:\/\/www.prijedordanas.com\/index.php?rest_route=%2Fwp%2Fv2%2Fmedia&parent=267527"}],"wp:term":[{"taxonomy":"category","embeddable":true,"href":"https:\/\/www.prijedordanas.com\/index.php?rest_route=%2Fwp%2Fv2%2Fcategories&post=267527"},{"taxonomy":"post_tag","embeddable":true,"href":"https:\/\/www.prijedordanas.com\/index.php?rest_route=%2Fwp%2Fv2%2Ftags&post=267527"}],"curies":[{"name":"wp","href":"https:\/\/api.w.org\/{rel}","templated":true}]}}