{"id":267463,"date":"2026-04-19T21:30:00","date_gmt":"2026-04-19T19:30:00","guid":{"rendered":"https:\/\/www.prijedordanas.com\/?p=267463"},"modified":"2026-04-19T21:30:00","modified_gmt":"2026-04-19T19:30:00","slug":"zeljko-kasap-o-gasenju-politicke-satire-bez-pardona-20-godina-poslije-je-li-su-vas-traktori","status":"publish","type":"post","link":"https:\/\/www.prijedordanas.com\/?p=267463","title":{"rendered":"\u017deljko Kasap o ga\u0161enju politi\u010dke satire Bez pardona 20 godina poslije: Je..li su vas traktori"},"content":{"rendered":"<p><a href=\"https:\/\/www.prijedordanas.com\/wp-content\/uploads\/2026\/04\/zeljko-kasap-1.jpg\"><img loading=\"lazy\" decoding=\"async\" class=\"alignleft size-medium wp-image-267464\" src=\"https:\/\/www.prijedordanas.com\/wp-content\/uploads\/2026\/04\/zeljko-kasap-1-300x225.jpg\" alt=\"\" width=\"300\" height=\"225\" srcset=\"https:\/\/www.prijedordanas.com\/wp-content\/uploads\/2026\/04\/zeljko-kasap-1-300x225.jpg 300w, https:\/\/www.prijedordanas.com\/wp-content\/uploads\/2026\/04\/zeljko-kasap-1-640x480.jpg 640w, https:\/\/www.prijedordanas.com\/wp-content\/uploads\/2026\/04\/zeljko-kasap-1.jpg 667w\" sizes=\"(max-width: 300px) 100vw, 300px\" \/><\/a>Zato da idemo prema svima bez pardona. Zna\u010di, i pozicija i opozicija i stranci i doma\u0107i. Tako je emisija dobila ime, ja sam kumovao.<\/p>\n<p>Po tome je Prijedor bio prepoznatljiv. A kum Piksi \/Aleksandar Stojkovi\u0107\/ je iz Sanskog Mosta, ja iz Novog Grada, Boris Babi\u0107 iz Sarajeva, njegovi porijeklom iz Kne\u017eice, Neno \/Nedeljko Laj\u0161i\u0107\/ iz Svodne. Jedino Pero \u0160padi\u0107 Prijedor\u010danin.<\/p>\n<p>Bez pardona ima predistoriju. Pero \u0160padi\u0107 je radio na Televiziji Prijedor i do\u0161ao na ideju da pravimo neku humoristi\u010dku emisiju. Bud\u017eet nula, Televizija Prijedor tek po\u010dela s radom, poro\u0111ajne muke. Pero je to prozvao Tik tak \u0161ou. Epizode su trajale po nekih 40-45 minuta. Nas dvojica smo donosili neke svoje ideje, Pero svoje. Za\u017eivjelo je to, gledalo se dokle signal dobacuje, ra\u0161\u010dulo se i onda smo s Borisom, koji je ina\u010de i na\u0161 prijatelj i vodio je Informativno-tehni\u010dki centar RTRS Prijedor, dogovorili da ske\u010deve emitujemo u njihovom uklju\u010divanju u jutarnji program RTRS-a \/urednika Aleksandra Hr\u0161uma\/. I tako je krenulo.<\/p>\n<p><a href=\"https:\/\/www.prijedordanas.com\/wp-content\/uploads\/2026\/04\/zeljko-kasap-2.jpg\"><img loading=\"lazy\" decoding=\"async\" src=\"https:\/\/www.prijedordanas.com\/wp-content\/uploads\/2026\/04\/zeljko-kasap-2-300x225.jpg\" alt=\"\" width=\"300\" height=\"225\" class=\"alignleft size-medium wp-image-267465\" srcset=\"https:\/\/www.prijedordanas.com\/wp-content\/uploads\/2026\/04\/zeljko-kasap-2-300x225.jpg 300w, https:\/\/www.prijedordanas.com\/wp-content\/uploads\/2026\/04\/zeljko-kasap-2-640x480.jpg 640w, https:\/\/www.prijedordanas.com\/wp-content\/uploads\/2026\/04\/zeljko-kasap-2.jpg 667w\" sizes=\"(max-width: 300px) 100vw, 300px\" \/><\/a>Prva dva su Piksijev o ministru kulture i moj, \u017dare i Dalibor zovu Sadama, prodaju dijelove aviona iz Me\u0111uvo\u0111a Ira\u010danima. Reakcije odli\u010dne, pa su nam najprije rekli svakog utorka po dva ske\u010da. I to je i\u0161lo jedno mjesec, dva dana. I onda smo se dogovorili da po\u010dnemo praviti emisiju od nekih 45 minuta. Od po\u010detka je i\u0161la u ve\u010dernjem terminu, ali prvo stidljivo, petkom, pa nedjeljom, pa onda prime time, subotom iza dnevnika. A do\u0161li smo do toga da je na\u0161 marketin\u0161ki minut bio skuplji od dnevni\u010dkog. Kod nas smo bili gledaniji od Lige \u0161amoiona. U regionu dogurali do \u010detvrtog mjesta na listi gledanosti. Ilustracije radi, Latinica Denisa Latina na HRT-u bila peta.<\/p>\n<p>U ITC-u RTRS-a Prijedor tehnika je bila stara, monta\u017ea prastara, sve je bilo skoro ve\u0107 za otpis. Kako smo rasli na popularnosti, onda smo dobijali i tehniku i dodatne ljude, radili novogodi\u0161nje programe, vanredna izdanja. Tad nije bilo ovih kablovskih televizija, nije bilo ne\u0161to previ\u0161e kanala, ljudi su \u010dekali tu subotu nave\u010de da pogledaju Bez pardona, a mi smo stalno pomjerali ljestvicu u na\u0161em tom humoru i sarkazmu. Onda, nismo uop\u0161te dali Banjaluci nadle\u017enost nad tom emisijom, nije bilo cenzure, imali smo slobodu. Ovdje smo je i montirali, slali u centralu par sati prije emitovanja. Znala nas nazvati direktorka programa, pita jesmo li sutra na Tunjicama ili idemo dalje.<\/p>\n<p>Zabranjene su nam dvije emisije. U prvom terminu su emitovane, a zabrane repriza uslijedile su jednom kad je protestno pismo uputio tada\u0161nji visoki predstavnik Paddy Ashdown kojega smo zvali Padi Nokdaun, ali sam jednom gre\u0161kom rekao pravo ime, gre\u0161ka promakla i na snimanju i u monta\u017ei. Drugi put smo snimali novogodi\u0161nji program na Jahorini. I Piksi i ja smo kao vlasnici hotela, jedan drugom otimamo goste, blatimo jedan drugog, kako to ve\u0107 ide u \u017eivotu. I on je dao imena Mitar i Stojan, \u010dini mi se, a sasvim slu\u010dajno. Ispostavilo se da stvarno postoji tipovi koji se tako zovu, imaju hotele na Jahorini, stvarno su u ratu, svi lokalci tamo to znaju i svi su mislili da i mi to znamo i da smo namjerno s tim imenima i\u0161li.<\/p>\n<p>\/Razgovor snimamo u ba\u0161ti kafi\u0107a. Sto iza njega \u010detvero\u010dlana porodica, ugledaju ga, \u0161apu\u0107u, pripremaju se, uzmuvali se, zagledaju se, gledaju njega, poslije prilaze: Ja se izvinjavam, samo tri sekunde.<\/p>\n<p>Mo\u017ee.<br \/>\nSamo tri sekunde. Je l&#8217; mo\u017ee jedna slikica?<br \/>\n&#8216;Ajde, &#8216;ajde, imam intervju. Joooj, izvinite!<br \/>\nNema veze. Do\u0111i.<br \/>\n&#8216;Ajde, brzo, \u010diko ima intervju. Brzo, brzo, brzo.<br \/>\nMi ne proma\u0161ujemo nijednu epizodu \/Dobro jutro, kom\u0161ija\/.<br \/>\nDobro, super.<br \/>\nPravi ste!<br \/>\nBi\u0107e jo\u0161 deset epizoda, sad \u0107emo snimati.<br \/>\nSad je mala pauza, je l&#8217;? Oprostite, molim vas, izvinite.<br \/>\nDa, da, da. Od maja \u0107emo snimati, tako da&#8230;<br \/>\nSvaka \u010dast!<br \/>\nVidimo se, prijatno!\/<\/p>\n<p><a href=\"https:\/\/www.prijedordanas.com\/wp-content\/uploads\/2026\/04\/kasap-stojkovic.jpg\"><img loading=\"lazy\" decoding=\"async\" src=\"https:\/\/www.prijedordanas.com\/wp-content\/uploads\/2026\/04\/kasap-stojkovic-300x206.jpg\" alt=\"\" width=\"300\" height=\"206\" class=\"alignleft size-medium wp-image-267466\" srcset=\"https:\/\/www.prijedordanas.com\/wp-content\/uploads\/2026\/04\/kasap-stojkovic-300x206.jpg 300w, https:\/\/www.prijedordanas.com\/wp-content\/uploads\/2026\/04\/kasap-stojkovic.jpg 600w\" sizes=\"(max-width: 300px) 100vw, 300px\" \/><\/a>Jednom sam do\u0161ao na ideju da napravimo ske\u010d o Bin Ladenu koji dolazi da produ\u017ei bosanski paso\u0161. Mora u CIPS, pa mora da \u010deka u redu, mora ovamo, mora onamo. I kao gostuje u studiju Bez pardona, on i njegov prevodilac Abu Hamza iz Bo\u010dinje, a kod nas je Abu Zamzo iz sela To\u010dinja. I sad ide to u subotu u osam, a u pola osam u dnevniku, ne kod nas samo, nego planetarno udarna vijest, prvi put se Bin Laden pojavio pred kamerama nakon onog skrivanja po pe\u0107inama. I eto ga i kod nas pola sata kasnije. Bilo komentara, kao vidoviti smo kao nadrealisti. Moram da spomenem i tu vezu sa nadrealistima. Odrastali smo uz njih. Ima dodirnih ta\u010daka, ali nismo njihova kopija. Kao \u0161to ni oni nisu kopija Monty Pythona koji su se opet ugledali na Goon Show.<\/p>\n<p>Imali smo jedan segment nadsinhronizacija, uzimali likove i ubacivali na\u0161 tekst. Snimak kad Karla del Ponte pada niz stepenice je bio sklonjen, Boris je preko svojih nekih veza zvao BHT, nisu dali. Kad je rekao da ne treba za ne\u0161to ozbiljno nego za humoristi\u010dku emisiju, pitali ga je li Bez pardona, e, onda mo\u017ee, mo\u017ee. Zvali smo je Karolina de la Puente, ka\u017eu da sam je dobro imitirao, prolazi kraj novinara, ko to kaze da ja mrzi Srbe, dabogda ja odma&#8217; pala. Onda ide Piksi, ispala joj je cipela, on je onaj neko iz obezbje\u0111enja koji joj prinosi cipelu, Pepeljugo, Pepeljugo, evo cipel&#8217;ca, Pepeljugo. Te nadsinhronizacije smo radili na nekom crno-bijelom televizoru, pre\u010dnik ekrana, ja ne znam, nekih 20-25 cm, onaj najmanji portabl neki, i onda nas dvojica tu stanemo, imamo mikrofone ispred sebe, gledamo taj materijal i smi\u0161ljamo tekst u sekundi.<\/p>\n<p>Fudbalska utakmica, stariji se sje\u0107aju, \u0160panija i Bosna. Sudija je produ\u017eava van svih normi, samo da \u0160panci daju go, da oni idu dalje, da Bosna ne pro\u0111e. Snimali na nekom stadionu u Kne\u017eici. Dolazi lopta do mene, ja sam bukvalno metar od gola i proma\u0161im cijeli go. Vra\u0107aj nazad, snimaj ponovo tu scenu, Neno ka\u017ee stop, iscurila baterija. Dobro, &#8216;ajde, promijeni bateriju. Ali ja nisam ponio drugu. I onda smo mi svi onako sjedli u Kne\u017eici i \u010dekali da nam do\u0111e baterija.<\/p>\n<p>Uvo\u0111enje PDV-a, pomalo drpaj vazda, ukidanje Vojske Republike Srpske, upad SFOR-a u porodi\u010dnu ku\u0107u sve\u0161tenika, ukidanje grba i himne Republike Srpske. Serijal s Bobom Kanabisi\u0107em, nema narkotika bez motike, mala privreda, uzgajanje marihuane u centru grada, Ministarstvo poljoprivrede daje podsticaje za plastenike, a onda novinarska ekipa obilazi te male privrednike, \u0161ta uzgaja\u0161, pa traaavu, razbu. Ili on prodaje na pijaci bijelo, a policija ima akciju Stop bijelom rublju i hapsi srba\u010dki klan, Itris klan, Svila \u010celinac klan, a ja, Bobo Kanabisi\u0107, prodajem kokain, u tegli, imam vagicu, mene ne diraju. Jes&#8217; platio placarinu, jesam. Bosanski hotlajn, tri troj\u0107ice, tri dvoj\u0107ice. Znam da smo kupovali \u017eenske \u010darape, pa pukle, pa kupuj druge. Neno i\u0161ao kupovati, gledali ga u prodavnici kao da je manijak.<\/p>\n<p>\/Halo&#8230; Evo, na intervjuu sam, recite&#8230; &#8216;Ajde, dobro&#8230; &#8216;Aajde, \u0107ao. Evo, zovu me iz grupe Milka i Ne\u0111o, Aco i Radena&#8230; E, a \u0161ta je ovo? Samo malo, da javim Sofiji gdje se otvara hauba.\/<\/p>\n<p>Piksiju je jednom na semaforu Igor Radoji\u010di\u0107, bio tada u SNSD-u, a SNSD bio opozicija, pokazao palac gore, sve super, samo tako nastavite, odli\u010dna vam je emisija. Piksi mu rekao i vi kad do\u0111ete na vlast i vas \u0107emo isto tako, ka\u017ee, samo naprijed. Ali, eto, u toj se vlasti nismo zadr\u017eali. I kad smo bili najgledaniji, do\u0161li smo na dogovor za novu sezonu. I onda nam je re\u010deno sve je super, tehni\u010dki \u0107emo vas jo\u0161 vi\u0161e podr\u017eati, produkciono poja\u010dati, ali nemojte vi\u0161e politi\u010dke teme. Mi smo se zgledali, onako, ne vjerujemo \u0161ta \u010dujemo, zna se da emisija po\u010diva na politi\u010dkoj satiri. Pa \u0161ta onda da radimo? Ma, kao, jedan dolazi u brija\u010dnicu, drugi ga \u0161i\u0161a, pa ne\u0161to kao, ha-ha-ha, i eto ske\u010da. Tu smo shvatili da je emisiji kraj.<\/p>\n<p>Jeste mi krivo. Ne zbog nas, jeste to bila i na\u0161a promocija kao glumaca, ali mi nismo tu gledali finansijsku zaradu, nismo je ni imali. Sje\u0107am se, honorar za prvi novogodi\u0161nji program, a oni skupljaju si\u0107u iz one kafane njihove na televiziji da nam isplate. To je bilo stvarno tako sitno da je to bilo smije\u0161no, ali mi smo to radili zbog toga \u0161to je tako dobro bilo prihva\u0107eno. I krivo mi je \u0161to smo na takav na\u010din zavr\u0161ili, jer smo do\u0161li na nivo kad smo, \u0161to se ka\u017ee, prekucali igricu. Sigurno bismo napravili \u010dudo, ali tu je stalo, tu je i ostalo. I kad smo iza\u0161li s tog razgovora, jedan od tada\u0161njih urednika prolazi kraj nas i ka\u017ee, je..li su vas traktori.<\/p>\n<p>To je ta bila presudna epizoda. Snimali smo dolazak vlasti SNSD-a nakon vlasti SDS-a i PDP-a. I sad, ja sam Milorad Dodik, u mladosti progla\u0161an najboljim mladim traktoristom Jugoslavije, s kolonom traktora kao dolazimo na vlast. I sad, ide policija, s malim traktorima, voze ih i vi\u010du blero, blero, blero, pa onda ide kao jedan ve\u0107i traktor ispred, a ja sam u najve\u0107em traktoru sa kabinom, imam sun\u010dane nao\u010dale. To je taj predsjedni\u010dki traktor. I kao dolazimo da preuzmemo vlast, ali ovi prethodni su ispraznili sve. I jo\u0161 ostavili mi\u0161olovke po sefovima, po ladicama. Tako da je to vi\u0161e bila kritika na odlaze\u0107u vlast, ali, eto&#8230;<\/p>\n<p>Razgovarala Katarina Pani\u0107 &#8211; <a href=\"https:\/\/www.prijedordanas.com\" target=\"_blank\" rel=\"noopener noreferrer\">www.prijedordanas.com<\/a><\/p>\n<p><em><strong>*Premium sadr\u017eaje lokalnog informativnog portala PrijedorDanas podr\u017ei donacijom na ra\u010dun Udru\u017eenja za unapre\u0111enje medijskih sloboda Prijedor Danas kod NLB banke: 5621508214760476.<\/strong><\/em><\/p>\n","protected":false},"excerpt":{"rendered":"<p>Zato da idemo prema svima bez pardona. Zna\u010di, i pozicija i opozicija i stranci i doma\u0107i. Tako je emisija dobila ime, ja sam kumovao. Po tome je Prijedor bio prepoznatljiv. [&hellip;]<\/p>\n","protected":false},"author":1,"featured_media":0,"comment_status":"closed","ping_status":"open","sticky":false,"template":"","format":"standard","meta":{"_monsterinsights_skip_tracking":false,"_monsterinsights_sitenote_active":false,"_monsterinsights_sitenote_note":"","_monsterinsights_sitenote_category":0,"footnotes":""},"categories":[4],"tags":[],"yoast_head":"<!-- This site is optimized with the Yoast SEO plugin v21.6 - https:\/\/yoast.com\/wordpress\/plugins\/seo\/ -->\n<title>\u017deljko Kasap o ga\u0161enju politi\u010dke satire Bez pardona 20 godina poslije: Je..li su vas traktori - PrijedorDanas.com - Prijedorski gradski portal<\/title>\n<meta name=\"robots\" content=\"index, follow, max-snippet:-1, max-image-preview:large, max-video-preview:-1\" \/>\n<link rel=\"canonical\" href=\"https:\/\/www.prijedordanas.com\/?p=267463\" \/>\n<meta property=\"og:locale\" content=\"en_US\" \/>\n<meta property=\"og:type\" content=\"article\" \/>\n<meta property=\"og:title\" content=\"\u017deljko Kasap o ga\u0161enju politi\u010dke satire Bez pardona 20 godina poslije: Je..li su vas traktori - PrijedorDanas.com - Prijedorski gradski portal\" \/>\n<meta property=\"og:description\" content=\"Zato da idemo prema svima bez pardona. Zna\u010di, i pozicija i opozicija i stranci i doma\u0107i. Tako je emisija dobila ime, ja sam kumovao. Po tome je Prijedor bio prepoznatljiv. [&hellip;]\" \/>\n<meta property=\"og:url\" content=\"https:\/\/www.prijedordanas.com\/?p=267463\" \/>\n<meta property=\"og:site_name\" content=\"PrijedorDanas.com - Prijedorski gradski portal\" \/>\n<meta property=\"article:publisher\" content=\"https:\/\/www.facebook.com\/PrijedorDanasCom\/\" \/>\n<meta property=\"article:published_time\" content=\"2026-04-19T19:30:00+00:00\" \/>\n<meta property=\"og:image\" content=\"https:\/\/www.prijedordanas.com\/wp-content\/uploads\/2026\/04\/zeljko-kasap-1-300x225.jpg\" \/>\n<meta name=\"author\" content=\"admin\" \/>\n<meta name=\"twitter:card\" content=\"summary_large_image\" \/>\n<meta name=\"twitter:label1\" content=\"Written by\" \/>\n\t<meta name=\"twitter:data1\" content=\"admin\" \/>\n\t<meta name=\"twitter:label2\" content=\"Est. reading time\" \/>\n\t<meta name=\"twitter:data2\" content=\"7 minutes\" \/>\n<script type=\"application\/ld+json\" class=\"yoast-schema-graph\">{\"@context\":\"https:\/\/schema.org\",\"@graph\":[{\"@type\":\"Article\",\"@id\":\"https:\/\/www.prijedordanas.com\/?p=267463#article\",\"isPartOf\":{\"@id\":\"https:\/\/www.prijedordanas.com\/?p=267463\"},\"author\":{\"name\":\"admin\",\"@id\":\"https:\/\/www.prijedordanas.com\/#\/schema\/person\/4e08ccf29b506ca916ff86d46bb700e6\"},\"headline\":\"\u017deljko Kasap o ga\u0161enju politi\u010dke satire Bez pardona 20 godina poslije: Je..li su vas traktori\",\"datePublished\":\"2026-04-19T19:30:00+00:00\",\"dateModified\":\"2026-04-19T19:30:00+00:00\",\"mainEntityOfPage\":{\"@id\":\"https:\/\/www.prijedordanas.com\/?p=267463\"},\"wordCount\":1667,\"publisher\":{\"@id\":\"https:\/\/www.prijedordanas.com\/#organization\"},\"articleSection\":[\"Dru\u0161tvo\"],\"inLanguage\":\"en-US\"},{\"@type\":\"WebPage\",\"@id\":\"https:\/\/www.prijedordanas.com\/?p=267463\",\"url\":\"https:\/\/www.prijedordanas.com\/?p=267463\",\"name\":\"\u017deljko Kasap o ga\u0161enju politi\u010dke satire Bez pardona 20 godina poslije: Je..li su vas traktori - PrijedorDanas.com - Prijedorski gradski portal\",\"isPartOf\":{\"@id\":\"https:\/\/www.prijedordanas.com\/#website\"},\"datePublished\":\"2026-04-19T19:30:00+00:00\",\"dateModified\":\"2026-04-19T19:30:00+00:00\",\"breadcrumb\":{\"@id\":\"https:\/\/www.prijedordanas.com\/?p=267463#breadcrumb\"},\"inLanguage\":\"en-US\",\"potentialAction\":[{\"@type\":\"ReadAction\",\"target\":[\"https:\/\/www.prijedordanas.com\/?p=267463\"]}]},{\"@type\":\"BreadcrumbList\",\"@id\":\"https:\/\/www.prijedordanas.com\/?p=267463#breadcrumb\",\"itemListElement\":[{\"@type\":\"ListItem\",\"position\":1,\"name\":\"Home\",\"item\":\"https:\/\/www.prijedordanas.com\/\"},{\"@type\":\"ListItem\",\"position\":2,\"name\":\"\u017deljko Kasap o ga\u0161enju politi\u010dke satire Bez pardona 20 godina poslije: Je..li su vas traktori\"}]},{\"@type\":\"WebSite\",\"@id\":\"https:\/\/www.prijedordanas.com\/#website\",\"url\":\"https:\/\/www.prijedordanas.com\/\",\"name\":\"PrijedorDanas.com - Prijedorski gradski portal\",\"description\":\"Portal o doga\u0111anjima u gradu Prijedoru\",\"publisher\":{\"@id\":\"https:\/\/www.prijedordanas.com\/#organization\"},\"potentialAction\":[{\"@type\":\"SearchAction\",\"target\":{\"@type\":\"EntryPoint\",\"urlTemplate\":\"https:\/\/www.prijedordanas.com\/?s={search_term_string}\"},\"query-input\":\"required name=search_term_string\"}],\"inLanguage\":\"en-US\"},{\"@type\":\"Organization\",\"@id\":\"https:\/\/www.prijedordanas.com\/#organization\",\"name\":\"PrijedorDanas.com\",\"url\":\"https:\/\/www.prijedordanas.com\/\",\"logo\":{\"@type\":\"ImageObject\",\"inLanguage\":\"en-US\",\"@id\":\"https:\/\/www.prijedordanas.com\/#\/schema\/logo\/image\/\",\"url\":\"http:\/\/www.prijedordanas.com\/wp-content\/uploads\/2021\/12\/logopng.png\",\"contentUrl\":\"http:\/\/www.prijedordanas.com\/wp-content\/uploads\/2021\/12\/logopng.png\",\"width\":1019,\"height\":776,\"caption\":\"PrijedorDanas.com\"},\"image\":{\"@id\":\"https:\/\/www.prijedordanas.com\/#\/schema\/logo\/image\/\"},\"sameAs\":[\"https:\/\/www.facebook.com\/PrijedorDanasCom\/\"]},{\"@type\":\"Person\",\"@id\":\"https:\/\/www.prijedordanas.com\/#\/schema\/person\/4e08ccf29b506ca916ff86d46bb700e6\",\"name\":\"admin\",\"image\":{\"@type\":\"ImageObject\",\"inLanguage\":\"en-US\",\"@id\":\"https:\/\/www.prijedordanas.com\/#\/schema\/person\/image\/\",\"url\":\"https:\/\/secure.gravatar.com\/avatar\/1d3fc949d550f0b53a5f0d51e06dfd79?s=96&d=mm&r=g\",\"contentUrl\":\"https:\/\/secure.gravatar.com\/avatar\/1d3fc949d550f0b53a5f0d51e06dfd79?s=96&d=mm&r=g\",\"caption\":\"admin\"},\"url\":\"https:\/\/www.prijedordanas.com\/?author=1\"}]}<\/script>\n<!-- \/ Yoast SEO plugin. -->","yoast_head_json":{"title":"\u017deljko Kasap o ga\u0161enju politi\u010dke satire Bez pardona 20 godina poslije: Je..li su vas traktori - PrijedorDanas.com - Prijedorski gradski portal","robots":{"index":"index","follow":"follow","max-snippet":"max-snippet:-1","max-image-preview":"max-image-preview:large","max-video-preview":"max-video-preview:-1"},"canonical":"https:\/\/www.prijedordanas.com\/?p=267463","og_locale":"en_US","og_type":"article","og_title":"\u017deljko Kasap o ga\u0161enju politi\u010dke satire Bez pardona 20 godina poslije: Je..li su vas traktori - PrijedorDanas.com - Prijedorski gradski portal","og_description":"Zato da idemo prema svima bez pardona. Zna\u010di, i pozicija i opozicija i stranci i doma\u0107i. Tako je emisija dobila ime, ja sam kumovao. Po tome je Prijedor bio prepoznatljiv. [&hellip;]","og_url":"https:\/\/www.prijedordanas.com\/?p=267463","og_site_name":"PrijedorDanas.com - Prijedorski gradski portal","article_publisher":"https:\/\/www.facebook.com\/PrijedorDanasCom\/","article_published_time":"2026-04-19T19:30:00+00:00","og_image":[{"url":"https:\/\/www.prijedordanas.com\/wp-content\/uploads\/2026\/04\/zeljko-kasap-1-300x225.jpg"}],"author":"admin","twitter_card":"summary_large_image","twitter_misc":{"Written by":"admin","Est. reading time":"7 minutes"},"schema":{"@context":"https:\/\/schema.org","@graph":[{"@type":"Article","@id":"https:\/\/www.prijedordanas.com\/?p=267463#article","isPartOf":{"@id":"https:\/\/www.prijedordanas.com\/?p=267463"},"author":{"name":"admin","@id":"https:\/\/www.prijedordanas.com\/#\/schema\/person\/4e08ccf29b506ca916ff86d46bb700e6"},"headline":"\u017deljko Kasap o ga\u0161enju politi\u010dke satire Bez pardona 20 godina poslije: Je..li su vas traktori","datePublished":"2026-04-19T19:30:00+00:00","dateModified":"2026-04-19T19:30:00+00:00","mainEntityOfPage":{"@id":"https:\/\/www.prijedordanas.com\/?p=267463"},"wordCount":1667,"publisher":{"@id":"https:\/\/www.prijedordanas.com\/#organization"},"articleSection":["Dru\u0161tvo"],"inLanguage":"en-US"},{"@type":"WebPage","@id":"https:\/\/www.prijedordanas.com\/?p=267463","url":"https:\/\/www.prijedordanas.com\/?p=267463","name":"\u017deljko Kasap o ga\u0161enju politi\u010dke satire Bez pardona 20 godina poslije: Je..li su vas traktori - PrijedorDanas.com - Prijedorski gradski portal","isPartOf":{"@id":"https:\/\/www.prijedordanas.com\/#website"},"datePublished":"2026-04-19T19:30:00+00:00","dateModified":"2026-04-19T19:30:00+00:00","breadcrumb":{"@id":"https:\/\/www.prijedordanas.com\/?p=267463#breadcrumb"},"inLanguage":"en-US","potentialAction":[{"@type":"ReadAction","target":["https:\/\/www.prijedordanas.com\/?p=267463"]}]},{"@type":"BreadcrumbList","@id":"https:\/\/www.prijedordanas.com\/?p=267463#breadcrumb","itemListElement":[{"@type":"ListItem","position":1,"name":"Home","item":"https:\/\/www.prijedordanas.com\/"},{"@type":"ListItem","position":2,"name":"\u017deljko Kasap o ga\u0161enju politi\u010dke satire Bez pardona 20 godina poslije: Je..li su vas traktori"}]},{"@type":"WebSite","@id":"https:\/\/www.prijedordanas.com\/#website","url":"https:\/\/www.prijedordanas.com\/","name":"PrijedorDanas.com - Prijedorski gradski portal","description":"Portal o doga\u0111anjima u gradu Prijedoru","publisher":{"@id":"https:\/\/www.prijedordanas.com\/#organization"},"potentialAction":[{"@type":"SearchAction","target":{"@type":"EntryPoint","urlTemplate":"https:\/\/www.prijedordanas.com\/?s={search_term_string}"},"query-input":"required name=search_term_string"}],"inLanguage":"en-US"},{"@type":"Organization","@id":"https:\/\/www.prijedordanas.com\/#organization","name":"PrijedorDanas.com","url":"https:\/\/www.prijedordanas.com\/","logo":{"@type":"ImageObject","inLanguage":"en-US","@id":"https:\/\/www.prijedordanas.com\/#\/schema\/logo\/image\/","url":"http:\/\/www.prijedordanas.com\/wp-content\/uploads\/2021\/12\/logopng.png","contentUrl":"http:\/\/www.prijedordanas.com\/wp-content\/uploads\/2021\/12\/logopng.png","width":1019,"height":776,"caption":"PrijedorDanas.com"},"image":{"@id":"https:\/\/www.prijedordanas.com\/#\/schema\/logo\/image\/"},"sameAs":["https:\/\/www.facebook.com\/PrijedorDanasCom\/"]},{"@type":"Person","@id":"https:\/\/www.prijedordanas.com\/#\/schema\/person\/4e08ccf29b506ca916ff86d46bb700e6","name":"admin","image":{"@type":"ImageObject","inLanguage":"en-US","@id":"https:\/\/www.prijedordanas.com\/#\/schema\/person\/image\/","url":"https:\/\/secure.gravatar.com\/avatar\/1d3fc949d550f0b53a5f0d51e06dfd79?s=96&d=mm&r=g","contentUrl":"https:\/\/secure.gravatar.com\/avatar\/1d3fc949d550f0b53a5f0d51e06dfd79?s=96&d=mm&r=g","caption":"admin"},"url":"https:\/\/www.prijedordanas.com\/?author=1"}]}},"_links":{"self":[{"href":"https:\/\/www.prijedordanas.com\/index.php?rest_route=\/wp\/v2\/posts\/267463"}],"collection":[{"href":"https:\/\/www.prijedordanas.com\/index.php?rest_route=\/wp\/v2\/posts"}],"about":[{"href":"https:\/\/www.prijedordanas.com\/index.php?rest_route=\/wp\/v2\/types\/post"}],"author":[{"embeddable":true,"href":"https:\/\/www.prijedordanas.com\/index.php?rest_route=\/wp\/v2\/users\/1"}],"replies":[{"embeddable":true,"href":"https:\/\/www.prijedordanas.com\/index.php?rest_route=%2Fwp%2Fv2%2Fcomments&post=267463"}],"version-history":[{"count":1,"href":"https:\/\/www.prijedordanas.com\/index.php?rest_route=\/wp\/v2\/posts\/267463\/revisions"}],"predecessor-version":[{"id":267467,"href":"https:\/\/www.prijedordanas.com\/index.php?rest_route=\/wp\/v2\/posts\/267463\/revisions\/267467"}],"wp:attachment":[{"href":"https:\/\/www.prijedordanas.com\/index.php?rest_route=%2Fwp%2Fv2%2Fmedia&parent=267463"}],"wp:term":[{"taxonomy":"category","embeddable":true,"href":"https:\/\/www.prijedordanas.com\/index.php?rest_route=%2Fwp%2Fv2%2Fcategories&post=267463"},{"taxonomy":"post_tag","embeddable":true,"href":"https:\/\/www.prijedordanas.com\/index.php?rest_route=%2Fwp%2Fv2%2Ftags&post=267463"}],"curies":[{"name":"wp","href":"https:\/\/api.w.org\/{rel}","templated":true}]}}