{"id":267445,"date":"2026-04-19T19:36:17","date_gmt":"2026-04-19T17:36:17","guid":{"rendered":"https:\/\/www.prijedordanas.com\/?p=267445"},"modified":"2026-04-19T19:36:17","modified_gmt":"2026-04-19T17:36:17","slug":"nevjerovatna-povratnicka-prica-od-jednog-dunuma-do-dva-hektara-uspjeha-foto","status":"publish","type":"post","link":"https:\/\/www.prijedordanas.com\/?p=267445","title":{"rendered":"Nevjerovatna povratni\u010dka pri\u010da: Od jednog dunuma do dva hektara uspjeha &#8211; FOTO"},"content":{"rendered":"<p><a href=\"https:\/\/www.prijedordanas.com\/wp-content\/uploads\/2026\/04\/fena-rasadnik-custic-1.jpg\"><img loading=\"lazy\" decoding=\"async\" class=\"alignleft size-medium wp-image-267446\" src=\"https:\/\/www.prijedordanas.com\/wp-content\/uploads\/2026\/04\/fena-rasadnik-custic-1-300x225.jpg\" alt=\"\" width=\"300\" height=\"225\" srcset=\"https:\/\/www.prijedordanas.com\/wp-content\/uploads\/2026\/04\/fena-rasadnik-custic-1-300x225.jpg 300w, https:\/\/www.prijedordanas.com\/wp-content\/uploads\/2026\/04\/fena-rasadnik-custic-1-640x480.jpg 640w, https:\/\/www.prijedordanas.com\/wp-content\/uploads\/2026\/04\/fena-rasadnik-custic-1.jpg 667w\" sizes=\"(max-width: 300px) 100vw, 300px\" \/><\/a>U povratni\u010dkom naselju Kozarac kod Prijedora, gdje su mnogi \u017eivot ponovo gradili iz po\u010detka, Sabit \u010custi\u0107 (50) danas vodi rasadnik koji se prostire na oko dva hektara i okuplja kupce iz cijele Bosne i Hercegovine.<\/p>\n<p>Njegova novoizgra\u0111ena ku\u0107a plijeni pa\u017enju voza\u010da i prolaznika, modernim izgledom skladno uklopljena u zelenilo i cvije\u0107e koje je okru\u017euje.<\/p>\n<p>Od skromnog po\u010detka s jednim plastenikom i jednim dunumom zemlje, ovaj povratnik je za vi\u0161e od dvije decenije rada razvio proizvodnju sa oko 250 vrsta biljaka, prilago\u0111avaju\u0107i se tr\u017ei\u0161tu i klimatskim promjenama.<\/p>\n<p>&#8211; Krenuli smo sa jednim dunumom. Malo po malo i sada imamo sadnice na oko 20 dunuma. Proizvodnju stalno \u0161irimo, pratimo \u0161ta tr\u017ei\u0161te tra\u017ei, uvodimo nove vrste, a ono \u0161to vi\u0161e ne mo\u017ee opstati zbog biljnih \u0161teto\u010dina, izbacujemo &#8211; ka\u017ee \u010custi\u0107 u razgovoru za Fenu.<\/p>\n<p><a href=\"https:\/\/www.prijedordanas.com\/wp-content\/uploads\/2026\/04\/fena-rasadnik-custic-2.jpg\"><img loading=\"lazy\" decoding=\"async\" class=\"alignleft size-medium wp-image-267447\" src=\"https:\/\/www.prijedordanas.com\/wp-content\/uploads\/2026\/04\/fena-rasadnik-custic-2-300x225.jpg\" alt=\"\" width=\"300\" height=\"225\" srcset=\"https:\/\/www.prijedordanas.com\/wp-content\/uploads\/2026\/04\/fena-rasadnik-custic-2-300x225.jpg 300w, https:\/\/www.prijedordanas.com\/wp-content\/uploads\/2026\/04\/fena-rasadnik-custic-2-640x480.jpg 640w, https:\/\/www.prijedordanas.com\/wp-content\/uploads\/2026\/04\/fena-rasadnik-custic-2.jpg 667w\" sizes=\"(max-width: 300px) 100vw, 300px\" \/><\/a>Razvoj rasadnika finansirao je isklju\u010divo vlastitim sredstvima, bez zadu\u017eivanja, grade\u0107i posao postepeno, kako je rastao i obim proizvodnje.<\/p>\n<p>Rasadnik trenutno broji pet plastenika, a Sabit posebnu pa\u017enju posve\u0107uje kvalitetu i prilago\u0111avanju biljnog asortimana novim uslovima.<\/p>\n<p>Klimatske promjene, ka\u017ee, zna\u010dajno uti\u010du na proizvodnju, zbog \u010dega je morao ulagati i u infrastrukturu.<\/p>\n<p>&#8211; Biljkama je najbitnija voda. Imam pet vlastitih bunara i sistem kap po kap. Su\u0161e i nagle promjene vremena mogu uni\u0161titi sav trud ako se ne reaguje na vrijeme &#8211; obja\u0161njava.<\/p>\n<p>Tako se, kako ka\u017ee, svojevremeno \u201copustio\u201d pa je zbog su\u0161e ostao bez 2.000 sadnica koje su u prosjeku ko\u0161tale 10-15 KM po komadu.<\/p>\n<p><a href=\"https:\/\/www.prijedordanas.com\/wp-content\/uploads\/2026\/04\/fena-rasadnik-custic-3.jpg\"><img loading=\"lazy\" decoding=\"async\" class=\"alignleft size-medium wp-image-267448\" src=\"https:\/\/www.prijedordanas.com\/wp-content\/uploads\/2026\/04\/fena-rasadnik-custic-3-300x225.jpg\" alt=\"\" width=\"300\" height=\"225\" srcset=\"https:\/\/www.prijedordanas.com\/wp-content\/uploads\/2026\/04\/fena-rasadnik-custic-3-300x225.jpg 300w, https:\/\/www.prijedordanas.com\/wp-content\/uploads\/2026\/04\/fena-rasadnik-custic-3.jpg 600w\" sizes=\"(max-width: 300px) 100vw, 300px\" \/><\/a>&#8211; Lako je izra\u010dunati koliku sam \u0161tetu imao &#8211; ka\u017ee ovaj vrijedni preduzetnik iz Kozarca.<\/p>\n<p>Njegov radni dan po\u010dinje rano ujutru kada obla\u010di radno odijelo i radi sve dok traje dan.<\/p>\n<p>&#8211; Zna se desiti da neko do\u0111e i pita me gdje je gazda. Kad im ka\u017eem da sam ja vlasnik, zbune se. Valjda ne o\u010dekuju da vlasnik i radi &#8211; pri\u010da \u010custi\u0107.<\/p>\n<p>\u010custi\u0107 se u Kozarac vratio krajem devedesetih godina i to me\u0111u prvim povratnicima u ovo poznato povratni\u010dko mjesto. Znanje koje je stekao rade\u0107i u Njema\u010dkoj prenio je na vlastiti posao.<\/p>\n<p>Danas, osim supruge Sanje i jednog radnika, povremeno mu poma\u017eu i prijatelji, jer je, kako ka\u017ee, sve te\u017ee prona\u0107i radnu snagu.<\/p>\n<p><a href=\"https:\/\/www.prijedordanas.com\/wp-content\/uploads\/2026\/04\/fena-rasadnik-custic-4.jpg\"><img loading=\"lazy\" decoding=\"async\" class=\"alignleft size-medium wp-image-267449\" src=\"https:\/\/www.prijedordanas.com\/wp-content\/uploads\/2026\/04\/fena-rasadnik-custic-4-300x169.jpg\" alt=\"\" width=\"300\" height=\"169\" srcset=\"https:\/\/www.prijedordanas.com\/wp-content\/uploads\/2026\/04\/fena-rasadnik-custic-4-300x169.jpg 300w, https:\/\/www.prijedordanas.com\/wp-content\/uploads\/2026\/04\/fena-rasadnik-custic-4.jpg 600w\" sizes=\"(max-width: 300px) 100vw, 300px\" \/><\/a>&#8211; Nas troje sve ovo odr\u017eavamo. Svi pitaju koliko radnika zapo\u0161ljavamo. Ovo je posao koji tra\u017ei puno odricanja. Nema praznika ni slobodnih dana. Radni dan traje koliko i dan. Ali ako radi\u0161 ono \u0161to voli\u0161, uspjeh je zagarantovan &#8211; isti\u010de \u010custi\u0107.<\/p>\n<p>Kupci dolaze iz svih krajeva zemlje, od Banje Luke i Prnjavora do Zenice i Sarajeva, naj\u010de\u0161\u0107e po preporuci. Upravo preporuka i kvalitet, ka\u017ee, klju\u010d su opstanka.<\/p>\n<p>&#8211; Neki dan do\u0111e \u010dovjek iz Jajca s prikolicom po sadnice. Ka\u017ee da je po preporuci do\u0161ao. To izuzetno cijenim i po\u0161tujem. Treba do\u0107i iz Jajca do Kozarca &#8211; prepri\u010dava \u010custi\u0107.<\/p>\n<p><a href=\"https:\/\/www.prijedordanas.com\/wp-content\/uploads\/2026\/04\/fena-rasadnik-custic-5.jpg\"><img loading=\"lazy\" decoding=\"async\" class=\"alignleft size-medium wp-image-267450\" src=\"https:\/\/www.prijedordanas.com\/wp-content\/uploads\/2026\/04\/fena-rasadnik-custic-5-300x169.jpg\" alt=\"\" width=\"300\" height=\"169\" srcset=\"https:\/\/www.prijedordanas.com\/wp-content\/uploads\/2026\/04\/fena-rasadnik-custic-5-300x169.jpg 300w, https:\/\/www.prijedordanas.com\/wp-content\/uploads\/2026\/04\/fena-rasadnik-custic-5.jpg 600w\" sizes=\"(max-width: 300px) 100vw, 300px\" \/><\/a>Za sve ove godine rada nije imao reklamaciju. Ljudi prepoznaju trud, po\u0161tenje i kvalitet.<\/p>\n<p>&#8211; Povjerenje se dugo gradi, a lako izgubi &#8211; dodaje.<\/p>\n<p>Osim proizvodnje, \u010custi\u0107 radi i na terenu, ure\u0111uju\u0107i dvori\u0161ta i zelene povr\u0161ine, \u0161to je rijetkost me\u0111u vlasnicima rasadnika. Iako razmi\u0161lja o daljem \u0161irenju, najve\u0107i izazov ostaje nedostatak radne snage.<\/p>\n<p>Kozarac, kako ka\u017ee, i danas \u017eivi od rada svojih stanovnika, uglavnom u poljoprivredi i manjim biznisima.<\/p>\n<p>&#8211; Ovdje su ljudi vrijedni. Poslije rata sve je ponovo izgra\u0111eno. Svako radi ne\u0161to. To je u nama &#8211; ka\u017ee.<\/p>\n<p><a href=\"https:\/\/www.prijedordanas.com\/wp-content\/uploads\/2026\/04\/fena-rasadnik-custic-7.jpg\"><img loading=\"lazy\" decoding=\"async\" src=\"https:\/\/www.prijedordanas.com\/wp-content\/uploads\/2026\/04\/fena-rasadnik-custic-7-300x169.jpg\" alt=\"\" width=\"300\" height=\"169\" class=\"alignleft size-medium wp-image-267451\" srcset=\"https:\/\/www.prijedordanas.com\/wp-content\/uploads\/2026\/04\/fena-rasadnik-custic-7-300x169.jpg 300w, https:\/\/www.prijedordanas.com\/wp-content\/uploads\/2026\/04\/fena-rasadnik-custic-7.jpg 600w\" sizes=\"(max-width: 300px) 100vw, 300px\" \/><\/a>Njegova \u017eivotna filozofija je jednostavna &#8211; rad i odgovornost.<\/p>\n<p>&#8211; Bolje je d\u017eaba raditi nego d\u017eaba le\u017eati. Mora\u0161 ustati i tra\u017eiti svoju nafaku. Dr\u017eava se gradi radom, ne neradom &#8211; poru\u010dio je.<\/p>\n<p>Za sebe ka\u017ee da je &#8220;fabrika na otvorenom\u201c, ali i \u010dovjek koji je, kako isti\u010de, zadovoljan i ponosan onim \u0161to je stvorio. Gdje god krene, vidi svoje biljke. To je za njega najve\u0107a nagrada jer je, kako nagla\u0161ava, va\u017eno ostaviti trag iza sebe.<\/p>\n<p>&#8211; Postoji \u017eivot i izvan politike i politi\u010dkih fotelja. Ima ljudi koji \u017eive od svog po\u0161tenog rada, bez tenzija i podjela. Za mene je put do sre\u0107e u cvije\u0107u &#8211; zaklju\u010duje u razgovoru za Fenu ovaj povratnik iz Kozarca.<\/p>\n<p>FENA<\/p>\n<p><a href=\"https:\/\/www.prijedordanas.com\/wp-content\/uploads\/2026\/04\/fena-rasadnik-custic-6.jpg\"><img loading=\"lazy\" decoding=\"async\" src=\"https:\/\/www.prijedordanas.com\/wp-content\/uploads\/2026\/04\/fena-rasadnik-custic-6-300x169.jpg\" alt=\"\" width=\"300\" height=\"169\" class=\"alignleft size-medium wp-image-267452\" srcset=\"https:\/\/www.prijedordanas.com\/wp-content\/uploads\/2026\/04\/fena-rasadnik-custic-6-300x169.jpg 300w, https:\/\/www.prijedordanas.com\/wp-content\/uploads\/2026\/04\/fena-rasadnik-custic-6.jpg 600w\" sizes=\"(max-width: 300px) 100vw, 300px\" \/><\/a><\/p>\n","protected":false},"excerpt":{"rendered":"<p>U povratni\u010dkom naselju Kozarac kod Prijedora, gdje su mnogi \u017eivot ponovo gradili iz po\u010detka, Sabit \u010custi\u0107 (50) danas vodi rasadnik koji se prostire na oko dva hektara i okuplja kupce [&hellip;]<\/p>\n","protected":false},"author":1,"featured_media":0,"comment_status":"closed","ping_status":"open","sticky":false,"template":"","format":"standard","meta":{"_monsterinsights_skip_tracking":false,"_monsterinsights_sitenote_active":false,"_monsterinsights_sitenote_note":"","_monsterinsights_sitenote_category":0,"footnotes":""},"categories":[3],"tags":[],"yoast_head":"<!-- This site is optimized with the Yoast SEO plugin v21.6 - https:\/\/yoast.com\/wordpress\/plugins\/seo\/ -->\n<title>Nevjerovatna povratni\u010dka pri\u010da: Od jednog dunuma do dva hektara uspjeha - FOTO - PrijedorDanas.com - Prijedorski gradski portal<\/title>\n<meta name=\"robots\" content=\"index, follow, max-snippet:-1, max-image-preview:large, max-video-preview:-1\" \/>\n<link rel=\"canonical\" href=\"https:\/\/www.prijedordanas.com\/?p=267445\" \/>\n<meta property=\"og:locale\" content=\"en_US\" \/>\n<meta property=\"og:type\" content=\"article\" \/>\n<meta property=\"og:title\" content=\"Nevjerovatna povratni\u010dka pri\u010da: Od jednog dunuma do dva hektara uspjeha - FOTO - PrijedorDanas.com - Prijedorski gradski portal\" \/>\n<meta property=\"og:description\" content=\"U povratni\u010dkom naselju Kozarac kod Prijedora, gdje su mnogi \u017eivot ponovo gradili iz po\u010detka, Sabit \u010custi\u0107 (50) danas vodi rasadnik koji se prostire na oko dva hektara i okuplja kupce [&hellip;]\" \/>\n<meta property=\"og:url\" content=\"https:\/\/www.prijedordanas.com\/?p=267445\" \/>\n<meta property=\"og:site_name\" content=\"PrijedorDanas.com - Prijedorski gradski portal\" \/>\n<meta property=\"article:publisher\" content=\"https:\/\/www.facebook.com\/PrijedorDanasCom\/\" \/>\n<meta property=\"article:published_time\" content=\"2026-04-19T17:36:17+00:00\" \/>\n<meta property=\"og:image\" content=\"https:\/\/www.prijedordanas.com\/wp-content\/uploads\/2026\/04\/fena-rasadnik-custic-1-300x225.jpg\" \/>\n<meta name=\"author\" content=\"admin\" \/>\n<meta name=\"twitter:card\" content=\"summary_large_image\" \/>\n<meta name=\"twitter:label1\" content=\"Written by\" \/>\n\t<meta name=\"twitter:data1\" content=\"admin\" \/>\n\t<meta name=\"twitter:label2\" content=\"Est. reading time\" \/>\n\t<meta name=\"twitter:data2\" content=\"4 minutes\" \/>\n<script type=\"application\/ld+json\" class=\"yoast-schema-graph\">{\"@context\":\"https:\/\/schema.org\",\"@graph\":[{\"@type\":\"Article\",\"@id\":\"https:\/\/www.prijedordanas.com\/?p=267445#article\",\"isPartOf\":{\"@id\":\"https:\/\/www.prijedordanas.com\/?p=267445\"},\"author\":{\"name\":\"admin\",\"@id\":\"https:\/\/www.prijedordanas.com\/#\/schema\/person\/4e08ccf29b506ca916ff86d46bb700e6\"},\"headline\":\"Nevjerovatna povratni\u010dka pri\u010da: Od jednog dunuma do dva hektara uspjeha &#8211; FOTO\",\"datePublished\":\"2026-04-19T17:36:17+00:00\",\"dateModified\":\"2026-04-19T17:36:17+00:00\",\"mainEntityOfPage\":{\"@id\":\"https:\/\/www.prijedordanas.com\/?p=267445\"},\"wordCount\":754,\"publisher\":{\"@id\":\"https:\/\/www.prijedordanas.com\/#organization\"},\"articleSection\":[\"\u017divot\"],\"inLanguage\":\"en-US\"},{\"@type\":\"WebPage\",\"@id\":\"https:\/\/www.prijedordanas.com\/?p=267445\",\"url\":\"https:\/\/www.prijedordanas.com\/?p=267445\",\"name\":\"Nevjerovatna povratni\u010dka pri\u010da: Od jednog dunuma do dva hektara uspjeha - FOTO - PrijedorDanas.com - Prijedorski gradski portal\",\"isPartOf\":{\"@id\":\"https:\/\/www.prijedordanas.com\/#website\"},\"datePublished\":\"2026-04-19T17:36:17+00:00\",\"dateModified\":\"2026-04-19T17:36:17+00:00\",\"breadcrumb\":{\"@id\":\"https:\/\/www.prijedordanas.com\/?p=267445#breadcrumb\"},\"inLanguage\":\"en-US\",\"potentialAction\":[{\"@type\":\"ReadAction\",\"target\":[\"https:\/\/www.prijedordanas.com\/?p=267445\"]}]},{\"@type\":\"BreadcrumbList\",\"@id\":\"https:\/\/www.prijedordanas.com\/?p=267445#breadcrumb\",\"itemListElement\":[{\"@type\":\"ListItem\",\"position\":1,\"name\":\"Home\",\"item\":\"https:\/\/www.prijedordanas.com\/\"},{\"@type\":\"ListItem\",\"position\":2,\"name\":\"Nevjerovatna povratni\u010dka pri\u010da: Od jednog dunuma do dva hektara uspjeha &#8211; FOTO\"}]},{\"@type\":\"WebSite\",\"@id\":\"https:\/\/www.prijedordanas.com\/#website\",\"url\":\"https:\/\/www.prijedordanas.com\/\",\"name\":\"PrijedorDanas.com - Prijedorski gradski portal\",\"description\":\"Portal o doga\u0111anjima u gradu Prijedoru\",\"publisher\":{\"@id\":\"https:\/\/www.prijedordanas.com\/#organization\"},\"potentialAction\":[{\"@type\":\"SearchAction\",\"target\":{\"@type\":\"EntryPoint\",\"urlTemplate\":\"https:\/\/www.prijedordanas.com\/?s={search_term_string}\"},\"query-input\":\"required name=search_term_string\"}],\"inLanguage\":\"en-US\"},{\"@type\":\"Organization\",\"@id\":\"https:\/\/www.prijedordanas.com\/#organization\",\"name\":\"PrijedorDanas.com\",\"url\":\"https:\/\/www.prijedordanas.com\/\",\"logo\":{\"@type\":\"ImageObject\",\"inLanguage\":\"en-US\",\"@id\":\"https:\/\/www.prijedordanas.com\/#\/schema\/logo\/image\/\",\"url\":\"http:\/\/www.prijedordanas.com\/wp-content\/uploads\/2021\/12\/logopng.png\",\"contentUrl\":\"http:\/\/www.prijedordanas.com\/wp-content\/uploads\/2021\/12\/logopng.png\",\"width\":1019,\"height\":776,\"caption\":\"PrijedorDanas.com\"},\"image\":{\"@id\":\"https:\/\/www.prijedordanas.com\/#\/schema\/logo\/image\/\"},\"sameAs\":[\"https:\/\/www.facebook.com\/PrijedorDanasCom\/\"]},{\"@type\":\"Person\",\"@id\":\"https:\/\/www.prijedordanas.com\/#\/schema\/person\/4e08ccf29b506ca916ff86d46bb700e6\",\"name\":\"admin\",\"image\":{\"@type\":\"ImageObject\",\"inLanguage\":\"en-US\",\"@id\":\"https:\/\/www.prijedordanas.com\/#\/schema\/person\/image\/\",\"url\":\"https:\/\/secure.gravatar.com\/avatar\/1d3fc949d550f0b53a5f0d51e06dfd79?s=96&d=mm&r=g\",\"contentUrl\":\"https:\/\/secure.gravatar.com\/avatar\/1d3fc949d550f0b53a5f0d51e06dfd79?s=96&d=mm&r=g\",\"caption\":\"admin\"},\"url\":\"https:\/\/www.prijedordanas.com\/?author=1\"}]}<\/script>\n<!-- \/ Yoast SEO plugin. -->","yoast_head_json":{"title":"Nevjerovatna povratni\u010dka pri\u010da: Od jednog dunuma do dva hektara uspjeha - FOTO - PrijedorDanas.com - Prijedorski gradski portal","robots":{"index":"index","follow":"follow","max-snippet":"max-snippet:-1","max-image-preview":"max-image-preview:large","max-video-preview":"max-video-preview:-1"},"canonical":"https:\/\/www.prijedordanas.com\/?p=267445","og_locale":"en_US","og_type":"article","og_title":"Nevjerovatna povratni\u010dka pri\u010da: Od jednog dunuma do dva hektara uspjeha - FOTO - PrijedorDanas.com - Prijedorski gradski portal","og_description":"U povratni\u010dkom naselju Kozarac kod Prijedora, gdje su mnogi \u017eivot ponovo gradili iz po\u010detka, Sabit \u010custi\u0107 (50) danas vodi rasadnik koji se prostire na oko dva hektara i okuplja kupce [&hellip;]","og_url":"https:\/\/www.prijedordanas.com\/?p=267445","og_site_name":"PrijedorDanas.com - Prijedorski gradski portal","article_publisher":"https:\/\/www.facebook.com\/PrijedorDanasCom\/","article_published_time":"2026-04-19T17:36:17+00:00","og_image":[{"url":"https:\/\/www.prijedordanas.com\/wp-content\/uploads\/2026\/04\/fena-rasadnik-custic-1-300x225.jpg"}],"author":"admin","twitter_card":"summary_large_image","twitter_misc":{"Written by":"admin","Est. reading time":"4 minutes"},"schema":{"@context":"https:\/\/schema.org","@graph":[{"@type":"Article","@id":"https:\/\/www.prijedordanas.com\/?p=267445#article","isPartOf":{"@id":"https:\/\/www.prijedordanas.com\/?p=267445"},"author":{"name":"admin","@id":"https:\/\/www.prijedordanas.com\/#\/schema\/person\/4e08ccf29b506ca916ff86d46bb700e6"},"headline":"Nevjerovatna povratni\u010dka pri\u010da: Od jednog dunuma do dva hektara uspjeha &#8211; FOTO","datePublished":"2026-04-19T17:36:17+00:00","dateModified":"2026-04-19T17:36:17+00:00","mainEntityOfPage":{"@id":"https:\/\/www.prijedordanas.com\/?p=267445"},"wordCount":754,"publisher":{"@id":"https:\/\/www.prijedordanas.com\/#organization"},"articleSection":["\u017divot"],"inLanguage":"en-US"},{"@type":"WebPage","@id":"https:\/\/www.prijedordanas.com\/?p=267445","url":"https:\/\/www.prijedordanas.com\/?p=267445","name":"Nevjerovatna povratni\u010dka pri\u010da: Od jednog dunuma do dva hektara uspjeha - FOTO - PrijedorDanas.com - Prijedorski gradski portal","isPartOf":{"@id":"https:\/\/www.prijedordanas.com\/#website"},"datePublished":"2026-04-19T17:36:17+00:00","dateModified":"2026-04-19T17:36:17+00:00","breadcrumb":{"@id":"https:\/\/www.prijedordanas.com\/?p=267445#breadcrumb"},"inLanguage":"en-US","potentialAction":[{"@type":"ReadAction","target":["https:\/\/www.prijedordanas.com\/?p=267445"]}]},{"@type":"BreadcrumbList","@id":"https:\/\/www.prijedordanas.com\/?p=267445#breadcrumb","itemListElement":[{"@type":"ListItem","position":1,"name":"Home","item":"https:\/\/www.prijedordanas.com\/"},{"@type":"ListItem","position":2,"name":"Nevjerovatna povratni\u010dka pri\u010da: Od jednog dunuma do dva hektara uspjeha &#8211; FOTO"}]},{"@type":"WebSite","@id":"https:\/\/www.prijedordanas.com\/#website","url":"https:\/\/www.prijedordanas.com\/","name":"PrijedorDanas.com - Prijedorski gradski portal","description":"Portal o doga\u0111anjima u gradu Prijedoru","publisher":{"@id":"https:\/\/www.prijedordanas.com\/#organization"},"potentialAction":[{"@type":"SearchAction","target":{"@type":"EntryPoint","urlTemplate":"https:\/\/www.prijedordanas.com\/?s={search_term_string}"},"query-input":"required name=search_term_string"}],"inLanguage":"en-US"},{"@type":"Organization","@id":"https:\/\/www.prijedordanas.com\/#organization","name":"PrijedorDanas.com","url":"https:\/\/www.prijedordanas.com\/","logo":{"@type":"ImageObject","inLanguage":"en-US","@id":"https:\/\/www.prijedordanas.com\/#\/schema\/logo\/image\/","url":"http:\/\/www.prijedordanas.com\/wp-content\/uploads\/2021\/12\/logopng.png","contentUrl":"http:\/\/www.prijedordanas.com\/wp-content\/uploads\/2021\/12\/logopng.png","width":1019,"height":776,"caption":"PrijedorDanas.com"},"image":{"@id":"https:\/\/www.prijedordanas.com\/#\/schema\/logo\/image\/"},"sameAs":["https:\/\/www.facebook.com\/PrijedorDanasCom\/"]},{"@type":"Person","@id":"https:\/\/www.prijedordanas.com\/#\/schema\/person\/4e08ccf29b506ca916ff86d46bb700e6","name":"admin","image":{"@type":"ImageObject","inLanguage":"en-US","@id":"https:\/\/www.prijedordanas.com\/#\/schema\/person\/image\/","url":"https:\/\/secure.gravatar.com\/avatar\/1d3fc949d550f0b53a5f0d51e06dfd79?s=96&d=mm&r=g","contentUrl":"https:\/\/secure.gravatar.com\/avatar\/1d3fc949d550f0b53a5f0d51e06dfd79?s=96&d=mm&r=g","caption":"admin"},"url":"https:\/\/www.prijedordanas.com\/?author=1"}]}},"_links":{"self":[{"href":"https:\/\/www.prijedordanas.com\/index.php?rest_route=\/wp\/v2\/posts\/267445"}],"collection":[{"href":"https:\/\/www.prijedordanas.com\/index.php?rest_route=\/wp\/v2\/posts"}],"about":[{"href":"https:\/\/www.prijedordanas.com\/index.php?rest_route=\/wp\/v2\/types\/post"}],"author":[{"embeddable":true,"href":"https:\/\/www.prijedordanas.com\/index.php?rest_route=\/wp\/v2\/users\/1"}],"replies":[{"embeddable":true,"href":"https:\/\/www.prijedordanas.com\/index.php?rest_route=%2Fwp%2Fv2%2Fcomments&post=267445"}],"version-history":[{"count":1,"href":"https:\/\/www.prijedordanas.com\/index.php?rest_route=\/wp\/v2\/posts\/267445\/revisions"}],"predecessor-version":[{"id":267453,"href":"https:\/\/www.prijedordanas.com\/index.php?rest_route=\/wp\/v2\/posts\/267445\/revisions\/267453"}],"wp:attachment":[{"href":"https:\/\/www.prijedordanas.com\/index.php?rest_route=%2Fwp%2Fv2%2Fmedia&parent=267445"}],"wp:term":[{"taxonomy":"category","embeddable":true,"href":"https:\/\/www.prijedordanas.com\/index.php?rest_route=%2Fwp%2Fv2%2Fcategories&post=267445"},{"taxonomy":"post_tag","embeddable":true,"href":"https:\/\/www.prijedordanas.com\/index.php?rest_route=%2Fwp%2Fv2%2Ftags&post=267445"}],"curies":[{"name":"wp","href":"https:\/\/api.w.org\/{rel}","templated":true}]}}