{"id":267288,"date":"2026-04-16T21:49:06","date_gmt":"2026-04-16T19:49:06","guid":{"rendered":"https:\/\/www.prijedordanas.com\/?p=267288"},"modified":"2026-04-16T21:49:06","modified_gmt":"2026-04-16T19:49:06","slug":"udruzenje-zena-herba-ove-subote-peta-manifestacija-dani-ljubicice","status":"publish","type":"post","link":"https:\/\/www.prijedordanas.com\/?p=267288","title":{"rendered":"Udru\u017eenje \u017eena &#8220;Herba&#8221;: Ove subote peta manifestacija &#8220;Dani ljubi\u010dice&#8221;"},"content":{"rendered":"<p><a href=\"https:\/\/www.prijedordanas.com\/wp-content\/uploads\/2026\/04\/herba-dani-ljubicice-2026-plakat.jpg\"><img loading=\"lazy\" decoding=\"async\" class=\"alignleft size-medium wp-image-267289\" src=\"https:\/\/www.prijedordanas.com\/wp-content\/uploads\/2026\/04\/herba-dani-ljubicice-2026-plakat-212x300.jpg\" alt=\"\" width=\"212\" height=\"300\" srcset=\"https:\/\/www.prijedordanas.com\/wp-content\/uploads\/2026\/04\/herba-dani-ljubicice-2026-plakat-212x300.jpg 212w, https:\/\/www.prijedordanas.com\/wp-content\/uploads\/2026\/04\/herba-dani-ljubicice-2026-plakat.jpg 452w\" sizes=\"(max-width: 212px) 100vw, 212px\" \/><\/a>Prijedorsko Udru\u017eenje \u017eena \u201eHerba\u201c poziva vas da posjetite Pete \u201eDane ljubi\u010dica\u201c, edukativnu i izlo\u017ebeno-prodajnu manifestaciju koja \u0107e biti odr\u017eana u subotu, 18. aprila 2026. godine, od 14 do 17 sati, u botani\u010dkoj ba\u0161ti u Crnoj Dolini.<\/p>\n<p>Stru\u010dnjaci za bio-hemiju i certifikovani travari svojim predavanjima i prakti\u010dnim savjetima pribli\u017ei\u0107e vam svijet ljekovitog, aromati\u010dnog i za\u010dinskog bilja, njihovog uzgoja i prerade i upoznati vas s recepturama za izradu proizvoda na bazi ljekovitog bilja, bez upotrebe hemijskih sredstava.<\/p>\n<p>-Na na\u0161oj Manifestaciji bi\u0107e vam ponu\u0111eni zdravi \u010dajevi, ljekoviti melemi i tinkture, uljni macerati, deo kreme, prirodne kreme za lice, kao i ru\u010dno ra\u0111ene torbe i nakit. Kupovinom Herbinih proizvoda u vrijednosti od 20 KM i vi\u0161e, automatski u\u010destvujete u tomboli i imate priliku osvojiti vrijedne nagrade. Do\u0111ite da zajedno u\u017eivamo u mirisima prolje\u0107a, upoznamo ljekovito bilje i provedemo jedan opu\u0161ten i inspirativan dan u prirodi &#8211; navode iz Udru\u017eenja &#8220;Herba&#8221;.<\/p>\n<p>Subota, 18. april od 14 sati, botani\u010dka ba\u0161ta u Crnoj Dolini \u2013 5. \u201eDani ljubi\u010dica\u201c.<\/p>\n<p><a href=\"https:\/\/www.prijedordanas.com\/wp-content\/uploads\/2026\/04\/herba-dani-ljubicice-putokaz.jpg\"><img loading=\"lazy\" decoding=\"async\" src=\"https:\/\/www.prijedordanas.com\/wp-content\/uploads\/2026\/04\/herba-dani-ljubicice-putokaz-300x206.jpg\" alt=\"\" width=\"300\" height=\"206\" class=\"alignleft size-medium wp-image-267290\" srcset=\"https:\/\/www.prijedordanas.com\/wp-content\/uploads\/2026\/04\/herba-dani-ljubicice-putokaz-300x206.jpg 300w, https:\/\/www.prijedordanas.com\/wp-content\/uploads\/2026\/04\/herba-dani-ljubicice-putokaz.jpg 700w\" sizes=\"(max-width: 300px) 100vw, 300px\" \/><\/a>PROGRAM:<br \/>\n14:00 okupljanje, rije\u010d dobrodo\u0161lice<br \/>\n14:30-15:00 mala \u0161kola ljekovitog bilja &#8211; edukativni obllazak Herbine Botani\u010dke ba\u0161te i upoznavanje sa odabranim biljkama, njihovim svojstvima i tradicionalnom upotrebom.<br \/>\n15:10 degustacija i predstavljanje ponude proizvoda \u010dlanica Herbe<br \/>\n16:30 bogata tombola<\/p>\n<p>POSEBAN PROGRAM ZA DJECU:<br \/>\n15:00-16:00 mali kviz, nagrade. igranje u prirodi i jo\u0161 razna iznena\u0111enja<\/p>\n<p>Tekst &#8211; Aleksandar Drakuli\u0107 \u2013 <a href=\"https:\/\/www.prijedordanas.com\" target=\"_blank\" rel=\"noopener noreferrer\">www.prijedordanas.com<\/a><br \/>\nFoto &#8211; Herba<\/p>\n","protected":false},"excerpt":{"rendered":"<p>Prijedorsko Udru\u017eenje \u017eena \u201eHerba\u201c poziva vas da posjetite Pete \u201eDane ljubi\u010dica\u201c, edukativnu i izlo\u017ebeno-prodajnu manifestaciju koja \u0107e biti odr\u017eana u subotu, 18. aprila 2026. godine, od 14 do 17 sati, [&hellip;]<\/p>\n","protected":false},"author":1,"featured_media":0,"comment_status":"closed","ping_status":"open","sticky":false,"template":"","format":"standard","meta":{"_monsterinsights_skip_tracking":false,"_monsterinsights_sitenote_active":false,"_monsterinsights_sitenote_note":"","_monsterinsights_sitenote_category":0,"footnotes":""},"categories":[3],"tags":[],"yoast_head":"<!-- This site is optimized with the Yoast SEO plugin v21.6 - https:\/\/yoast.com\/wordpress\/plugins\/seo\/ -->\n<title>Udru\u017eenje \u017eena &quot;Herba&quot;: Ove subote peta manifestacija &quot;Dani ljubi\u010dice&quot; - PrijedorDanas.com - Prijedorski gradski portal<\/title>\n<meta name=\"robots\" content=\"index, follow, max-snippet:-1, max-image-preview:large, max-video-preview:-1\" \/>\n<link rel=\"canonical\" href=\"https:\/\/www.prijedordanas.com\/?p=267288\" \/>\n<meta property=\"og:locale\" content=\"en_US\" \/>\n<meta property=\"og:type\" content=\"article\" \/>\n<meta property=\"og:title\" content=\"Udru\u017eenje \u017eena &quot;Herba&quot;: Ove subote peta manifestacija &quot;Dani ljubi\u010dice&quot; - PrijedorDanas.com - Prijedorski gradski portal\" \/>\n<meta property=\"og:description\" content=\"Prijedorsko Udru\u017eenje \u017eena \u201eHerba\u201c poziva vas da posjetite Pete \u201eDane ljubi\u010dica\u201c, edukativnu i izlo\u017ebeno-prodajnu manifestaciju koja \u0107e biti odr\u017eana u subotu, 18. aprila 2026. godine, od 14 do 17 sati, [&hellip;]\" \/>\n<meta property=\"og:url\" content=\"https:\/\/www.prijedordanas.com\/?p=267288\" \/>\n<meta property=\"og:site_name\" content=\"PrijedorDanas.com - Prijedorski gradski portal\" \/>\n<meta property=\"article:publisher\" content=\"https:\/\/www.facebook.com\/PrijedorDanasCom\/\" \/>\n<meta property=\"article:published_time\" content=\"2026-04-16T19:49:06+00:00\" \/>\n<meta property=\"og:image\" content=\"https:\/\/www.prijedordanas.com\/wp-content\/uploads\/2026\/04\/herba-dani-ljubicice-2026-plakat-212x300.jpg\" \/>\n<meta name=\"author\" content=\"admin\" \/>\n<meta name=\"twitter:card\" content=\"summary_large_image\" \/>\n<meta name=\"twitter:label1\" content=\"Written by\" \/>\n\t<meta name=\"twitter:data1\" content=\"admin\" \/>\n\t<meta name=\"twitter:label2\" content=\"Est. reading time\" \/>\n\t<meta name=\"twitter:data2\" content=\"2 minutes\" \/>\n<script type=\"application\/ld+json\" class=\"yoast-schema-graph\">{\"@context\":\"https:\/\/schema.org\",\"@graph\":[{\"@type\":\"Article\",\"@id\":\"https:\/\/www.prijedordanas.com\/?p=267288#article\",\"isPartOf\":{\"@id\":\"https:\/\/www.prijedordanas.com\/?p=267288\"},\"author\":{\"name\":\"admin\",\"@id\":\"https:\/\/www.prijedordanas.com\/#\/schema\/person\/4e08ccf29b506ca916ff86d46bb700e6\"},\"headline\":\"Udru\u017eenje \u017eena &#8220;Herba&#8221;: Ove subote peta manifestacija &#8220;Dani ljubi\u010dice&#8221;\",\"datePublished\":\"2026-04-16T19:49:06+00:00\",\"dateModified\":\"2026-04-16T19:49:06+00:00\",\"mainEntityOfPage\":{\"@id\":\"https:\/\/www.prijedordanas.com\/?p=267288\"},\"wordCount\":253,\"publisher\":{\"@id\":\"https:\/\/www.prijedordanas.com\/#organization\"},\"articleSection\":[\"\u017divot\"],\"inLanguage\":\"en-US\"},{\"@type\":\"WebPage\",\"@id\":\"https:\/\/www.prijedordanas.com\/?p=267288\",\"url\":\"https:\/\/www.prijedordanas.com\/?p=267288\",\"name\":\"Udru\u017eenje \u017eena \\\"Herba\\\": Ove subote peta manifestacija \\\"Dani ljubi\u010dice\\\" - PrijedorDanas.com - Prijedorski gradski portal\",\"isPartOf\":{\"@id\":\"https:\/\/www.prijedordanas.com\/#website\"},\"datePublished\":\"2026-04-16T19:49:06+00:00\",\"dateModified\":\"2026-04-16T19:49:06+00:00\",\"breadcrumb\":{\"@id\":\"https:\/\/www.prijedordanas.com\/?p=267288#breadcrumb\"},\"inLanguage\":\"en-US\",\"potentialAction\":[{\"@type\":\"ReadAction\",\"target\":[\"https:\/\/www.prijedordanas.com\/?p=267288\"]}]},{\"@type\":\"BreadcrumbList\",\"@id\":\"https:\/\/www.prijedordanas.com\/?p=267288#breadcrumb\",\"itemListElement\":[{\"@type\":\"ListItem\",\"position\":1,\"name\":\"Home\",\"item\":\"https:\/\/www.prijedordanas.com\/\"},{\"@type\":\"ListItem\",\"position\":2,\"name\":\"Udru\u017eenje \u017eena &#8220;Herba&#8221;: Ove subote peta manifestacija &#8220;Dani ljubi\u010dice&#8221;\"}]},{\"@type\":\"WebSite\",\"@id\":\"https:\/\/www.prijedordanas.com\/#website\",\"url\":\"https:\/\/www.prijedordanas.com\/\",\"name\":\"PrijedorDanas.com - Prijedorski gradski portal\",\"description\":\"Portal o doga\u0111anjima u gradu Prijedoru\",\"publisher\":{\"@id\":\"https:\/\/www.prijedordanas.com\/#organization\"},\"potentialAction\":[{\"@type\":\"SearchAction\",\"target\":{\"@type\":\"EntryPoint\",\"urlTemplate\":\"https:\/\/www.prijedordanas.com\/?s={search_term_string}\"},\"query-input\":\"required name=search_term_string\"}],\"inLanguage\":\"en-US\"},{\"@type\":\"Organization\",\"@id\":\"https:\/\/www.prijedordanas.com\/#organization\",\"name\":\"PrijedorDanas.com\",\"url\":\"https:\/\/www.prijedordanas.com\/\",\"logo\":{\"@type\":\"ImageObject\",\"inLanguage\":\"en-US\",\"@id\":\"https:\/\/www.prijedordanas.com\/#\/schema\/logo\/image\/\",\"url\":\"http:\/\/www.prijedordanas.com\/wp-content\/uploads\/2021\/12\/logopng.png\",\"contentUrl\":\"http:\/\/www.prijedordanas.com\/wp-content\/uploads\/2021\/12\/logopng.png\",\"width\":1019,\"height\":776,\"caption\":\"PrijedorDanas.com\"},\"image\":{\"@id\":\"https:\/\/www.prijedordanas.com\/#\/schema\/logo\/image\/\"},\"sameAs\":[\"https:\/\/www.facebook.com\/PrijedorDanasCom\/\"]},{\"@type\":\"Person\",\"@id\":\"https:\/\/www.prijedordanas.com\/#\/schema\/person\/4e08ccf29b506ca916ff86d46bb700e6\",\"name\":\"admin\",\"image\":{\"@type\":\"ImageObject\",\"inLanguage\":\"en-US\",\"@id\":\"https:\/\/www.prijedordanas.com\/#\/schema\/person\/image\/\",\"url\":\"https:\/\/secure.gravatar.com\/avatar\/1d3fc949d550f0b53a5f0d51e06dfd79?s=96&d=mm&r=g\",\"contentUrl\":\"https:\/\/secure.gravatar.com\/avatar\/1d3fc949d550f0b53a5f0d51e06dfd79?s=96&d=mm&r=g\",\"caption\":\"admin\"},\"url\":\"https:\/\/www.prijedordanas.com\/?author=1\"}]}<\/script>\n<!-- \/ Yoast SEO plugin. -->","yoast_head_json":{"title":"Udru\u017eenje \u017eena \"Herba\": Ove subote peta manifestacija \"Dani ljubi\u010dice\" - PrijedorDanas.com - Prijedorski gradski portal","robots":{"index":"index","follow":"follow","max-snippet":"max-snippet:-1","max-image-preview":"max-image-preview:large","max-video-preview":"max-video-preview:-1"},"canonical":"https:\/\/www.prijedordanas.com\/?p=267288","og_locale":"en_US","og_type":"article","og_title":"Udru\u017eenje \u017eena \"Herba\": Ove subote peta manifestacija \"Dani ljubi\u010dice\" - PrijedorDanas.com - Prijedorski gradski portal","og_description":"Prijedorsko Udru\u017eenje \u017eena \u201eHerba\u201c poziva vas da posjetite Pete \u201eDane ljubi\u010dica\u201c, edukativnu i izlo\u017ebeno-prodajnu manifestaciju koja \u0107e biti odr\u017eana u subotu, 18. aprila 2026. godine, od 14 do 17 sati, [&hellip;]","og_url":"https:\/\/www.prijedordanas.com\/?p=267288","og_site_name":"PrijedorDanas.com - Prijedorski gradski portal","article_publisher":"https:\/\/www.facebook.com\/PrijedorDanasCom\/","article_published_time":"2026-04-16T19:49:06+00:00","og_image":[{"url":"https:\/\/www.prijedordanas.com\/wp-content\/uploads\/2026\/04\/herba-dani-ljubicice-2026-plakat-212x300.jpg"}],"author":"admin","twitter_card":"summary_large_image","twitter_misc":{"Written by":"admin","Est. reading time":"2 minutes"},"schema":{"@context":"https:\/\/schema.org","@graph":[{"@type":"Article","@id":"https:\/\/www.prijedordanas.com\/?p=267288#article","isPartOf":{"@id":"https:\/\/www.prijedordanas.com\/?p=267288"},"author":{"name":"admin","@id":"https:\/\/www.prijedordanas.com\/#\/schema\/person\/4e08ccf29b506ca916ff86d46bb700e6"},"headline":"Udru\u017eenje \u017eena &#8220;Herba&#8221;: Ove subote peta manifestacija &#8220;Dani ljubi\u010dice&#8221;","datePublished":"2026-04-16T19:49:06+00:00","dateModified":"2026-04-16T19:49:06+00:00","mainEntityOfPage":{"@id":"https:\/\/www.prijedordanas.com\/?p=267288"},"wordCount":253,"publisher":{"@id":"https:\/\/www.prijedordanas.com\/#organization"},"articleSection":["\u017divot"],"inLanguage":"en-US"},{"@type":"WebPage","@id":"https:\/\/www.prijedordanas.com\/?p=267288","url":"https:\/\/www.prijedordanas.com\/?p=267288","name":"Udru\u017eenje \u017eena \"Herba\": Ove subote peta manifestacija \"Dani ljubi\u010dice\" - PrijedorDanas.com - Prijedorski gradski portal","isPartOf":{"@id":"https:\/\/www.prijedordanas.com\/#website"},"datePublished":"2026-04-16T19:49:06+00:00","dateModified":"2026-04-16T19:49:06+00:00","breadcrumb":{"@id":"https:\/\/www.prijedordanas.com\/?p=267288#breadcrumb"},"inLanguage":"en-US","potentialAction":[{"@type":"ReadAction","target":["https:\/\/www.prijedordanas.com\/?p=267288"]}]},{"@type":"BreadcrumbList","@id":"https:\/\/www.prijedordanas.com\/?p=267288#breadcrumb","itemListElement":[{"@type":"ListItem","position":1,"name":"Home","item":"https:\/\/www.prijedordanas.com\/"},{"@type":"ListItem","position":2,"name":"Udru\u017eenje \u017eena &#8220;Herba&#8221;: Ove subote peta manifestacija &#8220;Dani ljubi\u010dice&#8221;"}]},{"@type":"WebSite","@id":"https:\/\/www.prijedordanas.com\/#website","url":"https:\/\/www.prijedordanas.com\/","name":"PrijedorDanas.com - Prijedorski gradski portal","description":"Portal o doga\u0111anjima u gradu Prijedoru","publisher":{"@id":"https:\/\/www.prijedordanas.com\/#organization"},"potentialAction":[{"@type":"SearchAction","target":{"@type":"EntryPoint","urlTemplate":"https:\/\/www.prijedordanas.com\/?s={search_term_string}"},"query-input":"required name=search_term_string"}],"inLanguage":"en-US"},{"@type":"Organization","@id":"https:\/\/www.prijedordanas.com\/#organization","name":"PrijedorDanas.com","url":"https:\/\/www.prijedordanas.com\/","logo":{"@type":"ImageObject","inLanguage":"en-US","@id":"https:\/\/www.prijedordanas.com\/#\/schema\/logo\/image\/","url":"http:\/\/www.prijedordanas.com\/wp-content\/uploads\/2021\/12\/logopng.png","contentUrl":"http:\/\/www.prijedordanas.com\/wp-content\/uploads\/2021\/12\/logopng.png","width":1019,"height":776,"caption":"PrijedorDanas.com"},"image":{"@id":"https:\/\/www.prijedordanas.com\/#\/schema\/logo\/image\/"},"sameAs":["https:\/\/www.facebook.com\/PrijedorDanasCom\/"]},{"@type":"Person","@id":"https:\/\/www.prijedordanas.com\/#\/schema\/person\/4e08ccf29b506ca916ff86d46bb700e6","name":"admin","image":{"@type":"ImageObject","inLanguage":"en-US","@id":"https:\/\/www.prijedordanas.com\/#\/schema\/person\/image\/","url":"https:\/\/secure.gravatar.com\/avatar\/1d3fc949d550f0b53a5f0d51e06dfd79?s=96&d=mm&r=g","contentUrl":"https:\/\/secure.gravatar.com\/avatar\/1d3fc949d550f0b53a5f0d51e06dfd79?s=96&d=mm&r=g","caption":"admin"},"url":"https:\/\/www.prijedordanas.com\/?author=1"}]}},"_links":{"self":[{"href":"https:\/\/www.prijedordanas.com\/index.php?rest_route=\/wp\/v2\/posts\/267288"}],"collection":[{"href":"https:\/\/www.prijedordanas.com\/index.php?rest_route=\/wp\/v2\/posts"}],"about":[{"href":"https:\/\/www.prijedordanas.com\/index.php?rest_route=\/wp\/v2\/types\/post"}],"author":[{"embeddable":true,"href":"https:\/\/www.prijedordanas.com\/index.php?rest_route=\/wp\/v2\/users\/1"}],"replies":[{"embeddable":true,"href":"https:\/\/www.prijedordanas.com\/index.php?rest_route=%2Fwp%2Fv2%2Fcomments&post=267288"}],"version-history":[{"count":1,"href":"https:\/\/www.prijedordanas.com\/index.php?rest_route=\/wp\/v2\/posts\/267288\/revisions"}],"predecessor-version":[{"id":267291,"href":"https:\/\/www.prijedordanas.com\/index.php?rest_route=\/wp\/v2\/posts\/267288\/revisions\/267291"}],"wp:attachment":[{"href":"https:\/\/www.prijedordanas.com\/index.php?rest_route=%2Fwp%2Fv2%2Fmedia&parent=267288"}],"wp:term":[{"taxonomy":"category","embeddable":true,"href":"https:\/\/www.prijedordanas.com\/index.php?rest_route=%2Fwp%2Fv2%2Fcategories&post=267288"},{"taxonomy":"post_tag","embeddable":true,"href":"https:\/\/www.prijedordanas.com\/index.php?rest_route=%2Fwp%2Fv2%2Ftags&post=267288"}],"curies":[{"name":"wp","href":"https:\/\/api.w.org\/{rel}","templated":true}]}}