{"id":267276,"date":"2026-04-16T16:05:05","date_gmt":"2026-04-16T14:05:05","guid":{"rendered":"https:\/\/www.prijedordanas.com\/?p=267276"},"modified":"2026-04-16T16:05:05","modified_gmt":"2026-04-16T14:05:05","slug":"u-petak-rudar-prijedor-protiv-sirokog-brijega-na-stadionu-pecara","status":"publish","type":"post","link":"https:\/\/www.prijedordanas.com\/?p=267276","title":{"rendered":"U petak &#8220;Rudar-Prijedor&#8221; protiv &#8220;\u0160irokog Brijega&#8221; na stadionu &#8220;Pecara&#8221;"},"content":{"rendered":"<p><a href=\"https:\/\/www.prijedordanas.com\/wp-content\/uploads\/2026\/04\/rudarpd-borac-0-2-4.jpg\"><img loading=\"lazy\" decoding=\"async\" src=\"https:\/\/www.prijedordanas.com\/wp-content\/uploads\/2026\/04\/rudarpd-borac-0-2-4-300x225.jpg\" alt=\"\" width=\"300\" height=\"225\" class=\"alignleft size-medium wp-image-266933\" srcset=\"https:\/\/www.prijedordanas.com\/wp-content\/uploads\/2026\/04\/rudarpd-borac-0-2-4-300x225.jpg 300w, https:\/\/www.prijedordanas.com\/wp-content\/uploads\/2026\/04\/rudarpd-borac-0-2-4-640x480.jpg 640w, https:\/\/www.prijedordanas.com\/wp-content\/uploads\/2026\/04\/rudarpd-borac-0-2-4.jpg 667w\" sizes=\"(max-width: 300px) 100vw, 300px\" \/><\/a>Fudbaleri \u201eRudar-Prijedora\u201c odmjeri\u0107e snage protiv NK \u201e\u0160iroki Brijeg\u201c u petak u dvadesetom kolu WWIN lige, a utakmica po\u010dinje u 18. 00 \u010dasova na stadionu Pecara u \u0160irokom Brijegu. <\/p>\n<p>Trener \u201eRudara\u201c Perica Ognjenovi\u0107 ka\u017ee da \u0107e poku\u0161ati ostvariti dobar rezultat.<\/p>\n<p>\u201eMislim da mi igramo dobar fudbal i da smo dobar motiv za svakog tako da o\u010dekujem jako te\u0161ku utakmicu u svakom slu\u010daju. Imamo dosta problema, poku\u0161avamo najbr\u017ee mogu\u0107e da osposobimo igra\u010de \u0161to nije nimalo lako, ali proba\u0107emo da iza\u0111emo \u0161to kompletniji. Kadrovska situacija i uslovi u kojima se nalazimo su stvarno mnogo te\u0161ki, te\u0161ko da mo\u017eemo sebi da priu\u0161timo luksuz da nam se jo\u0161 neko ne daj Bo\u017ee povredi u ovako kratkom rosteru koji imamo\u201d, rekao je trener \u201cRudar-Prijedora\u201d Perica Ognjenovi\u0107.<\/p>\n<p><a href=\"https:\/\/kozarski.com\/u-petak-rudar-protiv-sirokog-brijega-na-stadionu-pecara\/\" rel=\"noopener\" target=\"_blank\">kozarski.com<\/a><\/p>\n<p><iframe loading=\"lazy\" title=\"U PETAK\u00a0 \u201eRUDAR\u201c \u00a0PROTIV \u201e\u0160IROKOG BRIJEGA\u201c\u00a0 NA STADIONU PECARA\" width=\"500\" height=\"281\" src=\"https:\/\/www.youtube.com\/embed\/gbMIlHxGe4U?feature=oembed\" frameborder=\"0\" allow=\"accelerometer; autoplay; clipboard-write; encrypted-media; gyroscope; picture-in-picture; web-share\" referrerpolicy=\"strict-origin-when-cross-origin\" allowfullscreen><\/iframe><\/p>\n","protected":false},"excerpt":{"rendered":"<p>Fudbaleri \u201eRudar-Prijedora\u201c odmjeri\u0107e snage protiv NK \u201e\u0160iroki Brijeg\u201c u petak u dvadesetom kolu WWIN lige, a utakmica po\u010dinje u 18. 00 \u010dasova na stadionu Pecara u \u0160irokom Brijegu. Trener \u201eRudara\u201c [&hellip;]<\/p>\n","protected":false},"author":1,"featured_media":0,"comment_status":"closed","ping_status":"open","sticky":false,"template":"","format":"standard","meta":{"_monsterinsights_skip_tracking":false,"_monsterinsights_sitenote_active":false,"_monsterinsights_sitenote_note":"","_monsterinsights_sitenote_category":0,"footnotes":""},"categories":[7],"tags":[],"yoast_head":"<!-- This site is optimized with the Yoast SEO plugin v21.6 - https:\/\/yoast.com\/wordpress\/plugins\/seo\/ -->\n<title>U petak &quot;Rudar-Prijedor&quot; protiv &quot;\u0160irokog Brijega&quot; na stadionu &quot;Pecara&quot; - PrijedorDanas.com - Prijedorski gradski portal<\/title>\n<meta name=\"robots\" content=\"index, follow, max-snippet:-1, max-image-preview:large, max-video-preview:-1\" \/>\n<link rel=\"canonical\" href=\"https:\/\/www.prijedordanas.com\/?p=267276\" \/>\n<meta property=\"og:locale\" content=\"en_US\" \/>\n<meta property=\"og:type\" content=\"article\" \/>\n<meta property=\"og:title\" content=\"U petak &quot;Rudar-Prijedor&quot; protiv &quot;\u0160irokog Brijega&quot; na stadionu &quot;Pecara&quot; - PrijedorDanas.com - Prijedorski gradski portal\" \/>\n<meta property=\"og:description\" content=\"Fudbaleri \u201eRudar-Prijedora\u201c odmjeri\u0107e snage protiv NK \u201e\u0160iroki Brijeg\u201c u petak u dvadesetom kolu WWIN lige, a utakmica po\u010dinje u 18. 00 \u010dasova na stadionu Pecara u \u0160irokom Brijegu. Trener \u201eRudara\u201c [&hellip;]\" \/>\n<meta property=\"og:url\" content=\"https:\/\/www.prijedordanas.com\/?p=267276\" \/>\n<meta property=\"og:site_name\" content=\"PrijedorDanas.com - Prijedorski gradski portal\" \/>\n<meta property=\"article:publisher\" content=\"https:\/\/www.facebook.com\/PrijedorDanasCom\/\" \/>\n<meta property=\"article:published_time\" content=\"2026-04-16T14:05:05+00:00\" \/>\n<meta property=\"og:image\" content=\"https:\/\/www.prijedordanas.com\/wp-content\/uploads\/2026\/04\/rudarpd-borac-0-2-4-300x225.jpg\" \/>\n<meta name=\"author\" content=\"admin\" \/>\n<meta name=\"twitter:card\" content=\"summary_large_image\" \/>\n<meta name=\"twitter:label1\" content=\"Written by\" \/>\n\t<meta name=\"twitter:data1\" content=\"admin\" \/>\n<script type=\"application\/ld+json\" class=\"yoast-schema-graph\">{\"@context\":\"https:\/\/schema.org\",\"@graph\":[{\"@type\":\"Article\",\"@id\":\"https:\/\/www.prijedordanas.com\/?p=267276#article\",\"isPartOf\":{\"@id\":\"https:\/\/www.prijedordanas.com\/?p=267276\"},\"author\":{\"name\":\"admin\",\"@id\":\"https:\/\/www.prijedordanas.com\/#\/schema\/person\/4e08ccf29b506ca916ff86d46bb700e6\"},\"headline\":\"U petak &#8220;Rudar-Prijedor&#8221; protiv &#8220;\u0160irokog Brijega&#8221; na stadionu &#8220;Pecara&#8221;\",\"datePublished\":\"2026-04-16T14:05:05+00:00\",\"dateModified\":\"2026-04-16T14:05:05+00:00\",\"mainEntityOfPage\":{\"@id\":\"https:\/\/www.prijedordanas.com\/?p=267276\"},\"wordCount\":155,\"publisher\":{\"@id\":\"https:\/\/www.prijedordanas.com\/#organization\"},\"articleSection\":[\"Sport\"],\"inLanguage\":\"en-US\"},{\"@type\":\"WebPage\",\"@id\":\"https:\/\/www.prijedordanas.com\/?p=267276\",\"url\":\"https:\/\/www.prijedordanas.com\/?p=267276\",\"name\":\"U petak \\\"Rudar-Prijedor\\\" protiv \\\"\u0160irokog Brijega\\\" na stadionu \\\"Pecara\\\" - PrijedorDanas.com - Prijedorski gradski portal\",\"isPartOf\":{\"@id\":\"https:\/\/www.prijedordanas.com\/#website\"},\"datePublished\":\"2026-04-16T14:05:05+00:00\",\"dateModified\":\"2026-04-16T14:05:05+00:00\",\"breadcrumb\":{\"@id\":\"https:\/\/www.prijedordanas.com\/?p=267276#breadcrumb\"},\"inLanguage\":\"en-US\",\"potentialAction\":[{\"@type\":\"ReadAction\",\"target\":[\"https:\/\/www.prijedordanas.com\/?p=267276\"]}]},{\"@type\":\"BreadcrumbList\",\"@id\":\"https:\/\/www.prijedordanas.com\/?p=267276#breadcrumb\",\"itemListElement\":[{\"@type\":\"ListItem\",\"position\":1,\"name\":\"Home\",\"item\":\"https:\/\/www.prijedordanas.com\/\"},{\"@type\":\"ListItem\",\"position\":2,\"name\":\"U petak &#8220;Rudar-Prijedor&#8221; protiv &#8220;\u0160irokog Brijega&#8221; na stadionu &#8220;Pecara&#8221;\"}]},{\"@type\":\"WebSite\",\"@id\":\"https:\/\/www.prijedordanas.com\/#website\",\"url\":\"https:\/\/www.prijedordanas.com\/\",\"name\":\"PrijedorDanas.com - Prijedorski gradski portal\",\"description\":\"Portal o doga\u0111anjima u gradu Prijedoru\",\"publisher\":{\"@id\":\"https:\/\/www.prijedordanas.com\/#organization\"},\"potentialAction\":[{\"@type\":\"SearchAction\",\"target\":{\"@type\":\"EntryPoint\",\"urlTemplate\":\"https:\/\/www.prijedordanas.com\/?s={search_term_string}\"},\"query-input\":\"required name=search_term_string\"}],\"inLanguage\":\"en-US\"},{\"@type\":\"Organization\",\"@id\":\"https:\/\/www.prijedordanas.com\/#organization\",\"name\":\"PrijedorDanas.com\",\"url\":\"https:\/\/www.prijedordanas.com\/\",\"logo\":{\"@type\":\"ImageObject\",\"inLanguage\":\"en-US\",\"@id\":\"https:\/\/www.prijedordanas.com\/#\/schema\/logo\/image\/\",\"url\":\"http:\/\/www.prijedordanas.com\/wp-content\/uploads\/2021\/12\/logopng.png\",\"contentUrl\":\"http:\/\/www.prijedordanas.com\/wp-content\/uploads\/2021\/12\/logopng.png\",\"width\":1019,\"height\":776,\"caption\":\"PrijedorDanas.com\"},\"image\":{\"@id\":\"https:\/\/www.prijedordanas.com\/#\/schema\/logo\/image\/\"},\"sameAs\":[\"https:\/\/www.facebook.com\/PrijedorDanasCom\/\"]},{\"@type\":\"Person\",\"@id\":\"https:\/\/www.prijedordanas.com\/#\/schema\/person\/4e08ccf29b506ca916ff86d46bb700e6\",\"name\":\"admin\",\"image\":{\"@type\":\"ImageObject\",\"inLanguage\":\"en-US\",\"@id\":\"https:\/\/www.prijedordanas.com\/#\/schema\/person\/image\/\",\"url\":\"https:\/\/secure.gravatar.com\/avatar\/1d3fc949d550f0b53a5f0d51e06dfd79?s=96&d=mm&r=g\",\"contentUrl\":\"https:\/\/secure.gravatar.com\/avatar\/1d3fc949d550f0b53a5f0d51e06dfd79?s=96&d=mm&r=g\",\"caption\":\"admin\"},\"url\":\"https:\/\/www.prijedordanas.com\/?author=1\"}]}<\/script>\n<!-- \/ Yoast SEO plugin. -->","yoast_head_json":{"title":"U petak \"Rudar-Prijedor\" protiv \"\u0160irokog Brijega\" na stadionu \"Pecara\" - PrijedorDanas.com - Prijedorski gradski portal","robots":{"index":"index","follow":"follow","max-snippet":"max-snippet:-1","max-image-preview":"max-image-preview:large","max-video-preview":"max-video-preview:-1"},"canonical":"https:\/\/www.prijedordanas.com\/?p=267276","og_locale":"en_US","og_type":"article","og_title":"U petak \"Rudar-Prijedor\" protiv \"\u0160irokog Brijega\" na stadionu \"Pecara\" - PrijedorDanas.com - Prijedorski gradski portal","og_description":"Fudbaleri \u201eRudar-Prijedora\u201c odmjeri\u0107e snage protiv NK \u201e\u0160iroki Brijeg\u201c u petak u dvadesetom kolu WWIN lige, a utakmica po\u010dinje u 18. 00 \u010dasova na stadionu Pecara u \u0160irokom Brijegu. Trener \u201eRudara\u201c [&hellip;]","og_url":"https:\/\/www.prijedordanas.com\/?p=267276","og_site_name":"PrijedorDanas.com - Prijedorski gradski portal","article_publisher":"https:\/\/www.facebook.com\/PrijedorDanasCom\/","article_published_time":"2026-04-16T14:05:05+00:00","og_image":[{"url":"https:\/\/www.prijedordanas.com\/wp-content\/uploads\/2026\/04\/rudarpd-borac-0-2-4-300x225.jpg"}],"author":"admin","twitter_card":"summary_large_image","twitter_misc":{"Written by":"admin"},"schema":{"@context":"https:\/\/schema.org","@graph":[{"@type":"Article","@id":"https:\/\/www.prijedordanas.com\/?p=267276#article","isPartOf":{"@id":"https:\/\/www.prijedordanas.com\/?p=267276"},"author":{"name":"admin","@id":"https:\/\/www.prijedordanas.com\/#\/schema\/person\/4e08ccf29b506ca916ff86d46bb700e6"},"headline":"U petak &#8220;Rudar-Prijedor&#8221; protiv &#8220;\u0160irokog Brijega&#8221; na stadionu &#8220;Pecara&#8221;","datePublished":"2026-04-16T14:05:05+00:00","dateModified":"2026-04-16T14:05:05+00:00","mainEntityOfPage":{"@id":"https:\/\/www.prijedordanas.com\/?p=267276"},"wordCount":155,"publisher":{"@id":"https:\/\/www.prijedordanas.com\/#organization"},"articleSection":["Sport"],"inLanguage":"en-US"},{"@type":"WebPage","@id":"https:\/\/www.prijedordanas.com\/?p=267276","url":"https:\/\/www.prijedordanas.com\/?p=267276","name":"U petak \"Rudar-Prijedor\" protiv \"\u0160irokog Brijega\" na stadionu \"Pecara\" - PrijedorDanas.com - Prijedorski gradski portal","isPartOf":{"@id":"https:\/\/www.prijedordanas.com\/#website"},"datePublished":"2026-04-16T14:05:05+00:00","dateModified":"2026-04-16T14:05:05+00:00","breadcrumb":{"@id":"https:\/\/www.prijedordanas.com\/?p=267276#breadcrumb"},"inLanguage":"en-US","potentialAction":[{"@type":"ReadAction","target":["https:\/\/www.prijedordanas.com\/?p=267276"]}]},{"@type":"BreadcrumbList","@id":"https:\/\/www.prijedordanas.com\/?p=267276#breadcrumb","itemListElement":[{"@type":"ListItem","position":1,"name":"Home","item":"https:\/\/www.prijedordanas.com\/"},{"@type":"ListItem","position":2,"name":"U petak &#8220;Rudar-Prijedor&#8221; protiv &#8220;\u0160irokog Brijega&#8221; na stadionu &#8220;Pecara&#8221;"}]},{"@type":"WebSite","@id":"https:\/\/www.prijedordanas.com\/#website","url":"https:\/\/www.prijedordanas.com\/","name":"PrijedorDanas.com - Prijedorski gradski portal","description":"Portal o doga\u0111anjima u gradu Prijedoru","publisher":{"@id":"https:\/\/www.prijedordanas.com\/#organization"},"potentialAction":[{"@type":"SearchAction","target":{"@type":"EntryPoint","urlTemplate":"https:\/\/www.prijedordanas.com\/?s={search_term_string}"},"query-input":"required name=search_term_string"}],"inLanguage":"en-US"},{"@type":"Organization","@id":"https:\/\/www.prijedordanas.com\/#organization","name":"PrijedorDanas.com","url":"https:\/\/www.prijedordanas.com\/","logo":{"@type":"ImageObject","inLanguage":"en-US","@id":"https:\/\/www.prijedordanas.com\/#\/schema\/logo\/image\/","url":"http:\/\/www.prijedordanas.com\/wp-content\/uploads\/2021\/12\/logopng.png","contentUrl":"http:\/\/www.prijedordanas.com\/wp-content\/uploads\/2021\/12\/logopng.png","width":1019,"height":776,"caption":"PrijedorDanas.com"},"image":{"@id":"https:\/\/www.prijedordanas.com\/#\/schema\/logo\/image\/"},"sameAs":["https:\/\/www.facebook.com\/PrijedorDanasCom\/"]},{"@type":"Person","@id":"https:\/\/www.prijedordanas.com\/#\/schema\/person\/4e08ccf29b506ca916ff86d46bb700e6","name":"admin","image":{"@type":"ImageObject","inLanguage":"en-US","@id":"https:\/\/www.prijedordanas.com\/#\/schema\/person\/image\/","url":"https:\/\/secure.gravatar.com\/avatar\/1d3fc949d550f0b53a5f0d51e06dfd79?s=96&d=mm&r=g","contentUrl":"https:\/\/secure.gravatar.com\/avatar\/1d3fc949d550f0b53a5f0d51e06dfd79?s=96&d=mm&r=g","caption":"admin"},"url":"https:\/\/www.prijedordanas.com\/?author=1"}]}},"_links":{"self":[{"href":"https:\/\/www.prijedordanas.com\/index.php?rest_route=\/wp\/v2\/posts\/267276"}],"collection":[{"href":"https:\/\/www.prijedordanas.com\/index.php?rest_route=\/wp\/v2\/posts"}],"about":[{"href":"https:\/\/www.prijedordanas.com\/index.php?rest_route=\/wp\/v2\/types\/post"}],"author":[{"embeddable":true,"href":"https:\/\/www.prijedordanas.com\/index.php?rest_route=\/wp\/v2\/users\/1"}],"replies":[{"embeddable":true,"href":"https:\/\/www.prijedordanas.com\/index.php?rest_route=%2Fwp%2Fv2%2Fcomments&post=267276"}],"version-history":[{"count":1,"href":"https:\/\/www.prijedordanas.com\/index.php?rest_route=\/wp\/v2\/posts\/267276\/revisions"}],"predecessor-version":[{"id":267277,"href":"https:\/\/www.prijedordanas.com\/index.php?rest_route=\/wp\/v2\/posts\/267276\/revisions\/267277"}],"wp:attachment":[{"href":"https:\/\/www.prijedordanas.com\/index.php?rest_route=%2Fwp%2Fv2%2Fmedia&parent=267276"}],"wp:term":[{"taxonomy":"category","embeddable":true,"href":"https:\/\/www.prijedordanas.com\/index.php?rest_route=%2Fwp%2Fv2%2Fcategories&post=267276"},{"taxonomy":"post_tag","embeddable":true,"href":"https:\/\/www.prijedordanas.com\/index.php?rest_route=%2Fwp%2Fv2%2Ftags&post=267276"}],"curies":[{"name":"wp","href":"https:\/\/api.w.org\/{rel}","templated":true}]}}