{"id":267215,"date":"2026-04-15T14:05:40","date_gmt":"2026-04-15T12:05:40","guid":{"rendered":"https:\/\/www.prijedordanas.com\/?p=267215"},"modified":"2026-04-15T17:03:50","modified_gmt":"2026-04-15T15:03:50","slug":"grejna-sezona-u-prijedoru-zvanicno-zavrsena-radijatori-i-dalje-topli","status":"publish","type":"post","link":"https:\/\/www.prijedordanas.com\/?p=267215","title":{"rendered":"Grejna sezona u Prijedoru zvani\u010dno zavr\u0161ena, radijatori i dalje topli &#8211; VIDEO"},"content":{"rendered":"<p><a href=\"https:\/\/www.prijedordanas.com\/wp-content\/uploads\/2026\/04\/kozarski-toplana-kraj-sezone-15april-1.jpg\"><img loading=\"lazy\" decoding=\"async\" class=\"alignleft size-medium wp-image-267216\" src=\"https:\/\/www.prijedordanas.com\/wp-content\/uploads\/2026\/04\/kozarski-toplana-kraj-sezone-15april-1-300x225.jpg\" alt=\"\" width=\"300\" height=\"225\" srcset=\"https:\/\/www.prijedordanas.com\/wp-content\/uploads\/2026\/04\/kozarski-toplana-kraj-sezone-15april-1-300x225.jpg 300w, https:\/\/www.prijedordanas.com\/wp-content\/uploads\/2026\/04\/kozarski-toplana-kraj-sezone-15april-1-640x480.jpg 640w, https:\/\/www.prijedordanas.com\/wp-content\/uploads\/2026\/04\/kozarski-toplana-kraj-sezone-15april-1.jpg 667w\" sizes=\"(max-width: 300px) 100vw, 300px\" \/><\/a>Grejna sezona u Prijedoru zvani\u010dno traje do 15. aprila, ali radijatori, u zavisnosti od vanjskih temperatura, ostaju topli i narednih dana, potvr\u0111eno je iz prijedorske \u201cToplane\u201d.<\/p>\n<p>\u201cOdlu\u010dili smo da nastavimo s grijanjem, kako bi na\u0161i korisnici imali tople stanove, jer su za sljede\u0107u sedmicu prognozirali par hladnijih dana\u201d, rekao je direktor Du\u0161ko Mileti\u0107.<\/p>\n<p>Po njegovim rije\u010dima, u ovoj sezoni \u201cToplana\u201d je ispunila sve zacrtane ciljeve, a gra\u0111ani su imali uredno i kvalitetno grijanje.<\/p>\n<p>Mileti\u0107 dodaje da su svakodnevno imali intervencije na saniranju kvarova zbog dotrajale toplovodne mre\u017ee, stare preko \u010detiri decenije, ali da korisnici to nisu osjetili.<\/p>\n<p><a href=\"https:\/\/www.prijedordanas.com\/wp-content\/uploads\/2026\/04\/kozarski-toplana-kraj-sezone-15april-2.jpg\"><img loading=\"lazy\" decoding=\"async\" class=\"alignleft size-medium wp-image-267217\" src=\"https:\/\/www.prijedordanas.com\/wp-content\/uploads\/2026\/04\/kozarski-toplana-kraj-sezone-15april-2-300x225.jpg\" alt=\"\" width=\"300\" height=\"225\" srcset=\"https:\/\/www.prijedordanas.com\/wp-content\/uploads\/2026\/04\/kozarski-toplana-kraj-sezone-15april-2-300x225.jpg 300w, https:\/\/www.prijedordanas.com\/wp-content\/uploads\/2026\/04\/kozarski-toplana-kraj-sezone-15april-2-640x480.jpg 640w, https:\/\/www.prijedordanas.com\/wp-content\/uploads\/2026\/04\/kozarski-toplana-kraj-sezone-15april-2.jpg 667w\" sizes=\"(max-width: 300px) 100vw, 300px\" \/><\/a>U ovom preduze\u0107u isti\u010du da imaju velika potra\u017eivanja od gra\u0111ana koji za grijanje duguju oko osam miliona maraka.<\/p>\n<p>\u201cSvi du\u017enici su redovno utu\u017eeni, predmeti dolaze na sudove, tako da se rje\u0161ava jedan po jedan predmet. Naplativost je 85 odsto, ali veliki problemi su dugovanja koja gra\u0111ani imaju prema nama\u201d, isti\u010de Mileti\u0107.<\/p>\n<p>\u201cToplana\u201d za ovu grejnu sezonu prema dobavlja\u010dima ima obaveze u iznosu tri miliona maraka, \u0161to o\u010dekuju da \u0107e izmiriti do po\u010detka nove sezone. Utro\u0161eno je oko 26.000 tona drvne biomase, a uskoro \u0107e biti raspisan tender za narednu sezonu.<\/p>\n<p>Gradska toplana ima oko 3.500 korisnika.<\/p>\n<p><a href=\"https:\/\/kozarski.com\/grejna-sezona-zvanicno-zavrsena-radijatori-i-dalje-topli\/\" target=\"_blank\" rel=\"noopener\">kozarski.com<\/a><\/p>\n<p><a href=\"https:\/\/www.prijedordanas.com\/wp-content\/uploads\/2026\/04\/kozarski-toplana-kraj-sezone-15april-3.jpg\"><img loading=\"lazy\" decoding=\"async\" class=\"alignleft size-medium wp-image-267218\" src=\"https:\/\/www.prijedordanas.com\/wp-content\/uploads\/2026\/04\/kozarski-toplana-kraj-sezone-15april-3-300x169.jpg\" alt=\"\" width=\"300\" height=\"169\" srcset=\"https:\/\/www.prijedordanas.com\/wp-content\/uploads\/2026\/04\/kozarski-toplana-kraj-sezone-15april-3-300x169.jpg 300w, https:\/\/www.prijedordanas.com\/wp-content\/uploads\/2026\/04\/kozarski-toplana-kraj-sezone-15april-3.jpg 600w\" sizes=\"(max-width: 300px) 100vw, 300px\" \/><\/a><\/p>\n<p><iframe loading=\"lazy\" title=\"GREJNA SEZONA ZVANI\u010cNO ZAVR\u0160ENA, RADIJATORI I DALJE TOPLI\" width=\"500\" height=\"281\" src=\"https:\/\/www.youtube.com\/embed\/itDwmlnaBxc?feature=oembed\" frameborder=\"0\" allow=\"accelerometer; autoplay; clipboard-write; encrypted-media; gyroscope; picture-in-picture; web-share\" referrerpolicy=\"strict-origin-when-cross-origin\" allowfullscreen><\/iframe><\/p>\n<p>&nbsp;<\/p>\n","protected":false},"excerpt":{"rendered":"<p>Grejna sezona u Prijedoru zvani\u010dno traje do 15. aprila, ali radijatori, u zavisnosti od vanjskih temperatura, ostaju topli i narednih dana, potvr\u0111eno je iz prijedorske \u201cToplane\u201d. \u201cOdlu\u010dili smo da nastavimo [&hellip;]<\/p>\n","protected":false},"author":1,"featured_media":0,"comment_status":"closed","ping_status":"open","sticky":false,"template":"","format":"standard","meta":{"_monsterinsights_skip_tracking":false,"_monsterinsights_sitenote_active":false,"_monsterinsights_sitenote_note":"","_monsterinsights_sitenote_category":0,"footnotes":""},"categories":[4],"tags":[],"yoast_head":"<!-- This site is optimized with the Yoast SEO plugin v21.6 - https:\/\/yoast.com\/wordpress\/plugins\/seo\/ -->\n<title>Grejna sezona u Prijedoru zvani\u010dno zavr\u0161ena, radijatori i dalje topli - VIDEO - PrijedorDanas.com - Prijedorski gradski portal<\/title>\n<meta name=\"robots\" content=\"index, follow, max-snippet:-1, max-image-preview:large, max-video-preview:-1\" \/>\n<link rel=\"canonical\" href=\"https:\/\/www.prijedordanas.com\/?p=267215\" \/>\n<meta property=\"og:locale\" content=\"en_US\" \/>\n<meta property=\"og:type\" content=\"article\" \/>\n<meta property=\"og:title\" content=\"Grejna sezona u Prijedoru zvani\u010dno zavr\u0161ena, radijatori i dalje topli - VIDEO - PrijedorDanas.com - Prijedorski gradski portal\" \/>\n<meta property=\"og:description\" content=\"Grejna sezona u Prijedoru zvani\u010dno traje do 15. aprila, ali radijatori, u zavisnosti od vanjskih temperatura, ostaju topli i narednih dana, potvr\u0111eno je iz prijedorske \u201cToplane\u201d. \u201cOdlu\u010dili smo da nastavimo [&hellip;]\" \/>\n<meta property=\"og:url\" content=\"https:\/\/www.prijedordanas.com\/?p=267215\" \/>\n<meta property=\"og:site_name\" content=\"PrijedorDanas.com - Prijedorski gradski portal\" \/>\n<meta property=\"article:publisher\" content=\"https:\/\/www.facebook.com\/PrijedorDanasCom\/\" \/>\n<meta property=\"article:published_time\" content=\"2026-04-15T12:05:40+00:00\" \/>\n<meta property=\"article:modified_time\" content=\"2026-04-15T15:03:50+00:00\" \/>\n<meta property=\"og:image\" content=\"https:\/\/www.prijedordanas.com\/wp-content\/uploads\/2026\/04\/kozarski-toplana-kraj-sezone-15april-1-300x225.jpg\" \/>\n<meta name=\"author\" content=\"admin\" \/>\n<meta name=\"twitter:card\" content=\"summary_large_image\" \/>\n<meta name=\"twitter:label1\" content=\"Written by\" \/>\n\t<meta name=\"twitter:data1\" content=\"admin\" \/>\n\t<meta name=\"twitter:label2\" content=\"Est. reading time\" \/>\n\t<meta name=\"twitter:data2\" content=\"2 minutes\" \/>\n<script type=\"application\/ld+json\" class=\"yoast-schema-graph\">{\"@context\":\"https:\/\/schema.org\",\"@graph\":[{\"@type\":\"Article\",\"@id\":\"https:\/\/www.prijedordanas.com\/?p=267215#article\",\"isPartOf\":{\"@id\":\"https:\/\/www.prijedordanas.com\/?p=267215\"},\"author\":{\"name\":\"admin\",\"@id\":\"https:\/\/www.prijedordanas.com\/#\/schema\/person\/4e08ccf29b506ca916ff86d46bb700e6\"},\"headline\":\"Grejna sezona u Prijedoru zvani\u010dno zavr\u0161ena, radijatori i dalje topli &#8211; VIDEO\",\"datePublished\":\"2026-04-15T12:05:40+00:00\",\"dateModified\":\"2026-04-15T15:03:50+00:00\",\"mainEntityOfPage\":{\"@id\":\"https:\/\/www.prijedordanas.com\/?p=267215\"},\"wordCount\":236,\"publisher\":{\"@id\":\"https:\/\/www.prijedordanas.com\/#organization\"},\"articleSection\":[\"Dru\u0161tvo\"],\"inLanguage\":\"en-US\"},{\"@type\":\"WebPage\",\"@id\":\"https:\/\/www.prijedordanas.com\/?p=267215\",\"url\":\"https:\/\/www.prijedordanas.com\/?p=267215\",\"name\":\"Grejna sezona u Prijedoru zvani\u010dno zavr\u0161ena, radijatori i dalje topli - VIDEO - PrijedorDanas.com - Prijedorski gradski portal\",\"isPartOf\":{\"@id\":\"https:\/\/www.prijedordanas.com\/#website\"},\"datePublished\":\"2026-04-15T12:05:40+00:00\",\"dateModified\":\"2026-04-15T15:03:50+00:00\",\"breadcrumb\":{\"@id\":\"https:\/\/www.prijedordanas.com\/?p=267215#breadcrumb\"},\"inLanguage\":\"en-US\",\"potentialAction\":[{\"@type\":\"ReadAction\",\"target\":[\"https:\/\/www.prijedordanas.com\/?p=267215\"]}]},{\"@type\":\"BreadcrumbList\",\"@id\":\"https:\/\/www.prijedordanas.com\/?p=267215#breadcrumb\",\"itemListElement\":[{\"@type\":\"ListItem\",\"position\":1,\"name\":\"Home\",\"item\":\"https:\/\/www.prijedordanas.com\/\"},{\"@type\":\"ListItem\",\"position\":2,\"name\":\"Grejna sezona u Prijedoru zvani\u010dno zavr\u0161ena, radijatori i dalje topli &#8211; VIDEO\"}]},{\"@type\":\"WebSite\",\"@id\":\"https:\/\/www.prijedordanas.com\/#website\",\"url\":\"https:\/\/www.prijedordanas.com\/\",\"name\":\"PrijedorDanas.com - Prijedorski gradski portal\",\"description\":\"Portal o doga\u0111anjima u gradu Prijedoru\",\"publisher\":{\"@id\":\"https:\/\/www.prijedordanas.com\/#organization\"},\"potentialAction\":[{\"@type\":\"SearchAction\",\"target\":{\"@type\":\"EntryPoint\",\"urlTemplate\":\"https:\/\/www.prijedordanas.com\/?s={search_term_string}\"},\"query-input\":\"required name=search_term_string\"}],\"inLanguage\":\"en-US\"},{\"@type\":\"Organization\",\"@id\":\"https:\/\/www.prijedordanas.com\/#organization\",\"name\":\"PrijedorDanas.com\",\"url\":\"https:\/\/www.prijedordanas.com\/\",\"logo\":{\"@type\":\"ImageObject\",\"inLanguage\":\"en-US\",\"@id\":\"https:\/\/www.prijedordanas.com\/#\/schema\/logo\/image\/\",\"url\":\"http:\/\/www.prijedordanas.com\/wp-content\/uploads\/2021\/12\/logopng.png\",\"contentUrl\":\"http:\/\/www.prijedordanas.com\/wp-content\/uploads\/2021\/12\/logopng.png\",\"width\":1019,\"height\":776,\"caption\":\"PrijedorDanas.com\"},\"image\":{\"@id\":\"https:\/\/www.prijedordanas.com\/#\/schema\/logo\/image\/\"},\"sameAs\":[\"https:\/\/www.facebook.com\/PrijedorDanasCom\/\"]},{\"@type\":\"Person\",\"@id\":\"https:\/\/www.prijedordanas.com\/#\/schema\/person\/4e08ccf29b506ca916ff86d46bb700e6\",\"name\":\"admin\",\"image\":{\"@type\":\"ImageObject\",\"inLanguage\":\"en-US\",\"@id\":\"https:\/\/www.prijedordanas.com\/#\/schema\/person\/image\/\",\"url\":\"https:\/\/secure.gravatar.com\/avatar\/1d3fc949d550f0b53a5f0d51e06dfd79?s=96&d=mm&r=g\",\"contentUrl\":\"https:\/\/secure.gravatar.com\/avatar\/1d3fc949d550f0b53a5f0d51e06dfd79?s=96&d=mm&r=g\",\"caption\":\"admin\"},\"url\":\"https:\/\/www.prijedordanas.com\/?author=1\"}]}<\/script>\n<!-- \/ Yoast SEO plugin. -->","yoast_head_json":{"title":"Grejna sezona u Prijedoru zvani\u010dno zavr\u0161ena, radijatori i dalje topli - VIDEO - PrijedorDanas.com - Prijedorski gradski portal","robots":{"index":"index","follow":"follow","max-snippet":"max-snippet:-1","max-image-preview":"max-image-preview:large","max-video-preview":"max-video-preview:-1"},"canonical":"https:\/\/www.prijedordanas.com\/?p=267215","og_locale":"en_US","og_type":"article","og_title":"Grejna sezona u Prijedoru zvani\u010dno zavr\u0161ena, radijatori i dalje topli - VIDEO - PrijedorDanas.com - Prijedorski gradski portal","og_description":"Grejna sezona u Prijedoru zvani\u010dno traje do 15. aprila, ali radijatori, u zavisnosti od vanjskih temperatura, ostaju topli i narednih dana, potvr\u0111eno je iz prijedorske \u201cToplane\u201d. \u201cOdlu\u010dili smo da nastavimo [&hellip;]","og_url":"https:\/\/www.prijedordanas.com\/?p=267215","og_site_name":"PrijedorDanas.com - Prijedorski gradski portal","article_publisher":"https:\/\/www.facebook.com\/PrijedorDanasCom\/","article_published_time":"2026-04-15T12:05:40+00:00","article_modified_time":"2026-04-15T15:03:50+00:00","og_image":[{"url":"https:\/\/www.prijedordanas.com\/wp-content\/uploads\/2026\/04\/kozarski-toplana-kraj-sezone-15april-1-300x225.jpg"}],"author":"admin","twitter_card":"summary_large_image","twitter_misc":{"Written by":"admin","Est. reading time":"2 minutes"},"schema":{"@context":"https:\/\/schema.org","@graph":[{"@type":"Article","@id":"https:\/\/www.prijedordanas.com\/?p=267215#article","isPartOf":{"@id":"https:\/\/www.prijedordanas.com\/?p=267215"},"author":{"name":"admin","@id":"https:\/\/www.prijedordanas.com\/#\/schema\/person\/4e08ccf29b506ca916ff86d46bb700e6"},"headline":"Grejna sezona u Prijedoru zvani\u010dno zavr\u0161ena, radijatori i dalje topli &#8211; VIDEO","datePublished":"2026-04-15T12:05:40+00:00","dateModified":"2026-04-15T15:03:50+00:00","mainEntityOfPage":{"@id":"https:\/\/www.prijedordanas.com\/?p=267215"},"wordCount":236,"publisher":{"@id":"https:\/\/www.prijedordanas.com\/#organization"},"articleSection":["Dru\u0161tvo"],"inLanguage":"en-US"},{"@type":"WebPage","@id":"https:\/\/www.prijedordanas.com\/?p=267215","url":"https:\/\/www.prijedordanas.com\/?p=267215","name":"Grejna sezona u Prijedoru zvani\u010dno zavr\u0161ena, radijatori i dalje topli - VIDEO - PrijedorDanas.com - Prijedorski gradski portal","isPartOf":{"@id":"https:\/\/www.prijedordanas.com\/#website"},"datePublished":"2026-04-15T12:05:40+00:00","dateModified":"2026-04-15T15:03:50+00:00","breadcrumb":{"@id":"https:\/\/www.prijedordanas.com\/?p=267215#breadcrumb"},"inLanguage":"en-US","potentialAction":[{"@type":"ReadAction","target":["https:\/\/www.prijedordanas.com\/?p=267215"]}]},{"@type":"BreadcrumbList","@id":"https:\/\/www.prijedordanas.com\/?p=267215#breadcrumb","itemListElement":[{"@type":"ListItem","position":1,"name":"Home","item":"https:\/\/www.prijedordanas.com\/"},{"@type":"ListItem","position":2,"name":"Grejna sezona u Prijedoru zvani\u010dno zavr\u0161ena, radijatori i dalje topli &#8211; VIDEO"}]},{"@type":"WebSite","@id":"https:\/\/www.prijedordanas.com\/#website","url":"https:\/\/www.prijedordanas.com\/","name":"PrijedorDanas.com - Prijedorski gradski portal","description":"Portal o doga\u0111anjima u gradu Prijedoru","publisher":{"@id":"https:\/\/www.prijedordanas.com\/#organization"},"potentialAction":[{"@type":"SearchAction","target":{"@type":"EntryPoint","urlTemplate":"https:\/\/www.prijedordanas.com\/?s={search_term_string}"},"query-input":"required name=search_term_string"}],"inLanguage":"en-US"},{"@type":"Organization","@id":"https:\/\/www.prijedordanas.com\/#organization","name":"PrijedorDanas.com","url":"https:\/\/www.prijedordanas.com\/","logo":{"@type":"ImageObject","inLanguage":"en-US","@id":"https:\/\/www.prijedordanas.com\/#\/schema\/logo\/image\/","url":"http:\/\/www.prijedordanas.com\/wp-content\/uploads\/2021\/12\/logopng.png","contentUrl":"http:\/\/www.prijedordanas.com\/wp-content\/uploads\/2021\/12\/logopng.png","width":1019,"height":776,"caption":"PrijedorDanas.com"},"image":{"@id":"https:\/\/www.prijedordanas.com\/#\/schema\/logo\/image\/"},"sameAs":["https:\/\/www.facebook.com\/PrijedorDanasCom\/"]},{"@type":"Person","@id":"https:\/\/www.prijedordanas.com\/#\/schema\/person\/4e08ccf29b506ca916ff86d46bb700e6","name":"admin","image":{"@type":"ImageObject","inLanguage":"en-US","@id":"https:\/\/www.prijedordanas.com\/#\/schema\/person\/image\/","url":"https:\/\/secure.gravatar.com\/avatar\/1d3fc949d550f0b53a5f0d51e06dfd79?s=96&d=mm&r=g","contentUrl":"https:\/\/secure.gravatar.com\/avatar\/1d3fc949d550f0b53a5f0d51e06dfd79?s=96&d=mm&r=g","caption":"admin"},"url":"https:\/\/www.prijedordanas.com\/?author=1"}]}},"_links":{"self":[{"href":"https:\/\/www.prijedordanas.com\/index.php?rest_route=\/wp\/v2\/posts\/267215"}],"collection":[{"href":"https:\/\/www.prijedordanas.com\/index.php?rest_route=\/wp\/v2\/posts"}],"about":[{"href":"https:\/\/www.prijedordanas.com\/index.php?rest_route=\/wp\/v2\/types\/post"}],"author":[{"embeddable":true,"href":"https:\/\/www.prijedordanas.com\/index.php?rest_route=\/wp\/v2\/users\/1"}],"replies":[{"embeddable":true,"href":"https:\/\/www.prijedordanas.com\/index.php?rest_route=%2Fwp%2Fv2%2Fcomments&post=267215"}],"version-history":[{"count":2,"href":"https:\/\/www.prijedordanas.com\/index.php?rest_route=\/wp\/v2\/posts\/267215\/revisions"}],"predecessor-version":[{"id":267225,"href":"https:\/\/www.prijedordanas.com\/index.php?rest_route=\/wp\/v2\/posts\/267215\/revisions\/267225"}],"wp:attachment":[{"href":"https:\/\/www.prijedordanas.com\/index.php?rest_route=%2Fwp%2Fv2%2Fmedia&parent=267215"}],"wp:term":[{"taxonomy":"category","embeddable":true,"href":"https:\/\/www.prijedordanas.com\/index.php?rest_route=%2Fwp%2Fv2%2Fcategories&post=267215"},{"taxonomy":"post_tag","embeddable":true,"href":"https:\/\/www.prijedordanas.com\/index.php?rest_route=%2Fwp%2Fv2%2Ftags&post=267215"}],"curies":[{"name":"wp","href":"https:\/\/api.w.org\/{rel}","templated":true}]}}