{"id":267201,"date":"2026-04-15T12:21:34","date_gmt":"2026-04-15T10:21:34","guid":{"rendered":"https:\/\/www.prijedordanas.com\/?p=267201"},"modified":"2026-04-15T17:16:44","modified_gmt":"2026-04-15T15:16:44","slug":"kud-omarska-odrzan-tradicionalni-vaskrsnji-koncert-foto","status":"publish","type":"post","link":"https:\/\/www.prijedordanas.com\/?p=267201","title":{"rendered":"KUD &#8220;Omarska&#8221;: Odr\u017ean tradicionalni Vaskr\u0161nji koncert &#8211; FOTO\/VIDEO"},"content":{"rendered":"<p><a href=\"https:\/\/www.prijedordanas.com\/wp-content\/uploads\/2026\/04\/kud-omarska-vaskrsnji-koncert-2026-1.jpg\"><img loading=\"lazy\" decoding=\"async\" class=\"alignleft size-medium wp-image-267202\" src=\"https:\/\/www.prijedordanas.com\/wp-content\/uploads\/2026\/04\/kud-omarska-vaskrsnji-koncert-2026-1-300x225.jpg\" alt=\"\" width=\"300\" height=\"225\" srcset=\"https:\/\/www.prijedordanas.com\/wp-content\/uploads\/2026\/04\/kud-omarska-vaskrsnji-koncert-2026-1-300x225.jpg 300w, https:\/\/www.prijedordanas.com\/wp-content\/uploads\/2026\/04\/kud-omarska-vaskrsnji-koncert-2026-1-640x480.jpg 640w, https:\/\/www.prijedordanas.com\/wp-content\/uploads\/2026\/04\/kud-omarska-vaskrsnji-koncert-2026-1.jpg 667w\" sizes=\"(max-width: 300px) 100vw, 300px\" \/><\/a>Kulturno-umjetni\u010dko dru\u0161tvo \u201eOmarska\u201c jo\u0161 jednom je potvrdilo svoju va\u017enu ulogu u o\u010duvanju tradicije i zajedni\u0161tva, organizuju\u0107i tradicionalni vaskr\u0161nji koncert koji je okupio veliki broj u\u010desnika i publike.<\/p>\n<p>U prepunoj sali Dru\u0161tvenog doma predstavili su se \u010dlanovi folklornih sekcija, pjeva\u010dka grupa, vokalni solisti i narodni orkestar, pru\u017eiv\u0161i publici bogat i raznovrstan program.<\/p>\n<p>Dru\u0161tvo okuplja \u010dlanove sa \u0161ireg podru\u010dja Omarske, \u0161to dodatno govori o njegovom zna\u010daju u lokalnoj zajednici.<\/p>\n<p>\u201e\u0160to se ti\u010de na\u0161eg dru\u0161tva, ono okuplja veliki broj \u010dlanova sa \u0161ireg podru\u010dja Omarske. Ovdje dolaze \u010dlanovi iz svih okolnih mjesta\u201c, rekao je Bojan Vu\u010deta, \u010dlan KUD-a \u201eOmarska\u201c.<\/p>\n<p><a href=\"https:\/\/www.prijedordanas.com\/wp-content\/uploads\/2026\/04\/kud-omarska-vaskrsnji-koncert-2026-teodora-vuckovic.jpg\"><img loading=\"lazy\" decoding=\"async\" class=\"alignleft size-medium wp-image-267203\" src=\"https:\/\/www.prijedordanas.com\/wp-content\/uploads\/2026\/04\/kud-omarska-vaskrsnji-koncert-2026-teodora-vuckovic-300x169.jpg\" alt=\"\" width=\"300\" height=\"169\" srcset=\"https:\/\/www.prijedordanas.com\/wp-content\/uploads\/2026\/04\/kud-omarska-vaskrsnji-koncert-2026-teodora-vuckovic-300x169.jpg 300w, https:\/\/www.prijedordanas.com\/wp-content\/uploads\/2026\/04\/kud-omarska-vaskrsnji-koncert-2026-teodora-vuckovic.jpg 600w\" sizes=\"(max-width: 300px) 100vw, 300px\" \/><\/a>\u201eMi kao igra\u010di uvijek dajemo najvi\u0161e srca i ljubavi u tu igru i najbitnije nam je da je publika zadovoljna, da aplaudira i da je sala puna osmijeha\u201c, isti\u010de Teodora Vu\u010dkovi\u0107, \u010dlanica Dru\u0161tva.<\/p>\n<p>U Omarskoj su ponosni na svoje folklora\u0161e, kojih u svim uzrastima ima vi\u0161e od dvije stotine.<\/p>\n<p>\u201eGodinama unazad organizujemo vaskr\u0161nji koncert. Svaki put je dobar odaziv. Publika je uvijek na nivou i nadamo se da \u0107e uskoro i na\u0161a dvorana biti u funkciji, kako bismo mogli primiti sve zainteresovane i obezbijediti jednake i kvalitetne uslove za pra\u0107enje koncerta, koji traje devedesetak minuta\u201c, navodi Bojan Rakovi\u0107, umjetni\u010dki rukovodilac KUD-a \u201eOmarska\u201c.<\/p>\n<p><a href=\"https:\/\/www.prijedordanas.com\/wp-content\/uploads\/2026\/04\/kud-omarska-vaskrsnji-koncert-2026-aleksandra-stupar-radic.jpg\"><img loading=\"lazy\" decoding=\"async\" class=\"alignleft size-medium wp-image-267204\" src=\"https:\/\/www.prijedordanas.com\/wp-content\/uploads\/2026\/04\/kud-omarska-vaskrsnji-koncert-2026-aleksandra-stupar-radic-300x169.jpg\" alt=\"\" width=\"300\" height=\"169\" srcset=\"https:\/\/www.prijedordanas.com\/wp-content\/uploads\/2026\/04\/kud-omarska-vaskrsnji-koncert-2026-aleksandra-stupar-radic-300x169.jpg 300w, https:\/\/www.prijedordanas.com\/wp-content\/uploads\/2026\/04\/kud-omarska-vaskrsnji-koncert-2026-aleksandra-stupar-radic.jpg 600w\" sizes=\"(max-width: 300px) 100vw, 300px\" \/><\/a>\u201eOvo je na\u0161 tradicionalni vaskr\u0161nji koncert. Svake godine, otkad postojimo, organizujemo ovaj koncert. Vaskrs je na\u0161 najradosniji praznik, djeca se raduju, mje\u0161tani se raduju i na\u0161 KUD svome mjestu daruje ovaj vaskr\u0161nji koncert svake godine\u201c, ka\u017ee Aleksandra Stupar Radi\u0107, predsjednica Dru\u0161tva.<\/p>\n<p>Kako isti\u010du sami u\u010desnici, u svaki nastup ula\u017eu mnogo truda, emocija i ljubavi, a najve\u0107a nagrada im je zadovoljna publika i ispunjena sala osmijehom i aplauzima. Poseban ponos predstavljaju brojni folklora\u0161i svih uzrasta \u2013 njih vi\u0161e od 200 aktivno u\u010destvuje u radu dru\u0161tva.<\/p>\n<p>Organizatori nagla\u0161avaju da je vaskr\u0161nji koncert dugogodi\u0161nja tradicija koja iz godine u godinu privla\u010di veliku pa\u017enju.<\/p>\n<p><a href=\"https:\/\/www.prijedordanas.com\/wp-content\/uploads\/2026\/04\/kud-omarska-vaskrsnji-koncert-2026-2.jpg\"><img loading=\"lazy\" decoding=\"async\" src=\"https:\/\/www.prijedordanas.com\/wp-content\/uploads\/2026\/04\/kud-omarska-vaskrsnji-koncert-2026-2-300x225.jpg\" alt=\"\" width=\"300\" height=\"225\" class=\"alignleft size-medium wp-image-267205\" srcset=\"https:\/\/www.prijedordanas.com\/wp-content\/uploads\/2026\/04\/kud-omarska-vaskrsnji-koncert-2026-2-300x225.jpg 300w, https:\/\/www.prijedordanas.com\/wp-content\/uploads\/2026\/04\/kud-omarska-vaskrsnji-koncert-2026-2-640x480.jpg 640w, https:\/\/www.prijedordanas.com\/wp-content\/uploads\/2026\/04\/kud-omarska-vaskrsnji-koncert-2026-2.jpg 667w\" sizes=\"(max-width: 300px) 100vw, 300px\" \/><\/a>Pored ovog doga\u0111aja, KUD \u201eOmarska\u201c planira i niz drugih aktivnosti u narednom periodu, uklju\u010duju\u0107i cjelove\u010dernji koncert izvo\u0111a\u010dkog ansambla, dje\u010diju smotru folklora, smotru veteranskih grupa, kao i nastupe na manifestacijama poput Vidovdanskih dana.<\/p>\n<p>Dru\u0161tvo ima i bogato me\u0111unarodno iskustvo \u2013 \u010dlanovi su ve\u0107 nastupali u Parizu, Portugalu, Pragu i Budimpe\u0161ti, a u planu su nova putovanja u Bugarsku i Ohrid.<\/p>\n<p>Ovaj koncert jo\u0161 jednom je pokazao koliko su tradicija, kultura i zajedni\u0161tvo va\u017eni za identitet jednog mjesta, ali i koliko mladih ljudi \u017eeli da ih njeguje i prenosi dalje.<\/p>\n<p><a href=\"https:\/\/kozarski.com\/kud-omarska-odrzao-tradicionalni-vaskrsnji-koncert\/\" target=\"_blank\" rel=\"noopener\">kozarski.com<\/a><\/p>\n<p><a href=\"https:\/\/www.prijedordanas.com\/wp-content\/uploads\/2026\/04\/kud-omarska-vaskrsnji-koncert-2026-bojan-vuceta.jpg\"><img loading=\"lazy\" decoding=\"async\" src=\"https:\/\/www.prijedordanas.com\/wp-content\/uploads\/2026\/04\/kud-omarska-vaskrsnji-koncert-2026-bojan-vuceta-300x169.jpg\" alt=\"\" width=\"300\" height=\"169\" class=\"alignleft size-medium wp-image-267206\" srcset=\"https:\/\/www.prijedordanas.com\/wp-content\/uploads\/2026\/04\/kud-omarska-vaskrsnji-koncert-2026-bojan-vuceta-300x169.jpg 300w, https:\/\/www.prijedordanas.com\/wp-content\/uploads\/2026\/04\/kud-omarska-vaskrsnji-koncert-2026-bojan-vuceta.jpg 600w\" sizes=\"(max-width: 300px) 100vw, 300px\" \/><\/a> <a href=\"https:\/\/www.prijedordanas.com\/wp-content\/uploads\/2026\/04\/kud-omarska-vaskrsnji-koncert-2026-bojan-rakovic.jpg\"><img loading=\"lazy\" decoding=\"async\" src=\"https:\/\/www.prijedordanas.com\/wp-content\/uploads\/2026\/04\/kud-omarska-vaskrsnji-koncert-2026-bojan-rakovic-300x169.jpg\" alt=\"\" width=\"300\" height=\"169\" class=\"alignleft size-medium wp-image-267207\" srcset=\"https:\/\/www.prijedordanas.com\/wp-content\/uploads\/2026\/04\/kud-omarska-vaskrsnji-koncert-2026-bojan-rakovic-300x169.jpg 300w, https:\/\/www.prijedordanas.com\/wp-content\/uploads\/2026\/04\/kud-omarska-vaskrsnji-koncert-2026-bojan-rakovic.jpg 600w\" sizes=\"(max-width: 300px) 100vw, 300px\" \/><\/a><\/p>\n<p><iframe loading=\"lazy\" title=\"KUD &quot;OMARSKA&quot; ODR\u017dAO TRADICIONALNI VASKR\u0160NJI KONCERT\" width=\"500\" height=\"281\" src=\"https:\/\/www.youtube.com\/embed\/4Tha_IcVM80?feature=oembed\" frameborder=\"0\" allow=\"accelerometer; autoplay; clipboard-write; encrypted-media; gyroscope; picture-in-picture; web-share\" referrerpolicy=\"strict-origin-when-cross-origin\" allowfullscreen><\/iframe><\/p>\n","protected":false},"excerpt":{"rendered":"<p>Kulturno-umjetni\u010dko dru\u0161tvo \u201eOmarska\u201c jo\u0161 jednom je potvrdilo svoju va\u017enu ulogu u o\u010duvanju tradicije i zajedni\u0161tva, organizuju\u0107i tradicionalni vaskr\u0161nji koncert koji je okupio veliki broj u\u010desnika i publike. U prepunoj sali [&hellip;]<\/p>\n","protected":false},"author":1,"featured_media":0,"comment_status":"closed","ping_status":"open","sticky":false,"template":"","format":"standard","meta":{"_monsterinsights_skip_tracking":false,"_monsterinsights_sitenote_active":false,"_monsterinsights_sitenote_note":"","_monsterinsights_sitenote_category":0,"footnotes":""},"categories":[6],"tags":[],"yoast_head":"<!-- This site is optimized with the Yoast SEO plugin v21.6 - https:\/\/yoast.com\/wordpress\/plugins\/seo\/ -->\n<title>KUD &quot;Omarska&quot;: Odr\u017ean tradicionalni Vaskr\u0161nji koncert - FOTO\/VIDEO - PrijedorDanas.com - Prijedorski gradski portal<\/title>\n<meta name=\"robots\" content=\"index, follow, max-snippet:-1, max-image-preview:large, max-video-preview:-1\" \/>\n<link rel=\"canonical\" href=\"https:\/\/www.prijedordanas.com\/?p=267201\" \/>\n<meta property=\"og:locale\" content=\"en_US\" \/>\n<meta property=\"og:type\" content=\"article\" \/>\n<meta property=\"og:title\" content=\"KUD &quot;Omarska&quot;: Odr\u017ean tradicionalni Vaskr\u0161nji koncert - FOTO\/VIDEO - PrijedorDanas.com - Prijedorski gradski portal\" \/>\n<meta property=\"og:description\" content=\"Kulturno-umjetni\u010dko dru\u0161tvo \u201eOmarska\u201c jo\u0161 jednom je potvrdilo svoju va\u017enu ulogu u o\u010duvanju tradicije i zajedni\u0161tva, organizuju\u0107i tradicionalni vaskr\u0161nji koncert koji je okupio veliki broj u\u010desnika i publike. U prepunoj sali [&hellip;]\" \/>\n<meta property=\"og:url\" content=\"https:\/\/www.prijedordanas.com\/?p=267201\" \/>\n<meta property=\"og:site_name\" content=\"PrijedorDanas.com - Prijedorski gradski portal\" \/>\n<meta property=\"article:publisher\" content=\"https:\/\/www.facebook.com\/PrijedorDanasCom\/\" \/>\n<meta property=\"article:published_time\" content=\"2026-04-15T10:21:34+00:00\" \/>\n<meta property=\"article:modified_time\" content=\"2026-04-15T15:16:44+00:00\" \/>\n<meta property=\"og:image\" content=\"https:\/\/www.prijedordanas.com\/wp-content\/uploads\/2026\/04\/kud-omarska-vaskrsnji-koncert-2026-1-300x225.jpg\" \/>\n<meta name=\"author\" content=\"admin\" \/>\n<meta name=\"twitter:card\" content=\"summary_large_image\" \/>\n<meta name=\"twitter:label1\" content=\"Written by\" \/>\n\t<meta name=\"twitter:data1\" content=\"admin\" \/>\n\t<meta name=\"twitter:label2\" content=\"Est. reading time\" \/>\n\t<meta name=\"twitter:data2\" content=\"3 minutes\" \/>\n<script type=\"application\/ld+json\" class=\"yoast-schema-graph\">{\"@context\":\"https:\/\/schema.org\",\"@graph\":[{\"@type\":\"Article\",\"@id\":\"https:\/\/www.prijedordanas.com\/?p=267201#article\",\"isPartOf\":{\"@id\":\"https:\/\/www.prijedordanas.com\/?p=267201\"},\"author\":{\"name\":\"admin\",\"@id\":\"https:\/\/www.prijedordanas.com\/#\/schema\/person\/4e08ccf29b506ca916ff86d46bb700e6\"},\"headline\":\"KUD &#8220;Omarska&#8221;: Odr\u017ean tradicionalni Vaskr\u0161nji koncert &#8211; FOTO\/VIDEO\",\"datePublished\":\"2026-04-15T10:21:34+00:00\",\"dateModified\":\"2026-04-15T15:16:44+00:00\",\"mainEntityOfPage\":{\"@id\":\"https:\/\/www.prijedordanas.com\/?p=267201\"},\"wordCount\":465,\"publisher\":{\"@id\":\"https:\/\/www.prijedordanas.com\/#organization\"},\"articleSection\":[\"Kultura\"],\"inLanguage\":\"en-US\"},{\"@type\":\"WebPage\",\"@id\":\"https:\/\/www.prijedordanas.com\/?p=267201\",\"url\":\"https:\/\/www.prijedordanas.com\/?p=267201\",\"name\":\"KUD \\\"Omarska\\\": Odr\u017ean tradicionalni Vaskr\u0161nji koncert - FOTO\/VIDEO - PrijedorDanas.com - Prijedorski gradski portal\",\"isPartOf\":{\"@id\":\"https:\/\/www.prijedordanas.com\/#website\"},\"datePublished\":\"2026-04-15T10:21:34+00:00\",\"dateModified\":\"2026-04-15T15:16:44+00:00\",\"breadcrumb\":{\"@id\":\"https:\/\/www.prijedordanas.com\/?p=267201#breadcrumb\"},\"inLanguage\":\"en-US\",\"potentialAction\":[{\"@type\":\"ReadAction\",\"target\":[\"https:\/\/www.prijedordanas.com\/?p=267201\"]}]},{\"@type\":\"BreadcrumbList\",\"@id\":\"https:\/\/www.prijedordanas.com\/?p=267201#breadcrumb\",\"itemListElement\":[{\"@type\":\"ListItem\",\"position\":1,\"name\":\"Home\",\"item\":\"https:\/\/www.prijedordanas.com\/\"},{\"@type\":\"ListItem\",\"position\":2,\"name\":\"KUD &#8220;Omarska&#8221;: Odr\u017ean tradicionalni Vaskr\u0161nji koncert &#8211; FOTO\/VIDEO\"}]},{\"@type\":\"WebSite\",\"@id\":\"https:\/\/www.prijedordanas.com\/#website\",\"url\":\"https:\/\/www.prijedordanas.com\/\",\"name\":\"PrijedorDanas.com - Prijedorski gradski portal\",\"description\":\"Portal o doga\u0111anjima u gradu Prijedoru\",\"publisher\":{\"@id\":\"https:\/\/www.prijedordanas.com\/#organization\"},\"potentialAction\":[{\"@type\":\"SearchAction\",\"target\":{\"@type\":\"EntryPoint\",\"urlTemplate\":\"https:\/\/www.prijedordanas.com\/?s={search_term_string}\"},\"query-input\":\"required name=search_term_string\"}],\"inLanguage\":\"en-US\"},{\"@type\":\"Organization\",\"@id\":\"https:\/\/www.prijedordanas.com\/#organization\",\"name\":\"PrijedorDanas.com\",\"url\":\"https:\/\/www.prijedordanas.com\/\",\"logo\":{\"@type\":\"ImageObject\",\"inLanguage\":\"en-US\",\"@id\":\"https:\/\/www.prijedordanas.com\/#\/schema\/logo\/image\/\",\"url\":\"http:\/\/www.prijedordanas.com\/wp-content\/uploads\/2021\/12\/logopng.png\",\"contentUrl\":\"http:\/\/www.prijedordanas.com\/wp-content\/uploads\/2021\/12\/logopng.png\",\"width\":1019,\"height\":776,\"caption\":\"PrijedorDanas.com\"},\"image\":{\"@id\":\"https:\/\/www.prijedordanas.com\/#\/schema\/logo\/image\/\"},\"sameAs\":[\"https:\/\/www.facebook.com\/PrijedorDanasCom\/\"]},{\"@type\":\"Person\",\"@id\":\"https:\/\/www.prijedordanas.com\/#\/schema\/person\/4e08ccf29b506ca916ff86d46bb700e6\",\"name\":\"admin\",\"image\":{\"@type\":\"ImageObject\",\"inLanguage\":\"en-US\",\"@id\":\"https:\/\/www.prijedordanas.com\/#\/schema\/person\/image\/\",\"url\":\"https:\/\/secure.gravatar.com\/avatar\/1d3fc949d550f0b53a5f0d51e06dfd79?s=96&d=mm&r=g\",\"contentUrl\":\"https:\/\/secure.gravatar.com\/avatar\/1d3fc949d550f0b53a5f0d51e06dfd79?s=96&d=mm&r=g\",\"caption\":\"admin\"},\"url\":\"https:\/\/www.prijedordanas.com\/?author=1\"}]}<\/script>\n<!-- \/ Yoast SEO plugin. -->","yoast_head_json":{"title":"KUD \"Omarska\": Odr\u017ean tradicionalni Vaskr\u0161nji koncert - FOTO\/VIDEO - PrijedorDanas.com - Prijedorski gradski portal","robots":{"index":"index","follow":"follow","max-snippet":"max-snippet:-1","max-image-preview":"max-image-preview:large","max-video-preview":"max-video-preview:-1"},"canonical":"https:\/\/www.prijedordanas.com\/?p=267201","og_locale":"en_US","og_type":"article","og_title":"KUD \"Omarska\": Odr\u017ean tradicionalni Vaskr\u0161nji koncert - FOTO\/VIDEO - PrijedorDanas.com - Prijedorski gradski portal","og_description":"Kulturno-umjetni\u010dko dru\u0161tvo \u201eOmarska\u201c jo\u0161 jednom je potvrdilo svoju va\u017enu ulogu u o\u010duvanju tradicije i zajedni\u0161tva, organizuju\u0107i tradicionalni vaskr\u0161nji koncert koji je okupio veliki broj u\u010desnika i publike. U prepunoj sali [&hellip;]","og_url":"https:\/\/www.prijedordanas.com\/?p=267201","og_site_name":"PrijedorDanas.com - Prijedorski gradski portal","article_publisher":"https:\/\/www.facebook.com\/PrijedorDanasCom\/","article_published_time":"2026-04-15T10:21:34+00:00","article_modified_time":"2026-04-15T15:16:44+00:00","og_image":[{"url":"https:\/\/www.prijedordanas.com\/wp-content\/uploads\/2026\/04\/kud-omarska-vaskrsnji-koncert-2026-1-300x225.jpg"}],"author":"admin","twitter_card":"summary_large_image","twitter_misc":{"Written by":"admin","Est. reading time":"3 minutes"},"schema":{"@context":"https:\/\/schema.org","@graph":[{"@type":"Article","@id":"https:\/\/www.prijedordanas.com\/?p=267201#article","isPartOf":{"@id":"https:\/\/www.prijedordanas.com\/?p=267201"},"author":{"name":"admin","@id":"https:\/\/www.prijedordanas.com\/#\/schema\/person\/4e08ccf29b506ca916ff86d46bb700e6"},"headline":"KUD &#8220;Omarska&#8221;: Odr\u017ean tradicionalni Vaskr\u0161nji koncert &#8211; FOTO\/VIDEO","datePublished":"2026-04-15T10:21:34+00:00","dateModified":"2026-04-15T15:16:44+00:00","mainEntityOfPage":{"@id":"https:\/\/www.prijedordanas.com\/?p=267201"},"wordCount":465,"publisher":{"@id":"https:\/\/www.prijedordanas.com\/#organization"},"articleSection":["Kultura"],"inLanguage":"en-US"},{"@type":"WebPage","@id":"https:\/\/www.prijedordanas.com\/?p=267201","url":"https:\/\/www.prijedordanas.com\/?p=267201","name":"KUD \"Omarska\": Odr\u017ean tradicionalni Vaskr\u0161nji koncert - FOTO\/VIDEO - PrijedorDanas.com - Prijedorski gradski portal","isPartOf":{"@id":"https:\/\/www.prijedordanas.com\/#website"},"datePublished":"2026-04-15T10:21:34+00:00","dateModified":"2026-04-15T15:16:44+00:00","breadcrumb":{"@id":"https:\/\/www.prijedordanas.com\/?p=267201#breadcrumb"},"inLanguage":"en-US","potentialAction":[{"@type":"ReadAction","target":["https:\/\/www.prijedordanas.com\/?p=267201"]}]},{"@type":"BreadcrumbList","@id":"https:\/\/www.prijedordanas.com\/?p=267201#breadcrumb","itemListElement":[{"@type":"ListItem","position":1,"name":"Home","item":"https:\/\/www.prijedordanas.com\/"},{"@type":"ListItem","position":2,"name":"KUD &#8220;Omarska&#8221;: Odr\u017ean tradicionalni Vaskr\u0161nji koncert &#8211; FOTO\/VIDEO"}]},{"@type":"WebSite","@id":"https:\/\/www.prijedordanas.com\/#website","url":"https:\/\/www.prijedordanas.com\/","name":"PrijedorDanas.com - Prijedorski gradski portal","description":"Portal o doga\u0111anjima u gradu Prijedoru","publisher":{"@id":"https:\/\/www.prijedordanas.com\/#organization"},"potentialAction":[{"@type":"SearchAction","target":{"@type":"EntryPoint","urlTemplate":"https:\/\/www.prijedordanas.com\/?s={search_term_string}"},"query-input":"required name=search_term_string"}],"inLanguage":"en-US"},{"@type":"Organization","@id":"https:\/\/www.prijedordanas.com\/#organization","name":"PrijedorDanas.com","url":"https:\/\/www.prijedordanas.com\/","logo":{"@type":"ImageObject","inLanguage":"en-US","@id":"https:\/\/www.prijedordanas.com\/#\/schema\/logo\/image\/","url":"http:\/\/www.prijedordanas.com\/wp-content\/uploads\/2021\/12\/logopng.png","contentUrl":"http:\/\/www.prijedordanas.com\/wp-content\/uploads\/2021\/12\/logopng.png","width":1019,"height":776,"caption":"PrijedorDanas.com"},"image":{"@id":"https:\/\/www.prijedordanas.com\/#\/schema\/logo\/image\/"},"sameAs":["https:\/\/www.facebook.com\/PrijedorDanasCom\/"]},{"@type":"Person","@id":"https:\/\/www.prijedordanas.com\/#\/schema\/person\/4e08ccf29b506ca916ff86d46bb700e6","name":"admin","image":{"@type":"ImageObject","inLanguage":"en-US","@id":"https:\/\/www.prijedordanas.com\/#\/schema\/person\/image\/","url":"https:\/\/secure.gravatar.com\/avatar\/1d3fc949d550f0b53a5f0d51e06dfd79?s=96&d=mm&r=g","contentUrl":"https:\/\/secure.gravatar.com\/avatar\/1d3fc949d550f0b53a5f0d51e06dfd79?s=96&d=mm&r=g","caption":"admin"},"url":"https:\/\/www.prijedordanas.com\/?author=1"}]}},"_links":{"self":[{"href":"https:\/\/www.prijedordanas.com\/index.php?rest_route=\/wp\/v2\/posts\/267201"}],"collection":[{"href":"https:\/\/www.prijedordanas.com\/index.php?rest_route=\/wp\/v2\/posts"}],"about":[{"href":"https:\/\/www.prijedordanas.com\/index.php?rest_route=\/wp\/v2\/types\/post"}],"author":[{"embeddable":true,"href":"https:\/\/www.prijedordanas.com\/index.php?rest_route=\/wp\/v2\/users\/1"}],"replies":[{"embeddable":true,"href":"https:\/\/www.prijedordanas.com\/index.php?rest_route=%2Fwp%2Fv2%2Fcomments&post=267201"}],"version-history":[{"count":2,"href":"https:\/\/www.prijedordanas.com\/index.php?rest_route=\/wp\/v2\/posts\/267201\/revisions"}],"predecessor-version":[{"id":267226,"href":"https:\/\/www.prijedordanas.com\/index.php?rest_route=\/wp\/v2\/posts\/267201\/revisions\/267226"}],"wp:attachment":[{"href":"https:\/\/www.prijedordanas.com\/index.php?rest_route=%2Fwp%2Fv2%2Fmedia&parent=267201"}],"wp:term":[{"taxonomy":"category","embeddable":true,"href":"https:\/\/www.prijedordanas.com\/index.php?rest_route=%2Fwp%2Fv2%2Fcategories&post=267201"},{"taxonomy":"post_tag","embeddable":true,"href":"https:\/\/www.prijedordanas.com\/index.php?rest_route=%2Fwp%2Fv2%2Ftags&post=267201"}],"curies":[{"name":"wp","href":"https:\/\/api.w.org\/{rel}","templated":true}]}}