{"id":267071,"date":"2026-04-13T09:08:32","date_gmt":"2026-04-13T07:08:32","guid":{"rendered":"https:\/\/www.prijedordanas.com\/?p=267071"},"modified":"2026-04-13T09:08:32","modified_gmt":"2026-04-13T07:08:32","slug":"ribnjak-sanicani-odbor-povjerilaca-ove-sedmice-o-planu-reorganizacije","status":"publish","type":"post","link":"https:\/\/www.prijedordanas.com\/?p=267071","title":{"rendered":"Ribnjak &#8220;Sani\u010dani&#8221;: Odbor povjerilaca ove sedmice o planu reorganizacije"},"content":{"rendered":"<p><a href=\"https:\/\/www.prijedordanas.com\/wp-content\/uploads\/2025\/12\/google-street-view-ribnjak-sanicani.jpg\"><img loading=\"lazy\" decoding=\"async\" class=\"alignleft size-medium wp-image-258406\" src=\"https:\/\/www.prijedordanas.com\/wp-content\/uploads\/2025\/12\/google-street-view-ribnjak-sanicani-300x225.jpg\" alt=\"\" width=\"300\" height=\"225\" srcset=\"https:\/\/www.prijedordanas.com\/wp-content\/uploads\/2025\/12\/google-street-view-ribnjak-sanicani-300x225.jpg 300w, https:\/\/www.prijedordanas.com\/wp-content\/uploads\/2025\/12\/google-street-view-ribnjak-sanicani-640x480.jpg 640w, https:\/\/www.prijedordanas.com\/wp-content\/uploads\/2025\/12\/google-street-view-ribnjak-sanicani.jpg 667w\" sizes=\"(max-width: 300px) 100vw, 300px\" \/><\/a>Planom reorganizacije prijedorskog ribnjaka \u201cSani\u010dani\u201d u ste\u010daju predvi\u0111en je prenos cjelokupne imovine i prava na novoosnovano ili postoje\u0107e privredno dru\u0161tvo, o \u010demu \u0107e odlu\u010diti grad Prijedor i Vlada Republike Srpske, navodi se u dokumentu o kojem \u0107e ove sedmice odlu\u010divati odbor povjerilaca.<\/p>\n<p>Sva imovina i prava prenose se na kupca za 3.827.000 KM, \u010dime \u0107e biti izmireni tro\u0161kovi sta\u010dajnog postupka, dugovi sta\u010dajne mase i priznata potra\u017eivanja povjerilaca, te ste\u0107i uslovi da ribnjak nastavi poslovanje.<\/p>\n<p>Ovim novcem isplatili bi se tro\u0161kovi sta\u010dajnog postupka od 690.894 KM, dugovi ste\u010dajne mase od 899.292 KM, vi\u0161i isplatni red od 97.667 KM za 19 radnika, op\u0161ti isplatni red od 1.502.218 KM za 31 povjerioca, te 636.727 KM za razlu\u010dne povjerioce \u2013 Poresku upravu Republike Srpske i Upravu za indirektno oporezivanje BiH.<\/p>\n<p>\u201cOsloba\u0111anjem preduze\u0107a od nagomilanih obaveza stvaraju se uslovi da nastavi obavljanje registrovanih djelatnosti i zanovi proizvodni ciklus, s obzirom na veoma konkurentan proizvod na tr\u017ei\u0161tu. Oslobo\u0111en od obaveza, sa novom upravom i novouposlenim mladim i stru\u010dnim in\u017eenjerskim kadrom, uz anga\u017eovanje biv\u0161ih radnika koji imaju velikog iskustva u ovim poslovima, radni kolektiv ima ogromne \u0161anse za uspje\u0161no poslovanje\u201d, navodi se u planu reorganizacije.<\/p>\n<p>Postupci rje\u0161avanja imovinsko-pravnih odnosa se nastavljaju, budu\u0107i da je ribnjak stvarni u\u017eivalac imovine, a da posjedovna i zemlji\u0161noknji\u017ena dokumentacija ne odgovaraju stanju na terenu.<\/p>\n<p>Plan reorganizacije sa\u010dinio je ste\u010dajni upravnik Vojo Pavi\u010di\u0107 nakon \u0161to je skup\u0161tina akcionara u januaru ove godine stavila van snage svoju pro\u0161logodi\u0161nju odluku o prodaji ribnjaka kao pravnog lica, a Okru\u017eni privredni sud u Prijedoru je reorganizaciju ribnjaka prethodnom ste\u010dajnom upravniku Mirku Mar\u010deti sugerisao u aprilu 2022. godine.<\/p>\n<p>U ovom planu precizirano je da je knjigovodstvena vrijednost imovine, kad je Pavi\u010di\u0107 u julu 2025. preuzeo du\u017enost, iznosila 15.673.939 KM, da je procijenjena vrijednost imovine 10.386.016 KM, a da je procijenjena ubrazana likvidaciona vrijednost 3.645.338 KM.<\/p>\n<p>Pavi\u010di\u0107 je obrazlo\u017eio da ubrazna likvidaciona vrijednost imovine iskustveno u praksi iznosi tre\u0107inu procijenjene i da je stoga vidljivo da se bolje namirenje posti\u017ee reorganizacijom nego prodajom imovine u postupku likvidacije, isti\u010du\u0107i da je cilj reorganizacije namirenje povjerilaca u ve\u0107em iznosu nego u slu\u010daju likvidacije preduze\u0107a.<\/p>\n<p>Ribnjak u Sani\u010danima osnovan je 1903. godine, promijenio je niz organizacionih oblika i poslovao je uspje\u0161no sve do promjene strukture akcionara 2013. godine, od kada je ve\u0107inski vlasnik Radojica Ratkovac. Ra\u010duni su blokirani od februara 2016. godine, a ste\u010daj je otvoren u martu 2021.<\/p>\n<p>O planu reorganizacije odlu\u010diva\u0107e odbor povjerilaca ribnjaka u srijedu, 15. aprila, a kona\u010dnu odluku donosi skup\u0161tina povjerilaca pred Okru\u017enim privrednim sudom u Prijedoru.<\/p>\n<p>SRNA<br \/>\nFoto &#8211; ilustracija<\/p>\n","protected":false},"excerpt":{"rendered":"<p>Planom reorganizacije prijedorskog ribnjaka \u201cSani\u010dani\u201d u ste\u010daju predvi\u0111en je prenos cjelokupne imovine i prava na novoosnovano ili postoje\u0107e privredno dru\u0161tvo, o \u010demu \u0107e odlu\u010diti grad Prijedor i Vlada Republike Srpske, [&hellip;]<\/p>\n","protected":false},"author":1,"featured_media":0,"comment_status":"closed","ping_status":"open","sticky":false,"template":"","format":"standard","meta":{"_monsterinsights_skip_tracking":false,"_monsterinsights_sitenote_active":false,"_monsterinsights_sitenote_note":"","_monsterinsights_sitenote_category":0,"footnotes":""},"categories":[4],"tags":[],"yoast_head":"<!-- This site is optimized with the Yoast SEO plugin v21.6 - https:\/\/yoast.com\/wordpress\/plugins\/seo\/ -->\n<title>Ribnjak &quot;Sani\u010dani&quot;: Odbor povjerilaca ove sedmice o planu reorganizacije - PrijedorDanas.com - Prijedorski gradski portal<\/title>\n<meta name=\"robots\" content=\"index, follow, max-snippet:-1, max-image-preview:large, max-video-preview:-1\" \/>\n<link rel=\"canonical\" href=\"https:\/\/www.prijedordanas.com\/?p=267071\" \/>\n<meta property=\"og:locale\" content=\"en_US\" \/>\n<meta property=\"og:type\" content=\"article\" \/>\n<meta property=\"og:title\" content=\"Ribnjak &quot;Sani\u010dani&quot;: Odbor povjerilaca ove sedmice o planu reorganizacije - PrijedorDanas.com - Prijedorski gradski portal\" \/>\n<meta property=\"og:description\" content=\"Planom reorganizacije prijedorskog ribnjaka \u201cSani\u010dani\u201d u ste\u010daju predvi\u0111en je prenos cjelokupne imovine i prava na novoosnovano ili postoje\u0107e privredno dru\u0161tvo, o \u010demu \u0107e odlu\u010diti grad Prijedor i Vlada Republike Srpske, [&hellip;]\" \/>\n<meta property=\"og:url\" content=\"https:\/\/www.prijedordanas.com\/?p=267071\" \/>\n<meta property=\"og:site_name\" content=\"PrijedorDanas.com - Prijedorski gradski portal\" \/>\n<meta property=\"article:publisher\" content=\"https:\/\/www.facebook.com\/PrijedorDanasCom\/\" \/>\n<meta property=\"article:published_time\" content=\"2026-04-13T07:08:32+00:00\" \/>\n<meta property=\"og:image\" content=\"https:\/\/www.prijedordanas.com\/wp-content\/uploads\/2025\/12\/google-street-view-ribnjak-sanicani-300x225.jpg\" \/>\n<meta name=\"author\" content=\"admin\" \/>\n<meta name=\"twitter:card\" content=\"summary_large_image\" \/>\n<meta name=\"twitter:label1\" content=\"Written by\" \/>\n\t<meta name=\"twitter:data1\" content=\"admin\" \/>\n<script type=\"application\/ld+json\" class=\"yoast-schema-graph\">{\"@context\":\"https:\/\/schema.org\",\"@graph\":[{\"@type\":\"Article\",\"@id\":\"https:\/\/www.prijedordanas.com\/?p=267071#article\",\"isPartOf\":{\"@id\":\"https:\/\/www.prijedordanas.com\/?p=267071\"},\"author\":{\"name\":\"admin\",\"@id\":\"https:\/\/www.prijedordanas.com\/#\/schema\/person\/4e08ccf29b506ca916ff86d46bb700e6\"},\"headline\":\"Ribnjak &#8220;Sani\u010dani&#8221;: Odbor povjerilaca ove sedmice o planu reorganizacije\",\"datePublished\":\"2026-04-13T07:08:32+00:00\",\"dateModified\":\"2026-04-13T07:08:32+00:00\",\"mainEntityOfPage\":{\"@id\":\"https:\/\/www.prijedordanas.com\/?p=267071\"},\"wordCount\":468,\"publisher\":{\"@id\":\"https:\/\/www.prijedordanas.com\/#organization\"},\"articleSection\":[\"Dru\u0161tvo\"],\"inLanguage\":\"en-US\"},{\"@type\":\"WebPage\",\"@id\":\"https:\/\/www.prijedordanas.com\/?p=267071\",\"url\":\"https:\/\/www.prijedordanas.com\/?p=267071\",\"name\":\"Ribnjak \\\"Sani\u010dani\\\": Odbor povjerilaca ove sedmice o planu reorganizacije - PrijedorDanas.com - Prijedorski gradski portal\",\"isPartOf\":{\"@id\":\"https:\/\/www.prijedordanas.com\/#website\"},\"datePublished\":\"2026-04-13T07:08:32+00:00\",\"dateModified\":\"2026-04-13T07:08:32+00:00\",\"breadcrumb\":{\"@id\":\"https:\/\/www.prijedordanas.com\/?p=267071#breadcrumb\"},\"inLanguage\":\"en-US\",\"potentialAction\":[{\"@type\":\"ReadAction\",\"target\":[\"https:\/\/www.prijedordanas.com\/?p=267071\"]}]},{\"@type\":\"BreadcrumbList\",\"@id\":\"https:\/\/www.prijedordanas.com\/?p=267071#breadcrumb\",\"itemListElement\":[{\"@type\":\"ListItem\",\"position\":1,\"name\":\"Home\",\"item\":\"https:\/\/www.prijedordanas.com\/\"},{\"@type\":\"ListItem\",\"position\":2,\"name\":\"Ribnjak &#8220;Sani\u010dani&#8221;: Odbor povjerilaca ove sedmice o planu reorganizacije\"}]},{\"@type\":\"WebSite\",\"@id\":\"https:\/\/www.prijedordanas.com\/#website\",\"url\":\"https:\/\/www.prijedordanas.com\/\",\"name\":\"PrijedorDanas.com - Prijedorski gradski portal\",\"description\":\"Portal o doga\u0111anjima u gradu Prijedoru\",\"publisher\":{\"@id\":\"https:\/\/www.prijedordanas.com\/#organization\"},\"potentialAction\":[{\"@type\":\"SearchAction\",\"target\":{\"@type\":\"EntryPoint\",\"urlTemplate\":\"https:\/\/www.prijedordanas.com\/?s={search_term_string}\"},\"query-input\":\"required name=search_term_string\"}],\"inLanguage\":\"en-US\"},{\"@type\":\"Organization\",\"@id\":\"https:\/\/www.prijedordanas.com\/#organization\",\"name\":\"PrijedorDanas.com\",\"url\":\"https:\/\/www.prijedordanas.com\/\",\"logo\":{\"@type\":\"ImageObject\",\"inLanguage\":\"en-US\",\"@id\":\"https:\/\/www.prijedordanas.com\/#\/schema\/logo\/image\/\",\"url\":\"http:\/\/www.prijedordanas.com\/wp-content\/uploads\/2021\/12\/logopng.png\",\"contentUrl\":\"http:\/\/www.prijedordanas.com\/wp-content\/uploads\/2021\/12\/logopng.png\",\"width\":1019,\"height\":776,\"caption\":\"PrijedorDanas.com\"},\"image\":{\"@id\":\"https:\/\/www.prijedordanas.com\/#\/schema\/logo\/image\/\"},\"sameAs\":[\"https:\/\/www.facebook.com\/PrijedorDanasCom\/\"]},{\"@type\":\"Person\",\"@id\":\"https:\/\/www.prijedordanas.com\/#\/schema\/person\/4e08ccf29b506ca916ff86d46bb700e6\",\"name\":\"admin\",\"image\":{\"@type\":\"ImageObject\",\"inLanguage\":\"en-US\",\"@id\":\"https:\/\/www.prijedordanas.com\/#\/schema\/person\/image\/\",\"url\":\"https:\/\/secure.gravatar.com\/avatar\/1d3fc949d550f0b53a5f0d51e06dfd79?s=96&d=mm&r=g\",\"contentUrl\":\"https:\/\/secure.gravatar.com\/avatar\/1d3fc949d550f0b53a5f0d51e06dfd79?s=96&d=mm&r=g\",\"caption\":\"admin\"},\"url\":\"https:\/\/www.prijedordanas.com\/?author=1\"}]}<\/script>\n<!-- \/ Yoast SEO plugin. -->","yoast_head_json":{"title":"Ribnjak \"Sani\u010dani\": Odbor povjerilaca ove sedmice o planu reorganizacije - PrijedorDanas.com - Prijedorski gradski portal","robots":{"index":"index","follow":"follow","max-snippet":"max-snippet:-1","max-image-preview":"max-image-preview:large","max-video-preview":"max-video-preview:-1"},"canonical":"https:\/\/www.prijedordanas.com\/?p=267071","og_locale":"en_US","og_type":"article","og_title":"Ribnjak \"Sani\u010dani\": Odbor povjerilaca ove sedmice o planu reorganizacije - PrijedorDanas.com - Prijedorski gradski portal","og_description":"Planom reorganizacije prijedorskog ribnjaka \u201cSani\u010dani\u201d u ste\u010daju predvi\u0111en je prenos cjelokupne imovine i prava na novoosnovano ili postoje\u0107e privredno dru\u0161tvo, o \u010demu \u0107e odlu\u010diti grad Prijedor i Vlada Republike Srpske, [&hellip;]","og_url":"https:\/\/www.prijedordanas.com\/?p=267071","og_site_name":"PrijedorDanas.com - Prijedorski gradski portal","article_publisher":"https:\/\/www.facebook.com\/PrijedorDanasCom\/","article_published_time":"2026-04-13T07:08:32+00:00","og_image":[{"url":"https:\/\/www.prijedordanas.com\/wp-content\/uploads\/2025\/12\/google-street-view-ribnjak-sanicani-300x225.jpg"}],"author":"admin","twitter_card":"summary_large_image","twitter_misc":{"Written by":"admin"},"schema":{"@context":"https:\/\/schema.org","@graph":[{"@type":"Article","@id":"https:\/\/www.prijedordanas.com\/?p=267071#article","isPartOf":{"@id":"https:\/\/www.prijedordanas.com\/?p=267071"},"author":{"name":"admin","@id":"https:\/\/www.prijedordanas.com\/#\/schema\/person\/4e08ccf29b506ca916ff86d46bb700e6"},"headline":"Ribnjak &#8220;Sani\u010dani&#8221;: Odbor povjerilaca ove sedmice o planu reorganizacije","datePublished":"2026-04-13T07:08:32+00:00","dateModified":"2026-04-13T07:08:32+00:00","mainEntityOfPage":{"@id":"https:\/\/www.prijedordanas.com\/?p=267071"},"wordCount":468,"publisher":{"@id":"https:\/\/www.prijedordanas.com\/#organization"},"articleSection":["Dru\u0161tvo"],"inLanguage":"en-US"},{"@type":"WebPage","@id":"https:\/\/www.prijedordanas.com\/?p=267071","url":"https:\/\/www.prijedordanas.com\/?p=267071","name":"Ribnjak \"Sani\u010dani\": Odbor povjerilaca ove sedmice o planu reorganizacije - PrijedorDanas.com - Prijedorski gradski portal","isPartOf":{"@id":"https:\/\/www.prijedordanas.com\/#website"},"datePublished":"2026-04-13T07:08:32+00:00","dateModified":"2026-04-13T07:08:32+00:00","breadcrumb":{"@id":"https:\/\/www.prijedordanas.com\/?p=267071#breadcrumb"},"inLanguage":"en-US","potentialAction":[{"@type":"ReadAction","target":["https:\/\/www.prijedordanas.com\/?p=267071"]}]},{"@type":"BreadcrumbList","@id":"https:\/\/www.prijedordanas.com\/?p=267071#breadcrumb","itemListElement":[{"@type":"ListItem","position":1,"name":"Home","item":"https:\/\/www.prijedordanas.com\/"},{"@type":"ListItem","position":2,"name":"Ribnjak &#8220;Sani\u010dani&#8221;: Odbor povjerilaca ove sedmice o planu reorganizacije"}]},{"@type":"WebSite","@id":"https:\/\/www.prijedordanas.com\/#website","url":"https:\/\/www.prijedordanas.com\/","name":"PrijedorDanas.com - Prijedorski gradski portal","description":"Portal o doga\u0111anjima u gradu Prijedoru","publisher":{"@id":"https:\/\/www.prijedordanas.com\/#organization"},"potentialAction":[{"@type":"SearchAction","target":{"@type":"EntryPoint","urlTemplate":"https:\/\/www.prijedordanas.com\/?s={search_term_string}"},"query-input":"required name=search_term_string"}],"inLanguage":"en-US"},{"@type":"Organization","@id":"https:\/\/www.prijedordanas.com\/#organization","name":"PrijedorDanas.com","url":"https:\/\/www.prijedordanas.com\/","logo":{"@type":"ImageObject","inLanguage":"en-US","@id":"https:\/\/www.prijedordanas.com\/#\/schema\/logo\/image\/","url":"http:\/\/www.prijedordanas.com\/wp-content\/uploads\/2021\/12\/logopng.png","contentUrl":"http:\/\/www.prijedordanas.com\/wp-content\/uploads\/2021\/12\/logopng.png","width":1019,"height":776,"caption":"PrijedorDanas.com"},"image":{"@id":"https:\/\/www.prijedordanas.com\/#\/schema\/logo\/image\/"},"sameAs":["https:\/\/www.facebook.com\/PrijedorDanasCom\/"]},{"@type":"Person","@id":"https:\/\/www.prijedordanas.com\/#\/schema\/person\/4e08ccf29b506ca916ff86d46bb700e6","name":"admin","image":{"@type":"ImageObject","inLanguage":"en-US","@id":"https:\/\/www.prijedordanas.com\/#\/schema\/person\/image\/","url":"https:\/\/secure.gravatar.com\/avatar\/1d3fc949d550f0b53a5f0d51e06dfd79?s=96&d=mm&r=g","contentUrl":"https:\/\/secure.gravatar.com\/avatar\/1d3fc949d550f0b53a5f0d51e06dfd79?s=96&d=mm&r=g","caption":"admin"},"url":"https:\/\/www.prijedordanas.com\/?author=1"}]}},"_links":{"self":[{"href":"https:\/\/www.prijedordanas.com\/index.php?rest_route=\/wp\/v2\/posts\/267071"}],"collection":[{"href":"https:\/\/www.prijedordanas.com\/index.php?rest_route=\/wp\/v2\/posts"}],"about":[{"href":"https:\/\/www.prijedordanas.com\/index.php?rest_route=\/wp\/v2\/types\/post"}],"author":[{"embeddable":true,"href":"https:\/\/www.prijedordanas.com\/index.php?rest_route=\/wp\/v2\/users\/1"}],"replies":[{"embeddable":true,"href":"https:\/\/www.prijedordanas.com\/index.php?rest_route=%2Fwp%2Fv2%2Fcomments&post=267071"}],"version-history":[{"count":1,"href":"https:\/\/www.prijedordanas.com\/index.php?rest_route=\/wp\/v2\/posts\/267071\/revisions"}],"predecessor-version":[{"id":267072,"href":"https:\/\/www.prijedordanas.com\/index.php?rest_route=\/wp\/v2\/posts\/267071\/revisions\/267072"}],"wp:attachment":[{"href":"https:\/\/www.prijedordanas.com\/index.php?rest_route=%2Fwp%2Fv2%2Fmedia&parent=267071"}],"wp:term":[{"taxonomy":"category","embeddable":true,"href":"https:\/\/www.prijedordanas.com\/index.php?rest_route=%2Fwp%2Fv2%2Fcategories&post=267071"},{"taxonomy":"post_tag","embeddable":true,"href":"https:\/\/www.prijedordanas.com\/index.php?rest_route=%2Fwp%2Fv2%2Ftags&post=267071"}],"curies":[{"name":"wp","href":"https:\/\/api.w.org\/{rel}","templated":true}]}}