{"id":266778,"date":"2026-04-08T19:08:18","date_gmt":"2026-04-08T17:08:18","guid":{"rendered":"https:\/\/www.prijedordanas.com\/?p=266778"},"modified":"2026-04-08T19:08:18","modified_gmt":"2026-04-08T17:08:18","slug":"okruzno-javno-tuzilastvo-prijedor-nije-utvrden-govor-mrznje-kod-bivseg-zamjenika-gradonacelnika","status":"publish","type":"post","link":"https:\/\/www.prijedordanas.com\/?p=266778","title":{"rendered":"Okru\u017eno javno tu\u017eila\u0161tvo Prijedor: Nije utvr\u0111en govor mr\u017enje kod biv\u0161eg zamjenika gradona\u010delnika"},"content":{"rendered":"<p><a href=\"https:\/\/www.prijedordanas.com\/wp-content\/uploads\/2023\/09\/okruzni-sud-tuzilastvo-privredni-sud-2023-2.jpg\"><img loading=\"lazy\" decoding=\"async\" src=\"https:\/\/www.prijedordanas.com\/wp-content\/uploads\/2023\/09\/okruzni-sud-tuzilastvo-privredni-sud-2023-2-300x225.jpg\" alt=\"\" width=\"300\" height=\"225\" class=\"alignleft size-medium wp-image-212011\" srcset=\"https:\/\/www.prijedordanas.com\/wp-content\/uploads\/2023\/09\/okruzni-sud-tuzilastvo-privredni-sud-2023-2-300x225.jpg 300w, https:\/\/www.prijedordanas.com\/wp-content\/uploads\/2023\/09\/okruzni-sud-tuzilastvo-privredni-sud-2023-2-640x480.jpg 640w, https:\/\/www.prijedordanas.com\/wp-content\/uploads\/2023\/09\/okruzni-sud-tuzilastvo-privredni-sud-2023-2.jpg 667w\" sizes=\"(max-width: 300px) 100vw, 300px\" \/><\/a>Okru\u017eno javno tu\u017eila\u0161tvo u Prijedoru donijelo je naredbu da se ne sprovodi istraga protiv biv\u0161eg zamjenika gradona\u010delnika \u017darka Kova\u010devi\u0107a kojeg je vi\u0161e lica prijavilo za podsticanja na nasilje i mr\u017enju.<\/p>\n<p>Glavni tu\u017eilac Sla\u0111ana Mari\u0107 rekla je Srni da je odluka dostavljena o\u0161te\u0107enima i da je u toku rok za ulaganje pritu\u017ebe.<\/p>\n<p>\u201cO eventualnoj pritu\u017ebi odlu\u010duje glavni orku\u017eni tu\u017eilac, a na to rje\u0161enje pravni lijek je prigovor glavnom republi\u010dkom tu\u017eiocu\u201d, pojasnila je ona.<\/p>\n<p>\u017darko Kova\u010devi\u0107 prijavljen je zbog sporne objave na dru\u0161tvenim mre\u017eama za katoli\u010dki Uskrs u aprilu 2021. godine, kada je obavljao du\u017enost zamjenika gradona\u010delnika Prijedora.<\/p>\n<p><strong><a href=\"https:\/\/www.prijedordanas.com\/?p=184500\" target=\"_blank\" rel=\"noopener\">\u201cNeka vam je daleko lijepa ku\u0107a\u201d: Zamjenik gradona\u010delnika Prijedora vrije\u0111ao sugra\u0111ane katoli\u010dke vjeroispovijesti na Uskrs \u2013 FOTO<\/a><\/strong><\/p>\n<p>Pred prijedorskim okru\u017enim tu\u017eila\u0161tvom u postupanju je i prijava protiv glavnog imama Med\u017elisa Islamske zajednice Kozarac Amira Mahi\u0107a u vezi sa istim krivi\u010dnim djelom, nakon \u0161to je u januaru 2023. godine Policijska uprava Prijedor prijavila saznanja o postojanju video-snimka sa govorom mr\u017enje.<\/p>\n<p>\u201cOvaj slu\u010daj je u fazi prijave\u201d, dodala je Mari\u0107eva.<\/p>\n<p>Mahi\u0107 je u video-snimku sa vjerske slu\u017ebe koji je bio dostupan na internetu pripisivao Svetom Savi fa\u0161izam, a Srpskoj pravoslavnoj crkvi sekta\u0161tvo.<\/p>\n<p>SRNA<\/p>\n","protected":false},"excerpt":{"rendered":"<p>Okru\u017eno javno tu\u017eila\u0161tvo u Prijedoru donijelo je naredbu da se ne sprovodi istraga protiv biv\u0161eg zamjenika gradona\u010delnika \u017darka Kova\u010devi\u0107a kojeg je vi\u0161e lica prijavilo za podsticanja na nasilje i mr\u017enju. [&hellip;]<\/p>\n","protected":false},"author":1,"featured_media":0,"comment_status":"closed","ping_status":"open","sticky":false,"template":"","format":"standard","meta":{"_monsterinsights_skip_tracking":false,"_monsterinsights_sitenote_active":false,"_monsterinsights_sitenote_note":"","_monsterinsights_sitenote_category":0,"footnotes":""},"categories":[5],"tags":[],"yoast_head":"<!-- This site is optimized with the Yoast SEO plugin v21.6 - https:\/\/yoast.com\/wordpress\/plugins\/seo\/ -->\n<title>Okru\u017eno javno tu\u017eila\u0161tvo Prijedor: Nije utvr\u0111en govor mr\u017enje kod biv\u0161eg zamjenika gradona\u010delnika - PrijedorDanas.com - Prijedorski gradski portal<\/title>\n<meta name=\"robots\" content=\"index, follow, max-snippet:-1, max-image-preview:large, max-video-preview:-1\" \/>\n<link rel=\"canonical\" href=\"https:\/\/www.prijedordanas.com\/?p=266778\" \/>\n<meta property=\"og:locale\" content=\"en_US\" \/>\n<meta property=\"og:type\" content=\"article\" \/>\n<meta property=\"og:title\" content=\"Okru\u017eno javno tu\u017eila\u0161tvo Prijedor: Nije utvr\u0111en govor mr\u017enje kod biv\u0161eg zamjenika gradona\u010delnika - PrijedorDanas.com - Prijedorski gradski portal\" \/>\n<meta property=\"og:description\" content=\"Okru\u017eno javno tu\u017eila\u0161tvo u Prijedoru donijelo je naredbu da se ne sprovodi istraga protiv biv\u0161eg zamjenika gradona\u010delnika \u017darka Kova\u010devi\u0107a kojeg je vi\u0161e lica prijavilo za podsticanja na nasilje i mr\u017enju. [&hellip;]\" \/>\n<meta property=\"og:url\" content=\"https:\/\/www.prijedordanas.com\/?p=266778\" \/>\n<meta property=\"og:site_name\" content=\"PrijedorDanas.com - Prijedorski gradski portal\" \/>\n<meta property=\"article:publisher\" content=\"https:\/\/www.facebook.com\/PrijedorDanasCom\/\" \/>\n<meta property=\"article:published_time\" content=\"2026-04-08T17:08:18+00:00\" \/>\n<meta property=\"og:image\" content=\"https:\/\/www.prijedordanas.com\/wp-content\/uploads\/2023\/09\/okruzni-sud-tuzilastvo-privredni-sud-2023-2-300x225.jpg\" \/>\n<meta name=\"author\" content=\"admin\" \/>\n<meta name=\"twitter:card\" content=\"summary_large_image\" \/>\n<meta name=\"twitter:label1\" content=\"Written by\" \/>\n\t<meta name=\"twitter:data1\" content=\"admin\" \/>\n\t<meta name=\"twitter:label2\" content=\"Est. reading time\" \/>\n\t<meta name=\"twitter:data2\" content=\"1 minute\" \/>\n<script type=\"application\/ld+json\" class=\"yoast-schema-graph\">{\"@context\":\"https:\/\/schema.org\",\"@graph\":[{\"@type\":\"Article\",\"@id\":\"https:\/\/www.prijedordanas.com\/?p=266778#article\",\"isPartOf\":{\"@id\":\"https:\/\/www.prijedordanas.com\/?p=266778\"},\"author\":{\"name\":\"admin\",\"@id\":\"https:\/\/www.prijedordanas.com\/#\/schema\/person\/4e08ccf29b506ca916ff86d46bb700e6\"},\"headline\":\"Okru\u017eno javno tu\u017eila\u0161tvo Prijedor: Nije utvr\u0111en govor mr\u017enje kod biv\u0161eg zamjenika gradona\u010delnika\",\"datePublished\":\"2026-04-08T17:08:18+00:00\",\"dateModified\":\"2026-04-08T17:08:18+00:00\",\"mainEntityOfPage\":{\"@id\":\"https:\/\/www.prijedordanas.com\/?p=266778\"},\"wordCount\":247,\"publisher\":{\"@id\":\"https:\/\/www.prijedordanas.com\/#organization\"},\"articleSection\":[\"Hronika\"],\"inLanguage\":\"en-US\"},{\"@type\":\"WebPage\",\"@id\":\"https:\/\/www.prijedordanas.com\/?p=266778\",\"url\":\"https:\/\/www.prijedordanas.com\/?p=266778\",\"name\":\"Okru\u017eno javno tu\u017eila\u0161tvo Prijedor: Nije utvr\u0111en govor mr\u017enje kod biv\u0161eg zamjenika gradona\u010delnika - PrijedorDanas.com - Prijedorski gradski portal\",\"isPartOf\":{\"@id\":\"https:\/\/www.prijedordanas.com\/#website\"},\"datePublished\":\"2026-04-08T17:08:18+00:00\",\"dateModified\":\"2026-04-08T17:08:18+00:00\",\"breadcrumb\":{\"@id\":\"https:\/\/www.prijedordanas.com\/?p=266778#breadcrumb\"},\"inLanguage\":\"en-US\",\"potentialAction\":[{\"@type\":\"ReadAction\",\"target\":[\"https:\/\/www.prijedordanas.com\/?p=266778\"]}]},{\"@type\":\"BreadcrumbList\",\"@id\":\"https:\/\/www.prijedordanas.com\/?p=266778#breadcrumb\",\"itemListElement\":[{\"@type\":\"ListItem\",\"position\":1,\"name\":\"Home\",\"item\":\"https:\/\/www.prijedordanas.com\/\"},{\"@type\":\"ListItem\",\"position\":2,\"name\":\"Okru\u017eno javno tu\u017eila\u0161tvo Prijedor: Nije utvr\u0111en govor mr\u017enje kod biv\u0161eg zamjenika gradona\u010delnika\"}]},{\"@type\":\"WebSite\",\"@id\":\"https:\/\/www.prijedordanas.com\/#website\",\"url\":\"https:\/\/www.prijedordanas.com\/\",\"name\":\"PrijedorDanas.com - Prijedorski gradski portal\",\"description\":\"Portal o doga\u0111anjima u gradu Prijedoru\",\"publisher\":{\"@id\":\"https:\/\/www.prijedordanas.com\/#organization\"},\"potentialAction\":[{\"@type\":\"SearchAction\",\"target\":{\"@type\":\"EntryPoint\",\"urlTemplate\":\"https:\/\/www.prijedordanas.com\/?s={search_term_string}\"},\"query-input\":\"required name=search_term_string\"}],\"inLanguage\":\"en-US\"},{\"@type\":\"Organization\",\"@id\":\"https:\/\/www.prijedordanas.com\/#organization\",\"name\":\"PrijedorDanas.com\",\"url\":\"https:\/\/www.prijedordanas.com\/\",\"logo\":{\"@type\":\"ImageObject\",\"inLanguage\":\"en-US\",\"@id\":\"https:\/\/www.prijedordanas.com\/#\/schema\/logo\/image\/\",\"url\":\"http:\/\/www.prijedordanas.com\/wp-content\/uploads\/2021\/12\/logopng.png\",\"contentUrl\":\"http:\/\/www.prijedordanas.com\/wp-content\/uploads\/2021\/12\/logopng.png\",\"width\":1019,\"height\":776,\"caption\":\"PrijedorDanas.com\"},\"image\":{\"@id\":\"https:\/\/www.prijedordanas.com\/#\/schema\/logo\/image\/\"},\"sameAs\":[\"https:\/\/www.facebook.com\/PrijedorDanasCom\/\"]},{\"@type\":\"Person\",\"@id\":\"https:\/\/www.prijedordanas.com\/#\/schema\/person\/4e08ccf29b506ca916ff86d46bb700e6\",\"name\":\"admin\",\"image\":{\"@type\":\"ImageObject\",\"inLanguage\":\"en-US\",\"@id\":\"https:\/\/www.prijedordanas.com\/#\/schema\/person\/image\/\",\"url\":\"https:\/\/secure.gravatar.com\/avatar\/1d3fc949d550f0b53a5f0d51e06dfd79?s=96&d=mm&r=g\",\"contentUrl\":\"https:\/\/secure.gravatar.com\/avatar\/1d3fc949d550f0b53a5f0d51e06dfd79?s=96&d=mm&r=g\",\"caption\":\"admin\"},\"url\":\"https:\/\/www.prijedordanas.com\/?author=1\"}]}<\/script>\n<!-- \/ Yoast SEO plugin. -->","yoast_head_json":{"title":"Okru\u017eno javno tu\u017eila\u0161tvo Prijedor: Nije utvr\u0111en govor mr\u017enje kod biv\u0161eg zamjenika gradona\u010delnika - PrijedorDanas.com - Prijedorski gradski portal","robots":{"index":"index","follow":"follow","max-snippet":"max-snippet:-1","max-image-preview":"max-image-preview:large","max-video-preview":"max-video-preview:-1"},"canonical":"https:\/\/www.prijedordanas.com\/?p=266778","og_locale":"en_US","og_type":"article","og_title":"Okru\u017eno javno tu\u017eila\u0161tvo Prijedor: Nije utvr\u0111en govor mr\u017enje kod biv\u0161eg zamjenika gradona\u010delnika - PrijedorDanas.com - Prijedorski gradski portal","og_description":"Okru\u017eno javno tu\u017eila\u0161tvo u Prijedoru donijelo je naredbu da se ne sprovodi istraga protiv biv\u0161eg zamjenika gradona\u010delnika \u017darka Kova\u010devi\u0107a kojeg je vi\u0161e lica prijavilo za podsticanja na nasilje i mr\u017enju. [&hellip;]","og_url":"https:\/\/www.prijedordanas.com\/?p=266778","og_site_name":"PrijedorDanas.com - Prijedorski gradski portal","article_publisher":"https:\/\/www.facebook.com\/PrijedorDanasCom\/","article_published_time":"2026-04-08T17:08:18+00:00","og_image":[{"url":"https:\/\/www.prijedordanas.com\/wp-content\/uploads\/2023\/09\/okruzni-sud-tuzilastvo-privredni-sud-2023-2-300x225.jpg"}],"author":"admin","twitter_card":"summary_large_image","twitter_misc":{"Written by":"admin","Est. reading time":"1 minute"},"schema":{"@context":"https:\/\/schema.org","@graph":[{"@type":"Article","@id":"https:\/\/www.prijedordanas.com\/?p=266778#article","isPartOf":{"@id":"https:\/\/www.prijedordanas.com\/?p=266778"},"author":{"name":"admin","@id":"https:\/\/www.prijedordanas.com\/#\/schema\/person\/4e08ccf29b506ca916ff86d46bb700e6"},"headline":"Okru\u017eno javno tu\u017eila\u0161tvo Prijedor: Nije utvr\u0111en govor mr\u017enje kod biv\u0161eg zamjenika gradona\u010delnika","datePublished":"2026-04-08T17:08:18+00:00","dateModified":"2026-04-08T17:08:18+00:00","mainEntityOfPage":{"@id":"https:\/\/www.prijedordanas.com\/?p=266778"},"wordCount":247,"publisher":{"@id":"https:\/\/www.prijedordanas.com\/#organization"},"articleSection":["Hronika"],"inLanguage":"en-US"},{"@type":"WebPage","@id":"https:\/\/www.prijedordanas.com\/?p=266778","url":"https:\/\/www.prijedordanas.com\/?p=266778","name":"Okru\u017eno javno tu\u017eila\u0161tvo Prijedor: Nije utvr\u0111en govor mr\u017enje kod biv\u0161eg zamjenika gradona\u010delnika - PrijedorDanas.com - Prijedorski gradski portal","isPartOf":{"@id":"https:\/\/www.prijedordanas.com\/#website"},"datePublished":"2026-04-08T17:08:18+00:00","dateModified":"2026-04-08T17:08:18+00:00","breadcrumb":{"@id":"https:\/\/www.prijedordanas.com\/?p=266778#breadcrumb"},"inLanguage":"en-US","potentialAction":[{"@type":"ReadAction","target":["https:\/\/www.prijedordanas.com\/?p=266778"]}]},{"@type":"BreadcrumbList","@id":"https:\/\/www.prijedordanas.com\/?p=266778#breadcrumb","itemListElement":[{"@type":"ListItem","position":1,"name":"Home","item":"https:\/\/www.prijedordanas.com\/"},{"@type":"ListItem","position":2,"name":"Okru\u017eno javno tu\u017eila\u0161tvo Prijedor: Nije utvr\u0111en govor mr\u017enje kod biv\u0161eg zamjenika gradona\u010delnika"}]},{"@type":"WebSite","@id":"https:\/\/www.prijedordanas.com\/#website","url":"https:\/\/www.prijedordanas.com\/","name":"PrijedorDanas.com - Prijedorski gradski portal","description":"Portal o doga\u0111anjima u gradu Prijedoru","publisher":{"@id":"https:\/\/www.prijedordanas.com\/#organization"},"potentialAction":[{"@type":"SearchAction","target":{"@type":"EntryPoint","urlTemplate":"https:\/\/www.prijedordanas.com\/?s={search_term_string}"},"query-input":"required name=search_term_string"}],"inLanguage":"en-US"},{"@type":"Organization","@id":"https:\/\/www.prijedordanas.com\/#organization","name":"PrijedorDanas.com","url":"https:\/\/www.prijedordanas.com\/","logo":{"@type":"ImageObject","inLanguage":"en-US","@id":"https:\/\/www.prijedordanas.com\/#\/schema\/logo\/image\/","url":"http:\/\/www.prijedordanas.com\/wp-content\/uploads\/2021\/12\/logopng.png","contentUrl":"http:\/\/www.prijedordanas.com\/wp-content\/uploads\/2021\/12\/logopng.png","width":1019,"height":776,"caption":"PrijedorDanas.com"},"image":{"@id":"https:\/\/www.prijedordanas.com\/#\/schema\/logo\/image\/"},"sameAs":["https:\/\/www.facebook.com\/PrijedorDanasCom\/"]},{"@type":"Person","@id":"https:\/\/www.prijedordanas.com\/#\/schema\/person\/4e08ccf29b506ca916ff86d46bb700e6","name":"admin","image":{"@type":"ImageObject","inLanguage":"en-US","@id":"https:\/\/www.prijedordanas.com\/#\/schema\/person\/image\/","url":"https:\/\/secure.gravatar.com\/avatar\/1d3fc949d550f0b53a5f0d51e06dfd79?s=96&d=mm&r=g","contentUrl":"https:\/\/secure.gravatar.com\/avatar\/1d3fc949d550f0b53a5f0d51e06dfd79?s=96&d=mm&r=g","caption":"admin"},"url":"https:\/\/www.prijedordanas.com\/?author=1"}]}},"_links":{"self":[{"href":"https:\/\/www.prijedordanas.com\/index.php?rest_route=\/wp\/v2\/posts\/266778"}],"collection":[{"href":"https:\/\/www.prijedordanas.com\/index.php?rest_route=\/wp\/v2\/posts"}],"about":[{"href":"https:\/\/www.prijedordanas.com\/index.php?rest_route=\/wp\/v2\/types\/post"}],"author":[{"embeddable":true,"href":"https:\/\/www.prijedordanas.com\/index.php?rest_route=\/wp\/v2\/users\/1"}],"replies":[{"embeddable":true,"href":"https:\/\/www.prijedordanas.com\/index.php?rest_route=%2Fwp%2Fv2%2Fcomments&post=266778"}],"version-history":[{"count":1,"href":"https:\/\/www.prijedordanas.com\/index.php?rest_route=\/wp\/v2\/posts\/266778\/revisions"}],"predecessor-version":[{"id":266779,"href":"https:\/\/www.prijedordanas.com\/index.php?rest_route=\/wp\/v2\/posts\/266778\/revisions\/266779"}],"wp:attachment":[{"href":"https:\/\/www.prijedordanas.com\/index.php?rest_route=%2Fwp%2Fv2%2Fmedia&parent=266778"}],"wp:term":[{"taxonomy":"category","embeddable":true,"href":"https:\/\/www.prijedordanas.com\/index.php?rest_route=%2Fwp%2Fv2%2Fcategories&post=266778"},{"taxonomy":"post_tag","embeddable":true,"href":"https:\/\/www.prijedordanas.com\/index.php?rest_route=%2Fwp%2Fv2%2Ftags&post=266778"}],"curies":[{"name":"wp","href":"https:\/\/api.w.org\/{rel}","templated":true}]}}