{"id":266749,"date":"2026-04-08T12:35:18","date_gmt":"2026-04-08T10:35:18","guid":{"rendered":"https:\/\/www.prijedordanas.com\/?p=266749"},"modified":"2026-04-08T12:35:18","modified_gmt":"2026-04-08T10:35:18","slug":"paketi-pomoci-povodom-svjetskog-dana-roma","status":"publish","type":"post","link":"https:\/\/www.prijedordanas.com\/?p=266749","title":{"rendered":"Paketi pomo\u0107i povodom Svjetskog dana Roma"},"content":{"rendered":"<p><a href=\"https:\/\/www.prijedordanas.com\/wp-content\/uploads\/2026\/04\/kozarski-paketi-povodom-svjetskog-dana-roma-1.jpg\"><img loading=\"lazy\" decoding=\"async\" class=\"alignleft size-medium wp-image-266750\" src=\"https:\/\/www.prijedordanas.com\/wp-content\/uploads\/2026\/04\/kozarski-paketi-povodom-svjetskog-dana-roma-1-300x225.jpg\" alt=\"\" width=\"300\" height=\"225\" srcset=\"https:\/\/www.prijedordanas.com\/wp-content\/uploads\/2026\/04\/kozarski-paketi-povodom-svjetskog-dana-roma-1-300x225.jpg 300w, https:\/\/www.prijedordanas.com\/wp-content\/uploads\/2026\/04\/kozarski-paketi-povodom-svjetskog-dana-roma-1-640x480.jpg 640w, https:\/\/www.prijedordanas.com\/wp-content\/uploads\/2026\/04\/kozarski-paketi-povodom-svjetskog-dana-roma-1.jpg 667w\" sizes=\"(max-width: 300px) 100vw, 300px\" \/><\/a>Povodom 8. aprila \u2013 Svjetskog dana Roma uru\u010deni su paketi sa prehrambenim namirnicama za dvije vi\u0161e\u010dlane porodice.<\/p>\n<p>Zahvalna na pomo\u0107i je Mirsada D\u017eenanovi\u0107.<\/p>\n<p>\u201cNama ovaj paket mnogo zna\u010di. Suprug i ja samo nezaposleni. Imamo devetoro djece, a deseto je na putu. Zahvaljujem se Gradu Prijedoru i predsjedniku na\u0161eg Udru\u017eenja Rami Sale\u0161evi\u0107u\u201d, istakla je D\u017eenanovi\u0107eva.<\/p>\n<p>Iz prijedorskog Udru\u017eenja Roma isti\u010du da ovakve aktivnosti imaju za cilj ne samo pru\u017eanje konkretne pomo\u0107i, ve\u0107 i podizanje svijesti o polo\u017eaju romske populacije u dru\u0161tvu.<\/p>\n<p><a href=\"https:\/\/www.prijedordanas.com\/wp-content\/uploads\/2026\/04\/kozarski-paketi-povodom-svjetskog-dana-roma-2.jpg\"><img loading=\"lazy\" decoding=\"async\" src=\"https:\/\/www.prijedordanas.com\/wp-content\/uploads\/2026\/04\/kozarski-paketi-povodom-svjetskog-dana-roma-2-300x169.jpg\" alt=\"\" width=\"300\" height=\"169\" class=\"alignleft size-medium wp-image-266751\" srcset=\"https:\/\/www.prijedordanas.com\/wp-content\/uploads\/2026\/04\/kozarski-paketi-povodom-svjetskog-dana-roma-2-300x169.jpg 300w, https:\/\/www.prijedordanas.com\/wp-content\/uploads\/2026\/04\/kozarski-paketi-povodom-svjetskog-dana-roma-2.jpg 600w\" sizes=\"(max-width: 300px) 100vw, 300px\" \/><\/a>Posebno isti\u010du da im zna\u010dajnu podr\u0161ku u radu pru\u017ea Gradska uprava Prijedor i nadle\u017eno odjeljenje, \u0161to im omogu\u0107ava kontinuitet u realizaciji sli\u010dnih akcija.<\/p>\n<p>\u201cImamo dobru saradnju sa Gradskom upravom Prijedor i Ministarstvom za ljudska prava i izbjeglice BiH. Nama je zna\u010dajno \u0161to Gradska uprava razumije i rje\u0161ava probleme Roma shodno svojim mogu\u0107nostima\u201d, rekao je Ramo Sale\u0161evi\u0107, predsjednik Udru\u017eenja Roma Prijedor.<\/p>\n<p>Na podru\u010dju Prijedora \u017eivi oko 700 pripadnika romske populacije.<\/p>\n<p>Iz Udru\u017eenja Roma poru\u010duju da \u0107e i u narednom periodu nastaviti sa aktivnostima usmjerenim na unapre\u0111enje kvaliteta \u017eivota romskih porodica.<\/p>\n<p><a href=\"https:\/\/kozarski.com\/paketi-pomoci-povodom-svjetskog-dana-roma\/\" target=\"_blank\" rel=\"noopener\">kozarski.com<\/a><\/p>\n<p><a href=\"https:\/\/www.prijedordanas.com\/wp-content\/uploads\/2026\/04\/kozarski-paketi-povodom-svjetskog-dana-roma-3.jpg\"><img loading=\"lazy\" decoding=\"async\" src=\"https:\/\/www.prijedordanas.com\/wp-content\/uploads\/2026\/04\/kozarski-paketi-povodom-svjetskog-dana-roma-3-300x225.jpg\" alt=\"\" width=\"300\" height=\"225\" class=\"alignleft size-medium wp-image-266752\" srcset=\"https:\/\/www.prijedordanas.com\/wp-content\/uploads\/2026\/04\/kozarski-paketi-povodom-svjetskog-dana-roma-3-300x225.jpg 300w, https:\/\/www.prijedordanas.com\/wp-content\/uploads\/2026\/04\/kozarski-paketi-povodom-svjetskog-dana-roma-3-640x480.jpg 640w, https:\/\/www.prijedordanas.com\/wp-content\/uploads\/2026\/04\/kozarski-paketi-povodom-svjetskog-dana-roma-3.jpg 667w\" sizes=\"(max-width: 300px) 100vw, 300px\" \/><\/a><\/p>\n","protected":false},"excerpt":{"rendered":"<p>Povodom 8. aprila \u2013 Svjetskog dana Roma uru\u010deni su paketi sa prehrambenim namirnicama za dvije vi\u0161e\u010dlane porodice. Zahvalna na pomo\u0107i je Mirsada D\u017eenanovi\u0107. \u201cNama ovaj paket mnogo zna\u010di. Suprug i [&hellip;]<\/p>\n","protected":false},"author":1,"featured_media":0,"comment_status":"closed","ping_status":"open","sticky":false,"template":"","format":"standard","meta":{"_monsterinsights_skip_tracking":false,"_monsterinsights_sitenote_active":false,"_monsterinsights_sitenote_note":"","_monsterinsights_sitenote_category":0,"footnotes":""},"categories":[8],"tags":[],"yoast_head":"<!-- This site is optimized with the Yoast SEO plugin v21.6 - https:\/\/yoast.com\/wordpress\/plugins\/seo\/ -->\n<title>Paketi pomo\u0107i povodom Svjetskog dana Roma - PrijedorDanas.com - Prijedorski gradski portal<\/title>\n<meta name=\"robots\" content=\"index, follow, max-snippet:-1, max-image-preview:large, max-video-preview:-1\" \/>\n<link rel=\"canonical\" href=\"https:\/\/www.prijedordanas.com\/?p=266749\" \/>\n<meta property=\"og:locale\" content=\"en_US\" \/>\n<meta property=\"og:type\" content=\"article\" \/>\n<meta property=\"og:title\" content=\"Paketi pomo\u0107i povodom Svjetskog dana Roma - PrijedorDanas.com - Prijedorski gradski portal\" \/>\n<meta property=\"og:description\" content=\"Povodom 8. aprila \u2013 Svjetskog dana Roma uru\u010deni su paketi sa prehrambenim namirnicama za dvije vi\u0161e\u010dlane porodice. Zahvalna na pomo\u0107i je Mirsada D\u017eenanovi\u0107. \u201cNama ovaj paket mnogo zna\u010di. Suprug i [&hellip;]\" \/>\n<meta property=\"og:url\" content=\"https:\/\/www.prijedordanas.com\/?p=266749\" \/>\n<meta property=\"og:site_name\" content=\"PrijedorDanas.com - Prijedorski gradski portal\" \/>\n<meta property=\"article:publisher\" content=\"https:\/\/www.facebook.com\/PrijedorDanasCom\/\" \/>\n<meta property=\"article:published_time\" content=\"2026-04-08T10:35:18+00:00\" \/>\n<meta property=\"og:image\" content=\"https:\/\/www.prijedordanas.com\/wp-content\/uploads\/2026\/04\/kozarski-paketi-povodom-svjetskog-dana-roma-1-300x225.jpg\" \/>\n<meta name=\"author\" content=\"admin\" \/>\n<meta name=\"twitter:card\" content=\"summary_large_image\" \/>\n<meta name=\"twitter:label1\" content=\"Written by\" \/>\n\t<meta name=\"twitter:data1\" content=\"admin\" \/>\n\t<meta name=\"twitter:label2\" content=\"Est. reading time\" \/>\n\t<meta name=\"twitter:data2\" content=\"1 minute\" \/>\n<script type=\"application\/ld+json\" class=\"yoast-schema-graph\">{\"@context\":\"https:\/\/schema.org\",\"@graph\":[{\"@type\":\"Article\",\"@id\":\"https:\/\/www.prijedordanas.com\/?p=266749#article\",\"isPartOf\":{\"@id\":\"https:\/\/www.prijedordanas.com\/?p=266749\"},\"author\":{\"name\":\"admin\",\"@id\":\"https:\/\/www.prijedordanas.com\/#\/schema\/person\/4e08ccf29b506ca916ff86d46bb700e6\"},\"headline\":\"Paketi pomo\u0107i povodom Svjetskog dana Roma\",\"datePublished\":\"2026-04-08T10:35:18+00:00\",\"dateModified\":\"2026-04-08T10:35:18+00:00\",\"mainEntityOfPage\":{\"@id\":\"https:\/\/www.prijedordanas.com\/?p=266749\"},\"wordCount\":209,\"publisher\":{\"@id\":\"https:\/\/www.prijedordanas.com\/#organization\"},\"articleSection\":[\"Svakodnevno\"],\"inLanguage\":\"en-US\"},{\"@type\":\"WebPage\",\"@id\":\"https:\/\/www.prijedordanas.com\/?p=266749\",\"url\":\"https:\/\/www.prijedordanas.com\/?p=266749\",\"name\":\"Paketi pomo\u0107i povodom Svjetskog dana Roma - PrijedorDanas.com - Prijedorski gradski portal\",\"isPartOf\":{\"@id\":\"https:\/\/www.prijedordanas.com\/#website\"},\"datePublished\":\"2026-04-08T10:35:18+00:00\",\"dateModified\":\"2026-04-08T10:35:18+00:00\",\"breadcrumb\":{\"@id\":\"https:\/\/www.prijedordanas.com\/?p=266749#breadcrumb\"},\"inLanguage\":\"en-US\",\"potentialAction\":[{\"@type\":\"ReadAction\",\"target\":[\"https:\/\/www.prijedordanas.com\/?p=266749\"]}]},{\"@type\":\"BreadcrumbList\",\"@id\":\"https:\/\/www.prijedordanas.com\/?p=266749#breadcrumb\",\"itemListElement\":[{\"@type\":\"ListItem\",\"position\":1,\"name\":\"Home\",\"item\":\"https:\/\/www.prijedordanas.com\/\"},{\"@type\":\"ListItem\",\"position\":2,\"name\":\"Paketi pomo\u0107i povodom Svjetskog dana Roma\"}]},{\"@type\":\"WebSite\",\"@id\":\"https:\/\/www.prijedordanas.com\/#website\",\"url\":\"https:\/\/www.prijedordanas.com\/\",\"name\":\"PrijedorDanas.com - Prijedorski gradski portal\",\"description\":\"Portal o doga\u0111anjima u gradu Prijedoru\",\"publisher\":{\"@id\":\"https:\/\/www.prijedordanas.com\/#organization\"},\"potentialAction\":[{\"@type\":\"SearchAction\",\"target\":{\"@type\":\"EntryPoint\",\"urlTemplate\":\"https:\/\/www.prijedordanas.com\/?s={search_term_string}\"},\"query-input\":\"required name=search_term_string\"}],\"inLanguage\":\"en-US\"},{\"@type\":\"Organization\",\"@id\":\"https:\/\/www.prijedordanas.com\/#organization\",\"name\":\"PrijedorDanas.com\",\"url\":\"https:\/\/www.prijedordanas.com\/\",\"logo\":{\"@type\":\"ImageObject\",\"inLanguage\":\"en-US\",\"@id\":\"https:\/\/www.prijedordanas.com\/#\/schema\/logo\/image\/\",\"url\":\"http:\/\/www.prijedordanas.com\/wp-content\/uploads\/2021\/12\/logopng.png\",\"contentUrl\":\"http:\/\/www.prijedordanas.com\/wp-content\/uploads\/2021\/12\/logopng.png\",\"width\":1019,\"height\":776,\"caption\":\"PrijedorDanas.com\"},\"image\":{\"@id\":\"https:\/\/www.prijedordanas.com\/#\/schema\/logo\/image\/\"},\"sameAs\":[\"https:\/\/www.facebook.com\/PrijedorDanasCom\/\"]},{\"@type\":\"Person\",\"@id\":\"https:\/\/www.prijedordanas.com\/#\/schema\/person\/4e08ccf29b506ca916ff86d46bb700e6\",\"name\":\"admin\",\"image\":{\"@type\":\"ImageObject\",\"inLanguage\":\"en-US\",\"@id\":\"https:\/\/www.prijedordanas.com\/#\/schema\/person\/image\/\",\"url\":\"https:\/\/secure.gravatar.com\/avatar\/1d3fc949d550f0b53a5f0d51e06dfd79?s=96&d=mm&r=g\",\"contentUrl\":\"https:\/\/secure.gravatar.com\/avatar\/1d3fc949d550f0b53a5f0d51e06dfd79?s=96&d=mm&r=g\",\"caption\":\"admin\"},\"url\":\"https:\/\/www.prijedordanas.com\/?author=1\"}]}<\/script>\n<!-- \/ Yoast SEO plugin. -->","yoast_head_json":{"title":"Paketi pomo\u0107i povodom Svjetskog dana Roma - PrijedorDanas.com - Prijedorski gradski portal","robots":{"index":"index","follow":"follow","max-snippet":"max-snippet:-1","max-image-preview":"max-image-preview:large","max-video-preview":"max-video-preview:-1"},"canonical":"https:\/\/www.prijedordanas.com\/?p=266749","og_locale":"en_US","og_type":"article","og_title":"Paketi pomo\u0107i povodom Svjetskog dana Roma - PrijedorDanas.com - Prijedorski gradski portal","og_description":"Povodom 8. aprila \u2013 Svjetskog dana Roma uru\u010deni su paketi sa prehrambenim namirnicama za dvije vi\u0161e\u010dlane porodice. Zahvalna na pomo\u0107i je Mirsada D\u017eenanovi\u0107. \u201cNama ovaj paket mnogo zna\u010di. Suprug i [&hellip;]","og_url":"https:\/\/www.prijedordanas.com\/?p=266749","og_site_name":"PrijedorDanas.com - Prijedorski gradski portal","article_publisher":"https:\/\/www.facebook.com\/PrijedorDanasCom\/","article_published_time":"2026-04-08T10:35:18+00:00","og_image":[{"url":"https:\/\/www.prijedordanas.com\/wp-content\/uploads\/2026\/04\/kozarski-paketi-povodom-svjetskog-dana-roma-1-300x225.jpg"}],"author":"admin","twitter_card":"summary_large_image","twitter_misc":{"Written by":"admin","Est. reading time":"1 minute"},"schema":{"@context":"https:\/\/schema.org","@graph":[{"@type":"Article","@id":"https:\/\/www.prijedordanas.com\/?p=266749#article","isPartOf":{"@id":"https:\/\/www.prijedordanas.com\/?p=266749"},"author":{"name":"admin","@id":"https:\/\/www.prijedordanas.com\/#\/schema\/person\/4e08ccf29b506ca916ff86d46bb700e6"},"headline":"Paketi pomo\u0107i povodom Svjetskog dana Roma","datePublished":"2026-04-08T10:35:18+00:00","dateModified":"2026-04-08T10:35:18+00:00","mainEntityOfPage":{"@id":"https:\/\/www.prijedordanas.com\/?p=266749"},"wordCount":209,"publisher":{"@id":"https:\/\/www.prijedordanas.com\/#organization"},"articleSection":["Svakodnevno"],"inLanguage":"en-US"},{"@type":"WebPage","@id":"https:\/\/www.prijedordanas.com\/?p=266749","url":"https:\/\/www.prijedordanas.com\/?p=266749","name":"Paketi pomo\u0107i povodom Svjetskog dana Roma - PrijedorDanas.com - Prijedorski gradski portal","isPartOf":{"@id":"https:\/\/www.prijedordanas.com\/#website"},"datePublished":"2026-04-08T10:35:18+00:00","dateModified":"2026-04-08T10:35:18+00:00","breadcrumb":{"@id":"https:\/\/www.prijedordanas.com\/?p=266749#breadcrumb"},"inLanguage":"en-US","potentialAction":[{"@type":"ReadAction","target":["https:\/\/www.prijedordanas.com\/?p=266749"]}]},{"@type":"BreadcrumbList","@id":"https:\/\/www.prijedordanas.com\/?p=266749#breadcrumb","itemListElement":[{"@type":"ListItem","position":1,"name":"Home","item":"https:\/\/www.prijedordanas.com\/"},{"@type":"ListItem","position":2,"name":"Paketi pomo\u0107i povodom Svjetskog dana Roma"}]},{"@type":"WebSite","@id":"https:\/\/www.prijedordanas.com\/#website","url":"https:\/\/www.prijedordanas.com\/","name":"PrijedorDanas.com - Prijedorski gradski portal","description":"Portal o doga\u0111anjima u gradu Prijedoru","publisher":{"@id":"https:\/\/www.prijedordanas.com\/#organization"},"potentialAction":[{"@type":"SearchAction","target":{"@type":"EntryPoint","urlTemplate":"https:\/\/www.prijedordanas.com\/?s={search_term_string}"},"query-input":"required name=search_term_string"}],"inLanguage":"en-US"},{"@type":"Organization","@id":"https:\/\/www.prijedordanas.com\/#organization","name":"PrijedorDanas.com","url":"https:\/\/www.prijedordanas.com\/","logo":{"@type":"ImageObject","inLanguage":"en-US","@id":"https:\/\/www.prijedordanas.com\/#\/schema\/logo\/image\/","url":"http:\/\/www.prijedordanas.com\/wp-content\/uploads\/2021\/12\/logopng.png","contentUrl":"http:\/\/www.prijedordanas.com\/wp-content\/uploads\/2021\/12\/logopng.png","width":1019,"height":776,"caption":"PrijedorDanas.com"},"image":{"@id":"https:\/\/www.prijedordanas.com\/#\/schema\/logo\/image\/"},"sameAs":["https:\/\/www.facebook.com\/PrijedorDanasCom\/"]},{"@type":"Person","@id":"https:\/\/www.prijedordanas.com\/#\/schema\/person\/4e08ccf29b506ca916ff86d46bb700e6","name":"admin","image":{"@type":"ImageObject","inLanguage":"en-US","@id":"https:\/\/www.prijedordanas.com\/#\/schema\/person\/image\/","url":"https:\/\/secure.gravatar.com\/avatar\/1d3fc949d550f0b53a5f0d51e06dfd79?s=96&d=mm&r=g","contentUrl":"https:\/\/secure.gravatar.com\/avatar\/1d3fc949d550f0b53a5f0d51e06dfd79?s=96&d=mm&r=g","caption":"admin"},"url":"https:\/\/www.prijedordanas.com\/?author=1"}]}},"_links":{"self":[{"href":"https:\/\/www.prijedordanas.com\/index.php?rest_route=\/wp\/v2\/posts\/266749"}],"collection":[{"href":"https:\/\/www.prijedordanas.com\/index.php?rest_route=\/wp\/v2\/posts"}],"about":[{"href":"https:\/\/www.prijedordanas.com\/index.php?rest_route=\/wp\/v2\/types\/post"}],"author":[{"embeddable":true,"href":"https:\/\/www.prijedordanas.com\/index.php?rest_route=\/wp\/v2\/users\/1"}],"replies":[{"embeddable":true,"href":"https:\/\/www.prijedordanas.com\/index.php?rest_route=%2Fwp%2Fv2%2Fcomments&post=266749"}],"version-history":[{"count":1,"href":"https:\/\/www.prijedordanas.com\/index.php?rest_route=\/wp\/v2\/posts\/266749\/revisions"}],"predecessor-version":[{"id":266753,"href":"https:\/\/www.prijedordanas.com\/index.php?rest_route=\/wp\/v2\/posts\/266749\/revisions\/266753"}],"wp:attachment":[{"href":"https:\/\/www.prijedordanas.com\/index.php?rest_route=%2Fwp%2Fv2%2Fmedia&parent=266749"}],"wp:term":[{"taxonomy":"category","embeddable":true,"href":"https:\/\/www.prijedordanas.com\/index.php?rest_route=%2Fwp%2Fv2%2Fcategories&post=266749"},{"taxonomy":"post_tag","embeddable":true,"href":"https:\/\/www.prijedordanas.com\/index.php?rest_route=%2Fwp%2Fv2%2Ftags&post=266749"}],"curies":[{"name":"wp","href":"https:\/\/api.w.org\/{rel}","templated":true}]}}