{"id":266670,"date":"2026-04-07T18:57:02","date_gmt":"2026-04-07T16:57:02","guid":{"rendered":"https:\/\/www.prijedordanas.com\/?p=266670"},"modified":"2026-04-07T18:57:02","modified_gmt":"2026-04-07T16:57:02","slug":"bolnica-dr-mladen-stojanovic-prijedor-dva-od-tri-sindikata-izrazila-nezadovoljstvo-platama-video","status":"publish","type":"post","link":"https:\/\/www.prijedordanas.com\/?p=266670","title":{"rendered":"Bolnica &#8220;Dr Mladen Stojanovic\u0301&#8221; Prijedor: Dva od tri sindikata izrazila nezadovoljstvo platama &#8211; VIDEO"},"content":{"rendered":"<p><a href=\"https:\/\/www.prijedordanas.com\/wp-content\/uploads\/2026\/04\/bolnica-prijedor-sindikati-okupljanje-povecanje-plate-1.jpg\"><img loading=\"lazy\" decoding=\"async\" class=\"alignleft size-medium wp-image-266671\" src=\"https:\/\/www.prijedordanas.com\/wp-content\/uploads\/2026\/04\/bolnica-prijedor-sindikati-okupljanje-povecanje-plate-1-300x225.jpg\" alt=\"\" width=\"300\" height=\"225\" srcset=\"https:\/\/www.prijedordanas.com\/wp-content\/uploads\/2026\/04\/bolnica-prijedor-sindikati-okupljanje-povecanje-plate-1-300x225.jpg 300w, https:\/\/www.prijedordanas.com\/wp-content\/uploads\/2026\/04\/bolnica-prijedor-sindikati-okupljanje-povecanje-plate-1-640x480.jpg 640w, https:\/\/www.prijedordanas.com\/wp-content\/uploads\/2026\/04\/bolnica-prijedor-sindikati-okupljanje-povecanje-plate-1.jpg 667w\" sizes=\"(max-width: 300px) 100vw, 300px\" \/><\/a>Predstavnici dva od tri sindikata koji djeluju u Bolnici &#8220;Dr Mladen Stojanovic\u0301&#8221; u Prijedoru organizovali su danas okupljanje i \u0161etnju da izraze nezadovoljstvo platama.<\/p>\n<p>Predsjednik Strukovnog sindikata medicinskih sestara i tehni\u010dara prijedorske bolnice Ivana Davidovic\u0301 izrazila je nezadovoljstvo povec\u0301anjem plata od pet odsto.<\/p>\n<p>&#8220;Sindikat je taj koji je tra\u017eio minimalno 20 posto povec\u0301anje za sve zaposlene&#8221;, rekla je Davidovic\u0301eva novinarima u Prijedoru.<\/p>\n<p>Slobodan \u0160ormaz iz Strukovnog sindikata doktora medicine Republike Srpske smatra da temu povec\u0301anja treba vratiti za pregovara\u010dke stolove izme\u0111u Vlade Srpske i reprezentativnih sindikata u oblasti zdravstva.<\/p>\n<p><a href=\"https:\/\/www.prijedordanas.com\/wp-content\/uploads\/2026\/04\/bolnica-prijedor-sindikati-okupljanje-povecanje-plate-2.jpg\"><img loading=\"lazy\" decoding=\"async\" src=\"https:\/\/www.prijedordanas.com\/wp-content\/uploads\/2026\/04\/bolnica-prijedor-sindikati-okupljanje-povecanje-plate-2-300x225.jpg\" alt=\"\" width=\"300\" height=\"225\" class=\"alignleft size-medium wp-image-266672\" srcset=\"https:\/\/www.prijedordanas.com\/wp-content\/uploads\/2026\/04\/bolnica-prijedor-sindikati-okupljanje-povecanje-plate-2-300x225.jpg 300w, https:\/\/www.prijedordanas.com\/wp-content\/uploads\/2026\/04\/bolnica-prijedor-sindikati-okupljanje-povecanje-plate-2-640x480.jpg 640w, https:\/\/www.prijedordanas.com\/wp-content\/uploads\/2026\/04\/bolnica-prijedor-sindikati-okupljanje-povecanje-plate-2.jpg 667w\" sizes=\"(max-width: 300px) 100vw, 300px\" \/><\/a>On je rekao da Bolnica ima 550 radnika, da u njoj djeluje i trec\u0301i sindikat, odnosno Sindikat zdravstva i socijalne za\u0161tite Republike Srpske i da ne zna podatak koliko radnika je u kojem od ova tri sindikata.<\/p>\n<p>Predstavnici granskog sindikata nisu u\u010destvovali u organizovanju dana\u0161njeg doga\u0111aja, niti su se obrac\u0301ali skupu i medijima.<\/p>\n<p>Vr\u0161ilac du\u017enosti direktora Bolnice Miroslav Bijelic\u0301 pozdravio je odluku Vlade Republike Srpske o povec\u0301anju plata zdravstvenim radnicima i podsjetio na pro\u0161logodi\u0161nje povec\u0301anje plata u ovom sektoru i na aktuelni dodatak koji je uveden i uz koji je sada\u0161nje povec\u0301anje plata za pojedine radnike uvec\u0301ano za 20 odsto.<\/p>\n<p>&#8220;Odluka Vlade Republike Srpske gdje se utvr\u0111uje iznos koji je u bruto iznosu 410 KM, neto 250 KM za 2026. godinu, podrazumijeva da c\u0301e se taj dodatak u narednom periodu usagla\u0161avati, da c\u0301e biti povec\u0301avan u zavisnosti od odre\u0111enih parametara koji se prate&#8221;, rekao je Bijelic\u0301. On smatra da je Vlada Republike Srpske tra\u017eila modalitet za povec\u0301anje plata u zdravstvu, uva\u017eavajuc\u0301i stanje u drugim oblastima, a da se posebno uva\u017ee medicinski radnici.<\/p>\n<p>&#8220;Zna\u010dajni su svi radnici, ali da bi se smanjio odlazak zdravstvenih radnika, gdje postoji deficit, treba da se uvede taj zdravstveni dodatak i smanji potencijalni odlazak&#8221;, dodao je Bijelic\u0301.<\/p>\n<p>SRNA<\/p>\n<p><iframe loading=\"lazy\" title=\"SINDIKALCI IZ PRIJEDORSKE BOLNICE NEZADOVOLJNI POVE\u0106ANJEM OD 5 ODSTO\" width=\"500\" height=\"281\" src=\"https:\/\/www.youtube.com\/embed\/HFelW5tsT5M?feature=oembed\" frameborder=\"0\" allow=\"accelerometer; autoplay; clipboard-write; encrypted-media; gyroscope; picture-in-picture; web-share\" referrerpolicy=\"strict-origin-when-cross-origin\" allowfullscreen><\/iframe><\/p>\n","protected":false},"excerpt":{"rendered":"<p>Predstavnici dva od tri sindikata koji djeluju u Bolnici &#8220;Dr Mladen Stojanovic\u0301&#8221; u Prijedoru organizovali su danas okupljanje i \u0161etnju da izraze nezadovoljstvo platama. Predsjednik Strukovnog sindikata medicinskih sestara i [&hellip;]<\/p>\n","protected":false},"author":1,"featured_media":0,"comment_status":"closed","ping_status":"open","sticky":false,"template":"","format":"standard","meta":{"_monsterinsights_skip_tracking":false,"_monsterinsights_sitenote_active":false,"_monsterinsights_sitenote_note":"","_monsterinsights_sitenote_category":0,"footnotes":""},"categories":[4],"tags":[],"yoast_head":"<!-- This site is optimized with the Yoast SEO plugin v21.6 - https:\/\/yoast.com\/wordpress\/plugins\/seo\/ -->\n<title>Bolnica &quot;Dr Mladen Stojanovic\u0301&quot; Prijedor: Dva od tri sindikata izrazila nezadovoljstvo platama - VIDEO - PrijedorDanas.com - Prijedorski gradski portal<\/title>\n<meta name=\"robots\" content=\"index, follow, max-snippet:-1, max-image-preview:large, max-video-preview:-1\" \/>\n<link rel=\"canonical\" href=\"https:\/\/www.prijedordanas.com\/?p=266670\" \/>\n<meta property=\"og:locale\" content=\"en_US\" \/>\n<meta property=\"og:type\" content=\"article\" \/>\n<meta property=\"og:title\" content=\"Bolnica &quot;Dr Mladen Stojanovic\u0301&quot; Prijedor: Dva od tri sindikata izrazila nezadovoljstvo platama - VIDEO - PrijedorDanas.com - Prijedorski gradski portal\" \/>\n<meta property=\"og:description\" content=\"Predstavnici dva od tri sindikata koji djeluju u Bolnici &#8220;Dr Mladen Stojanovic\u0301&#8221; u Prijedoru organizovali su danas okupljanje i \u0161etnju da izraze nezadovoljstvo platama. Predsjednik Strukovnog sindikata medicinskih sestara i [&hellip;]\" \/>\n<meta property=\"og:url\" content=\"https:\/\/www.prijedordanas.com\/?p=266670\" \/>\n<meta property=\"og:site_name\" content=\"PrijedorDanas.com - Prijedorski gradski portal\" \/>\n<meta property=\"article:publisher\" content=\"https:\/\/www.facebook.com\/PrijedorDanasCom\/\" \/>\n<meta property=\"article:published_time\" content=\"2026-04-07T16:57:02+00:00\" \/>\n<meta property=\"og:image\" content=\"https:\/\/www.prijedordanas.com\/wp-content\/uploads\/2026\/04\/bolnica-prijedor-sindikati-okupljanje-povecanje-plate-1-300x225.jpg\" \/>\n<meta name=\"author\" content=\"admin\" \/>\n<meta name=\"twitter:card\" content=\"summary_large_image\" \/>\n<meta name=\"twitter:label1\" content=\"Written by\" \/>\n\t<meta name=\"twitter:data1\" content=\"admin\" \/>\n\t<meta name=\"twitter:label2\" content=\"Est. reading time\" \/>\n\t<meta name=\"twitter:data2\" content=\"2 minutes\" \/>\n<script type=\"application\/ld+json\" class=\"yoast-schema-graph\">{\"@context\":\"https:\/\/schema.org\",\"@graph\":[{\"@type\":\"Article\",\"@id\":\"https:\/\/www.prijedordanas.com\/?p=266670#article\",\"isPartOf\":{\"@id\":\"https:\/\/www.prijedordanas.com\/?p=266670\"},\"author\":{\"name\":\"admin\",\"@id\":\"https:\/\/www.prijedordanas.com\/#\/schema\/person\/4e08ccf29b506ca916ff86d46bb700e6\"},\"headline\":\"Bolnica &#8220;Dr Mladen Stojanovic\u0301&#8221; Prijedor: Dva od tri sindikata izrazila nezadovoljstvo platama &#8211; VIDEO\",\"datePublished\":\"2026-04-07T16:57:02+00:00\",\"dateModified\":\"2026-04-07T16:57:02+00:00\",\"mainEntityOfPage\":{\"@id\":\"https:\/\/www.prijedordanas.com\/?p=266670\"},\"wordCount\":343,\"publisher\":{\"@id\":\"https:\/\/www.prijedordanas.com\/#organization\"},\"articleSection\":[\"Dru\u0161tvo\"],\"inLanguage\":\"en-US\"},{\"@type\":\"WebPage\",\"@id\":\"https:\/\/www.prijedordanas.com\/?p=266670\",\"url\":\"https:\/\/www.prijedordanas.com\/?p=266670\",\"name\":\"Bolnica \\\"Dr Mladen Stojanovic\u0301\\\" Prijedor: Dva od tri sindikata izrazila nezadovoljstvo platama - VIDEO - PrijedorDanas.com - Prijedorski gradski portal\",\"isPartOf\":{\"@id\":\"https:\/\/www.prijedordanas.com\/#website\"},\"datePublished\":\"2026-04-07T16:57:02+00:00\",\"dateModified\":\"2026-04-07T16:57:02+00:00\",\"breadcrumb\":{\"@id\":\"https:\/\/www.prijedordanas.com\/?p=266670#breadcrumb\"},\"inLanguage\":\"en-US\",\"potentialAction\":[{\"@type\":\"ReadAction\",\"target\":[\"https:\/\/www.prijedordanas.com\/?p=266670\"]}]},{\"@type\":\"BreadcrumbList\",\"@id\":\"https:\/\/www.prijedordanas.com\/?p=266670#breadcrumb\",\"itemListElement\":[{\"@type\":\"ListItem\",\"position\":1,\"name\":\"Home\",\"item\":\"https:\/\/www.prijedordanas.com\/\"},{\"@type\":\"ListItem\",\"position\":2,\"name\":\"Bolnica &#8220;Dr Mladen Stojanovic\u0301&#8221; Prijedor: Dva od tri sindikata izrazila nezadovoljstvo platama &#8211; VIDEO\"}]},{\"@type\":\"WebSite\",\"@id\":\"https:\/\/www.prijedordanas.com\/#website\",\"url\":\"https:\/\/www.prijedordanas.com\/\",\"name\":\"PrijedorDanas.com - Prijedorski gradski portal\",\"description\":\"Portal o doga\u0111anjima u gradu Prijedoru\",\"publisher\":{\"@id\":\"https:\/\/www.prijedordanas.com\/#organization\"},\"potentialAction\":[{\"@type\":\"SearchAction\",\"target\":{\"@type\":\"EntryPoint\",\"urlTemplate\":\"https:\/\/www.prijedordanas.com\/?s={search_term_string}\"},\"query-input\":\"required name=search_term_string\"}],\"inLanguage\":\"en-US\"},{\"@type\":\"Organization\",\"@id\":\"https:\/\/www.prijedordanas.com\/#organization\",\"name\":\"PrijedorDanas.com\",\"url\":\"https:\/\/www.prijedordanas.com\/\",\"logo\":{\"@type\":\"ImageObject\",\"inLanguage\":\"en-US\",\"@id\":\"https:\/\/www.prijedordanas.com\/#\/schema\/logo\/image\/\",\"url\":\"http:\/\/www.prijedordanas.com\/wp-content\/uploads\/2021\/12\/logopng.png\",\"contentUrl\":\"http:\/\/www.prijedordanas.com\/wp-content\/uploads\/2021\/12\/logopng.png\",\"width\":1019,\"height\":776,\"caption\":\"PrijedorDanas.com\"},\"image\":{\"@id\":\"https:\/\/www.prijedordanas.com\/#\/schema\/logo\/image\/\"},\"sameAs\":[\"https:\/\/www.facebook.com\/PrijedorDanasCom\/\"]},{\"@type\":\"Person\",\"@id\":\"https:\/\/www.prijedordanas.com\/#\/schema\/person\/4e08ccf29b506ca916ff86d46bb700e6\",\"name\":\"admin\",\"image\":{\"@type\":\"ImageObject\",\"inLanguage\":\"en-US\",\"@id\":\"https:\/\/www.prijedordanas.com\/#\/schema\/person\/image\/\",\"url\":\"https:\/\/secure.gravatar.com\/avatar\/1d3fc949d550f0b53a5f0d51e06dfd79?s=96&d=mm&r=g\",\"contentUrl\":\"https:\/\/secure.gravatar.com\/avatar\/1d3fc949d550f0b53a5f0d51e06dfd79?s=96&d=mm&r=g\",\"caption\":\"admin\"},\"url\":\"https:\/\/www.prijedordanas.com\/?author=1\"}]}<\/script>\n<!-- \/ Yoast SEO plugin. -->","yoast_head_json":{"title":"Bolnica \"Dr Mladen Stojanovic\u0301\" Prijedor: Dva od tri sindikata izrazila nezadovoljstvo platama - VIDEO - PrijedorDanas.com - Prijedorski gradski portal","robots":{"index":"index","follow":"follow","max-snippet":"max-snippet:-1","max-image-preview":"max-image-preview:large","max-video-preview":"max-video-preview:-1"},"canonical":"https:\/\/www.prijedordanas.com\/?p=266670","og_locale":"en_US","og_type":"article","og_title":"Bolnica \"Dr Mladen Stojanovic\u0301\" Prijedor: Dva od tri sindikata izrazila nezadovoljstvo platama - VIDEO - PrijedorDanas.com - Prijedorski gradski portal","og_description":"Predstavnici dva od tri sindikata koji djeluju u Bolnici &#8220;Dr Mladen Stojanovic\u0301&#8221; u Prijedoru organizovali su danas okupljanje i \u0161etnju da izraze nezadovoljstvo platama. Predsjednik Strukovnog sindikata medicinskih sestara i [&hellip;]","og_url":"https:\/\/www.prijedordanas.com\/?p=266670","og_site_name":"PrijedorDanas.com - Prijedorski gradski portal","article_publisher":"https:\/\/www.facebook.com\/PrijedorDanasCom\/","article_published_time":"2026-04-07T16:57:02+00:00","og_image":[{"url":"https:\/\/www.prijedordanas.com\/wp-content\/uploads\/2026\/04\/bolnica-prijedor-sindikati-okupljanje-povecanje-plate-1-300x225.jpg"}],"author":"admin","twitter_card":"summary_large_image","twitter_misc":{"Written by":"admin","Est. reading time":"2 minutes"},"schema":{"@context":"https:\/\/schema.org","@graph":[{"@type":"Article","@id":"https:\/\/www.prijedordanas.com\/?p=266670#article","isPartOf":{"@id":"https:\/\/www.prijedordanas.com\/?p=266670"},"author":{"name":"admin","@id":"https:\/\/www.prijedordanas.com\/#\/schema\/person\/4e08ccf29b506ca916ff86d46bb700e6"},"headline":"Bolnica &#8220;Dr Mladen Stojanovic\u0301&#8221; Prijedor: Dva od tri sindikata izrazila nezadovoljstvo platama &#8211; VIDEO","datePublished":"2026-04-07T16:57:02+00:00","dateModified":"2026-04-07T16:57:02+00:00","mainEntityOfPage":{"@id":"https:\/\/www.prijedordanas.com\/?p=266670"},"wordCount":343,"publisher":{"@id":"https:\/\/www.prijedordanas.com\/#organization"},"articleSection":["Dru\u0161tvo"],"inLanguage":"en-US"},{"@type":"WebPage","@id":"https:\/\/www.prijedordanas.com\/?p=266670","url":"https:\/\/www.prijedordanas.com\/?p=266670","name":"Bolnica \"Dr Mladen Stojanovic\u0301\" Prijedor: Dva od tri sindikata izrazila nezadovoljstvo platama - VIDEO - PrijedorDanas.com - Prijedorski gradski portal","isPartOf":{"@id":"https:\/\/www.prijedordanas.com\/#website"},"datePublished":"2026-04-07T16:57:02+00:00","dateModified":"2026-04-07T16:57:02+00:00","breadcrumb":{"@id":"https:\/\/www.prijedordanas.com\/?p=266670#breadcrumb"},"inLanguage":"en-US","potentialAction":[{"@type":"ReadAction","target":["https:\/\/www.prijedordanas.com\/?p=266670"]}]},{"@type":"BreadcrumbList","@id":"https:\/\/www.prijedordanas.com\/?p=266670#breadcrumb","itemListElement":[{"@type":"ListItem","position":1,"name":"Home","item":"https:\/\/www.prijedordanas.com\/"},{"@type":"ListItem","position":2,"name":"Bolnica &#8220;Dr Mladen Stojanovic\u0301&#8221; Prijedor: Dva od tri sindikata izrazila nezadovoljstvo platama &#8211; VIDEO"}]},{"@type":"WebSite","@id":"https:\/\/www.prijedordanas.com\/#website","url":"https:\/\/www.prijedordanas.com\/","name":"PrijedorDanas.com - Prijedorski gradski portal","description":"Portal o doga\u0111anjima u gradu Prijedoru","publisher":{"@id":"https:\/\/www.prijedordanas.com\/#organization"},"potentialAction":[{"@type":"SearchAction","target":{"@type":"EntryPoint","urlTemplate":"https:\/\/www.prijedordanas.com\/?s={search_term_string}"},"query-input":"required name=search_term_string"}],"inLanguage":"en-US"},{"@type":"Organization","@id":"https:\/\/www.prijedordanas.com\/#organization","name":"PrijedorDanas.com","url":"https:\/\/www.prijedordanas.com\/","logo":{"@type":"ImageObject","inLanguage":"en-US","@id":"https:\/\/www.prijedordanas.com\/#\/schema\/logo\/image\/","url":"http:\/\/www.prijedordanas.com\/wp-content\/uploads\/2021\/12\/logopng.png","contentUrl":"http:\/\/www.prijedordanas.com\/wp-content\/uploads\/2021\/12\/logopng.png","width":1019,"height":776,"caption":"PrijedorDanas.com"},"image":{"@id":"https:\/\/www.prijedordanas.com\/#\/schema\/logo\/image\/"},"sameAs":["https:\/\/www.facebook.com\/PrijedorDanasCom\/"]},{"@type":"Person","@id":"https:\/\/www.prijedordanas.com\/#\/schema\/person\/4e08ccf29b506ca916ff86d46bb700e6","name":"admin","image":{"@type":"ImageObject","inLanguage":"en-US","@id":"https:\/\/www.prijedordanas.com\/#\/schema\/person\/image\/","url":"https:\/\/secure.gravatar.com\/avatar\/1d3fc949d550f0b53a5f0d51e06dfd79?s=96&d=mm&r=g","contentUrl":"https:\/\/secure.gravatar.com\/avatar\/1d3fc949d550f0b53a5f0d51e06dfd79?s=96&d=mm&r=g","caption":"admin"},"url":"https:\/\/www.prijedordanas.com\/?author=1"}]}},"_links":{"self":[{"href":"https:\/\/www.prijedordanas.com\/index.php?rest_route=\/wp\/v2\/posts\/266670"}],"collection":[{"href":"https:\/\/www.prijedordanas.com\/index.php?rest_route=\/wp\/v2\/posts"}],"about":[{"href":"https:\/\/www.prijedordanas.com\/index.php?rest_route=\/wp\/v2\/types\/post"}],"author":[{"embeddable":true,"href":"https:\/\/www.prijedordanas.com\/index.php?rest_route=\/wp\/v2\/users\/1"}],"replies":[{"embeddable":true,"href":"https:\/\/www.prijedordanas.com\/index.php?rest_route=%2Fwp%2Fv2%2Fcomments&post=266670"}],"version-history":[{"count":1,"href":"https:\/\/www.prijedordanas.com\/index.php?rest_route=\/wp\/v2\/posts\/266670\/revisions"}],"predecessor-version":[{"id":266673,"href":"https:\/\/www.prijedordanas.com\/index.php?rest_route=\/wp\/v2\/posts\/266670\/revisions\/266673"}],"wp:attachment":[{"href":"https:\/\/www.prijedordanas.com\/index.php?rest_route=%2Fwp%2Fv2%2Fmedia&parent=266670"}],"wp:term":[{"taxonomy":"category","embeddable":true,"href":"https:\/\/www.prijedordanas.com\/index.php?rest_route=%2Fwp%2Fv2%2Fcategories&post=266670"},{"taxonomy":"post_tag","embeddable":true,"href":"https:\/\/www.prijedordanas.com\/index.php?rest_route=%2Fwp%2Fv2%2Ftags&post=266670"}],"curies":[{"name":"wp","href":"https:\/\/api.w.org\/{rel}","templated":true}]}}