{"id":266636,"date":"2026-04-07T13:28:36","date_gmt":"2026-04-07T11:28:36","guid":{"rendered":"https:\/\/www.prijedordanas.com\/?p=266636"},"modified":"2026-04-07T13:28:36","modified_gmt":"2026-04-07T11:28:36","slug":"mladi-atleticari-prijedora-uspjesni-u-bijeljini-osvojene-tri-bronzane-medalje","status":"publish","type":"post","link":"https:\/\/www.prijedordanas.com\/?p=266636","title":{"rendered":"Mladi atleti\u010dari &#8220;Prijedora&#8221; uspje\u0161ni u Bijeljini: Osvojene tri bronzane medalje"},"content":{"rendered":"<p><a href=\"https:\/\/www.prijedordanas.com\/wp-content\/uploads\/2026\/04\/ak-prijedor-takmicenje-bijeljina-april2026.jpg\"><img loading=\"lazy\" decoding=\"async\" src=\"https:\/\/www.prijedordanas.com\/wp-content\/uploads\/2026\/04\/ak-prijedor-takmicenje-bijeljina-april2026-300x225.jpg\" alt=\"\" width=\"300\" height=\"225\" class=\"alignleft size-medium wp-image-266637\" srcset=\"https:\/\/www.prijedordanas.com\/wp-content\/uploads\/2026\/04\/ak-prijedor-takmicenje-bijeljina-april2026-300x225.jpg 300w, https:\/\/www.prijedordanas.com\/wp-content\/uploads\/2026\/04\/ak-prijedor-takmicenje-bijeljina-april2026-640x480.jpg 640w, https:\/\/www.prijedordanas.com\/wp-content\/uploads\/2026\/04\/ak-prijedor-takmicenje-bijeljina-april2026.jpg 667w\" sizes=\"(max-width: 300px) 100vw, 300px\" \/><\/a>U Etno selo Stani\u0161i\u0107i kod Bijeljine odr\u017ean je jubilarni 5. Me\u0111unarodni atletski miting \u201eTrofej Bijeljine 2026\u201c, koji je okupio 433 takmi\u010dara iz Republike Srpske, Federacije BiH i Srbije. <\/p>\n<p>Ovaj sportski doga\u0111aj, u organizaciji Atletski klub \u201cAtletik\u201d  Bijeljina, jo\u0161 jednom je potvrdio zna\u010daj i popularnost atletike u regionu.<\/p>\n<p>Zapa\u017een nastup imali su \u010dlanovi Atletskog  kluba  Prijedor, koji su nastupili sa 24 takmi\u010dara uzrasta od \u0161est do 18 godina. <\/p>\n<p>Mladi atleti\u010dari iz Prijedora osvojili su tri bronzane medalje i ostvarili niz dobrih rezultata.<\/p>\n<p>Do medalja su stigli: Danilo Popovi\u0107 \u2013 100 metara, Vuk Majstorovi\u0107 \u2013 vortex, Mia Mijatovi\u0107 \u2013 60 metara. <\/p>\n<p>Dobar rezultat ostvario je i Vasilije Vujinovi\u0107, koji je u trci na 60 metara zauzeo peto mjesto, potvrdiv\u0161i svoj potencijal za naredna takmi\u010denja. <\/p>\n<p>Nakon uspje\u0161nog nastupa u Bijeljini, atleti\u010dare iz Prijedora o\u010dekuju pripreme za naredni izazov \u2013 uli\u010dne trke u Derventi, gdje \u0107e poku\u0161ati nastaviti niz dobrih rezultata.<\/p>\n<p><a href=\"https:\/\/kozarski.com\/mladi-atleticari-prijedora-uspjesni-u-bijeljini\/\" rel=\"noopener\" target=\"_blank\">kozarski.com<\/a><\/p>\n","protected":false},"excerpt":{"rendered":"<p>U Etno selo Stani\u0161i\u0107i kod Bijeljine odr\u017ean je jubilarni 5. Me\u0111unarodni atletski miting \u201eTrofej Bijeljine 2026\u201c, koji je okupio 433 takmi\u010dara iz Republike Srpske, Federacije BiH i Srbije. Ovaj sportski [&hellip;]<\/p>\n","protected":false},"author":1,"featured_media":0,"comment_status":"closed","ping_status":"open","sticky":false,"template":"","format":"standard","meta":{"_monsterinsights_skip_tracking":false,"_monsterinsights_sitenote_active":false,"_monsterinsights_sitenote_note":"","_monsterinsights_sitenote_category":0,"footnotes":""},"categories":[7],"tags":[],"yoast_head":"<!-- This site is optimized with the Yoast SEO plugin v21.6 - https:\/\/yoast.com\/wordpress\/plugins\/seo\/ -->\n<title>Mladi atleti\u010dari &quot;Prijedora&quot; uspje\u0161ni u Bijeljini: Osvojene tri bronzane medalje - PrijedorDanas.com - Prijedorski gradski portal<\/title>\n<meta name=\"robots\" content=\"index, follow, max-snippet:-1, max-image-preview:large, max-video-preview:-1\" \/>\n<link rel=\"canonical\" href=\"https:\/\/www.prijedordanas.com\/?p=266636\" \/>\n<meta property=\"og:locale\" content=\"en_US\" \/>\n<meta property=\"og:type\" content=\"article\" \/>\n<meta property=\"og:title\" content=\"Mladi atleti\u010dari &quot;Prijedora&quot; uspje\u0161ni u Bijeljini: Osvojene tri bronzane medalje - PrijedorDanas.com - Prijedorski gradski portal\" \/>\n<meta property=\"og:description\" content=\"U Etno selo Stani\u0161i\u0107i kod Bijeljine odr\u017ean je jubilarni 5. Me\u0111unarodni atletski miting \u201eTrofej Bijeljine 2026\u201c, koji je okupio 433 takmi\u010dara iz Republike Srpske, Federacije BiH i Srbije. Ovaj sportski [&hellip;]\" \/>\n<meta property=\"og:url\" content=\"https:\/\/www.prijedordanas.com\/?p=266636\" \/>\n<meta property=\"og:site_name\" content=\"PrijedorDanas.com - Prijedorski gradski portal\" \/>\n<meta property=\"article:publisher\" content=\"https:\/\/www.facebook.com\/PrijedorDanasCom\/\" \/>\n<meta property=\"article:published_time\" content=\"2026-04-07T11:28:36+00:00\" \/>\n<meta property=\"og:image\" content=\"https:\/\/www.prijedordanas.com\/wp-content\/uploads\/2026\/04\/ak-prijedor-takmicenje-bijeljina-april2026-300x225.jpg\" \/>\n<meta name=\"author\" content=\"admin\" \/>\n<meta name=\"twitter:card\" content=\"summary_large_image\" \/>\n<meta name=\"twitter:label1\" content=\"Written by\" \/>\n\t<meta name=\"twitter:data1\" content=\"admin\" \/>\n\t<meta name=\"twitter:label2\" content=\"Est. reading time\" \/>\n\t<meta name=\"twitter:data2\" content=\"1 minute\" \/>\n<script type=\"application\/ld+json\" class=\"yoast-schema-graph\">{\"@context\":\"https:\/\/schema.org\",\"@graph\":[{\"@type\":\"Article\",\"@id\":\"https:\/\/www.prijedordanas.com\/?p=266636#article\",\"isPartOf\":{\"@id\":\"https:\/\/www.prijedordanas.com\/?p=266636\"},\"author\":{\"name\":\"admin\",\"@id\":\"https:\/\/www.prijedordanas.com\/#\/schema\/person\/4e08ccf29b506ca916ff86d46bb700e6\"},\"headline\":\"Mladi atleti\u010dari &#8220;Prijedora&#8221; uspje\u0161ni u Bijeljini: Osvojene tri bronzane medalje\",\"datePublished\":\"2026-04-07T11:28:36+00:00\",\"dateModified\":\"2026-04-07T11:28:36+00:00\",\"mainEntityOfPage\":{\"@id\":\"https:\/\/www.prijedordanas.com\/?p=266636\"},\"wordCount\":166,\"publisher\":{\"@id\":\"https:\/\/www.prijedordanas.com\/#organization\"},\"articleSection\":[\"Sport\"],\"inLanguage\":\"en-US\"},{\"@type\":\"WebPage\",\"@id\":\"https:\/\/www.prijedordanas.com\/?p=266636\",\"url\":\"https:\/\/www.prijedordanas.com\/?p=266636\",\"name\":\"Mladi atleti\u010dari \\\"Prijedora\\\" uspje\u0161ni u Bijeljini: Osvojene tri bronzane medalje - PrijedorDanas.com - Prijedorski gradski portal\",\"isPartOf\":{\"@id\":\"https:\/\/www.prijedordanas.com\/#website\"},\"datePublished\":\"2026-04-07T11:28:36+00:00\",\"dateModified\":\"2026-04-07T11:28:36+00:00\",\"breadcrumb\":{\"@id\":\"https:\/\/www.prijedordanas.com\/?p=266636#breadcrumb\"},\"inLanguage\":\"en-US\",\"potentialAction\":[{\"@type\":\"ReadAction\",\"target\":[\"https:\/\/www.prijedordanas.com\/?p=266636\"]}]},{\"@type\":\"BreadcrumbList\",\"@id\":\"https:\/\/www.prijedordanas.com\/?p=266636#breadcrumb\",\"itemListElement\":[{\"@type\":\"ListItem\",\"position\":1,\"name\":\"Home\",\"item\":\"https:\/\/www.prijedordanas.com\/\"},{\"@type\":\"ListItem\",\"position\":2,\"name\":\"Mladi atleti\u010dari &#8220;Prijedora&#8221; uspje\u0161ni u Bijeljini: Osvojene tri bronzane medalje\"}]},{\"@type\":\"WebSite\",\"@id\":\"https:\/\/www.prijedordanas.com\/#website\",\"url\":\"https:\/\/www.prijedordanas.com\/\",\"name\":\"PrijedorDanas.com - Prijedorski gradski portal\",\"description\":\"Portal o doga\u0111anjima u gradu Prijedoru\",\"publisher\":{\"@id\":\"https:\/\/www.prijedordanas.com\/#organization\"},\"potentialAction\":[{\"@type\":\"SearchAction\",\"target\":{\"@type\":\"EntryPoint\",\"urlTemplate\":\"https:\/\/www.prijedordanas.com\/?s={search_term_string}\"},\"query-input\":\"required name=search_term_string\"}],\"inLanguage\":\"en-US\"},{\"@type\":\"Organization\",\"@id\":\"https:\/\/www.prijedordanas.com\/#organization\",\"name\":\"PrijedorDanas.com\",\"url\":\"https:\/\/www.prijedordanas.com\/\",\"logo\":{\"@type\":\"ImageObject\",\"inLanguage\":\"en-US\",\"@id\":\"https:\/\/www.prijedordanas.com\/#\/schema\/logo\/image\/\",\"url\":\"http:\/\/www.prijedordanas.com\/wp-content\/uploads\/2021\/12\/logopng.png\",\"contentUrl\":\"http:\/\/www.prijedordanas.com\/wp-content\/uploads\/2021\/12\/logopng.png\",\"width\":1019,\"height\":776,\"caption\":\"PrijedorDanas.com\"},\"image\":{\"@id\":\"https:\/\/www.prijedordanas.com\/#\/schema\/logo\/image\/\"},\"sameAs\":[\"https:\/\/www.facebook.com\/PrijedorDanasCom\/\"]},{\"@type\":\"Person\",\"@id\":\"https:\/\/www.prijedordanas.com\/#\/schema\/person\/4e08ccf29b506ca916ff86d46bb700e6\",\"name\":\"admin\",\"image\":{\"@type\":\"ImageObject\",\"inLanguage\":\"en-US\",\"@id\":\"https:\/\/www.prijedordanas.com\/#\/schema\/person\/image\/\",\"url\":\"https:\/\/secure.gravatar.com\/avatar\/1d3fc949d550f0b53a5f0d51e06dfd79?s=96&d=mm&r=g\",\"contentUrl\":\"https:\/\/secure.gravatar.com\/avatar\/1d3fc949d550f0b53a5f0d51e06dfd79?s=96&d=mm&r=g\",\"caption\":\"admin\"},\"url\":\"https:\/\/www.prijedordanas.com\/?author=1\"}]}<\/script>\n<!-- \/ Yoast SEO plugin. -->","yoast_head_json":{"title":"Mladi atleti\u010dari \"Prijedora\" uspje\u0161ni u Bijeljini: Osvojene tri bronzane medalje - PrijedorDanas.com - Prijedorski gradski portal","robots":{"index":"index","follow":"follow","max-snippet":"max-snippet:-1","max-image-preview":"max-image-preview:large","max-video-preview":"max-video-preview:-1"},"canonical":"https:\/\/www.prijedordanas.com\/?p=266636","og_locale":"en_US","og_type":"article","og_title":"Mladi atleti\u010dari \"Prijedora\" uspje\u0161ni u Bijeljini: Osvojene tri bronzane medalje - PrijedorDanas.com - Prijedorski gradski portal","og_description":"U Etno selo Stani\u0161i\u0107i kod Bijeljine odr\u017ean je jubilarni 5. Me\u0111unarodni atletski miting \u201eTrofej Bijeljine 2026\u201c, koji je okupio 433 takmi\u010dara iz Republike Srpske, Federacije BiH i Srbije. Ovaj sportski [&hellip;]","og_url":"https:\/\/www.prijedordanas.com\/?p=266636","og_site_name":"PrijedorDanas.com - Prijedorski gradski portal","article_publisher":"https:\/\/www.facebook.com\/PrijedorDanasCom\/","article_published_time":"2026-04-07T11:28:36+00:00","og_image":[{"url":"https:\/\/www.prijedordanas.com\/wp-content\/uploads\/2026\/04\/ak-prijedor-takmicenje-bijeljina-april2026-300x225.jpg"}],"author":"admin","twitter_card":"summary_large_image","twitter_misc":{"Written by":"admin","Est. reading time":"1 minute"},"schema":{"@context":"https:\/\/schema.org","@graph":[{"@type":"Article","@id":"https:\/\/www.prijedordanas.com\/?p=266636#article","isPartOf":{"@id":"https:\/\/www.prijedordanas.com\/?p=266636"},"author":{"name":"admin","@id":"https:\/\/www.prijedordanas.com\/#\/schema\/person\/4e08ccf29b506ca916ff86d46bb700e6"},"headline":"Mladi atleti\u010dari &#8220;Prijedora&#8221; uspje\u0161ni u Bijeljini: Osvojene tri bronzane medalje","datePublished":"2026-04-07T11:28:36+00:00","dateModified":"2026-04-07T11:28:36+00:00","mainEntityOfPage":{"@id":"https:\/\/www.prijedordanas.com\/?p=266636"},"wordCount":166,"publisher":{"@id":"https:\/\/www.prijedordanas.com\/#organization"},"articleSection":["Sport"],"inLanguage":"en-US"},{"@type":"WebPage","@id":"https:\/\/www.prijedordanas.com\/?p=266636","url":"https:\/\/www.prijedordanas.com\/?p=266636","name":"Mladi atleti\u010dari \"Prijedora\" uspje\u0161ni u Bijeljini: Osvojene tri bronzane medalje - PrijedorDanas.com - Prijedorski gradski portal","isPartOf":{"@id":"https:\/\/www.prijedordanas.com\/#website"},"datePublished":"2026-04-07T11:28:36+00:00","dateModified":"2026-04-07T11:28:36+00:00","breadcrumb":{"@id":"https:\/\/www.prijedordanas.com\/?p=266636#breadcrumb"},"inLanguage":"en-US","potentialAction":[{"@type":"ReadAction","target":["https:\/\/www.prijedordanas.com\/?p=266636"]}]},{"@type":"BreadcrumbList","@id":"https:\/\/www.prijedordanas.com\/?p=266636#breadcrumb","itemListElement":[{"@type":"ListItem","position":1,"name":"Home","item":"https:\/\/www.prijedordanas.com\/"},{"@type":"ListItem","position":2,"name":"Mladi atleti\u010dari &#8220;Prijedora&#8221; uspje\u0161ni u Bijeljini: Osvojene tri bronzane medalje"}]},{"@type":"WebSite","@id":"https:\/\/www.prijedordanas.com\/#website","url":"https:\/\/www.prijedordanas.com\/","name":"PrijedorDanas.com - Prijedorski gradski portal","description":"Portal o doga\u0111anjima u gradu Prijedoru","publisher":{"@id":"https:\/\/www.prijedordanas.com\/#organization"},"potentialAction":[{"@type":"SearchAction","target":{"@type":"EntryPoint","urlTemplate":"https:\/\/www.prijedordanas.com\/?s={search_term_string}"},"query-input":"required name=search_term_string"}],"inLanguage":"en-US"},{"@type":"Organization","@id":"https:\/\/www.prijedordanas.com\/#organization","name":"PrijedorDanas.com","url":"https:\/\/www.prijedordanas.com\/","logo":{"@type":"ImageObject","inLanguage":"en-US","@id":"https:\/\/www.prijedordanas.com\/#\/schema\/logo\/image\/","url":"http:\/\/www.prijedordanas.com\/wp-content\/uploads\/2021\/12\/logopng.png","contentUrl":"http:\/\/www.prijedordanas.com\/wp-content\/uploads\/2021\/12\/logopng.png","width":1019,"height":776,"caption":"PrijedorDanas.com"},"image":{"@id":"https:\/\/www.prijedordanas.com\/#\/schema\/logo\/image\/"},"sameAs":["https:\/\/www.facebook.com\/PrijedorDanasCom\/"]},{"@type":"Person","@id":"https:\/\/www.prijedordanas.com\/#\/schema\/person\/4e08ccf29b506ca916ff86d46bb700e6","name":"admin","image":{"@type":"ImageObject","inLanguage":"en-US","@id":"https:\/\/www.prijedordanas.com\/#\/schema\/person\/image\/","url":"https:\/\/secure.gravatar.com\/avatar\/1d3fc949d550f0b53a5f0d51e06dfd79?s=96&d=mm&r=g","contentUrl":"https:\/\/secure.gravatar.com\/avatar\/1d3fc949d550f0b53a5f0d51e06dfd79?s=96&d=mm&r=g","caption":"admin"},"url":"https:\/\/www.prijedordanas.com\/?author=1"}]}},"_links":{"self":[{"href":"https:\/\/www.prijedordanas.com\/index.php?rest_route=\/wp\/v2\/posts\/266636"}],"collection":[{"href":"https:\/\/www.prijedordanas.com\/index.php?rest_route=\/wp\/v2\/posts"}],"about":[{"href":"https:\/\/www.prijedordanas.com\/index.php?rest_route=\/wp\/v2\/types\/post"}],"author":[{"embeddable":true,"href":"https:\/\/www.prijedordanas.com\/index.php?rest_route=\/wp\/v2\/users\/1"}],"replies":[{"embeddable":true,"href":"https:\/\/www.prijedordanas.com\/index.php?rest_route=%2Fwp%2Fv2%2Fcomments&post=266636"}],"version-history":[{"count":2,"href":"https:\/\/www.prijedordanas.com\/index.php?rest_route=\/wp\/v2\/posts\/266636\/revisions"}],"predecessor-version":[{"id":266642,"href":"https:\/\/www.prijedordanas.com\/index.php?rest_route=\/wp\/v2\/posts\/266636\/revisions\/266642"}],"wp:attachment":[{"href":"https:\/\/www.prijedordanas.com\/index.php?rest_route=%2Fwp%2Fv2%2Fmedia&parent=266636"}],"wp:term":[{"taxonomy":"category","embeddable":true,"href":"https:\/\/www.prijedordanas.com\/index.php?rest_route=%2Fwp%2Fv2%2Fcategories&post=266636"},{"taxonomy":"post_tag","embeddable":true,"href":"https:\/\/www.prijedordanas.com\/index.php?rest_route=%2Fwp%2Fv2%2Ftags&post=266636"}],"curies":[{"name":"wp","href":"https:\/\/api.w.org\/{rel}","templated":true}]}}