{"id":266308,"date":"2026-04-04T15:56:46","date_gmt":"2026-04-04T13:56:46","guid":{"rendered":"https:\/\/www.prijedordanas.com\/?p=266308"},"modified":"2026-04-04T15:56:46","modified_gmt":"2026-04-04T13:56:46","slug":"prijedor-eksproprijacija-zemljista-u-naselju-raskovac-radi-realizacije-jedne-od-mjera-zastite-od-poplava","status":"publish","type":"post","link":"https:\/\/www.prijedordanas.com\/?p=266308","title":{"rendered":"Prijedor: Eksproprijacija zemlji\u0161ta u naselju Ra\u0161kovac radi realizacije jedne od mjera za\u0161tite od poplava"},"content":{"rendered":"<p><a href=\"https:\/\/www.prijedordanas.com\/wp-content\/uploads\/2026\/04\/raskovac-poplave-ilustracija-1.jpg\"><img loading=\"lazy\" decoding=\"async\" class=\"alignleft size-medium wp-image-266389\" src=\"https:\/\/www.prijedordanas.com\/wp-content\/uploads\/2026\/04\/raskovac-poplave-ilustracija-1-300x225.jpg\" alt=\"\" width=\"300\" height=\"225\" srcset=\"https:\/\/www.prijedordanas.com\/wp-content\/uploads\/2026\/04\/raskovac-poplave-ilustracija-1-300x225.jpg 300w, https:\/\/www.prijedordanas.com\/wp-content\/uploads\/2026\/04\/raskovac-poplave-ilustracija-1-640x480.jpg 640w, https:\/\/www.prijedordanas.com\/wp-content\/uploads\/2026\/04\/raskovac-poplave-ilustracija-1.jpg 667w\" sizes=\"(max-width: 300px) 100vw, 300px\" \/><\/a>Eksproprijacija pet parcela u Prijedoru progla\u0161ena je op\u0161tim interesom kako bi se na lokalitetu Kalu\u0111ersko polje realizovala jedna od mjera za\u0161tite od poplava \u2013 prosijecanje kanala na Sani u naselju Ra\u0161kovac vrijedno 650.000 KM.<\/p>\n<p>Na\u010delnik gradskog Odjeljenja za saobra\u0107aj, komunalne poslove i za\u0161titu \u017eivotne sredine i imovinsko-stambene poslove Aleksandar \u0160obot rekao je da je to jedna od mjera iz Sporazuma o realizaciji hitnih mjera na sanaciji, rekonstrukciji i izgradnji vodoprivrednih objekata odbrane za\u0161tite od poplava u Prijedoru zaklju\u010denih izme\u0111u grada i &#8220;Voda Srpske&#8221;.<\/p>\n<p>&#8211; Prvobitno je vrijednost svih mjera iznosila 5,5 miliona KM, a preprojektovanjem jedne od mjera Vlada Republike Srpske je odobrila dodatnih 1,8 miliona KM &#8211; rekao je \u0160obot.<\/p>\n<p><a href=\"https:\/\/www.prijedordanas.com\/wp-content\/uploads\/2026\/04\/raskovac-poplave-ilustracija-2.jpg\"><img loading=\"lazy\" decoding=\"async\" src=\"https:\/\/www.prijedordanas.com\/wp-content\/uploads\/2026\/04\/raskovac-poplave-ilustracija-2-300x225.jpg\" alt=\"\" width=\"300\" height=\"225\" class=\"alignleft size-medium wp-image-266390\" srcset=\"https:\/\/www.prijedordanas.com\/wp-content\/uploads\/2026\/04\/raskovac-poplave-ilustracija-2-300x225.jpg 300w, https:\/\/www.prijedordanas.com\/wp-content\/uploads\/2026\/04\/raskovac-poplave-ilustracija-2-640x480.jpg 640w, https:\/\/www.prijedordanas.com\/wp-content\/uploads\/2026\/04\/raskovac-poplave-ilustracija-2.jpg 667w\" sizes=\"(max-width: 300px) 100vw, 300px\" \/><\/a>On je pojasnio da se zemlji\u0161te koje ide u eksproprijaciju nalazi u obuhvatu Zoning plan podru\u010dja posebne namjene sjeverozapadnog dijela urbanog podru\u010dja Prijedora i da je Skup\u0161tina grada 29. januara donijela mi\u0161ljenje da je osnovano da Vlada Republike Srpske proglasi eksproprijaciju op\u0161tim interesom.<\/p>\n<p>Vlada je na sjednici 1. aprila 2026. donijela odluku o utvr\u0111ivanju op\u0161teg interesa za potpunu eksproprijaciju nepokretnosti u svrhu izgradnje vodoprivrednih objekata odbrane od poplava u Prijedoru.<\/p>\n<p>&#8211; Time su stvoreni uslovi i ispo\u0161tovane sve zakonske procedure koje prethode otkupu zemlji\u0161ta. Sada Gradska uprava podnosi zahtjev Republi\u010dkoj upravi za geodetske i imovinskopravne poslove da se pokrene postupak eksproprijacije. Potom se utvr\u0111uje cijena i ispla\u0107uje vlasnicima i zemlji\u0161te prelazi na lokalnu samoupravu &#8211; dodao je \u0160obot.<\/p>\n<p>On je podsjetio da su, osim prosijecanja kanala, investicijom obuhva\u0107eni produbljivanje i ure\u0111enje korita Sane kod \u017eeljezni\u010dkog mosta u Brezi\u010danima, izgradnja parapetnih zidova u Tukovima i Gomjenici, izdizanje nasipa s obje strane Gomjenice i izdizanje puta na \u017degeru u du\u017eini od 265 metara i kanal u Sredicama.<\/p>\n<p>SRNA<br \/>\nfoto &#8211; ilustracija<\/p>\n<p><a href=\"https:\/\/www.prijedordanas.com\/wp-content\/uploads\/2026\/04\/googlemap-raskovac-trinaesta.jpg\"><img loading=\"lazy\" decoding=\"async\" src=\"https:\/\/www.prijedordanas.com\/wp-content\/uploads\/2026\/04\/googlemap-raskovac-trinaesta-300x225.jpg\" alt=\"\" width=\"300\" height=\"225\" class=\"alignleft size-medium wp-image-266392\" srcset=\"https:\/\/www.prijedordanas.com\/wp-content\/uploads\/2026\/04\/googlemap-raskovac-trinaesta-300x225.jpg 300w, https:\/\/www.prijedordanas.com\/wp-content\/uploads\/2026\/04\/googlemap-raskovac-trinaesta-640x480.jpg 640w, https:\/\/www.prijedordanas.com\/wp-content\/uploads\/2026\/04\/googlemap-raskovac-trinaesta.jpg 667w\" sizes=\"(max-width: 300px) 100vw, 300px\" \/><\/a><\/p>\n","protected":false},"excerpt":{"rendered":"<p>Eksproprijacija pet parcela u Prijedoru progla\u0161ena je op\u0161tim interesom kako bi se na lokalitetu Kalu\u0111ersko polje realizovala jedna od mjera za\u0161tite od poplava \u2013 prosijecanje kanala na Sani u naselju [&hellip;]<\/p>\n","protected":false},"author":1,"featured_media":0,"comment_status":"closed","ping_status":"open","sticky":false,"template":"","format":"standard","meta":{"_monsterinsights_skip_tracking":false,"_monsterinsights_sitenote_active":false,"_monsterinsights_sitenote_note":"","_monsterinsights_sitenote_category":0,"footnotes":""},"categories":[4],"tags":[],"yoast_head":"<!-- This site is optimized with the Yoast SEO plugin v21.6 - https:\/\/yoast.com\/wordpress\/plugins\/seo\/ -->\n<title>Prijedor: Eksproprijacija zemlji\u0161ta u naselju Ra\u0161kovac radi realizacije jedne od mjera za\u0161tite od poplava - PrijedorDanas.com - Prijedorski gradski portal<\/title>\n<meta name=\"robots\" content=\"index, follow, max-snippet:-1, max-image-preview:large, max-video-preview:-1\" \/>\n<link rel=\"canonical\" href=\"https:\/\/www.prijedordanas.com\/?p=266308\" \/>\n<meta property=\"og:locale\" content=\"en_US\" \/>\n<meta property=\"og:type\" content=\"article\" \/>\n<meta property=\"og:title\" content=\"Prijedor: Eksproprijacija zemlji\u0161ta u naselju Ra\u0161kovac radi realizacije jedne od mjera za\u0161tite od poplava - PrijedorDanas.com - Prijedorski gradski portal\" \/>\n<meta property=\"og:description\" content=\"Eksproprijacija pet parcela u Prijedoru progla\u0161ena je op\u0161tim interesom kako bi se na lokalitetu Kalu\u0111ersko polje realizovala jedna od mjera za\u0161tite od poplava \u2013 prosijecanje kanala na Sani u naselju [&hellip;]\" \/>\n<meta property=\"og:url\" content=\"https:\/\/www.prijedordanas.com\/?p=266308\" \/>\n<meta property=\"og:site_name\" content=\"PrijedorDanas.com - Prijedorski gradski portal\" \/>\n<meta property=\"article:publisher\" content=\"https:\/\/www.facebook.com\/PrijedorDanasCom\/\" \/>\n<meta property=\"article:published_time\" content=\"2026-04-04T13:56:46+00:00\" \/>\n<meta property=\"og:image\" content=\"https:\/\/www.prijedordanas.com\/wp-content\/uploads\/2026\/04\/raskovac-poplave-ilustracija-1-300x225.jpg\" \/>\n<meta name=\"author\" content=\"admin\" \/>\n<meta name=\"twitter:card\" content=\"summary_large_image\" \/>\n<meta name=\"twitter:label1\" content=\"Written by\" \/>\n\t<meta name=\"twitter:data1\" content=\"admin\" \/>\n\t<meta name=\"twitter:label2\" content=\"Est. reading time\" \/>\n\t<meta name=\"twitter:data2\" content=\"2 minutes\" \/>\n<script type=\"application\/ld+json\" class=\"yoast-schema-graph\">{\"@context\":\"https:\/\/schema.org\",\"@graph\":[{\"@type\":\"Article\",\"@id\":\"https:\/\/www.prijedordanas.com\/?p=266308#article\",\"isPartOf\":{\"@id\":\"https:\/\/www.prijedordanas.com\/?p=266308\"},\"author\":{\"name\":\"admin\",\"@id\":\"https:\/\/www.prijedordanas.com\/#\/schema\/person\/4e08ccf29b506ca916ff86d46bb700e6\"},\"headline\":\"Prijedor: Eksproprijacija zemlji\u0161ta u naselju Ra\u0161kovac radi realizacije jedne od mjera za\u0161tite od poplava\",\"datePublished\":\"2026-04-04T13:56:46+00:00\",\"dateModified\":\"2026-04-04T13:56:46+00:00\",\"mainEntityOfPage\":{\"@id\":\"https:\/\/www.prijedordanas.com\/?p=266308\"},\"wordCount\":319,\"publisher\":{\"@id\":\"https:\/\/www.prijedordanas.com\/#organization\"},\"articleSection\":[\"Dru\u0161tvo\"],\"inLanguage\":\"en-US\"},{\"@type\":\"WebPage\",\"@id\":\"https:\/\/www.prijedordanas.com\/?p=266308\",\"url\":\"https:\/\/www.prijedordanas.com\/?p=266308\",\"name\":\"Prijedor: Eksproprijacija zemlji\u0161ta u naselju Ra\u0161kovac radi realizacije jedne od mjera za\u0161tite od poplava - PrijedorDanas.com - Prijedorski gradski portal\",\"isPartOf\":{\"@id\":\"https:\/\/www.prijedordanas.com\/#website\"},\"datePublished\":\"2026-04-04T13:56:46+00:00\",\"dateModified\":\"2026-04-04T13:56:46+00:00\",\"breadcrumb\":{\"@id\":\"https:\/\/www.prijedordanas.com\/?p=266308#breadcrumb\"},\"inLanguage\":\"en-US\",\"potentialAction\":[{\"@type\":\"ReadAction\",\"target\":[\"https:\/\/www.prijedordanas.com\/?p=266308\"]}]},{\"@type\":\"BreadcrumbList\",\"@id\":\"https:\/\/www.prijedordanas.com\/?p=266308#breadcrumb\",\"itemListElement\":[{\"@type\":\"ListItem\",\"position\":1,\"name\":\"Home\",\"item\":\"https:\/\/www.prijedordanas.com\/\"},{\"@type\":\"ListItem\",\"position\":2,\"name\":\"Prijedor: Eksproprijacija zemlji\u0161ta u naselju Ra\u0161kovac radi realizacije jedne od mjera za\u0161tite od poplava\"}]},{\"@type\":\"WebSite\",\"@id\":\"https:\/\/www.prijedordanas.com\/#website\",\"url\":\"https:\/\/www.prijedordanas.com\/\",\"name\":\"PrijedorDanas.com - Prijedorski gradski portal\",\"description\":\"Portal o doga\u0111anjima u gradu Prijedoru\",\"publisher\":{\"@id\":\"https:\/\/www.prijedordanas.com\/#organization\"},\"potentialAction\":[{\"@type\":\"SearchAction\",\"target\":{\"@type\":\"EntryPoint\",\"urlTemplate\":\"https:\/\/www.prijedordanas.com\/?s={search_term_string}\"},\"query-input\":\"required name=search_term_string\"}],\"inLanguage\":\"en-US\"},{\"@type\":\"Organization\",\"@id\":\"https:\/\/www.prijedordanas.com\/#organization\",\"name\":\"PrijedorDanas.com\",\"url\":\"https:\/\/www.prijedordanas.com\/\",\"logo\":{\"@type\":\"ImageObject\",\"inLanguage\":\"en-US\",\"@id\":\"https:\/\/www.prijedordanas.com\/#\/schema\/logo\/image\/\",\"url\":\"http:\/\/www.prijedordanas.com\/wp-content\/uploads\/2021\/12\/logopng.png\",\"contentUrl\":\"http:\/\/www.prijedordanas.com\/wp-content\/uploads\/2021\/12\/logopng.png\",\"width\":1019,\"height\":776,\"caption\":\"PrijedorDanas.com\"},\"image\":{\"@id\":\"https:\/\/www.prijedordanas.com\/#\/schema\/logo\/image\/\"},\"sameAs\":[\"https:\/\/www.facebook.com\/PrijedorDanasCom\/\"]},{\"@type\":\"Person\",\"@id\":\"https:\/\/www.prijedordanas.com\/#\/schema\/person\/4e08ccf29b506ca916ff86d46bb700e6\",\"name\":\"admin\",\"image\":{\"@type\":\"ImageObject\",\"inLanguage\":\"en-US\",\"@id\":\"https:\/\/www.prijedordanas.com\/#\/schema\/person\/image\/\",\"url\":\"https:\/\/secure.gravatar.com\/avatar\/1d3fc949d550f0b53a5f0d51e06dfd79?s=96&d=mm&r=g\",\"contentUrl\":\"https:\/\/secure.gravatar.com\/avatar\/1d3fc949d550f0b53a5f0d51e06dfd79?s=96&d=mm&r=g\",\"caption\":\"admin\"},\"url\":\"https:\/\/www.prijedordanas.com\/?author=1\"}]}<\/script>\n<!-- \/ Yoast SEO plugin. -->","yoast_head_json":{"title":"Prijedor: Eksproprijacija zemlji\u0161ta u naselju Ra\u0161kovac radi realizacije jedne od mjera za\u0161tite od poplava - PrijedorDanas.com - Prijedorski gradski portal","robots":{"index":"index","follow":"follow","max-snippet":"max-snippet:-1","max-image-preview":"max-image-preview:large","max-video-preview":"max-video-preview:-1"},"canonical":"https:\/\/www.prijedordanas.com\/?p=266308","og_locale":"en_US","og_type":"article","og_title":"Prijedor: Eksproprijacija zemlji\u0161ta u naselju Ra\u0161kovac radi realizacije jedne od mjera za\u0161tite od poplava - PrijedorDanas.com - Prijedorski gradski portal","og_description":"Eksproprijacija pet parcela u Prijedoru progla\u0161ena je op\u0161tim interesom kako bi se na lokalitetu Kalu\u0111ersko polje realizovala jedna od mjera za\u0161tite od poplava \u2013 prosijecanje kanala na Sani u naselju [&hellip;]","og_url":"https:\/\/www.prijedordanas.com\/?p=266308","og_site_name":"PrijedorDanas.com - Prijedorski gradski portal","article_publisher":"https:\/\/www.facebook.com\/PrijedorDanasCom\/","article_published_time":"2026-04-04T13:56:46+00:00","og_image":[{"url":"https:\/\/www.prijedordanas.com\/wp-content\/uploads\/2026\/04\/raskovac-poplave-ilustracija-1-300x225.jpg"}],"author":"admin","twitter_card":"summary_large_image","twitter_misc":{"Written by":"admin","Est. reading time":"2 minutes"},"schema":{"@context":"https:\/\/schema.org","@graph":[{"@type":"Article","@id":"https:\/\/www.prijedordanas.com\/?p=266308#article","isPartOf":{"@id":"https:\/\/www.prijedordanas.com\/?p=266308"},"author":{"name":"admin","@id":"https:\/\/www.prijedordanas.com\/#\/schema\/person\/4e08ccf29b506ca916ff86d46bb700e6"},"headline":"Prijedor: Eksproprijacija zemlji\u0161ta u naselju Ra\u0161kovac radi realizacije jedne od mjera za\u0161tite od poplava","datePublished":"2026-04-04T13:56:46+00:00","dateModified":"2026-04-04T13:56:46+00:00","mainEntityOfPage":{"@id":"https:\/\/www.prijedordanas.com\/?p=266308"},"wordCount":319,"publisher":{"@id":"https:\/\/www.prijedordanas.com\/#organization"},"articleSection":["Dru\u0161tvo"],"inLanguage":"en-US"},{"@type":"WebPage","@id":"https:\/\/www.prijedordanas.com\/?p=266308","url":"https:\/\/www.prijedordanas.com\/?p=266308","name":"Prijedor: Eksproprijacija zemlji\u0161ta u naselju Ra\u0161kovac radi realizacije jedne od mjera za\u0161tite od poplava - PrijedorDanas.com - Prijedorski gradski portal","isPartOf":{"@id":"https:\/\/www.prijedordanas.com\/#website"},"datePublished":"2026-04-04T13:56:46+00:00","dateModified":"2026-04-04T13:56:46+00:00","breadcrumb":{"@id":"https:\/\/www.prijedordanas.com\/?p=266308#breadcrumb"},"inLanguage":"en-US","potentialAction":[{"@type":"ReadAction","target":["https:\/\/www.prijedordanas.com\/?p=266308"]}]},{"@type":"BreadcrumbList","@id":"https:\/\/www.prijedordanas.com\/?p=266308#breadcrumb","itemListElement":[{"@type":"ListItem","position":1,"name":"Home","item":"https:\/\/www.prijedordanas.com\/"},{"@type":"ListItem","position":2,"name":"Prijedor: Eksproprijacija zemlji\u0161ta u naselju Ra\u0161kovac radi realizacije jedne od mjera za\u0161tite od poplava"}]},{"@type":"WebSite","@id":"https:\/\/www.prijedordanas.com\/#website","url":"https:\/\/www.prijedordanas.com\/","name":"PrijedorDanas.com - Prijedorski gradski portal","description":"Portal o doga\u0111anjima u gradu Prijedoru","publisher":{"@id":"https:\/\/www.prijedordanas.com\/#organization"},"potentialAction":[{"@type":"SearchAction","target":{"@type":"EntryPoint","urlTemplate":"https:\/\/www.prijedordanas.com\/?s={search_term_string}"},"query-input":"required name=search_term_string"}],"inLanguage":"en-US"},{"@type":"Organization","@id":"https:\/\/www.prijedordanas.com\/#organization","name":"PrijedorDanas.com","url":"https:\/\/www.prijedordanas.com\/","logo":{"@type":"ImageObject","inLanguage":"en-US","@id":"https:\/\/www.prijedordanas.com\/#\/schema\/logo\/image\/","url":"http:\/\/www.prijedordanas.com\/wp-content\/uploads\/2021\/12\/logopng.png","contentUrl":"http:\/\/www.prijedordanas.com\/wp-content\/uploads\/2021\/12\/logopng.png","width":1019,"height":776,"caption":"PrijedorDanas.com"},"image":{"@id":"https:\/\/www.prijedordanas.com\/#\/schema\/logo\/image\/"},"sameAs":["https:\/\/www.facebook.com\/PrijedorDanasCom\/"]},{"@type":"Person","@id":"https:\/\/www.prijedordanas.com\/#\/schema\/person\/4e08ccf29b506ca916ff86d46bb700e6","name":"admin","image":{"@type":"ImageObject","inLanguage":"en-US","@id":"https:\/\/www.prijedordanas.com\/#\/schema\/person\/image\/","url":"https:\/\/secure.gravatar.com\/avatar\/1d3fc949d550f0b53a5f0d51e06dfd79?s=96&d=mm&r=g","contentUrl":"https:\/\/secure.gravatar.com\/avatar\/1d3fc949d550f0b53a5f0d51e06dfd79?s=96&d=mm&r=g","caption":"admin"},"url":"https:\/\/www.prijedordanas.com\/?author=1"}]}},"_links":{"self":[{"href":"https:\/\/www.prijedordanas.com\/index.php?rest_route=\/wp\/v2\/posts\/266308"}],"collection":[{"href":"https:\/\/www.prijedordanas.com\/index.php?rest_route=\/wp\/v2\/posts"}],"about":[{"href":"https:\/\/www.prijedordanas.com\/index.php?rest_route=\/wp\/v2\/types\/post"}],"author":[{"embeddable":true,"href":"https:\/\/www.prijedordanas.com\/index.php?rest_route=\/wp\/v2\/users\/1"}],"replies":[{"embeddable":true,"href":"https:\/\/www.prijedordanas.com\/index.php?rest_route=%2Fwp%2Fv2%2Fcomments&post=266308"}],"version-history":[{"count":2,"href":"https:\/\/www.prijedordanas.com\/index.php?rest_route=\/wp\/v2\/posts\/266308\/revisions"}],"predecessor-version":[{"id":266393,"href":"https:\/\/www.prijedordanas.com\/index.php?rest_route=\/wp\/v2\/posts\/266308\/revisions\/266393"}],"wp:attachment":[{"href":"https:\/\/www.prijedordanas.com\/index.php?rest_route=%2Fwp%2Fv2%2Fmedia&parent=266308"}],"wp:term":[{"taxonomy":"category","embeddable":true,"href":"https:\/\/www.prijedordanas.com\/index.php?rest_route=%2Fwp%2Fv2%2Fcategories&post=266308"},{"taxonomy":"post_tag","embeddable":true,"href":"https:\/\/www.prijedordanas.com\/index.php?rest_route=%2Fwp%2Fv2%2Ftags&post=266308"}],"curies":[{"name":"wp","href":"https:\/\/api.w.org\/{rel}","templated":true}]}}