{"id":26610,"date":"2015-07-26T12:29:55","date_gmt":"2015-07-26T11:29:55","guid":{"rendered":"https:\/\/www.prijedordanas.com\/?p=26610"},"modified":"2015-07-26T12:43:33","modified_gmt":"2015-07-26T11:43:33","slug":"rukometasi-prijedora-poceli-pripreme-bojan-uncanin-novo-dokazivanje-podmladene-ekipe","status":"publish","type":"post","link":"https:\/\/www.prijedordanas.com\/?p=26610","title":{"rendered":"RUKOMETA\u0160I PRIJEDORA PO\u010cELI PRIPREME &#8211; BOJAN UN\u010cANIN: NOVO DOKAZIVANJE PODMLA\u0110ENE EKIPE"},"content":{"rendered":"<p><a href=\"https:\/\/www.prijedordanas.com\/wp-content\/uploads\/2015\/07\/rk-prijedor-pocetak-priprema-1.jpg\"><img loading=\"lazy\" decoding=\"async\" class=\"alignleft size-medium wp-image-26611\" src=\"https:\/\/www.prijedordanas.com\/wp-content\/uploads\/2015\/07\/rk-prijedor-pocetak-priprema-1-300x199.jpg\" alt=\"rk prijedor-pocetak priprema (1)\" width=\"300\" height=\"199\" srcset=\"https:\/\/www.prijedordanas.com\/wp-content\/uploads\/2015\/07\/rk-prijedor-pocetak-priprema-1-300x199.jpg 300w, https:\/\/www.prijedordanas.com\/wp-content\/uploads\/2015\/07\/rk-prijedor-pocetak-priprema-1-150x100.jpg 150w, https:\/\/www.prijedordanas.com\/wp-content\/uploads\/2015\/07\/rk-prijedor-pocetak-priprema-1-200x133.jpg 200w, https:\/\/www.prijedordanas.com\/wp-content\/uploads\/2015\/07\/rk-prijedor-pocetak-priprema-1-250x166.jpg 250w, https:\/\/www.prijedordanas.com\/wp-content\/uploads\/2015\/07\/rk-prijedor-pocetak-priprema-1-480x320.jpg 480w, https:\/\/www.prijedordanas.com\/wp-content\/uploads\/2015\/07\/rk-prijedor-pocetak-priprema-1.jpg 600w\" sizes=\"(max-width: 300px) 100vw, 300px\" \/><\/a>Prozivkom u sportskoj dvorani \u201eMladost\u201c u gradu na rijeci Sani, rukometa\u0161i Prijedora po\u010deli su pripreme za narednu sezonu u Premijer ligi Bosne i Hercegovine.<\/p>\n<p>Dvadesetorici kandidata za prvu postavu obratio se predsjednik kluba Aleksandar Milju\u0161, po\u017eeljev\u0161i im sretan rad, uz predstavljanje mladih juniorskih bh.reprezentativaca iz banjalu\u010dkog Borac m:tela: desnog beka Deana \u0160e\u0161i\u0107a, \u201epivota\u201c Du\u0161ana \u0110uri\u0107a i srednjeg beka Stefana \u0106osi\u0107a, za koje je uvjeren da \u0107e se dobro uklopiti i dati dodatni kvalitet ekipi.<\/p>\n<p>-Novo prvenstvo bi\u0107e te\u017ee od prethodnog, jer \u0107e u njemu u\u010destvovati 16 klubova. Vodi\u0107e se gr\u010devita borba za plasman u plej-of, gdje \u0107e, uz Borac m:tel, mjesto tra\u017eiti tri prvoplasirane ekipe, ali i za opstanak, s obzirom da \u0107e pet napustiti elitni bh.rang. Od vas se o\u010dekuje profesionalan pristup i redovno prisustvo na treninzima, kako bi se \u0161to bolje spremili za start borbi za bodove, predvi\u0111en 12.septembra &#8211; istakao je Milju\u0161.<\/p>\n<p><a href=\"https:\/\/www.prijedordanas.com\/wp-content\/uploads\/2015\/07\/rk-prijedor-pocetak-priprema-2.jpg\"><img loading=\"lazy\" decoding=\"async\" class=\"alignleft size-medium wp-image-26612\" src=\"https:\/\/www.prijedordanas.com\/wp-content\/uploads\/2015\/07\/rk-prijedor-pocetak-priprema-2-300x199.jpg\" alt=\"rk prijedor-pocetak priprema (2)\" width=\"300\" height=\"199\" srcset=\"https:\/\/www.prijedordanas.com\/wp-content\/uploads\/2015\/07\/rk-prijedor-pocetak-priprema-2-300x199.jpg 300w, https:\/\/www.prijedordanas.com\/wp-content\/uploads\/2015\/07\/rk-prijedor-pocetak-priprema-2-150x100.jpg 150w, https:\/\/www.prijedordanas.com\/wp-content\/uploads\/2015\/07\/rk-prijedor-pocetak-priprema-2-200x133.jpg 200w, https:\/\/www.prijedordanas.com\/wp-content\/uploads\/2015\/07\/rk-prijedor-pocetak-priprema-2-250x166.jpg 250w, https:\/\/www.prijedordanas.com\/wp-content\/uploads\/2015\/07\/rk-prijedor-pocetak-priprema-2-480x320.jpg 480w, https:\/\/www.prijedordanas.com\/wp-content\/uploads\/2015\/07\/rk-prijedor-pocetak-priprema-2.jpg 600w\" sizes=\"(max-width: 300px) 100vw, 300px\" \/><\/a>Poslije oporavka od povrede na teren se vratio golman Bojan Babi\u0107, dok je jedan od pro\u0161losezosnkih \u010duvara mre\u017ee Miodrag \u010cutura oti\u0161ao, Dejan Jankovi\u0107 je zavr\u0161io bogatu karijeru, a Prijedor\u010dane su napustili jo\u0161 Beni \u0160krga i Milan Mirkovi\u0107.<\/p>\n<p>Trener Bojan Un\u010danin je najavio da je pred podmla\u0111enom ekipom u kojoj su iznad 30 godina samo Jovica Radakovi\u0107 i Dejan Un\u010danin, a \u201eprati\u201c ih 29-godi\u0161nji Mladen Blagojevi\u0107, novo dokazivanje.<\/p>\n<p>-Trenira\u0107emo, u bazi\u010dnoj fazi priprema, dva puta dnevno, na Gradskom stadionu i dvorani, do nedjelje, potom \u0107e se u trena\u017eni proces uklju\u010diti i kondicioni trener, profesor Zoran Radinovi\u0107. Poslije slobodnog dana, subote, od 2.do 8.avgusta boravi\u0107emo na planini Kozari, a po povratku, uz jo\u0161 jedan dan pauze slijedi uigravanje kroz prijateljske utakmice. Zbog ranijeg po\u010detka Regionalne SEHA lge, na\u0161 rival Nekse Na\u0161ice iz Hrvatske ne\u0107e biti u mogu\u0107nosti da odigra sa nama dva ugovorena me\u010da. Izosta\u0107e za avgust i predvi\u0111eni turnir za Svesrpskog prvaka &#8211; rekao je Un\u010danin.<\/p>\n<p><a href=\"https:\/\/www.prijedordanas.com\/wp-content\/uploads\/2015\/07\/rk-prijedor-pocetak-priprema-3.jpg\"><img loading=\"lazy\" decoding=\"async\" src=\"https:\/\/www.prijedordanas.com\/wp-content\/uploads\/2015\/07\/rk-prijedor-pocetak-priprema-3-300x199.jpg\" alt=\"rk prijedor-pocetak priprema (3)\" width=\"300\" height=\"199\" class=\"alignleft size-medium wp-image-26614\" srcset=\"https:\/\/www.prijedordanas.com\/wp-content\/uploads\/2015\/07\/rk-prijedor-pocetak-priprema-3-300x199.jpg 300w, https:\/\/www.prijedordanas.com\/wp-content\/uploads\/2015\/07\/rk-prijedor-pocetak-priprema-3-150x100.jpg 150w, https:\/\/www.prijedordanas.com\/wp-content\/uploads\/2015\/07\/rk-prijedor-pocetak-priprema-3-200x133.jpg 200w, https:\/\/www.prijedordanas.com\/wp-content\/uploads\/2015\/07\/rk-prijedor-pocetak-priprema-3-250x166.jpg 250w, https:\/\/www.prijedordanas.com\/wp-content\/uploads\/2015\/07\/rk-prijedor-pocetak-priprema-3-480x320.jpg 480w, https:\/\/www.prijedordanas.com\/wp-content\/uploads\/2015\/07\/rk-prijedor-pocetak-priprema-3.jpg 600w\" sizes=\"(max-width: 300px) 100vw, 300px\" \/><\/a>Ipak, mladi, ali ve\u0107 dokazani stru\u010dnjak, nada se da \u0107e njegovi izabranici imati adekvatne provjere i da \u0107e napraviti domete, koje \u0107e potvrditi dosada\u0161nje sa tendencijom sve boljih i boljih rezultata. Podsjetimo rukometa\u0161i Prijedora su pro\u0161lo takmi\u010denje u premijerliga\u0161kom dru\u0161tvu okon\u010dali na petom mjestu, a okitili su se i pobjedni\u010dkim peharom, prvim mjestom u Kupu Republike Srpske.<\/p>\n<p>Tekst i foto \u2013 Nenad \u0110eri\u0107\/Aleksandar Drakuli\u0107 \u2013 <a href=\"www.prijedordanas.com\" target=\"_blank\">www.prijedordanas.com<\/a><\/p>\n","protected":false},"excerpt":{"rendered":"<p>Prozivkom u sportskoj dvorani \u201eMladost\u201c u gradu na rijeci Sani, rukometa\u0161i Prijedora po\u010deli su pripreme za narednu sezonu u Premijer ligi Bosne i Hercegovine. Dvadesetorici kandidata za prvu postavu obratio [&hellip;]<\/p>\n","protected":false},"author":1,"featured_media":0,"comment_status":"closed","ping_status":"open","sticky":false,"template":"","format":"standard","meta":{"_monsterinsights_skip_tracking":false,"_monsterinsights_sitenote_active":false,"_monsterinsights_sitenote_note":"","_monsterinsights_sitenote_category":0,"footnotes":""},"categories":[7],"tags":[2945,201,220],"yoast_head":"<!-- This site is optimized with the Yoast SEO plugin v21.6 - https:\/\/yoast.com\/wordpress\/plugins\/seo\/ -->\n<title>RUKOMETA\u0160I PRIJEDORA PO\u010cELI PRIPREME - BOJAN UN\u010cANIN: NOVO DOKAZIVANJE PODMLA\u0110ENE EKIPE - PrijedorDanas.com - Prijedorski gradski portal<\/title>\n<meta name=\"robots\" content=\"index, follow, max-snippet:-1, max-image-preview:large, max-video-preview:-1\" \/>\n<link rel=\"canonical\" href=\"https:\/\/www.prijedordanas.com\/?p=26610\" \/>\n<meta property=\"og:locale\" content=\"en_US\" \/>\n<meta property=\"og:type\" content=\"article\" \/>\n<meta property=\"og:title\" content=\"RUKOMETA\u0160I PRIJEDORA PO\u010cELI PRIPREME - BOJAN UN\u010cANIN: NOVO DOKAZIVANJE PODMLA\u0110ENE EKIPE - PrijedorDanas.com - Prijedorski gradski portal\" \/>\n<meta property=\"og:description\" content=\"Prozivkom u sportskoj dvorani \u201eMladost\u201c u gradu na rijeci Sani, rukometa\u0161i Prijedora po\u010deli su pripreme za narednu sezonu u Premijer ligi Bosne i Hercegovine. Dvadesetorici kandidata za prvu postavu obratio [&hellip;]\" \/>\n<meta property=\"og:url\" content=\"https:\/\/www.prijedordanas.com\/?p=26610\" \/>\n<meta property=\"og:site_name\" content=\"PrijedorDanas.com - Prijedorski gradski portal\" \/>\n<meta property=\"article:publisher\" content=\"https:\/\/www.facebook.com\/PrijedorDanasCom\/\" \/>\n<meta property=\"article:published_time\" content=\"2015-07-26T11:29:55+00:00\" \/>\n<meta property=\"article:modified_time\" content=\"2015-07-26T11:43:33+00:00\" \/>\n<meta property=\"og:image\" content=\"https:\/\/www.prijedordanas.com\/wp-content\/uploads\/2015\/07\/rk-prijedor-pocetak-priprema-1-300x199.jpg\" \/>\n<meta name=\"author\" content=\"admin\" \/>\n<meta name=\"twitter:card\" content=\"summary_large_image\" \/>\n<meta name=\"twitter:label1\" content=\"Written by\" \/>\n\t<meta name=\"twitter:data1\" content=\"admin\" \/>\n\t<meta name=\"twitter:label2\" content=\"Est. reading time\" \/>\n\t<meta name=\"twitter:data2\" content=\"2 minutes\" \/>\n<script type=\"application\/ld+json\" class=\"yoast-schema-graph\">{\"@context\":\"https:\/\/schema.org\",\"@graph\":[{\"@type\":\"Article\",\"@id\":\"https:\/\/www.prijedordanas.com\/?p=26610#article\",\"isPartOf\":{\"@id\":\"https:\/\/www.prijedordanas.com\/?p=26610\"},\"author\":{\"name\":\"admin\",\"@id\":\"https:\/\/www.prijedordanas.com\/#\/schema\/person\/4e08ccf29b506ca916ff86d46bb700e6\"},\"headline\":\"RUKOMETA\u0160I PRIJEDORA PO\u010cELI PRIPREME &#8211; BOJAN UN\u010cANIN: NOVO DOKAZIVANJE PODMLA\u0110ENE EKIPE\",\"datePublished\":\"2015-07-26T11:29:55+00:00\",\"dateModified\":\"2015-07-26T11:43:33+00:00\",\"mainEntityOfPage\":{\"@id\":\"https:\/\/www.prijedordanas.com\/?p=26610\"},\"wordCount\":433,\"publisher\":{\"@id\":\"https:\/\/www.prijedordanas.com\/#organization\"},\"keywords\":[\"po\u010detak\",\"pripreme\",\"RK Prijedor\"],\"articleSection\":[\"Sport\"],\"inLanguage\":\"en-US\"},{\"@type\":\"WebPage\",\"@id\":\"https:\/\/www.prijedordanas.com\/?p=26610\",\"url\":\"https:\/\/www.prijedordanas.com\/?p=26610\",\"name\":\"RUKOMETA\u0160I PRIJEDORA PO\u010cELI PRIPREME - BOJAN UN\u010cANIN: NOVO DOKAZIVANJE PODMLA\u0110ENE EKIPE - PrijedorDanas.com - Prijedorski gradski portal\",\"isPartOf\":{\"@id\":\"https:\/\/www.prijedordanas.com\/#website\"},\"datePublished\":\"2015-07-26T11:29:55+00:00\",\"dateModified\":\"2015-07-26T11:43:33+00:00\",\"breadcrumb\":{\"@id\":\"https:\/\/www.prijedordanas.com\/?p=26610#breadcrumb\"},\"inLanguage\":\"en-US\",\"potentialAction\":[{\"@type\":\"ReadAction\",\"target\":[\"https:\/\/www.prijedordanas.com\/?p=26610\"]}]},{\"@type\":\"BreadcrumbList\",\"@id\":\"https:\/\/www.prijedordanas.com\/?p=26610#breadcrumb\",\"itemListElement\":[{\"@type\":\"ListItem\",\"position\":1,\"name\":\"Home\",\"item\":\"https:\/\/www.prijedordanas.com\/\"},{\"@type\":\"ListItem\",\"position\":2,\"name\":\"RUKOMETA\u0160I PRIJEDORA PO\u010cELI PRIPREME &#8211; BOJAN UN\u010cANIN: NOVO DOKAZIVANJE PODMLA\u0110ENE EKIPE\"}]},{\"@type\":\"WebSite\",\"@id\":\"https:\/\/www.prijedordanas.com\/#website\",\"url\":\"https:\/\/www.prijedordanas.com\/\",\"name\":\"PrijedorDanas.com - Prijedorski gradski portal\",\"description\":\"Portal o doga\u0111anjima u gradu Prijedoru\",\"publisher\":{\"@id\":\"https:\/\/www.prijedordanas.com\/#organization\"},\"potentialAction\":[{\"@type\":\"SearchAction\",\"target\":{\"@type\":\"EntryPoint\",\"urlTemplate\":\"https:\/\/www.prijedordanas.com\/?s={search_term_string}\"},\"query-input\":\"required name=search_term_string\"}],\"inLanguage\":\"en-US\"},{\"@type\":\"Organization\",\"@id\":\"https:\/\/www.prijedordanas.com\/#organization\",\"name\":\"PrijedorDanas.com\",\"url\":\"https:\/\/www.prijedordanas.com\/\",\"logo\":{\"@type\":\"ImageObject\",\"inLanguage\":\"en-US\",\"@id\":\"https:\/\/www.prijedordanas.com\/#\/schema\/logo\/image\/\",\"url\":\"http:\/\/www.prijedordanas.com\/wp-content\/uploads\/2021\/12\/logopng.png\",\"contentUrl\":\"http:\/\/www.prijedordanas.com\/wp-content\/uploads\/2021\/12\/logopng.png\",\"width\":1019,\"height\":776,\"caption\":\"PrijedorDanas.com\"},\"image\":{\"@id\":\"https:\/\/www.prijedordanas.com\/#\/schema\/logo\/image\/\"},\"sameAs\":[\"https:\/\/www.facebook.com\/PrijedorDanasCom\/\"]},{\"@type\":\"Person\",\"@id\":\"https:\/\/www.prijedordanas.com\/#\/schema\/person\/4e08ccf29b506ca916ff86d46bb700e6\",\"name\":\"admin\",\"image\":{\"@type\":\"ImageObject\",\"inLanguage\":\"en-US\",\"@id\":\"https:\/\/www.prijedordanas.com\/#\/schema\/person\/image\/\",\"url\":\"https:\/\/secure.gravatar.com\/avatar\/1d3fc949d550f0b53a5f0d51e06dfd79?s=96&d=mm&r=g\",\"contentUrl\":\"https:\/\/secure.gravatar.com\/avatar\/1d3fc949d550f0b53a5f0d51e06dfd79?s=96&d=mm&r=g\",\"caption\":\"admin\"},\"url\":\"https:\/\/www.prijedordanas.com\/?author=1\"}]}<\/script>\n<!-- \/ Yoast SEO plugin. -->","yoast_head_json":{"title":"RUKOMETA\u0160I PRIJEDORA PO\u010cELI PRIPREME - BOJAN UN\u010cANIN: NOVO DOKAZIVANJE PODMLA\u0110ENE EKIPE - PrijedorDanas.com - Prijedorski gradski portal","robots":{"index":"index","follow":"follow","max-snippet":"max-snippet:-1","max-image-preview":"max-image-preview:large","max-video-preview":"max-video-preview:-1"},"canonical":"https:\/\/www.prijedordanas.com\/?p=26610","og_locale":"en_US","og_type":"article","og_title":"RUKOMETA\u0160I PRIJEDORA PO\u010cELI PRIPREME - BOJAN UN\u010cANIN: NOVO DOKAZIVANJE PODMLA\u0110ENE EKIPE - PrijedorDanas.com - Prijedorski gradski portal","og_description":"Prozivkom u sportskoj dvorani \u201eMladost\u201c u gradu na rijeci Sani, rukometa\u0161i Prijedora po\u010deli su pripreme za narednu sezonu u Premijer ligi Bosne i Hercegovine. Dvadesetorici kandidata za prvu postavu obratio [&hellip;]","og_url":"https:\/\/www.prijedordanas.com\/?p=26610","og_site_name":"PrijedorDanas.com - Prijedorski gradski portal","article_publisher":"https:\/\/www.facebook.com\/PrijedorDanasCom\/","article_published_time":"2015-07-26T11:29:55+00:00","article_modified_time":"2015-07-26T11:43:33+00:00","og_image":[{"url":"https:\/\/www.prijedordanas.com\/wp-content\/uploads\/2015\/07\/rk-prijedor-pocetak-priprema-1-300x199.jpg"}],"author":"admin","twitter_card":"summary_large_image","twitter_misc":{"Written by":"admin","Est. reading time":"2 minutes"},"schema":{"@context":"https:\/\/schema.org","@graph":[{"@type":"Article","@id":"https:\/\/www.prijedordanas.com\/?p=26610#article","isPartOf":{"@id":"https:\/\/www.prijedordanas.com\/?p=26610"},"author":{"name":"admin","@id":"https:\/\/www.prijedordanas.com\/#\/schema\/person\/4e08ccf29b506ca916ff86d46bb700e6"},"headline":"RUKOMETA\u0160I PRIJEDORA PO\u010cELI PRIPREME &#8211; BOJAN UN\u010cANIN: NOVO DOKAZIVANJE PODMLA\u0110ENE EKIPE","datePublished":"2015-07-26T11:29:55+00:00","dateModified":"2015-07-26T11:43:33+00:00","mainEntityOfPage":{"@id":"https:\/\/www.prijedordanas.com\/?p=26610"},"wordCount":433,"publisher":{"@id":"https:\/\/www.prijedordanas.com\/#organization"},"keywords":["po\u010detak","pripreme","RK Prijedor"],"articleSection":["Sport"],"inLanguage":"en-US"},{"@type":"WebPage","@id":"https:\/\/www.prijedordanas.com\/?p=26610","url":"https:\/\/www.prijedordanas.com\/?p=26610","name":"RUKOMETA\u0160I PRIJEDORA PO\u010cELI PRIPREME - BOJAN UN\u010cANIN: NOVO DOKAZIVANJE PODMLA\u0110ENE EKIPE - PrijedorDanas.com - Prijedorski gradski portal","isPartOf":{"@id":"https:\/\/www.prijedordanas.com\/#website"},"datePublished":"2015-07-26T11:29:55+00:00","dateModified":"2015-07-26T11:43:33+00:00","breadcrumb":{"@id":"https:\/\/www.prijedordanas.com\/?p=26610#breadcrumb"},"inLanguage":"en-US","potentialAction":[{"@type":"ReadAction","target":["https:\/\/www.prijedordanas.com\/?p=26610"]}]},{"@type":"BreadcrumbList","@id":"https:\/\/www.prijedordanas.com\/?p=26610#breadcrumb","itemListElement":[{"@type":"ListItem","position":1,"name":"Home","item":"https:\/\/www.prijedordanas.com\/"},{"@type":"ListItem","position":2,"name":"RUKOMETA\u0160I PRIJEDORA PO\u010cELI PRIPREME &#8211; BOJAN UN\u010cANIN: NOVO DOKAZIVANJE PODMLA\u0110ENE EKIPE"}]},{"@type":"WebSite","@id":"https:\/\/www.prijedordanas.com\/#website","url":"https:\/\/www.prijedordanas.com\/","name":"PrijedorDanas.com - Prijedorski gradski portal","description":"Portal o doga\u0111anjima u gradu Prijedoru","publisher":{"@id":"https:\/\/www.prijedordanas.com\/#organization"},"potentialAction":[{"@type":"SearchAction","target":{"@type":"EntryPoint","urlTemplate":"https:\/\/www.prijedordanas.com\/?s={search_term_string}"},"query-input":"required name=search_term_string"}],"inLanguage":"en-US"},{"@type":"Organization","@id":"https:\/\/www.prijedordanas.com\/#organization","name":"PrijedorDanas.com","url":"https:\/\/www.prijedordanas.com\/","logo":{"@type":"ImageObject","inLanguage":"en-US","@id":"https:\/\/www.prijedordanas.com\/#\/schema\/logo\/image\/","url":"http:\/\/www.prijedordanas.com\/wp-content\/uploads\/2021\/12\/logopng.png","contentUrl":"http:\/\/www.prijedordanas.com\/wp-content\/uploads\/2021\/12\/logopng.png","width":1019,"height":776,"caption":"PrijedorDanas.com"},"image":{"@id":"https:\/\/www.prijedordanas.com\/#\/schema\/logo\/image\/"},"sameAs":["https:\/\/www.facebook.com\/PrijedorDanasCom\/"]},{"@type":"Person","@id":"https:\/\/www.prijedordanas.com\/#\/schema\/person\/4e08ccf29b506ca916ff86d46bb700e6","name":"admin","image":{"@type":"ImageObject","inLanguage":"en-US","@id":"https:\/\/www.prijedordanas.com\/#\/schema\/person\/image\/","url":"https:\/\/secure.gravatar.com\/avatar\/1d3fc949d550f0b53a5f0d51e06dfd79?s=96&d=mm&r=g","contentUrl":"https:\/\/secure.gravatar.com\/avatar\/1d3fc949d550f0b53a5f0d51e06dfd79?s=96&d=mm&r=g","caption":"admin"},"url":"https:\/\/www.prijedordanas.com\/?author=1"}]}},"_links":{"self":[{"href":"https:\/\/www.prijedordanas.com\/index.php?rest_route=\/wp\/v2\/posts\/26610"}],"collection":[{"href":"https:\/\/www.prijedordanas.com\/index.php?rest_route=\/wp\/v2\/posts"}],"about":[{"href":"https:\/\/www.prijedordanas.com\/index.php?rest_route=\/wp\/v2\/types\/post"}],"author":[{"embeddable":true,"href":"https:\/\/www.prijedordanas.com\/index.php?rest_route=\/wp\/v2\/users\/1"}],"replies":[{"embeddable":true,"href":"https:\/\/www.prijedordanas.com\/index.php?rest_route=%2Fwp%2Fv2%2Fcomments&post=26610"}],"version-history":[{"count":2,"href":"https:\/\/www.prijedordanas.com\/index.php?rest_route=\/wp\/v2\/posts\/26610\/revisions"}],"predecessor-version":[{"id":26615,"href":"https:\/\/www.prijedordanas.com\/index.php?rest_route=\/wp\/v2\/posts\/26610\/revisions\/26615"}],"wp:attachment":[{"href":"https:\/\/www.prijedordanas.com\/index.php?rest_route=%2Fwp%2Fv2%2Fmedia&parent=26610"}],"wp:term":[{"taxonomy":"category","embeddable":true,"href":"https:\/\/www.prijedordanas.com\/index.php?rest_route=%2Fwp%2Fv2%2Fcategories&post=26610"},{"taxonomy":"post_tag","embeddable":true,"href":"https:\/\/www.prijedordanas.com\/index.php?rest_route=%2Fwp%2Fv2%2Ftags&post=26610"}],"curies":[{"name":"wp","href":"https:\/\/api.w.org\/{rel}","templated":true}]}}