{"id":264679,"date":"2026-03-13T13:26:56","date_gmt":"2026-03-13T12:26:56","guid":{"rendered":"https:\/\/www.prijedordanas.com\/?p=264679"},"modified":"2026-03-13T13:26:56","modified_gmt":"2026-03-13T12:26:56","slug":"ognjenovic-ceka-nas-teska-utakmica-sa-velezom-video","status":"publish","type":"post","link":"https:\/\/www.prijedordanas.com\/?p=264679","title":{"rendered":"Ognjenovi\u0107: \u010ceka nas te\u0161ka utakmica sa &#8220;Vele\u017eom&#8221; &#8211; VIDEO"},"content":{"rendered":"<p><a href=\"https:\/\/www.prijedordanas.com\/wp-content\/uploads\/2026\/03\/kozarski-ognjenovic-utakmica-velez-najava.jpg\"><img loading=\"lazy\" decoding=\"async\" src=\"https:\/\/www.prijedordanas.com\/wp-content\/uploads\/2026\/03\/kozarski-ognjenovic-utakmica-velez-najava-300x225.jpg\" alt=\"\" width=\"300\" height=\"225\" class=\"alignleft size-medium wp-image-264680\" srcset=\"https:\/\/www.prijedordanas.com\/wp-content\/uploads\/2026\/03\/kozarski-ognjenovic-utakmica-velez-najava-300x225.jpg 300w, https:\/\/www.prijedordanas.com\/wp-content\/uploads\/2026\/03\/kozarski-ognjenovic-utakmica-velez-najava-640x480.jpg 640w, https:\/\/www.prijedordanas.com\/wp-content\/uploads\/2026\/03\/kozarski-ognjenovic-utakmica-velez-najava.jpg 667w\" sizes=\"(max-width: 300px) 100vw, 300px\" \/><\/a>U okviru 25. kola Wwin lige BiH, fudbaleri \u201cRudar-Prijedora\u201d, u nedjelju, 15. marta, na doma\u0107em terenu do\u010dekuju ekipu \u201cVele\u017ea\u201d iz Mostara. <\/p>\n<p>Prijedor\u010dani poru\u010duju da \u0107e u\u010diniti sve kako bi pred svojim navija\u010dima pru\u017eili dobru partiju i ostvarili dodatne bodove. <\/p>\n<p>O\u010dekuju i podr\u0161ku sa tribina.<\/p>\n<p>\u201cDolazi nam ekipa koja je u izuzetno dobroj takmi\u010darskoj formi. Rezultati to pokazuju. U na\u0161em prvenstvu nema vi\u0161e tajni, svi smo sve upoznali, naro\u010dito ovaj format od 10 ekipa, koji da ka\u017eem, otkriva sve. Znamo da nas \u010deka te\u0161ka utakmica, zato se najbolje mogu\u0107e spremamo za nju\u201d, istakao je na dana\u0161njoj konferenciji za novinare Perica Ognjenovi\u0107, trener FK \u201cRudar-Prijedor\u201d.<\/p>\n<p>Utakmica \u0107e biti odigrana na Gradskom stadionu, u 20.00 \u010dasova.<\/p>\n<p><a href=\"https:\/\/kozarski.com\/ognjenovic-ceka-nas-teska-utakmica-sa-velezom\/\" rel=\"noopener\" target=\"_blank\">kozarski.com<\/a><\/p>\n<p><iframe loading=\"lazy\" title=\"FK &quot;RUDAR-PRIJEDOR&quot; DO\u010cEKUJE FK &quot;VELE\u017d&quot;\" width=\"500\" height=\"281\" src=\"https:\/\/www.youtube.com\/embed\/8ftX8C-5FBI?feature=oembed\" frameborder=\"0\" allow=\"accelerometer; autoplay; clipboard-write; encrypted-media; gyroscope; picture-in-picture; web-share\" referrerpolicy=\"strict-origin-when-cross-origin\" allowfullscreen><\/iframe><\/p>\n","protected":false},"excerpt":{"rendered":"<p>U okviru 25. kola Wwin lige BiH, fudbaleri \u201cRudar-Prijedora\u201d, u nedjelju, 15. marta, na doma\u0107em terenu do\u010dekuju ekipu \u201cVele\u017ea\u201d iz Mostara. Prijedor\u010dani poru\u010duju da \u0107e u\u010diniti sve kako bi pred [&hellip;]<\/p>\n","protected":false},"author":1,"featured_media":0,"comment_status":"closed","ping_status":"open","sticky":false,"template":"","format":"standard","meta":{"_monsterinsights_skip_tracking":false,"_monsterinsights_sitenote_active":false,"_monsterinsights_sitenote_note":"","_monsterinsights_sitenote_category":0,"footnotes":""},"categories":[7],"tags":[],"yoast_head":"<!-- This site is optimized with the Yoast SEO plugin v21.6 - https:\/\/yoast.com\/wordpress\/plugins\/seo\/ -->\n<title>Ognjenovi\u0107: \u010ceka nas te\u0161ka utakmica sa &quot;Vele\u017eom&quot; - VIDEO - PrijedorDanas.com - Prijedorski gradski portal<\/title>\n<meta name=\"robots\" content=\"index, follow, max-snippet:-1, max-image-preview:large, max-video-preview:-1\" \/>\n<link rel=\"canonical\" href=\"https:\/\/www.prijedordanas.com\/?p=264679\" \/>\n<meta property=\"og:locale\" content=\"en_US\" \/>\n<meta property=\"og:type\" content=\"article\" \/>\n<meta property=\"og:title\" content=\"Ognjenovi\u0107: \u010ceka nas te\u0161ka utakmica sa &quot;Vele\u017eom&quot; - VIDEO - PrijedorDanas.com - Prijedorski gradski portal\" \/>\n<meta property=\"og:description\" content=\"U okviru 25. kola Wwin lige BiH, fudbaleri \u201cRudar-Prijedora\u201d, u nedjelju, 15. marta, na doma\u0107em terenu do\u010dekuju ekipu \u201cVele\u017ea\u201d iz Mostara. Prijedor\u010dani poru\u010duju da \u0107e u\u010diniti sve kako bi pred [&hellip;]\" \/>\n<meta property=\"og:url\" content=\"https:\/\/www.prijedordanas.com\/?p=264679\" \/>\n<meta property=\"og:site_name\" content=\"PrijedorDanas.com - Prijedorski gradski portal\" \/>\n<meta property=\"article:publisher\" content=\"https:\/\/www.facebook.com\/PrijedorDanasCom\/\" \/>\n<meta property=\"article:published_time\" content=\"2026-03-13T12:26:56+00:00\" \/>\n<meta property=\"og:image\" content=\"https:\/\/www.prijedordanas.com\/wp-content\/uploads\/2026\/03\/kozarski-ognjenovic-utakmica-velez-najava-300x225.jpg\" \/>\n<meta name=\"author\" content=\"admin\" \/>\n<meta name=\"twitter:card\" content=\"summary_large_image\" \/>\n<meta name=\"twitter:label1\" content=\"Written by\" \/>\n\t<meta name=\"twitter:data1\" content=\"admin\" \/>\n<script type=\"application\/ld+json\" class=\"yoast-schema-graph\">{\"@context\":\"https:\/\/schema.org\",\"@graph\":[{\"@type\":\"Article\",\"@id\":\"https:\/\/www.prijedordanas.com\/?p=264679#article\",\"isPartOf\":{\"@id\":\"https:\/\/www.prijedordanas.com\/?p=264679\"},\"author\":{\"name\":\"admin\",\"@id\":\"https:\/\/www.prijedordanas.com\/#\/schema\/person\/4e08ccf29b506ca916ff86d46bb700e6\"},\"headline\":\"Ognjenovi\u0107: \u010ceka nas te\u0161ka utakmica sa &#8220;Vele\u017eom&#8221; &#8211; VIDEO\",\"datePublished\":\"2026-03-13T12:26:56+00:00\",\"dateModified\":\"2026-03-13T12:26:56+00:00\",\"mainEntityOfPage\":{\"@id\":\"https:\/\/www.prijedordanas.com\/?p=264679\"},\"wordCount\":149,\"publisher\":{\"@id\":\"https:\/\/www.prijedordanas.com\/#organization\"},\"articleSection\":[\"Sport\"],\"inLanguage\":\"en-US\"},{\"@type\":\"WebPage\",\"@id\":\"https:\/\/www.prijedordanas.com\/?p=264679\",\"url\":\"https:\/\/www.prijedordanas.com\/?p=264679\",\"name\":\"Ognjenovi\u0107: \u010ceka nas te\u0161ka utakmica sa \\\"Vele\u017eom\\\" - VIDEO - PrijedorDanas.com - Prijedorski gradski portal\",\"isPartOf\":{\"@id\":\"https:\/\/www.prijedordanas.com\/#website\"},\"datePublished\":\"2026-03-13T12:26:56+00:00\",\"dateModified\":\"2026-03-13T12:26:56+00:00\",\"breadcrumb\":{\"@id\":\"https:\/\/www.prijedordanas.com\/?p=264679#breadcrumb\"},\"inLanguage\":\"en-US\",\"potentialAction\":[{\"@type\":\"ReadAction\",\"target\":[\"https:\/\/www.prijedordanas.com\/?p=264679\"]}]},{\"@type\":\"BreadcrumbList\",\"@id\":\"https:\/\/www.prijedordanas.com\/?p=264679#breadcrumb\",\"itemListElement\":[{\"@type\":\"ListItem\",\"position\":1,\"name\":\"Home\",\"item\":\"https:\/\/www.prijedordanas.com\/\"},{\"@type\":\"ListItem\",\"position\":2,\"name\":\"Ognjenovi\u0107: \u010ceka nas te\u0161ka utakmica sa &#8220;Vele\u017eom&#8221; &#8211; VIDEO\"}]},{\"@type\":\"WebSite\",\"@id\":\"https:\/\/www.prijedordanas.com\/#website\",\"url\":\"https:\/\/www.prijedordanas.com\/\",\"name\":\"PrijedorDanas.com - Prijedorski gradski portal\",\"description\":\"Portal o doga\u0111anjima u gradu Prijedoru\",\"publisher\":{\"@id\":\"https:\/\/www.prijedordanas.com\/#organization\"},\"potentialAction\":[{\"@type\":\"SearchAction\",\"target\":{\"@type\":\"EntryPoint\",\"urlTemplate\":\"https:\/\/www.prijedordanas.com\/?s={search_term_string}\"},\"query-input\":\"required name=search_term_string\"}],\"inLanguage\":\"en-US\"},{\"@type\":\"Organization\",\"@id\":\"https:\/\/www.prijedordanas.com\/#organization\",\"name\":\"PrijedorDanas.com\",\"url\":\"https:\/\/www.prijedordanas.com\/\",\"logo\":{\"@type\":\"ImageObject\",\"inLanguage\":\"en-US\",\"@id\":\"https:\/\/www.prijedordanas.com\/#\/schema\/logo\/image\/\",\"url\":\"http:\/\/www.prijedordanas.com\/wp-content\/uploads\/2021\/12\/logopng.png\",\"contentUrl\":\"http:\/\/www.prijedordanas.com\/wp-content\/uploads\/2021\/12\/logopng.png\",\"width\":1019,\"height\":776,\"caption\":\"PrijedorDanas.com\"},\"image\":{\"@id\":\"https:\/\/www.prijedordanas.com\/#\/schema\/logo\/image\/\"},\"sameAs\":[\"https:\/\/www.facebook.com\/PrijedorDanasCom\/\"]},{\"@type\":\"Person\",\"@id\":\"https:\/\/www.prijedordanas.com\/#\/schema\/person\/4e08ccf29b506ca916ff86d46bb700e6\",\"name\":\"admin\",\"image\":{\"@type\":\"ImageObject\",\"inLanguage\":\"en-US\",\"@id\":\"https:\/\/www.prijedordanas.com\/#\/schema\/person\/image\/\",\"url\":\"https:\/\/secure.gravatar.com\/avatar\/1d3fc949d550f0b53a5f0d51e06dfd79?s=96&d=mm&r=g\",\"contentUrl\":\"https:\/\/secure.gravatar.com\/avatar\/1d3fc949d550f0b53a5f0d51e06dfd79?s=96&d=mm&r=g\",\"caption\":\"admin\"},\"url\":\"https:\/\/www.prijedordanas.com\/?author=1\"}]}<\/script>\n<!-- \/ Yoast SEO plugin. -->","yoast_head_json":{"title":"Ognjenovi\u0107: \u010ceka nas te\u0161ka utakmica sa \"Vele\u017eom\" - VIDEO - PrijedorDanas.com - Prijedorski gradski portal","robots":{"index":"index","follow":"follow","max-snippet":"max-snippet:-1","max-image-preview":"max-image-preview:large","max-video-preview":"max-video-preview:-1"},"canonical":"https:\/\/www.prijedordanas.com\/?p=264679","og_locale":"en_US","og_type":"article","og_title":"Ognjenovi\u0107: \u010ceka nas te\u0161ka utakmica sa \"Vele\u017eom\" - VIDEO - PrijedorDanas.com - Prijedorski gradski portal","og_description":"U okviru 25. kola Wwin lige BiH, fudbaleri \u201cRudar-Prijedora\u201d, u nedjelju, 15. marta, na doma\u0107em terenu do\u010dekuju ekipu \u201cVele\u017ea\u201d iz Mostara. Prijedor\u010dani poru\u010duju da \u0107e u\u010diniti sve kako bi pred [&hellip;]","og_url":"https:\/\/www.prijedordanas.com\/?p=264679","og_site_name":"PrijedorDanas.com - Prijedorski gradski portal","article_publisher":"https:\/\/www.facebook.com\/PrijedorDanasCom\/","article_published_time":"2026-03-13T12:26:56+00:00","og_image":[{"url":"https:\/\/www.prijedordanas.com\/wp-content\/uploads\/2026\/03\/kozarski-ognjenovic-utakmica-velez-najava-300x225.jpg"}],"author":"admin","twitter_card":"summary_large_image","twitter_misc":{"Written by":"admin"},"schema":{"@context":"https:\/\/schema.org","@graph":[{"@type":"Article","@id":"https:\/\/www.prijedordanas.com\/?p=264679#article","isPartOf":{"@id":"https:\/\/www.prijedordanas.com\/?p=264679"},"author":{"name":"admin","@id":"https:\/\/www.prijedordanas.com\/#\/schema\/person\/4e08ccf29b506ca916ff86d46bb700e6"},"headline":"Ognjenovi\u0107: \u010ceka nas te\u0161ka utakmica sa &#8220;Vele\u017eom&#8221; &#8211; VIDEO","datePublished":"2026-03-13T12:26:56+00:00","dateModified":"2026-03-13T12:26:56+00:00","mainEntityOfPage":{"@id":"https:\/\/www.prijedordanas.com\/?p=264679"},"wordCount":149,"publisher":{"@id":"https:\/\/www.prijedordanas.com\/#organization"},"articleSection":["Sport"],"inLanguage":"en-US"},{"@type":"WebPage","@id":"https:\/\/www.prijedordanas.com\/?p=264679","url":"https:\/\/www.prijedordanas.com\/?p=264679","name":"Ognjenovi\u0107: \u010ceka nas te\u0161ka utakmica sa \"Vele\u017eom\" - VIDEO - PrijedorDanas.com - Prijedorski gradski portal","isPartOf":{"@id":"https:\/\/www.prijedordanas.com\/#website"},"datePublished":"2026-03-13T12:26:56+00:00","dateModified":"2026-03-13T12:26:56+00:00","breadcrumb":{"@id":"https:\/\/www.prijedordanas.com\/?p=264679#breadcrumb"},"inLanguage":"en-US","potentialAction":[{"@type":"ReadAction","target":["https:\/\/www.prijedordanas.com\/?p=264679"]}]},{"@type":"BreadcrumbList","@id":"https:\/\/www.prijedordanas.com\/?p=264679#breadcrumb","itemListElement":[{"@type":"ListItem","position":1,"name":"Home","item":"https:\/\/www.prijedordanas.com\/"},{"@type":"ListItem","position":2,"name":"Ognjenovi\u0107: \u010ceka nas te\u0161ka utakmica sa &#8220;Vele\u017eom&#8221; &#8211; VIDEO"}]},{"@type":"WebSite","@id":"https:\/\/www.prijedordanas.com\/#website","url":"https:\/\/www.prijedordanas.com\/","name":"PrijedorDanas.com - Prijedorski gradski portal","description":"Portal o doga\u0111anjima u gradu Prijedoru","publisher":{"@id":"https:\/\/www.prijedordanas.com\/#organization"},"potentialAction":[{"@type":"SearchAction","target":{"@type":"EntryPoint","urlTemplate":"https:\/\/www.prijedordanas.com\/?s={search_term_string}"},"query-input":"required name=search_term_string"}],"inLanguage":"en-US"},{"@type":"Organization","@id":"https:\/\/www.prijedordanas.com\/#organization","name":"PrijedorDanas.com","url":"https:\/\/www.prijedordanas.com\/","logo":{"@type":"ImageObject","inLanguage":"en-US","@id":"https:\/\/www.prijedordanas.com\/#\/schema\/logo\/image\/","url":"http:\/\/www.prijedordanas.com\/wp-content\/uploads\/2021\/12\/logopng.png","contentUrl":"http:\/\/www.prijedordanas.com\/wp-content\/uploads\/2021\/12\/logopng.png","width":1019,"height":776,"caption":"PrijedorDanas.com"},"image":{"@id":"https:\/\/www.prijedordanas.com\/#\/schema\/logo\/image\/"},"sameAs":["https:\/\/www.facebook.com\/PrijedorDanasCom\/"]},{"@type":"Person","@id":"https:\/\/www.prijedordanas.com\/#\/schema\/person\/4e08ccf29b506ca916ff86d46bb700e6","name":"admin","image":{"@type":"ImageObject","inLanguage":"en-US","@id":"https:\/\/www.prijedordanas.com\/#\/schema\/person\/image\/","url":"https:\/\/secure.gravatar.com\/avatar\/1d3fc949d550f0b53a5f0d51e06dfd79?s=96&d=mm&r=g","contentUrl":"https:\/\/secure.gravatar.com\/avatar\/1d3fc949d550f0b53a5f0d51e06dfd79?s=96&d=mm&r=g","caption":"admin"},"url":"https:\/\/www.prijedordanas.com\/?author=1"}]}},"_links":{"self":[{"href":"https:\/\/www.prijedordanas.com\/index.php?rest_route=\/wp\/v2\/posts\/264679"}],"collection":[{"href":"https:\/\/www.prijedordanas.com\/index.php?rest_route=\/wp\/v2\/posts"}],"about":[{"href":"https:\/\/www.prijedordanas.com\/index.php?rest_route=\/wp\/v2\/types\/post"}],"author":[{"embeddable":true,"href":"https:\/\/www.prijedordanas.com\/index.php?rest_route=\/wp\/v2\/users\/1"}],"replies":[{"embeddable":true,"href":"https:\/\/www.prijedordanas.com\/index.php?rest_route=%2Fwp%2Fv2%2Fcomments&post=264679"}],"version-history":[{"count":1,"href":"https:\/\/www.prijedordanas.com\/index.php?rest_route=\/wp\/v2\/posts\/264679\/revisions"}],"predecessor-version":[{"id":264681,"href":"https:\/\/www.prijedordanas.com\/index.php?rest_route=\/wp\/v2\/posts\/264679\/revisions\/264681"}],"wp:attachment":[{"href":"https:\/\/www.prijedordanas.com\/index.php?rest_route=%2Fwp%2Fv2%2Fmedia&parent=264679"}],"wp:term":[{"taxonomy":"category","embeddable":true,"href":"https:\/\/www.prijedordanas.com\/index.php?rest_route=%2Fwp%2Fv2%2Fcategories&post=264679"},{"taxonomy":"post_tag","embeddable":true,"href":"https:\/\/www.prijedordanas.com\/index.php?rest_route=%2Fwp%2Fv2%2Ftags&post=264679"}],"curies":[{"name":"wp","href":"https:\/\/api.w.org\/{rel}","templated":true}]}}