{"id":264578,"date":"2026-03-11T17:46:49","date_gmt":"2026-03-11T16:46:49","guid":{"rendered":"https:\/\/www.prijedordanas.com\/?p=264578"},"modified":"2026-03-11T17:46:49","modified_gmt":"2026-03-11T16:46:49","slug":"gradska-uprava-prijedor-nema-neizmirenih-obaveza-za-zdravstveno-osiguranje","status":"publish","type":"post","link":"https:\/\/www.prijedordanas.com\/?p=264578","title":{"rendered":"Gradska uprava Prijedor: Nema neizmirenih obaveza za zdravstveno osiguranje"},"content":{"rendered":"<p><a href=\"https:\/\/www.prijedordanas.com\/wp-content\/uploads\/2025\/04\/gradska-uprava-pd-mart-2025-2.jpg\"><img loading=\"lazy\" decoding=\"async\" src=\"https:\/\/www.prijedordanas.com\/wp-content\/uploads\/2025\/04\/gradska-uprava-pd-mart-2025-2-300x225.jpg\" alt=\"\" width=\"300\" height=\"225\" class=\"alignleft size-medium wp-image-244538\" srcset=\"https:\/\/www.prijedordanas.com\/wp-content\/uploads\/2025\/04\/gradska-uprava-pd-mart-2025-2-300x225.jpg 300w, https:\/\/www.prijedordanas.com\/wp-content\/uploads\/2025\/04\/gradska-uprava-pd-mart-2025-2-640x480.jpg 640w, https:\/\/www.prijedordanas.com\/wp-content\/uploads\/2025\/04\/gradska-uprava-pd-mart-2025-2.jpg 667w\" sizes=\"(max-width: 300px) 100vw, 300px\" \/><\/a>Grad Prijedor na vrijeme uplac\u0301uje poreze i sve doprinose za zaposlene u Gradskoj upravi, kao i sve ni\u017ee bud\u017eetske korisnike, dok kod zdravstvenog osiguranja mo\u017ee da se eventualno pojavi problem usljed pogre\u0161nog rasknji\u017eavanja ili slu\u010dajne uplate pogre\u0161ne vrste prihoda, saop\u0161teno je iz Odjeljenja za finansije. <\/p>\n<p>Na zahtjev Razvojne agencije &#8220;Preda&#8221; da joj dostavi informaciju o uplati doprinosa, Odjeljenje je tom prilikom utvrdilo da je za novembar pro\u0161le godine uplac\u0301ena pogre\u0161na vrsta prihoda, odnosno umjesto na \u0161ifru doprinosa, uplac\u0301eno je na \u0161ifru poreza. <\/p>\n<p>&#8220;S obzirom na to da se sve uplate vr\u0161e na bud\u017eet Republike, ovaj problem je lako rje\u0161iv. Potrebno je Poreskoj upravi predati zahtjev za preknji\u017eavanje sa jedne vrste prihoda na drugu i, kad se to izvr\u0161i, bic\u0301e vidljiva uplata za doprinose zdravstvenog osiguranja&#8221;, pojasnili su u Odjeljenju za finansije. <\/p>\n<p>U Odjeljenju navode da bud\u017eet grada Prijedora nema neizmirenih obaveza po osnovu doprinosa. <\/p>\n<p>SRNA<br \/>\nFoto &#8211; ilustracija<\/p>\n","protected":false},"excerpt":{"rendered":"<p>Grad Prijedor na vrijeme uplac\u0301uje poreze i sve doprinose za zaposlene u Gradskoj upravi, kao i sve ni\u017ee bud\u017eetske korisnike, dok kod zdravstvenog osiguranja mo\u017ee da se eventualno pojavi problem [&hellip;]<\/p>\n","protected":false},"author":1,"featured_media":0,"comment_status":"closed","ping_status":"open","sticky":false,"template":"","format":"standard","meta":{"_monsterinsights_skip_tracking":false,"_monsterinsights_sitenote_active":false,"_monsterinsights_sitenote_note":"","_monsterinsights_sitenote_category":0,"footnotes":""},"categories":[8],"tags":[],"yoast_head":"<!-- This site is optimized with the Yoast SEO plugin v21.6 - https:\/\/yoast.com\/wordpress\/plugins\/seo\/ -->\n<title>Gradska uprava Prijedor: Nema neizmirenih obaveza za zdravstveno osiguranje - PrijedorDanas.com - Prijedorski gradski portal<\/title>\n<meta name=\"robots\" content=\"index, follow, max-snippet:-1, max-image-preview:large, max-video-preview:-1\" \/>\n<link rel=\"canonical\" href=\"https:\/\/www.prijedordanas.com\/?p=264578\" \/>\n<meta property=\"og:locale\" content=\"en_US\" \/>\n<meta property=\"og:type\" content=\"article\" \/>\n<meta property=\"og:title\" content=\"Gradska uprava Prijedor: Nema neizmirenih obaveza za zdravstveno osiguranje - PrijedorDanas.com - Prijedorski gradski portal\" \/>\n<meta property=\"og:description\" content=\"Grad Prijedor na vrijeme uplac\u0301uje poreze i sve doprinose za zaposlene u Gradskoj upravi, kao i sve ni\u017ee bud\u017eetske korisnike, dok kod zdravstvenog osiguranja mo\u017ee da se eventualno pojavi problem [&hellip;]\" \/>\n<meta property=\"og:url\" content=\"https:\/\/www.prijedordanas.com\/?p=264578\" \/>\n<meta property=\"og:site_name\" content=\"PrijedorDanas.com - Prijedorski gradski portal\" \/>\n<meta property=\"article:publisher\" content=\"https:\/\/www.facebook.com\/PrijedorDanasCom\/\" \/>\n<meta property=\"article:published_time\" content=\"2026-03-11T16:46:49+00:00\" \/>\n<meta property=\"og:image\" content=\"https:\/\/www.prijedordanas.com\/wp-content\/uploads\/2025\/04\/gradska-uprava-pd-mart-2025-2-300x225.jpg\" \/>\n<meta name=\"author\" content=\"admin\" \/>\n<meta name=\"twitter:card\" content=\"summary_large_image\" \/>\n<meta name=\"twitter:label1\" content=\"Written by\" \/>\n\t<meta name=\"twitter:data1\" content=\"admin\" \/>\n<script type=\"application\/ld+json\" class=\"yoast-schema-graph\">{\"@context\":\"https:\/\/schema.org\",\"@graph\":[{\"@type\":\"Article\",\"@id\":\"https:\/\/www.prijedordanas.com\/?p=264578#article\",\"isPartOf\":{\"@id\":\"https:\/\/www.prijedordanas.com\/?p=264578\"},\"author\":{\"name\":\"admin\",\"@id\":\"https:\/\/www.prijedordanas.com\/#\/schema\/person\/4e08ccf29b506ca916ff86d46bb700e6\"},\"headline\":\"Gradska uprava Prijedor: Nema neizmirenih obaveza za zdravstveno osiguranje\",\"datePublished\":\"2026-03-11T16:46:49+00:00\",\"dateModified\":\"2026-03-11T16:46:49+00:00\",\"mainEntityOfPage\":{\"@id\":\"https:\/\/www.prijedordanas.com\/?p=264578\"},\"wordCount\":177,\"publisher\":{\"@id\":\"https:\/\/www.prijedordanas.com\/#organization\"},\"articleSection\":[\"Svakodnevno\"],\"inLanguage\":\"en-US\"},{\"@type\":\"WebPage\",\"@id\":\"https:\/\/www.prijedordanas.com\/?p=264578\",\"url\":\"https:\/\/www.prijedordanas.com\/?p=264578\",\"name\":\"Gradska uprava Prijedor: Nema neizmirenih obaveza za zdravstveno osiguranje - PrijedorDanas.com - Prijedorski gradski portal\",\"isPartOf\":{\"@id\":\"https:\/\/www.prijedordanas.com\/#website\"},\"datePublished\":\"2026-03-11T16:46:49+00:00\",\"dateModified\":\"2026-03-11T16:46:49+00:00\",\"breadcrumb\":{\"@id\":\"https:\/\/www.prijedordanas.com\/?p=264578#breadcrumb\"},\"inLanguage\":\"en-US\",\"potentialAction\":[{\"@type\":\"ReadAction\",\"target\":[\"https:\/\/www.prijedordanas.com\/?p=264578\"]}]},{\"@type\":\"BreadcrumbList\",\"@id\":\"https:\/\/www.prijedordanas.com\/?p=264578#breadcrumb\",\"itemListElement\":[{\"@type\":\"ListItem\",\"position\":1,\"name\":\"Home\",\"item\":\"https:\/\/www.prijedordanas.com\/\"},{\"@type\":\"ListItem\",\"position\":2,\"name\":\"Gradska uprava Prijedor: Nema neizmirenih obaveza za zdravstveno osiguranje\"}]},{\"@type\":\"WebSite\",\"@id\":\"https:\/\/www.prijedordanas.com\/#website\",\"url\":\"https:\/\/www.prijedordanas.com\/\",\"name\":\"PrijedorDanas.com - Prijedorski gradski portal\",\"description\":\"Portal o doga\u0111anjima u gradu Prijedoru\",\"publisher\":{\"@id\":\"https:\/\/www.prijedordanas.com\/#organization\"},\"potentialAction\":[{\"@type\":\"SearchAction\",\"target\":{\"@type\":\"EntryPoint\",\"urlTemplate\":\"https:\/\/www.prijedordanas.com\/?s={search_term_string}\"},\"query-input\":\"required name=search_term_string\"}],\"inLanguage\":\"en-US\"},{\"@type\":\"Organization\",\"@id\":\"https:\/\/www.prijedordanas.com\/#organization\",\"name\":\"PrijedorDanas.com\",\"url\":\"https:\/\/www.prijedordanas.com\/\",\"logo\":{\"@type\":\"ImageObject\",\"inLanguage\":\"en-US\",\"@id\":\"https:\/\/www.prijedordanas.com\/#\/schema\/logo\/image\/\",\"url\":\"http:\/\/www.prijedordanas.com\/wp-content\/uploads\/2021\/12\/logopng.png\",\"contentUrl\":\"http:\/\/www.prijedordanas.com\/wp-content\/uploads\/2021\/12\/logopng.png\",\"width\":1019,\"height\":776,\"caption\":\"PrijedorDanas.com\"},\"image\":{\"@id\":\"https:\/\/www.prijedordanas.com\/#\/schema\/logo\/image\/\"},\"sameAs\":[\"https:\/\/www.facebook.com\/PrijedorDanasCom\/\"]},{\"@type\":\"Person\",\"@id\":\"https:\/\/www.prijedordanas.com\/#\/schema\/person\/4e08ccf29b506ca916ff86d46bb700e6\",\"name\":\"admin\",\"image\":{\"@type\":\"ImageObject\",\"inLanguage\":\"en-US\",\"@id\":\"https:\/\/www.prijedordanas.com\/#\/schema\/person\/image\/\",\"url\":\"https:\/\/secure.gravatar.com\/avatar\/1d3fc949d550f0b53a5f0d51e06dfd79?s=96&d=mm&r=g\",\"contentUrl\":\"https:\/\/secure.gravatar.com\/avatar\/1d3fc949d550f0b53a5f0d51e06dfd79?s=96&d=mm&r=g\",\"caption\":\"admin\"},\"url\":\"https:\/\/www.prijedordanas.com\/?author=1\"}]}<\/script>\n<!-- \/ Yoast SEO plugin. -->","yoast_head_json":{"title":"Gradska uprava Prijedor: Nema neizmirenih obaveza za zdravstveno osiguranje - PrijedorDanas.com - Prijedorski gradski portal","robots":{"index":"index","follow":"follow","max-snippet":"max-snippet:-1","max-image-preview":"max-image-preview:large","max-video-preview":"max-video-preview:-1"},"canonical":"https:\/\/www.prijedordanas.com\/?p=264578","og_locale":"en_US","og_type":"article","og_title":"Gradska uprava Prijedor: Nema neizmirenih obaveza za zdravstveno osiguranje - PrijedorDanas.com - Prijedorski gradski portal","og_description":"Grad Prijedor na vrijeme uplac\u0301uje poreze i sve doprinose za zaposlene u Gradskoj upravi, kao i sve ni\u017ee bud\u017eetske korisnike, dok kod zdravstvenog osiguranja mo\u017ee da se eventualno pojavi problem [&hellip;]","og_url":"https:\/\/www.prijedordanas.com\/?p=264578","og_site_name":"PrijedorDanas.com - Prijedorski gradski portal","article_publisher":"https:\/\/www.facebook.com\/PrijedorDanasCom\/","article_published_time":"2026-03-11T16:46:49+00:00","og_image":[{"url":"https:\/\/www.prijedordanas.com\/wp-content\/uploads\/2025\/04\/gradska-uprava-pd-mart-2025-2-300x225.jpg"}],"author":"admin","twitter_card":"summary_large_image","twitter_misc":{"Written by":"admin"},"schema":{"@context":"https:\/\/schema.org","@graph":[{"@type":"Article","@id":"https:\/\/www.prijedordanas.com\/?p=264578#article","isPartOf":{"@id":"https:\/\/www.prijedordanas.com\/?p=264578"},"author":{"name":"admin","@id":"https:\/\/www.prijedordanas.com\/#\/schema\/person\/4e08ccf29b506ca916ff86d46bb700e6"},"headline":"Gradska uprava Prijedor: Nema neizmirenih obaveza za zdravstveno osiguranje","datePublished":"2026-03-11T16:46:49+00:00","dateModified":"2026-03-11T16:46:49+00:00","mainEntityOfPage":{"@id":"https:\/\/www.prijedordanas.com\/?p=264578"},"wordCount":177,"publisher":{"@id":"https:\/\/www.prijedordanas.com\/#organization"},"articleSection":["Svakodnevno"],"inLanguage":"en-US"},{"@type":"WebPage","@id":"https:\/\/www.prijedordanas.com\/?p=264578","url":"https:\/\/www.prijedordanas.com\/?p=264578","name":"Gradska uprava Prijedor: Nema neizmirenih obaveza za zdravstveno osiguranje - PrijedorDanas.com - Prijedorski gradski portal","isPartOf":{"@id":"https:\/\/www.prijedordanas.com\/#website"},"datePublished":"2026-03-11T16:46:49+00:00","dateModified":"2026-03-11T16:46:49+00:00","breadcrumb":{"@id":"https:\/\/www.prijedordanas.com\/?p=264578#breadcrumb"},"inLanguage":"en-US","potentialAction":[{"@type":"ReadAction","target":["https:\/\/www.prijedordanas.com\/?p=264578"]}]},{"@type":"BreadcrumbList","@id":"https:\/\/www.prijedordanas.com\/?p=264578#breadcrumb","itemListElement":[{"@type":"ListItem","position":1,"name":"Home","item":"https:\/\/www.prijedordanas.com\/"},{"@type":"ListItem","position":2,"name":"Gradska uprava Prijedor: Nema neizmirenih obaveza za zdravstveno osiguranje"}]},{"@type":"WebSite","@id":"https:\/\/www.prijedordanas.com\/#website","url":"https:\/\/www.prijedordanas.com\/","name":"PrijedorDanas.com - Prijedorski gradski portal","description":"Portal o doga\u0111anjima u gradu Prijedoru","publisher":{"@id":"https:\/\/www.prijedordanas.com\/#organization"},"potentialAction":[{"@type":"SearchAction","target":{"@type":"EntryPoint","urlTemplate":"https:\/\/www.prijedordanas.com\/?s={search_term_string}"},"query-input":"required name=search_term_string"}],"inLanguage":"en-US"},{"@type":"Organization","@id":"https:\/\/www.prijedordanas.com\/#organization","name":"PrijedorDanas.com","url":"https:\/\/www.prijedordanas.com\/","logo":{"@type":"ImageObject","inLanguage":"en-US","@id":"https:\/\/www.prijedordanas.com\/#\/schema\/logo\/image\/","url":"http:\/\/www.prijedordanas.com\/wp-content\/uploads\/2021\/12\/logopng.png","contentUrl":"http:\/\/www.prijedordanas.com\/wp-content\/uploads\/2021\/12\/logopng.png","width":1019,"height":776,"caption":"PrijedorDanas.com"},"image":{"@id":"https:\/\/www.prijedordanas.com\/#\/schema\/logo\/image\/"},"sameAs":["https:\/\/www.facebook.com\/PrijedorDanasCom\/"]},{"@type":"Person","@id":"https:\/\/www.prijedordanas.com\/#\/schema\/person\/4e08ccf29b506ca916ff86d46bb700e6","name":"admin","image":{"@type":"ImageObject","inLanguage":"en-US","@id":"https:\/\/www.prijedordanas.com\/#\/schema\/person\/image\/","url":"https:\/\/secure.gravatar.com\/avatar\/1d3fc949d550f0b53a5f0d51e06dfd79?s=96&d=mm&r=g","contentUrl":"https:\/\/secure.gravatar.com\/avatar\/1d3fc949d550f0b53a5f0d51e06dfd79?s=96&d=mm&r=g","caption":"admin"},"url":"https:\/\/www.prijedordanas.com\/?author=1"}]}},"_links":{"self":[{"href":"https:\/\/www.prijedordanas.com\/index.php?rest_route=\/wp\/v2\/posts\/264578"}],"collection":[{"href":"https:\/\/www.prijedordanas.com\/index.php?rest_route=\/wp\/v2\/posts"}],"about":[{"href":"https:\/\/www.prijedordanas.com\/index.php?rest_route=\/wp\/v2\/types\/post"}],"author":[{"embeddable":true,"href":"https:\/\/www.prijedordanas.com\/index.php?rest_route=\/wp\/v2\/users\/1"}],"replies":[{"embeddable":true,"href":"https:\/\/www.prijedordanas.com\/index.php?rest_route=%2Fwp%2Fv2%2Fcomments&post=264578"}],"version-history":[{"count":1,"href":"https:\/\/www.prijedordanas.com\/index.php?rest_route=\/wp\/v2\/posts\/264578\/revisions"}],"predecessor-version":[{"id":264579,"href":"https:\/\/www.prijedordanas.com\/index.php?rest_route=\/wp\/v2\/posts\/264578\/revisions\/264579"}],"wp:attachment":[{"href":"https:\/\/www.prijedordanas.com\/index.php?rest_route=%2Fwp%2Fv2%2Fmedia&parent=264578"}],"wp:term":[{"taxonomy":"category","embeddable":true,"href":"https:\/\/www.prijedordanas.com\/index.php?rest_route=%2Fwp%2Fv2%2Fcategories&post=264578"},{"taxonomy":"post_tag","embeddable":true,"href":"https:\/\/www.prijedordanas.com\/index.php?rest_route=%2Fwp%2Fv2%2Ftags&post=264578"}],"curies":[{"name":"wp","href":"https:\/\/api.w.org\/{rel}","templated":true}]}}