{"id":264535,"date":"2026-03-11T09:54:21","date_gmt":"2026-03-11T08:54:21","guid":{"rendered":"https:\/\/www.prijedordanas.com\/?p=264535"},"modified":"2026-03-11T09:54:21","modified_gmt":"2026-03-11T08:54:21","slug":"anji-jokic-iz-omarske-drugo-mjesto-na-republickom-takmicenju-iz-gimnastike-video","status":"publish","type":"post","link":"https:\/\/www.prijedordanas.com\/?p=264535","title":{"rendered":"Anji Joki\u0107 iz Omarske drugo mjesto na republi\u010dkom takmi\u010denju iz gimnastike &#8211; VIDEO"},"content":{"rendered":"<p><a href=\"https:\/\/www.prijedordanas.com\/wp-content\/uploads\/2026\/03\/kozarski-ucenici-iz-omarske-uspjesni-na-takmicenjima-1.jpg\"><img loading=\"lazy\" decoding=\"async\" class=\"alignleft size-medium wp-image-264536\" src=\"https:\/\/www.prijedordanas.com\/wp-content\/uploads\/2026\/03\/kozarski-ucenici-iz-omarske-uspjesni-na-takmicenjima-1-300x261.jpg\" alt=\"\" width=\"300\" height=\"261\" srcset=\"https:\/\/www.prijedordanas.com\/wp-content\/uploads\/2026\/03\/kozarski-ucenici-iz-omarske-uspjesni-na-takmicenjima-1-300x261.jpg 300w, https:\/\/www.prijedordanas.com\/wp-content\/uploads\/2026\/03\/kozarski-ucenici-iz-omarske-uspjesni-na-takmicenjima-1.jpg 600w\" sizes=\"(max-width: 300px) 100vw, 300px\" \/><\/a>Anja Joki\u0107, u\u010denica \u0161estog razreda Osnovne \u0161kole \u201cVuk Karad\u017ei\u0107\u201d, Omarska, osvojila je drugo mjesto na republi\u010dkom takmi\u010denju iz gimnastike.<\/p>\n<p>Ovo je samo nastavak dugogodi\u0161njih dobrih sportskih rezultata u\u010denika ove \u0161kole, a posebno su uspje\u0161ni u gimnastici i atletici.<\/p>\n<p>\u201cTreba biti fokusiran na ono \u0161to radi\u0161 i treba se ponositi onim \u0161to osvoji\u0161\u201d, isti\u010de Anja i dodaje da joj je parter ipak lak\u0161i od grede.<\/p>\n<p>Nastavnik fizi\u010dkog vaspitanja Goran Samard\u017ei\u0107 isti\u010de da je rije\u010d o izuzetnoj gimnasti\u010darki koja je davno prevazi\u0161la lokalne okvire.<\/p>\n<p>\u201cOve godine Anja je osvojila drugo mjesto na republi\u010dkom prvenstvu u Doboju, u gredi, a prije toga je bila prvak regije u dvije discipline \u2013 greda i parter. Ona je pro\u0161le i pretpro\u0161le godine tako\u0111e bila u\u010desnik republi\u010dkog finala. Posti\u017ee izuzetne rezultate i na dr\u017eavnim takmi\u010denjima\u201d, navodi Samard\u017ei\u0107.<\/p>\n<p><a href=\"https:\/\/www.prijedordanas.com\/wp-content\/uploads\/2026\/03\/kozarski-ucenici-iz-omarske-uspjesni-na-takmicenjima-2.jpg\"><img loading=\"lazy\" decoding=\"async\" class=\"alignleft size-medium wp-image-264537\" src=\"https:\/\/www.prijedordanas.com\/wp-content\/uploads\/2026\/03\/kozarski-ucenici-iz-omarske-uspjesni-na-takmicenjima-2-300x169.jpg\" alt=\"\" width=\"300\" height=\"169\" srcset=\"https:\/\/www.prijedordanas.com\/wp-content\/uploads\/2026\/03\/kozarski-ucenici-iz-omarske-uspjesni-na-takmicenjima-2-300x169.jpg 300w, https:\/\/www.prijedordanas.com\/wp-content\/uploads\/2026\/03\/kozarski-ucenici-iz-omarske-uspjesni-na-takmicenjima-2.jpg 600w\" sizes=\"(max-width: 300px) 100vw, 300px\" \/><\/a>Tu nije kraj dobrim rezultatima.<\/p>\n<p>U\u010denici Uro\u0161 Vrhovac i Jana Gavranovi\u0107 osvojili su prvo i drugo mjesto na op\u0161tinskom takmi\u010denju iz matematike, dok su Savo Vrhovac i Ivona \u017dili\u0107 bili peti i \u0161esti.<\/p>\n<p>\u201cNadao sam se dobrim rezultatima, ali sam bio iznena\u0111en prvim mjestom. Malo sam se zbunio kod petog zadatka, povr\u0161ine i obima, ali sve u svemu zadovoljan sam\u201d, ka\u017ee Uro\u0161.<\/p>\n<p>U\u010denici matematiku smatraju jednim od najte\u017eih predmeta, ali Jana Gavranovi\u0107 reda petice.<\/p>\n<p>\u201cVolim matematiku, jer bukvalno se sve mo\u017ee logi\u010dki razmisliti i uraditi\u201d, rekla je ona.<\/p>\n<p><a href=\"https:\/\/www.prijedordanas.com\/wp-content\/uploads\/2026\/03\/kozarski-ucenici-iz-omarske-uspjesni-na-takmicenjima-3.jpg\"><img loading=\"lazy\" decoding=\"async\" class=\"alignleft size-medium wp-image-264538\" src=\"https:\/\/www.prijedordanas.com\/wp-content\/uploads\/2026\/03\/kozarski-ucenici-iz-omarske-uspjesni-na-takmicenjima-3-300x169.jpg\" alt=\"\" width=\"300\" height=\"169\" srcset=\"https:\/\/www.prijedordanas.com\/wp-content\/uploads\/2026\/03\/kozarski-ucenici-iz-omarske-uspjesni-na-takmicenjima-3-300x169.jpg 300w, https:\/\/www.prijedordanas.com\/wp-content\/uploads\/2026\/03\/kozarski-ucenici-iz-omarske-uspjesni-na-takmicenjima-3.jpg 600w\" sizes=\"(max-width: 300px) 100vw, 300px\" \/><\/a>Zadovoljne svojim \u0111acima bile su nastavnica matematike Milica Zori\u0107 i u\u010diteljica Vesna Gavranovi\u0107.<\/p>\n<p>\u201cNaravno da sam zadovoljna, koliko smo se spremali i koliko nam je vrijeme dozvolilo. Djeca su pokazala svoj trud i rad i rezultati nisu izostali\u201d, rekla je Milica Zori\u0107.<\/p>\n<p>Gavranovi\u0107eva ka\u017ee da prosvjetni radnik mora biti vje\u0161t u svom poslu i na\u0107i pristup da u\u010denicima pribli\u017ei matematiku, da im ovaj predmet ne bude suhoparan i dosadan.<\/p>\n<p>\u201cMoramo se dovijati i biti vrlo kreativni u u\u010dionici da bismo imali rezultate\u201d, poja\u0161njava ona.<\/p>\n<p>U\u010denica Teodora Vu\u010dkovi\u0107 osvojila je prvo mjesto na nedavnom op\u0161tinskom takmi\u010denju iz pravoslavne vjeronauke. U O\u0160 \u201cVuk Karad\u017ei\u0107\u201d njeguju i umjetnost lijepog pisanja, \u0161to potvr\u0111uje drugo mjesto u kaligrafiji koje je osvojio u\u010denik Aleksej Mari\u0107.<\/p>\n<p><a href=\"https:\/\/www.prijedordanas.com\/wp-content\/uploads\/2026\/03\/kozarski-ucenici-iz-omarske-uspjesni-na-takmicenjima-4.jpg\"><img loading=\"lazy\" decoding=\"async\" src=\"https:\/\/www.prijedordanas.com\/wp-content\/uploads\/2026\/03\/kozarski-ucenici-iz-omarske-uspjesni-na-takmicenjima-4-300x169.jpg\" alt=\"\" width=\"300\" height=\"169\" class=\"alignleft size-medium wp-image-264539\" srcset=\"https:\/\/www.prijedordanas.com\/wp-content\/uploads\/2026\/03\/kozarski-ucenici-iz-omarske-uspjesni-na-takmicenjima-4-300x169.jpg 300w, https:\/\/www.prijedordanas.com\/wp-content\/uploads\/2026\/03\/kozarski-ucenici-iz-omarske-uspjesni-na-takmicenjima-4.jpg 600w\" sizes=\"(max-width: 300px) 100vw, 300px\" \/><\/a>Zidovi i panoi ispunjeni diplomama, zahvalnicama i nagradama potvr\u0111uju pri\u010du o talentovanim \u0111acima ove osnovne \u0161kole.<\/p>\n<p>\u201cNa\u0161a \u0161kola se odaziva na sva takmi\u010denja u organizaciji Republi\u010dkog pedago\u0161kog zavoda, Ministarstva prosvjete i kulture, kao i na sportska takmi\u010denja u okviru Malih olimpijskih igara. Na\u0161 moto je da u\u010destvujemo. Nikad ne pravimo pritisak da se postignu rezultati, ali oni sami dolaze, zahvaljuju\u0107i kvalitetnom radu na\u0161ih nastavnika i u\u010denika\u201d, rekao je \u0161kolski psiholog Branko An\u0111i\u0107.<\/p>\n<p>Osnovnu \u0161kolu \u201cVuk Karad\u017ei\u0107\u201d poha\u0111a 272 u\u010denika raspore\u0111enih u 27 odjeljenja.<\/p>\n<p><a href=\"https:\/\/kozarski.com\/anji-jokic-iz-omarske-drugo-mjesto-na-republickom-takmicenju-iz-gimnastike\/\" target=\"_blank\" rel=\"noopener\">kozarski.com<\/a><\/p>\n<p><iframe loading=\"lazy\" title=\"U\u010cENICI IZ OMARSKE USPJE\u0160NI NA TAKMI\u010cENJIMA\" width=\"500\" height=\"281\" src=\"https:\/\/www.youtube.com\/embed\/I5GKuuDFAV0?feature=oembed\" frameborder=\"0\" allow=\"accelerometer; autoplay; clipboard-write; encrypted-media; gyroscope; picture-in-picture; web-share\" referrerpolicy=\"strict-origin-when-cross-origin\" allowfullscreen><\/iframe><\/p>\n","protected":false},"excerpt":{"rendered":"<p>Anja Joki\u0107, u\u010denica \u0161estog razreda Osnovne \u0161kole \u201cVuk Karad\u017ei\u0107\u201d, Omarska, osvojila je drugo mjesto na republi\u010dkom takmi\u010denju iz gimnastike. Ovo je samo nastavak dugogodi\u0161njih dobrih sportskih rezultata u\u010denika ove \u0161kole, [&hellip;]<\/p>\n","protected":false},"author":1,"featured_media":0,"comment_status":"closed","ping_status":"open","sticky":false,"template":"","format":"standard","meta":{"_monsterinsights_skip_tracking":false,"_monsterinsights_sitenote_active":false,"_monsterinsights_sitenote_note":"","_monsterinsights_sitenote_category":0,"footnotes":""},"categories":[7518],"tags":[],"yoast_head":"<!-- This site is optimized with the Yoast SEO plugin v21.6 - https:\/\/yoast.com\/wordpress\/plugins\/seo\/ -->\n<title>Anji Joki\u0107 iz Omarske drugo mjesto na republi\u010dkom takmi\u010denju iz gimnastike - VIDEO - PrijedorDanas.com - Prijedorski gradski portal<\/title>\n<meta name=\"robots\" content=\"index, follow, max-snippet:-1, max-image-preview:large, max-video-preview:-1\" \/>\n<link rel=\"canonical\" href=\"https:\/\/www.prijedordanas.com\/?p=264535\" \/>\n<meta property=\"og:locale\" content=\"en_US\" \/>\n<meta property=\"og:type\" content=\"article\" \/>\n<meta property=\"og:title\" content=\"Anji Joki\u0107 iz Omarske drugo mjesto na republi\u010dkom takmi\u010denju iz gimnastike - VIDEO - PrijedorDanas.com - Prijedorski gradski portal\" \/>\n<meta property=\"og:description\" content=\"Anja Joki\u0107, u\u010denica \u0161estog razreda Osnovne \u0161kole \u201cVuk Karad\u017ei\u0107\u201d, Omarska, osvojila je drugo mjesto na republi\u010dkom takmi\u010denju iz gimnastike. Ovo je samo nastavak dugogodi\u0161njih dobrih sportskih rezultata u\u010denika ove \u0161kole, [&hellip;]\" \/>\n<meta property=\"og:url\" content=\"https:\/\/www.prijedordanas.com\/?p=264535\" \/>\n<meta property=\"og:site_name\" content=\"PrijedorDanas.com - Prijedorski gradski portal\" \/>\n<meta property=\"article:publisher\" content=\"https:\/\/www.facebook.com\/PrijedorDanasCom\/\" \/>\n<meta property=\"article:published_time\" content=\"2026-03-11T08:54:21+00:00\" \/>\n<meta property=\"og:image\" content=\"https:\/\/www.prijedordanas.com\/wp-content\/uploads\/2026\/03\/kozarski-ucenici-iz-omarske-uspjesni-na-takmicenjima-1-300x261.jpg\" \/>\n<meta name=\"author\" content=\"admin\" \/>\n<meta name=\"twitter:card\" content=\"summary_large_image\" \/>\n<meta name=\"twitter:label1\" content=\"Written by\" \/>\n\t<meta name=\"twitter:data1\" content=\"admin\" \/>\n\t<meta name=\"twitter:label2\" content=\"Est. reading time\" \/>\n\t<meta name=\"twitter:data2\" content=\"3 minutes\" \/>\n<script type=\"application\/ld+json\" class=\"yoast-schema-graph\">{\"@context\":\"https:\/\/schema.org\",\"@graph\":[{\"@type\":\"Article\",\"@id\":\"https:\/\/www.prijedordanas.com\/?p=264535#article\",\"isPartOf\":{\"@id\":\"https:\/\/www.prijedordanas.com\/?p=264535\"},\"author\":{\"name\":\"admin\",\"@id\":\"https:\/\/www.prijedordanas.com\/#\/schema\/person\/4e08ccf29b506ca916ff86d46bb700e6\"},\"headline\":\"Anji Joki\u0107 iz Omarske drugo mjesto na republi\u010dkom takmi\u010denju iz gimnastike &#8211; VIDEO\",\"datePublished\":\"2026-03-11T08:54:21+00:00\",\"dateModified\":\"2026-03-11T08:54:21+00:00\",\"mainEntityOfPage\":{\"@id\":\"https:\/\/www.prijedordanas.com\/?p=264535\"},\"wordCount\":508,\"publisher\":{\"@id\":\"https:\/\/www.prijedordanas.com\/#organization\"},\"articleSection\":[\"Mladi\"],\"inLanguage\":\"en-US\"},{\"@type\":\"WebPage\",\"@id\":\"https:\/\/www.prijedordanas.com\/?p=264535\",\"url\":\"https:\/\/www.prijedordanas.com\/?p=264535\",\"name\":\"Anji Joki\u0107 iz Omarske drugo mjesto na republi\u010dkom takmi\u010denju iz gimnastike - VIDEO - PrijedorDanas.com - Prijedorski gradski portal\",\"isPartOf\":{\"@id\":\"https:\/\/www.prijedordanas.com\/#website\"},\"datePublished\":\"2026-03-11T08:54:21+00:00\",\"dateModified\":\"2026-03-11T08:54:21+00:00\",\"breadcrumb\":{\"@id\":\"https:\/\/www.prijedordanas.com\/?p=264535#breadcrumb\"},\"inLanguage\":\"en-US\",\"potentialAction\":[{\"@type\":\"ReadAction\",\"target\":[\"https:\/\/www.prijedordanas.com\/?p=264535\"]}]},{\"@type\":\"BreadcrumbList\",\"@id\":\"https:\/\/www.prijedordanas.com\/?p=264535#breadcrumb\",\"itemListElement\":[{\"@type\":\"ListItem\",\"position\":1,\"name\":\"Home\",\"item\":\"https:\/\/www.prijedordanas.com\/\"},{\"@type\":\"ListItem\",\"position\":2,\"name\":\"Anji Joki\u0107 iz Omarske drugo mjesto na republi\u010dkom takmi\u010denju iz gimnastike &#8211; VIDEO\"}]},{\"@type\":\"WebSite\",\"@id\":\"https:\/\/www.prijedordanas.com\/#website\",\"url\":\"https:\/\/www.prijedordanas.com\/\",\"name\":\"PrijedorDanas.com - Prijedorski gradski portal\",\"description\":\"Portal o doga\u0111anjima u gradu Prijedoru\",\"publisher\":{\"@id\":\"https:\/\/www.prijedordanas.com\/#organization\"},\"potentialAction\":[{\"@type\":\"SearchAction\",\"target\":{\"@type\":\"EntryPoint\",\"urlTemplate\":\"https:\/\/www.prijedordanas.com\/?s={search_term_string}\"},\"query-input\":\"required name=search_term_string\"}],\"inLanguage\":\"en-US\"},{\"@type\":\"Organization\",\"@id\":\"https:\/\/www.prijedordanas.com\/#organization\",\"name\":\"PrijedorDanas.com\",\"url\":\"https:\/\/www.prijedordanas.com\/\",\"logo\":{\"@type\":\"ImageObject\",\"inLanguage\":\"en-US\",\"@id\":\"https:\/\/www.prijedordanas.com\/#\/schema\/logo\/image\/\",\"url\":\"http:\/\/www.prijedordanas.com\/wp-content\/uploads\/2021\/12\/logopng.png\",\"contentUrl\":\"http:\/\/www.prijedordanas.com\/wp-content\/uploads\/2021\/12\/logopng.png\",\"width\":1019,\"height\":776,\"caption\":\"PrijedorDanas.com\"},\"image\":{\"@id\":\"https:\/\/www.prijedordanas.com\/#\/schema\/logo\/image\/\"},\"sameAs\":[\"https:\/\/www.facebook.com\/PrijedorDanasCom\/\"]},{\"@type\":\"Person\",\"@id\":\"https:\/\/www.prijedordanas.com\/#\/schema\/person\/4e08ccf29b506ca916ff86d46bb700e6\",\"name\":\"admin\",\"image\":{\"@type\":\"ImageObject\",\"inLanguage\":\"en-US\",\"@id\":\"https:\/\/www.prijedordanas.com\/#\/schema\/person\/image\/\",\"url\":\"https:\/\/secure.gravatar.com\/avatar\/1d3fc949d550f0b53a5f0d51e06dfd79?s=96&d=mm&r=g\",\"contentUrl\":\"https:\/\/secure.gravatar.com\/avatar\/1d3fc949d550f0b53a5f0d51e06dfd79?s=96&d=mm&r=g\",\"caption\":\"admin\"},\"url\":\"https:\/\/www.prijedordanas.com\/?author=1\"}]}<\/script>\n<!-- \/ Yoast SEO plugin. -->","yoast_head_json":{"title":"Anji Joki\u0107 iz Omarske drugo mjesto na republi\u010dkom takmi\u010denju iz gimnastike - VIDEO - PrijedorDanas.com - Prijedorski gradski portal","robots":{"index":"index","follow":"follow","max-snippet":"max-snippet:-1","max-image-preview":"max-image-preview:large","max-video-preview":"max-video-preview:-1"},"canonical":"https:\/\/www.prijedordanas.com\/?p=264535","og_locale":"en_US","og_type":"article","og_title":"Anji Joki\u0107 iz Omarske drugo mjesto na republi\u010dkom takmi\u010denju iz gimnastike - VIDEO - PrijedorDanas.com - Prijedorski gradski portal","og_description":"Anja Joki\u0107, u\u010denica \u0161estog razreda Osnovne \u0161kole \u201cVuk Karad\u017ei\u0107\u201d, Omarska, osvojila je drugo mjesto na republi\u010dkom takmi\u010denju iz gimnastike. Ovo je samo nastavak dugogodi\u0161njih dobrih sportskih rezultata u\u010denika ove \u0161kole, [&hellip;]","og_url":"https:\/\/www.prijedordanas.com\/?p=264535","og_site_name":"PrijedorDanas.com - Prijedorski gradski portal","article_publisher":"https:\/\/www.facebook.com\/PrijedorDanasCom\/","article_published_time":"2026-03-11T08:54:21+00:00","og_image":[{"url":"https:\/\/www.prijedordanas.com\/wp-content\/uploads\/2026\/03\/kozarski-ucenici-iz-omarske-uspjesni-na-takmicenjima-1-300x261.jpg"}],"author":"admin","twitter_card":"summary_large_image","twitter_misc":{"Written by":"admin","Est. reading time":"3 minutes"},"schema":{"@context":"https:\/\/schema.org","@graph":[{"@type":"Article","@id":"https:\/\/www.prijedordanas.com\/?p=264535#article","isPartOf":{"@id":"https:\/\/www.prijedordanas.com\/?p=264535"},"author":{"name":"admin","@id":"https:\/\/www.prijedordanas.com\/#\/schema\/person\/4e08ccf29b506ca916ff86d46bb700e6"},"headline":"Anji Joki\u0107 iz Omarske drugo mjesto na republi\u010dkom takmi\u010denju iz gimnastike &#8211; VIDEO","datePublished":"2026-03-11T08:54:21+00:00","dateModified":"2026-03-11T08:54:21+00:00","mainEntityOfPage":{"@id":"https:\/\/www.prijedordanas.com\/?p=264535"},"wordCount":508,"publisher":{"@id":"https:\/\/www.prijedordanas.com\/#organization"},"articleSection":["Mladi"],"inLanguage":"en-US"},{"@type":"WebPage","@id":"https:\/\/www.prijedordanas.com\/?p=264535","url":"https:\/\/www.prijedordanas.com\/?p=264535","name":"Anji Joki\u0107 iz Omarske drugo mjesto na republi\u010dkom takmi\u010denju iz gimnastike - VIDEO - PrijedorDanas.com - Prijedorski gradski portal","isPartOf":{"@id":"https:\/\/www.prijedordanas.com\/#website"},"datePublished":"2026-03-11T08:54:21+00:00","dateModified":"2026-03-11T08:54:21+00:00","breadcrumb":{"@id":"https:\/\/www.prijedordanas.com\/?p=264535#breadcrumb"},"inLanguage":"en-US","potentialAction":[{"@type":"ReadAction","target":["https:\/\/www.prijedordanas.com\/?p=264535"]}]},{"@type":"BreadcrumbList","@id":"https:\/\/www.prijedordanas.com\/?p=264535#breadcrumb","itemListElement":[{"@type":"ListItem","position":1,"name":"Home","item":"https:\/\/www.prijedordanas.com\/"},{"@type":"ListItem","position":2,"name":"Anji Joki\u0107 iz Omarske drugo mjesto na republi\u010dkom takmi\u010denju iz gimnastike &#8211; VIDEO"}]},{"@type":"WebSite","@id":"https:\/\/www.prijedordanas.com\/#website","url":"https:\/\/www.prijedordanas.com\/","name":"PrijedorDanas.com - Prijedorski gradski portal","description":"Portal o doga\u0111anjima u gradu Prijedoru","publisher":{"@id":"https:\/\/www.prijedordanas.com\/#organization"},"potentialAction":[{"@type":"SearchAction","target":{"@type":"EntryPoint","urlTemplate":"https:\/\/www.prijedordanas.com\/?s={search_term_string}"},"query-input":"required name=search_term_string"}],"inLanguage":"en-US"},{"@type":"Organization","@id":"https:\/\/www.prijedordanas.com\/#organization","name":"PrijedorDanas.com","url":"https:\/\/www.prijedordanas.com\/","logo":{"@type":"ImageObject","inLanguage":"en-US","@id":"https:\/\/www.prijedordanas.com\/#\/schema\/logo\/image\/","url":"http:\/\/www.prijedordanas.com\/wp-content\/uploads\/2021\/12\/logopng.png","contentUrl":"http:\/\/www.prijedordanas.com\/wp-content\/uploads\/2021\/12\/logopng.png","width":1019,"height":776,"caption":"PrijedorDanas.com"},"image":{"@id":"https:\/\/www.prijedordanas.com\/#\/schema\/logo\/image\/"},"sameAs":["https:\/\/www.facebook.com\/PrijedorDanasCom\/"]},{"@type":"Person","@id":"https:\/\/www.prijedordanas.com\/#\/schema\/person\/4e08ccf29b506ca916ff86d46bb700e6","name":"admin","image":{"@type":"ImageObject","inLanguage":"en-US","@id":"https:\/\/www.prijedordanas.com\/#\/schema\/person\/image\/","url":"https:\/\/secure.gravatar.com\/avatar\/1d3fc949d550f0b53a5f0d51e06dfd79?s=96&d=mm&r=g","contentUrl":"https:\/\/secure.gravatar.com\/avatar\/1d3fc949d550f0b53a5f0d51e06dfd79?s=96&d=mm&r=g","caption":"admin"},"url":"https:\/\/www.prijedordanas.com\/?author=1"}]}},"_links":{"self":[{"href":"https:\/\/www.prijedordanas.com\/index.php?rest_route=\/wp\/v2\/posts\/264535"}],"collection":[{"href":"https:\/\/www.prijedordanas.com\/index.php?rest_route=\/wp\/v2\/posts"}],"about":[{"href":"https:\/\/www.prijedordanas.com\/index.php?rest_route=\/wp\/v2\/types\/post"}],"author":[{"embeddable":true,"href":"https:\/\/www.prijedordanas.com\/index.php?rest_route=\/wp\/v2\/users\/1"}],"replies":[{"embeddable":true,"href":"https:\/\/www.prijedordanas.com\/index.php?rest_route=%2Fwp%2Fv2%2Fcomments&post=264535"}],"version-history":[{"count":1,"href":"https:\/\/www.prijedordanas.com\/index.php?rest_route=\/wp\/v2\/posts\/264535\/revisions"}],"predecessor-version":[{"id":264540,"href":"https:\/\/www.prijedordanas.com\/index.php?rest_route=\/wp\/v2\/posts\/264535\/revisions\/264540"}],"wp:attachment":[{"href":"https:\/\/www.prijedordanas.com\/index.php?rest_route=%2Fwp%2Fv2%2Fmedia&parent=264535"}],"wp:term":[{"taxonomy":"category","embeddable":true,"href":"https:\/\/www.prijedordanas.com\/index.php?rest_route=%2Fwp%2Fv2%2Fcategories&post=264535"},{"taxonomy":"post_tag","embeddable":true,"href":"https:\/\/www.prijedordanas.com\/index.php?rest_route=%2Fwp%2Fv2%2Ftags&post=264535"}],"curies":[{"name":"wp","href":"https:\/\/api.w.org\/{rel}","templated":true}]}}