{"id":264507,"date":"2026-03-10T16:10:31","date_gmt":"2026-03-10T15:10:31","guid":{"rendered":"https:\/\/www.prijedordanas.com\/?p=264507"},"modified":"2026-03-10T16:10:31","modified_gmt":"2026-03-10T15:10:31","slug":"oglasio-se-sindikat-nove-ljubije-nakon-sastanka-sa-minicem","status":"publish","type":"post","link":"https:\/\/www.prijedordanas.com\/?p=264507","title":{"rendered":"Oglasio se Sindikat &#8220;Nove Ljubije&#8221; nakon sastanka sa Mini\u0107em"},"content":{"rendered":"<p><a href=\"https:\/\/www.prijedordanas.com\/wp-content\/uploads\/2026\/03\/sindikat-nova-ljubija-sastanak-minic.jpg\"><img loading=\"lazy\" decoding=\"async\" src=\"https:\/\/www.prijedordanas.com\/wp-content\/uploads\/2026\/03\/sindikat-nova-ljubija-sastanak-minic-300x225.jpg\" alt=\"\" width=\"300\" height=\"225\" class=\"alignleft size-medium wp-image-264508\" srcset=\"https:\/\/www.prijedordanas.com\/wp-content\/uploads\/2026\/03\/sindikat-nova-ljubija-sastanak-minic-300x225.jpg 300w, https:\/\/www.prijedordanas.com\/wp-content\/uploads\/2026\/03\/sindikat-nova-ljubija-sastanak-minic-640x480.jpg 640w, https:\/\/www.prijedordanas.com\/wp-content\/uploads\/2026\/03\/sindikat-nova-ljubija-sastanak-minic.jpg 667w\" sizes=\"(max-width: 300px) 100vw, 300px\" \/><\/a>Iznijeli smo stav radnika da Vlada RS kao suvlasnik 49% &#8220;Nove Ljubije&#8221;, koja ujedno ima klju\u010dna, upravlja\u010dka i imovinska prava kroz dr\u017eavno preduze\u0107e R\u017dR u cjelokupnom procesu uzme svoje u\u010de\u0161\u0107e u iznala\u017eenju konkretnih rje\u0161enja.<\/p>\n<p>Ovo se navodi u saop\u0161tenju Sindikata &#8220;Nove Ljubije&#8221; nakon sastanka sa Savom Mini\u0107em, predsjednikom Vlade RS, u kojem su se zahvalili premijeru \u0161to je na njihov zahtjev organizovao sastanak shvataju\u0107i ozbiljnost situacije i va\u017enost dono\u0161enja pravovremenih odluka.<\/p>\n<p>&#8220;Sindikat o\u010dekuje da Savjet ministara prepozna uticaj va\u017enosti dono\u0161enja odluke o za\u0161titi doma\u0107e proizvodnje. Ono \u0161to je za radnike i Sindikat neprihvatljivo da &#8220;Nova Ljubija&#8221; ide u ste\u010daj, bez obzira na oblik i formu koje su nepoznanica, jer se u tom slu\u010daju gube sva prava i obaveze prema radnicima&#8221;, pi\u0161e u saop\u0161tenju.<\/p>\n<p>Isti\u010de se da je resorni ministar rudarstva i energetike Petar \u0110oki\u0107 iznio stav da nisu dali saglasnost za pokretanje ste\u010dajnog postupka.<\/p>\n<p>&#8220;Premijer Vlade RS je iznio uvjeravanja da \u0107e nastaviti kontinuirano rje\u0161avanje novonastale situacije u &#8220;Novoj Ljubiji&#8221; tra\u017eenjem najboljeg mogu\u0107eg rje\u0161enja kako za radnike tako i za RS. Sindikat je upoznao prisutne sa stavom radnika, da ukoliko se ne odustane od ste\u010daja radnici od Vlade RS tra\u017ee program socijalnog zbrinjavanja i odgovornost prema Prijedorskoj regiji. Premijer je sastanak zavr\u0161io sa zaklju\u010dkom da se u \u0161to skorije vrijeme odr\u017ei ponovo sastanak sa istim akterima&#8221;, zaklju\u010duje se u saop\u0161tenju Sindikata &#8220;Nove Ljubije&#8221;.<\/p>\n<p><a href=\"https:\/\/www.nezavisne.com\/ekonomija\/privreda\/Oglasio-se-Sindikat-Nove-Ljubije-nakon-sastanka-sa-Minicem\/954967\" rel=\"noopener\" target=\"_blank\">nezavisne.com<\/a><\/p>\n","protected":false},"excerpt":{"rendered":"<p>Iznijeli smo stav radnika da Vlada RS kao suvlasnik 49% &#8220;Nove Ljubije&#8221;, koja ujedno ima klju\u010dna, upravlja\u010dka i imovinska prava kroz dr\u017eavno preduze\u0107e R\u017dR u cjelokupnom procesu uzme svoje u\u010de\u0161\u0107e [&hellip;]<\/p>\n","protected":false},"author":1,"featured_media":0,"comment_status":"closed","ping_status":"open","sticky":false,"template":"","format":"standard","meta":{"_monsterinsights_skip_tracking":false,"_monsterinsights_sitenote_active":false,"_monsterinsights_sitenote_note":"","_monsterinsights_sitenote_category":0,"footnotes":""},"categories":[4],"tags":[],"yoast_head":"<!-- This site is optimized with the Yoast SEO plugin v21.6 - https:\/\/yoast.com\/wordpress\/plugins\/seo\/ -->\n<title>Oglasio se Sindikat &quot;Nove Ljubije&quot; nakon sastanka sa Mini\u0107em - PrijedorDanas.com - Prijedorski gradski portal<\/title>\n<meta name=\"robots\" content=\"index, follow, max-snippet:-1, max-image-preview:large, max-video-preview:-1\" \/>\n<link rel=\"canonical\" href=\"https:\/\/www.prijedordanas.com\/?p=264507\" \/>\n<meta property=\"og:locale\" content=\"en_US\" \/>\n<meta property=\"og:type\" content=\"article\" \/>\n<meta property=\"og:title\" content=\"Oglasio se Sindikat &quot;Nove Ljubije&quot; nakon sastanka sa Mini\u0107em - PrijedorDanas.com - Prijedorski gradski portal\" \/>\n<meta property=\"og:description\" content=\"Iznijeli smo stav radnika da Vlada RS kao suvlasnik 49% &#8220;Nove Ljubije&#8221;, koja ujedno ima klju\u010dna, upravlja\u010dka i imovinska prava kroz dr\u017eavno preduze\u0107e R\u017dR u cjelokupnom procesu uzme svoje u\u010de\u0161\u0107e [&hellip;]\" \/>\n<meta property=\"og:url\" content=\"https:\/\/www.prijedordanas.com\/?p=264507\" \/>\n<meta property=\"og:site_name\" content=\"PrijedorDanas.com - Prijedorski gradski portal\" \/>\n<meta property=\"article:publisher\" content=\"https:\/\/www.facebook.com\/PrijedorDanasCom\/\" \/>\n<meta property=\"article:published_time\" content=\"2026-03-10T15:10:31+00:00\" \/>\n<meta property=\"og:image\" content=\"https:\/\/www.prijedordanas.com\/wp-content\/uploads\/2026\/03\/sindikat-nova-ljubija-sastanak-minic-300x225.jpg\" \/>\n<meta name=\"author\" content=\"admin\" \/>\n<meta name=\"twitter:card\" content=\"summary_large_image\" \/>\n<meta name=\"twitter:label1\" content=\"Written by\" \/>\n\t<meta name=\"twitter:data1\" content=\"admin\" \/>\n<script type=\"application\/ld+json\" class=\"yoast-schema-graph\">{\"@context\":\"https:\/\/schema.org\",\"@graph\":[{\"@type\":\"Article\",\"@id\":\"https:\/\/www.prijedordanas.com\/?p=264507#article\",\"isPartOf\":{\"@id\":\"https:\/\/www.prijedordanas.com\/?p=264507\"},\"author\":{\"name\":\"admin\",\"@id\":\"https:\/\/www.prijedordanas.com\/#\/schema\/person\/4e08ccf29b506ca916ff86d46bb700e6\"},\"headline\":\"Oglasio se Sindikat &#8220;Nove Ljubije&#8221; nakon sastanka sa Mini\u0107em\",\"datePublished\":\"2026-03-10T15:10:31+00:00\",\"dateModified\":\"2026-03-10T15:10:31+00:00\",\"mainEntityOfPage\":{\"@id\":\"https:\/\/www.prijedordanas.com\/?p=264507\"},\"wordCount\":270,\"publisher\":{\"@id\":\"https:\/\/www.prijedordanas.com\/#organization\"},\"articleSection\":[\"Dru\u0161tvo\"],\"inLanguage\":\"en-US\"},{\"@type\":\"WebPage\",\"@id\":\"https:\/\/www.prijedordanas.com\/?p=264507\",\"url\":\"https:\/\/www.prijedordanas.com\/?p=264507\",\"name\":\"Oglasio se Sindikat \\\"Nove Ljubije\\\" nakon sastanka sa Mini\u0107em - PrijedorDanas.com - Prijedorski gradski portal\",\"isPartOf\":{\"@id\":\"https:\/\/www.prijedordanas.com\/#website\"},\"datePublished\":\"2026-03-10T15:10:31+00:00\",\"dateModified\":\"2026-03-10T15:10:31+00:00\",\"breadcrumb\":{\"@id\":\"https:\/\/www.prijedordanas.com\/?p=264507#breadcrumb\"},\"inLanguage\":\"en-US\",\"potentialAction\":[{\"@type\":\"ReadAction\",\"target\":[\"https:\/\/www.prijedordanas.com\/?p=264507\"]}]},{\"@type\":\"BreadcrumbList\",\"@id\":\"https:\/\/www.prijedordanas.com\/?p=264507#breadcrumb\",\"itemListElement\":[{\"@type\":\"ListItem\",\"position\":1,\"name\":\"Home\",\"item\":\"https:\/\/www.prijedordanas.com\/\"},{\"@type\":\"ListItem\",\"position\":2,\"name\":\"Oglasio se Sindikat &#8220;Nove Ljubije&#8221; nakon sastanka sa Mini\u0107em\"}]},{\"@type\":\"WebSite\",\"@id\":\"https:\/\/www.prijedordanas.com\/#website\",\"url\":\"https:\/\/www.prijedordanas.com\/\",\"name\":\"PrijedorDanas.com - Prijedorski gradski portal\",\"description\":\"Portal o doga\u0111anjima u gradu Prijedoru\",\"publisher\":{\"@id\":\"https:\/\/www.prijedordanas.com\/#organization\"},\"potentialAction\":[{\"@type\":\"SearchAction\",\"target\":{\"@type\":\"EntryPoint\",\"urlTemplate\":\"https:\/\/www.prijedordanas.com\/?s={search_term_string}\"},\"query-input\":\"required name=search_term_string\"}],\"inLanguage\":\"en-US\"},{\"@type\":\"Organization\",\"@id\":\"https:\/\/www.prijedordanas.com\/#organization\",\"name\":\"PrijedorDanas.com\",\"url\":\"https:\/\/www.prijedordanas.com\/\",\"logo\":{\"@type\":\"ImageObject\",\"inLanguage\":\"en-US\",\"@id\":\"https:\/\/www.prijedordanas.com\/#\/schema\/logo\/image\/\",\"url\":\"http:\/\/www.prijedordanas.com\/wp-content\/uploads\/2021\/12\/logopng.png\",\"contentUrl\":\"http:\/\/www.prijedordanas.com\/wp-content\/uploads\/2021\/12\/logopng.png\",\"width\":1019,\"height\":776,\"caption\":\"PrijedorDanas.com\"},\"image\":{\"@id\":\"https:\/\/www.prijedordanas.com\/#\/schema\/logo\/image\/\"},\"sameAs\":[\"https:\/\/www.facebook.com\/PrijedorDanasCom\/\"]},{\"@type\":\"Person\",\"@id\":\"https:\/\/www.prijedordanas.com\/#\/schema\/person\/4e08ccf29b506ca916ff86d46bb700e6\",\"name\":\"admin\",\"image\":{\"@type\":\"ImageObject\",\"inLanguage\":\"en-US\",\"@id\":\"https:\/\/www.prijedordanas.com\/#\/schema\/person\/image\/\",\"url\":\"https:\/\/secure.gravatar.com\/avatar\/1d3fc949d550f0b53a5f0d51e06dfd79?s=96&d=mm&r=g\",\"contentUrl\":\"https:\/\/secure.gravatar.com\/avatar\/1d3fc949d550f0b53a5f0d51e06dfd79?s=96&d=mm&r=g\",\"caption\":\"admin\"},\"url\":\"https:\/\/www.prijedordanas.com\/?author=1\"}]}<\/script>\n<!-- \/ Yoast SEO plugin. -->","yoast_head_json":{"title":"Oglasio se Sindikat \"Nove Ljubije\" nakon sastanka sa Mini\u0107em - PrijedorDanas.com - Prijedorski gradski portal","robots":{"index":"index","follow":"follow","max-snippet":"max-snippet:-1","max-image-preview":"max-image-preview:large","max-video-preview":"max-video-preview:-1"},"canonical":"https:\/\/www.prijedordanas.com\/?p=264507","og_locale":"en_US","og_type":"article","og_title":"Oglasio se Sindikat \"Nove Ljubije\" nakon sastanka sa Mini\u0107em - PrijedorDanas.com - Prijedorski gradski portal","og_description":"Iznijeli smo stav radnika da Vlada RS kao suvlasnik 49% &#8220;Nove Ljubije&#8221;, koja ujedno ima klju\u010dna, upravlja\u010dka i imovinska prava kroz dr\u017eavno preduze\u0107e R\u017dR u cjelokupnom procesu uzme svoje u\u010de\u0161\u0107e [&hellip;]","og_url":"https:\/\/www.prijedordanas.com\/?p=264507","og_site_name":"PrijedorDanas.com - Prijedorski gradski portal","article_publisher":"https:\/\/www.facebook.com\/PrijedorDanasCom\/","article_published_time":"2026-03-10T15:10:31+00:00","og_image":[{"url":"https:\/\/www.prijedordanas.com\/wp-content\/uploads\/2026\/03\/sindikat-nova-ljubija-sastanak-minic-300x225.jpg"}],"author":"admin","twitter_card":"summary_large_image","twitter_misc":{"Written by":"admin"},"schema":{"@context":"https:\/\/schema.org","@graph":[{"@type":"Article","@id":"https:\/\/www.prijedordanas.com\/?p=264507#article","isPartOf":{"@id":"https:\/\/www.prijedordanas.com\/?p=264507"},"author":{"name":"admin","@id":"https:\/\/www.prijedordanas.com\/#\/schema\/person\/4e08ccf29b506ca916ff86d46bb700e6"},"headline":"Oglasio se Sindikat &#8220;Nove Ljubije&#8221; nakon sastanka sa Mini\u0107em","datePublished":"2026-03-10T15:10:31+00:00","dateModified":"2026-03-10T15:10:31+00:00","mainEntityOfPage":{"@id":"https:\/\/www.prijedordanas.com\/?p=264507"},"wordCount":270,"publisher":{"@id":"https:\/\/www.prijedordanas.com\/#organization"},"articleSection":["Dru\u0161tvo"],"inLanguage":"en-US"},{"@type":"WebPage","@id":"https:\/\/www.prijedordanas.com\/?p=264507","url":"https:\/\/www.prijedordanas.com\/?p=264507","name":"Oglasio se Sindikat \"Nove Ljubije\" nakon sastanka sa Mini\u0107em - PrijedorDanas.com - Prijedorski gradski portal","isPartOf":{"@id":"https:\/\/www.prijedordanas.com\/#website"},"datePublished":"2026-03-10T15:10:31+00:00","dateModified":"2026-03-10T15:10:31+00:00","breadcrumb":{"@id":"https:\/\/www.prijedordanas.com\/?p=264507#breadcrumb"},"inLanguage":"en-US","potentialAction":[{"@type":"ReadAction","target":["https:\/\/www.prijedordanas.com\/?p=264507"]}]},{"@type":"BreadcrumbList","@id":"https:\/\/www.prijedordanas.com\/?p=264507#breadcrumb","itemListElement":[{"@type":"ListItem","position":1,"name":"Home","item":"https:\/\/www.prijedordanas.com\/"},{"@type":"ListItem","position":2,"name":"Oglasio se Sindikat &#8220;Nove Ljubije&#8221; nakon sastanka sa Mini\u0107em"}]},{"@type":"WebSite","@id":"https:\/\/www.prijedordanas.com\/#website","url":"https:\/\/www.prijedordanas.com\/","name":"PrijedorDanas.com - Prijedorski gradski portal","description":"Portal o doga\u0111anjima u gradu Prijedoru","publisher":{"@id":"https:\/\/www.prijedordanas.com\/#organization"},"potentialAction":[{"@type":"SearchAction","target":{"@type":"EntryPoint","urlTemplate":"https:\/\/www.prijedordanas.com\/?s={search_term_string}"},"query-input":"required name=search_term_string"}],"inLanguage":"en-US"},{"@type":"Organization","@id":"https:\/\/www.prijedordanas.com\/#organization","name":"PrijedorDanas.com","url":"https:\/\/www.prijedordanas.com\/","logo":{"@type":"ImageObject","inLanguage":"en-US","@id":"https:\/\/www.prijedordanas.com\/#\/schema\/logo\/image\/","url":"http:\/\/www.prijedordanas.com\/wp-content\/uploads\/2021\/12\/logopng.png","contentUrl":"http:\/\/www.prijedordanas.com\/wp-content\/uploads\/2021\/12\/logopng.png","width":1019,"height":776,"caption":"PrijedorDanas.com"},"image":{"@id":"https:\/\/www.prijedordanas.com\/#\/schema\/logo\/image\/"},"sameAs":["https:\/\/www.facebook.com\/PrijedorDanasCom\/"]},{"@type":"Person","@id":"https:\/\/www.prijedordanas.com\/#\/schema\/person\/4e08ccf29b506ca916ff86d46bb700e6","name":"admin","image":{"@type":"ImageObject","inLanguage":"en-US","@id":"https:\/\/www.prijedordanas.com\/#\/schema\/person\/image\/","url":"https:\/\/secure.gravatar.com\/avatar\/1d3fc949d550f0b53a5f0d51e06dfd79?s=96&d=mm&r=g","contentUrl":"https:\/\/secure.gravatar.com\/avatar\/1d3fc949d550f0b53a5f0d51e06dfd79?s=96&d=mm&r=g","caption":"admin"},"url":"https:\/\/www.prijedordanas.com\/?author=1"}]}},"_links":{"self":[{"href":"https:\/\/www.prijedordanas.com\/index.php?rest_route=\/wp\/v2\/posts\/264507"}],"collection":[{"href":"https:\/\/www.prijedordanas.com\/index.php?rest_route=\/wp\/v2\/posts"}],"about":[{"href":"https:\/\/www.prijedordanas.com\/index.php?rest_route=\/wp\/v2\/types\/post"}],"author":[{"embeddable":true,"href":"https:\/\/www.prijedordanas.com\/index.php?rest_route=\/wp\/v2\/users\/1"}],"replies":[{"embeddable":true,"href":"https:\/\/www.prijedordanas.com\/index.php?rest_route=%2Fwp%2Fv2%2Fcomments&post=264507"}],"version-history":[{"count":1,"href":"https:\/\/www.prijedordanas.com\/index.php?rest_route=\/wp\/v2\/posts\/264507\/revisions"}],"predecessor-version":[{"id":264509,"href":"https:\/\/www.prijedordanas.com\/index.php?rest_route=\/wp\/v2\/posts\/264507\/revisions\/264509"}],"wp:attachment":[{"href":"https:\/\/www.prijedordanas.com\/index.php?rest_route=%2Fwp%2Fv2%2Fmedia&parent=264507"}],"wp:term":[{"taxonomy":"category","embeddable":true,"href":"https:\/\/www.prijedordanas.com\/index.php?rest_route=%2Fwp%2Fv2%2Fcategories&post=264507"},{"taxonomy":"post_tag","embeddable":true,"href":"https:\/\/www.prijedordanas.com\/index.php?rest_route=%2Fwp%2Fv2%2Ftags&post=264507"}],"curies":[{"name":"wp","href":"https:\/\/api.w.org\/{rel}","templated":true}]}}