{"id":264452,"date":"2026-03-09T12:01:13","date_gmt":"2026-03-09T11:01:13","guid":{"rendered":"https:\/\/www.prijedordanas.com\/?p=264452"},"modified":"2026-03-09T12:01:13","modified_gmt":"2026-03-09T11:01:13","slug":"cik-bih-pokrece-postupke-protiv-predsjednika-i-clanova-birackih-odbora-medu-njima-i-lica-iz-prijedora-video","status":"publish","type":"post","link":"https:\/\/www.prijedordanas.com\/?p=264452","title":{"rendered":"CIK BiH pokre\u0107e postupke protiv predsjednika i \u010dlanova Bira\u010dkih odbora: Me\u0111u njima i lica iz Prijedora &#8211; VIDEO"},"content":{"rendered":"<p><a href=\"https:\/\/www.prijedordanas.com\/wp-content\/uploads\/2026\/03\/cikbih-pokretanje-postupka.jpg\"><img loading=\"lazy\" decoding=\"async\" src=\"https:\/\/www.prijedordanas.com\/wp-content\/uploads\/2026\/03\/cikbih-pokretanje-postupka-300x225.jpg\" alt=\"\" width=\"300\" height=\"225\" class=\"alignleft size-medium wp-image-264453\" srcset=\"https:\/\/www.prijedordanas.com\/wp-content\/uploads\/2026\/03\/cikbih-pokretanje-postupka-300x225.jpg 300w, https:\/\/www.prijedordanas.com\/wp-content\/uploads\/2026\/03\/cikbih-pokretanje-postupka-640x480.jpg 640w, https:\/\/www.prijedordanas.com\/wp-content\/uploads\/2026\/03\/cikbih-pokretanje-postupka.jpg 667w\" sizes=\"(max-width: 300px) 100vw, 300px\" \/><\/a>Na sjednici CIK BiH razmatrani su prijedlozi zakl\u0458u\u010daka o pokretanju postupaka utvr\u0111ivanja odgovornosti predsjednika i \u010dlanova bira\u010dkih odbora u osnovnim izbornim jedinicama Prijedor, Lakta\u0161i, Banja Luka, Doboj, Stanari, Lopare, Ugl\u0458evik, Osmaci, Zvornik, Bratunac, Nevesinje, Gacko, Bile\u0107a, Vlasenica, Mili\u0107i, Rudo i Br\u010dko distrikt BiH, radi kr\u0161enja odredbi Izbornog zakona Bosne i Hercegovine na Prijevremenim izborima za predsjednika Republike Srpske, koji su odr\u017eani 23.11.2025. godine.<\/p>\n<p>\u201cNakon dono\u0161enja odluke o poni\u0161tenju prijevremenih izbora na predsjednika Republike Srpske, na 136 bira\u010dkih mjesta u 17 izbornih jedinica poslane su prijave nadle\u017enim tu\u017eila\u0161tvima da se utvrdi da li postoji krivi\u010dna odgovornost zbog izbornih nepravilnosti i povreda pravila izbornog procesa\u201d, navodi Mi\u0161o Krstovi\u0107, \u0161ef Sektora za pravne poslove i upravno rje\u0161avanje u CIK-u BiH.<\/p>\n<p>Dodaje da CIK za ove povrede propisuje i prekr\u0161ajnu odgovornost, te je potrebno pokrenuti i postupak utvr\u0111ivanja prekr\u0161ajne odgovornosti protiv predsjednika i \u010dlanova bira\u010dkih odbora na 136 bira\u010dkih mjesta.<\/p>\n<p>Ka\u017ee da su pripremljeni zaklju\u010dci o pokretanju postupka ali da je vo\u0111enje i okon\u010danje ovog postupka je uslovljeno rje\u0161avanjem pitranja krivi\u010dne odgovornosti.<\/p>\n<p>\u201cPrijedlog Slu\u017ebe je da se donese zaklju\u010dak koji bi u stavu 1. se pokrenuo postupak utvr\u0111ivanja odgovornosti zbog kr\u0161enja odredbi Izbornog zakona, odnosno suprotno odredbama Izbornog zakona, a da se u 2. stavu taj postupak prekida dok se ne rije\u0161i prethodno pitanje.<\/p>\n<p>Radi se o pokretanju postupka protiv 638 lica u 17 izbornih jedinica.<\/p>\n<p>Tako\u0111e, prijednlog slu\u017ebe je da se tako\u0111e donese zaklju\u010dak o pokretanju postupka utvr\u0111ivanja odgovornosti za dva politi\u010dka subjekata ispred kojih su \u010dlanovi protiv kojih se pokre\u0107e postupak imenovani. Rije\u010d je o politi\u010dkim subjektima SNSD-a i SDS. I u ovom slu\u010daju pokre\u0107emo postupak i prekidamo dok se ne utvrdi ova prethodna odgovornost\u201d, navodi Krstovi\u0107.<\/p>\n<p><a href=\"https:\/\/www.rtvbn.com\/4088778\/cik-pokrece-postupke-protiv-predsjednika-i-clanova-bo\" rel=\"noopener\" target=\"_blank\">rtvbn.com<\/a><\/p>\n<p><iframe loading=\"lazy\" title=\"CIK BIH razmatra odgovornost zbog kr\u0161enja zakona na izborima u RS\" width=\"500\" height=\"281\" src=\"https:\/\/www.youtube.com\/embed\/1jeqUuPG2QQ?feature=oembed\" frameborder=\"0\" allow=\"accelerometer; autoplay; clipboard-write; encrypted-media; gyroscope; picture-in-picture; web-share\" referrerpolicy=\"strict-origin-when-cross-origin\" allowfullscreen><\/iframe><\/p>\n","protected":false},"excerpt":{"rendered":"<p>Na sjednici CIK BiH razmatrani su prijedlozi zakl\u0458u\u010daka o pokretanju postupaka utvr\u0111ivanja odgovornosti predsjednika i \u010dlanova bira\u010dkih odbora u osnovnim izbornim jedinicama Prijedor, Lakta\u0161i, Banja Luka, Doboj, Stanari, Lopare, Ugl\u0458evik, [&hellip;]<\/p>\n","protected":false},"author":1,"featured_media":0,"comment_status":"closed","ping_status":"open","sticky":false,"template":"","format":"standard","meta":{"_monsterinsights_skip_tracking":false,"_monsterinsights_sitenote_active":false,"_monsterinsights_sitenote_note":"","_monsterinsights_sitenote_category":0,"footnotes":""},"categories":[3],"tags":[],"yoast_head":"<!-- This site is optimized with the Yoast SEO plugin v21.6 - https:\/\/yoast.com\/wordpress\/plugins\/seo\/ -->\n<title>CIK BiH pokre\u0107e postupke protiv predsjednika i \u010dlanova Bira\u010dkih odbora: Me\u0111u njima i lica iz Prijedora - VIDEO - PrijedorDanas.com - Prijedorski gradski portal<\/title>\n<meta name=\"robots\" content=\"index, follow, max-snippet:-1, max-image-preview:large, max-video-preview:-1\" \/>\n<link rel=\"canonical\" href=\"https:\/\/www.prijedordanas.com\/?p=264452\" \/>\n<meta property=\"og:locale\" content=\"en_US\" \/>\n<meta property=\"og:type\" content=\"article\" \/>\n<meta property=\"og:title\" content=\"CIK BiH pokre\u0107e postupke protiv predsjednika i \u010dlanova Bira\u010dkih odbora: Me\u0111u njima i lica iz Prijedora - VIDEO - PrijedorDanas.com - Prijedorski gradski portal\" \/>\n<meta property=\"og:description\" content=\"Na sjednici CIK BiH razmatrani su prijedlozi zakl\u0458u\u010daka o pokretanju postupaka utvr\u0111ivanja odgovornosti predsjednika i \u010dlanova bira\u010dkih odbora u osnovnim izbornim jedinicama Prijedor, Lakta\u0161i, Banja Luka, Doboj, Stanari, Lopare, Ugl\u0458evik, [&hellip;]\" \/>\n<meta property=\"og:url\" content=\"https:\/\/www.prijedordanas.com\/?p=264452\" \/>\n<meta property=\"og:site_name\" content=\"PrijedorDanas.com - Prijedorski gradski portal\" \/>\n<meta property=\"article:publisher\" content=\"https:\/\/www.facebook.com\/PrijedorDanasCom\/\" \/>\n<meta property=\"article:published_time\" content=\"2026-03-09T11:01:13+00:00\" \/>\n<meta property=\"og:image\" content=\"https:\/\/www.prijedordanas.com\/wp-content\/uploads\/2026\/03\/cikbih-pokretanje-postupka-300x225.jpg\" \/>\n<meta name=\"author\" content=\"admin\" \/>\n<meta name=\"twitter:card\" content=\"summary_large_image\" \/>\n<meta name=\"twitter:label1\" content=\"Written by\" \/>\n\t<meta name=\"twitter:data1\" content=\"admin\" \/>\n<script type=\"application\/ld+json\" class=\"yoast-schema-graph\">{\"@context\":\"https:\/\/schema.org\",\"@graph\":[{\"@type\":\"Article\",\"@id\":\"https:\/\/www.prijedordanas.com\/?p=264452#article\",\"isPartOf\":{\"@id\":\"https:\/\/www.prijedordanas.com\/?p=264452\"},\"author\":{\"name\":\"admin\",\"@id\":\"https:\/\/www.prijedordanas.com\/#\/schema\/person\/4e08ccf29b506ca916ff86d46bb700e6\"},\"headline\":\"CIK BiH pokre\u0107e postupke protiv predsjednika i \u010dlanova Bira\u010dkih odbora: Me\u0111u njima i lica iz Prijedora &#8211; VIDEO\",\"datePublished\":\"2026-03-09T11:01:13+00:00\",\"dateModified\":\"2026-03-09T11:01:13+00:00\",\"mainEntityOfPage\":{\"@id\":\"https:\/\/www.prijedordanas.com\/?p=264452\"},\"wordCount\":343,\"publisher\":{\"@id\":\"https:\/\/www.prijedordanas.com\/#organization\"},\"articleSection\":[\"\u017divot\"],\"inLanguage\":\"en-US\"},{\"@type\":\"WebPage\",\"@id\":\"https:\/\/www.prijedordanas.com\/?p=264452\",\"url\":\"https:\/\/www.prijedordanas.com\/?p=264452\",\"name\":\"CIK BiH pokre\u0107e postupke protiv predsjednika i \u010dlanova Bira\u010dkih odbora: Me\u0111u njima i lica iz Prijedora - VIDEO - PrijedorDanas.com - Prijedorski gradski portal\",\"isPartOf\":{\"@id\":\"https:\/\/www.prijedordanas.com\/#website\"},\"datePublished\":\"2026-03-09T11:01:13+00:00\",\"dateModified\":\"2026-03-09T11:01:13+00:00\",\"breadcrumb\":{\"@id\":\"https:\/\/www.prijedordanas.com\/?p=264452#breadcrumb\"},\"inLanguage\":\"en-US\",\"potentialAction\":[{\"@type\":\"ReadAction\",\"target\":[\"https:\/\/www.prijedordanas.com\/?p=264452\"]}]},{\"@type\":\"BreadcrumbList\",\"@id\":\"https:\/\/www.prijedordanas.com\/?p=264452#breadcrumb\",\"itemListElement\":[{\"@type\":\"ListItem\",\"position\":1,\"name\":\"Home\",\"item\":\"https:\/\/www.prijedordanas.com\/\"},{\"@type\":\"ListItem\",\"position\":2,\"name\":\"CIK BiH pokre\u0107e postupke protiv predsjednika i \u010dlanova Bira\u010dkih odbora: Me\u0111u njima i lica iz Prijedora &#8211; VIDEO\"}]},{\"@type\":\"WebSite\",\"@id\":\"https:\/\/www.prijedordanas.com\/#website\",\"url\":\"https:\/\/www.prijedordanas.com\/\",\"name\":\"PrijedorDanas.com - Prijedorski gradski portal\",\"description\":\"Portal o doga\u0111anjima u gradu Prijedoru\",\"publisher\":{\"@id\":\"https:\/\/www.prijedordanas.com\/#organization\"},\"potentialAction\":[{\"@type\":\"SearchAction\",\"target\":{\"@type\":\"EntryPoint\",\"urlTemplate\":\"https:\/\/www.prijedordanas.com\/?s={search_term_string}\"},\"query-input\":\"required name=search_term_string\"}],\"inLanguage\":\"en-US\"},{\"@type\":\"Organization\",\"@id\":\"https:\/\/www.prijedordanas.com\/#organization\",\"name\":\"PrijedorDanas.com\",\"url\":\"https:\/\/www.prijedordanas.com\/\",\"logo\":{\"@type\":\"ImageObject\",\"inLanguage\":\"en-US\",\"@id\":\"https:\/\/www.prijedordanas.com\/#\/schema\/logo\/image\/\",\"url\":\"http:\/\/www.prijedordanas.com\/wp-content\/uploads\/2021\/12\/logopng.png\",\"contentUrl\":\"http:\/\/www.prijedordanas.com\/wp-content\/uploads\/2021\/12\/logopng.png\",\"width\":1019,\"height\":776,\"caption\":\"PrijedorDanas.com\"},\"image\":{\"@id\":\"https:\/\/www.prijedordanas.com\/#\/schema\/logo\/image\/\"},\"sameAs\":[\"https:\/\/www.facebook.com\/PrijedorDanasCom\/\"]},{\"@type\":\"Person\",\"@id\":\"https:\/\/www.prijedordanas.com\/#\/schema\/person\/4e08ccf29b506ca916ff86d46bb700e6\",\"name\":\"admin\",\"image\":{\"@type\":\"ImageObject\",\"inLanguage\":\"en-US\",\"@id\":\"https:\/\/www.prijedordanas.com\/#\/schema\/person\/image\/\",\"url\":\"https:\/\/secure.gravatar.com\/avatar\/1d3fc949d550f0b53a5f0d51e06dfd79?s=96&d=mm&r=g\",\"contentUrl\":\"https:\/\/secure.gravatar.com\/avatar\/1d3fc949d550f0b53a5f0d51e06dfd79?s=96&d=mm&r=g\",\"caption\":\"admin\"},\"url\":\"https:\/\/www.prijedordanas.com\/?author=1\"}]}<\/script>\n<!-- \/ Yoast SEO plugin. -->","yoast_head_json":{"title":"CIK BiH pokre\u0107e postupke protiv predsjednika i \u010dlanova Bira\u010dkih odbora: Me\u0111u njima i lica iz Prijedora - VIDEO - PrijedorDanas.com - Prijedorski gradski portal","robots":{"index":"index","follow":"follow","max-snippet":"max-snippet:-1","max-image-preview":"max-image-preview:large","max-video-preview":"max-video-preview:-1"},"canonical":"https:\/\/www.prijedordanas.com\/?p=264452","og_locale":"en_US","og_type":"article","og_title":"CIK BiH pokre\u0107e postupke protiv predsjednika i \u010dlanova Bira\u010dkih odbora: Me\u0111u njima i lica iz Prijedora - VIDEO - PrijedorDanas.com - Prijedorski gradski portal","og_description":"Na sjednici CIK BiH razmatrani su prijedlozi zakl\u0458u\u010daka o pokretanju postupaka utvr\u0111ivanja odgovornosti predsjednika i \u010dlanova bira\u010dkih odbora u osnovnim izbornim jedinicama Prijedor, Lakta\u0161i, Banja Luka, Doboj, Stanari, Lopare, Ugl\u0458evik, [&hellip;]","og_url":"https:\/\/www.prijedordanas.com\/?p=264452","og_site_name":"PrijedorDanas.com - Prijedorski gradski portal","article_publisher":"https:\/\/www.facebook.com\/PrijedorDanasCom\/","article_published_time":"2026-03-09T11:01:13+00:00","og_image":[{"url":"https:\/\/www.prijedordanas.com\/wp-content\/uploads\/2026\/03\/cikbih-pokretanje-postupka-300x225.jpg"}],"author":"admin","twitter_card":"summary_large_image","twitter_misc":{"Written by":"admin"},"schema":{"@context":"https:\/\/schema.org","@graph":[{"@type":"Article","@id":"https:\/\/www.prijedordanas.com\/?p=264452#article","isPartOf":{"@id":"https:\/\/www.prijedordanas.com\/?p=264452"},"author":{"name":"admin","@id":"https:\/\/www.prijedordanas.com\/#\/schema\/person\/4e08ccf29b506ca916ff86d46bb700e6"},"headline":"CIK BiH pokre\u0107e postupke protiv predsjednika i \u010dlanova Bira\u010dkih odbora: Me\u0111u njima i lica iz Prijedora &#8211; VIDEO","datePublished":"2026-03-09T11:01:13+00:00","dateModified":"2026-03-09T11:01:13+00:00","mainEntityOfPage":{"@id":"https:\/\/www.prijedordanas.com\/?p=264452"},"wordCount":343,"publisher":{"@id":"https:\/\/www.prijedordanas.com\/#organization"},"articleSection":["\u017divot"],"inLanguage":"en-US"},{"@type":"WebPage","@id":"https:\/\/www.prijedordanas.com\/?p=264452","url":"https:\/\/www.prijedordanas.com\/?p=264452","name":"CIK BiH pokre\u0107e postupke protiv predsjednika i \u010dlanova Bira\u010dkih odbora: Me\u0111u njima i lica iz Prijedora - VIDEO - PrijedorDanas.com - Prijedorski gradski portal","isPartOf":{"@id":"https:\/\/www.prijedordanas.com\/#website"},"datePublished":"2026-03-09T11:01:13+00:00","dateModified":"2026-03-09T11:01:13+00:00","breadcrumb":{"@id":"https:\/\/www.prijedordanas.com\/?p=264452#breadcrumb"},"inLanguage":"en-US","potentialAction":[{"@type":"ReadAction","target":["https:\/\/www.prijedordanas.com\/?p=264452"]}]},{"@type":"BreadcrumbList","@id":"https:\/\/www.prijedordanas.com\/?p=264452#breadcrumb","itemListElement":[{"@type":"ListItem","position":1,"name":"Home","item":"https:\/\/www.prijedordanas.com\/"},{"@type":"ListItem","position":2,"name":"CIK BiH pokre\u0107e postupke protiv predsjednika i \u010dlanova Bira\u010dkih odbora: Me\u0111u njima i lica iz Prijedora &#8211; VIDEO"}]},{"@type":"WebSite","@id":"https:\/\/www.prijedordanas.com\/#website","url":"https:\/\/www.prijedordanas.com\/","name":"PrijedorDanas.com - Prijedorski gradski portal","description":"Portal o doga\u0111anjima u gradu Prijedoru","publisher":{"@id":"https:\/\/www.prijedordanas.com\/#organization"},"potentialAction":[{"@type":"SearchAction","target":{"@type":"EntryPoint","urlTemplate":"https:\/\/www.prijedordanas.com\/?s={search_term_string}"},"query-input":"required name=search_term_string"}],"inLanguage":"en-US"},{"@type":"Organization","@id":"https:\/\/www.prijedordanas.com\/#organization","name":"PrijedorDanas.com","url":"https:\/\/www.prijedordanas.com\/","logo":{"@type":"ImageObject","inLanguage":"en-US","@id":"https:\/\/www.prijedordanas.com\/#\/schema\/logo\/image\/","url":"http:\/\/www.prijedordanas.com\/wp-content\/uploads\/2021\/12\/logopng.png","contentUrl":"http:\/\/www.prijedordanas.com\/wp-content\/uploads\/2021\/12\/logopng.png","width":1019,"height":776,"caption":"PrijedorDanas.com"},"image":{"@id":"https:\/\/www.prijedordanas.com\/#\/schema\/logo\/image\/"},"sameAs":["https:\/\/www.facebook.com\/PrijedorDanasCom\/"]},{"@type":"Person","@id":"https:\/\/www.prijedordanas.com\/#\/schema\/person\/4e08ccf29b506ca916ff86d46bb700e6","name":"admin","image":{"@type":"ImageObject","inLanguage":"en-US","@id":"https:\/\/www.prijedordanas.com\/#\/schema\/person\/image\/","url":"https:\/\/secure.gravatar.com\/avatar\/1d3fc949d550f0b53a5f0d51e06dfd79?s=96&d=mm&r=g","contentUrl":"https:\/\/secure.gravatar.com\/avatar\/1d3fc949d550f0b53a5f0d51e06dfd79?s=96&d=mm&r=g","caption":"admin"},"url":"https:\/\/www.prijedordanas.com\/?author=1"}]}},"_links":{"self":[{"href":"https:\/\/www.prijedordanas.com\/index.php?rest_route=\/wp\/v2\/posts\/264452"}],"collection":[{"href":"https:\/\/www.prijedordanas.com\/index.php?rest_route=\/wp\/v2\/posts"}],"about":[{"href":"https:\/\/www.prijedordanas.com\/index.php?rest_route=\/wp\/v2\/types\/post"}],"author":[{"embeddable":true,"href":"https:\/\/www.prijedordanas.com\/index.php?rest_route=\/wp\/v2\/users\/1"}],"replies":[{"embeddable":true,"href":"https:\/\/www.prijedordanas.com\/index.php?rest_route=%2Fwp%2Fv2%2Fcomments&post=264452"}],"version-history":[{"count":1,"href":"https:\/\/www.prijedordanas.com\/index.php?rest_route=\/wp\/v2\/posts\/264452\/revisions"}],"predecessor-version":[{"id":264454,"href":"https:\/\/www.prijedordanas.com\/index.php?rest_route=\/wp\/v2\/posts\/264452\/revisions\/264454"}],"wp:attachment":[{"href":"https:\/\/www.prijedordanas.com\/index.php?rest_route=%2Fwp%2Fv2%2Fmedia&parent=264452"}],"wp:term":[{"taxonomy":"category","embeddable":true,"href":"https:\/\/www.prijedordanas.com\/index.php?rest_route=%2Fwp%2Fv2%2Fcategories&post=264452"},{"taxonomy":"post_tag","embeddable":true,"href":"https:\/\/www.prijedordanas.com\/index.php?rest_route=%2Fwp%2Fv2%2Ftags&post=264452"}],"curies":[{"name":"wp","href":"https:\/\/api.w.org\/{rel}","templated":true}]}}