{"id":264444,"date":"2026-03-09T10:21:01","date_gmt":"2026-03-09T09:21:01","guid":{"rendered":"https:\/\/www.prijedordanas.com\/?p=264444"},"modified":"2026-03-09T10:21:01","modified_gmt":"2026-03-09T09:21:01","slug":"rzr-ljubija-pozitivno-poslovanje-nakon-dvogodisnjeg-minusa","status":"publish","type":"post","link":"https:\/\/www.prijedordanas.com\/?p=264444","title":{"rendered":"R\u017dR &#8220;Ljubija&#8221;: Pozitivno poslovanje nakon dvogodi\u0161njeg minusa"},"content":{"rendered":"<p><a href=\"https:\/\/www.prijedordanas.com\/wp-content\/uploads\/2022\/07\/rzr-ljubija.jpg\"><img loading=\"lazy\" decoding=\"async\" class=\"alignleft size-medium wp-image-189028\" src=\"https:\/\/www.prijedordanas.com\/wp-content\/uploads\/2022\/07\/rzr-ljubija-300x225.jpg\" alt=\"\" width=\"300\" height=\"225\" srcset=\"https:\/\/www.prijedordanas.com\/wp-content\/uploads\/2022\/07\/rzr-ljubija-300x225.jpg 300w, https:\/\/www.prijedordanas.com\/wp-content\/uploads\/2022\/07\/rzr-ljubija-640x480.jpg 640w, https:\/\/www.prijedordanas.com\/wp-content\/uploads\/2022\/07\/rzr-ljubija.jpg 667w\" sizes=\"(max-width: 300px) 100vw, 300px\" \/><\/a>Rudnici \u017eeljezne rude \/R\u017dR\/ \u201cLJubija\u201d iz Prijedora lani su poslovali pozitivno, za razliku od dvije prethodne godine kada su gubici bili milionski, izjavio je Srni vr\u0161ilac du\u017enosti direktora R\u017dR Goran Velaula. On je naveo da je poslovna 2025. godina zavr\u0161ena sa 644.666 KM dobiti, a da je gubitak u 2024. iznosio 1.574.298 KM, te 1.294.206 KM u 2023. godini.<\/p>\n<p>\u201cRazlika je napravljena smanjenjem rashoda i pove\u0107anjem prihoda od iznajmljivanja nekretnina i proizvodnje bio-mase sa nekada\u0161njih rudi\u0161ta u LJubiji i Toma\u0161ici. Imamo 22 radnika i najve\u0107i rashodi su \u010duvanje i odr\u017eavanje imovine\u201d, rekao je Velaula.<\/p>\n<p>On je najavio da \u0107e Skup\u0161tina akcionara na vanrednoj sjednici 23. marta odlu\u010divati o prijedlogu da se proda 33,7 odsto akcija ovog privrednog dru\u0161tva u povezanom pravnom licu, Fabrici eksploziva \u201cTvek\u201d u LJubiji, a da je vje\u0161tak taj paket akcija procijenio na 2.538.955 KM.<\/p>\n<p>\u201cNastavlja se gradnja stambeno-poslovnog objekta na zelenoj pijaci zajedni\u010dkim ulaganjem R\u017dR i `Niskogradnje Marjanovi\u0107`, koja je \u010detiri godine bila u zastoju zbog sudskih sporova. To je sada okon\u010dano i stekli su se uslovi za nastavak radova. R\u017dR pripada oko 30 odsto od prodaje gdje o\u010dekujemo priliv od \u0161est do sedam miliona KM\u201d, naglasio je Velaula.<\/p>\n<p>Prema njegovim rije\u010dima, o\u010dekuje se i vi\u0161emilionski prihod od raspodjele dobiti \u201cNove LJubije\u201d koju \u010dine \u201cHiP\u201d \/H&amp;P\/ iz Zvornika Gordana Pavlovi\u0107a sa 51 odsto vlasni\u0161tva i R\u017dR \u201cLJubija\u201d sa 49 odsto akcija.<\/p>\n<p>\u201cTako bismo kroz dvije godine imali stabilnu finansijsku osnovu, dobar po\u010detni kapital da, u saradnji sa Vladom Republike Srpske, pokrenemo proizvodnju na kopovima u LJubiji za koju treba tra\u017eiti plasman i mimo Zenice. Najizvjesnije je Smederevo i to mora biti dogovor na nivou vlada\u201d, istakao je Velaula.<\/p>\n<p>On je obrazlo\u017eio da su u LJubiji kopovi \u201c\u0160korac\u201d i \u201cCiganu\u0161a\u201d ve\u0107 otvoreni, da je \u201cAreslor Mital Prijedor\u201d u martu pro\u0161le godine dobio trogodi\u0161nju koncesiju na tri miliona tona, \u0161to je potom naslijedila firma \u201cNova LJubija\u201d.<\/p>\n<p>\u201cPostoji zna\u010dajno nalazi\u0161te i na tre\u0107em kopu, na Vidrenjaku, koji je posebno zanimljiv zbog rude barita gdje se le\u017ei\u0161te procjenjuje na oko 15 miliona tona. Mimo Vidrenjaka, u LJubiji ima 30 miliona tona dokazanih rezervi, sa pretpostavkom struke da bi se mogle kretati i do 70 miliona tona raznih vrsta rude \u2013 oksidne, karbonatne, bazi\u010dne i barita\u201d, istakao je Velaula.<\/p>\n<p>On je podsjetio da je du\u017enost direktora R\u017dR preuzeo u septembru 2024. godine i da je formirao radnu grupu stru\u010dnjaka da sagledaju mogu\u0107nosti eksploatacije u Toma\u0161ici koja ima oko 10 miliona tona dokazanih rezervi i pretpostavkom da ukupna koli\u010dina iznosi oko 20 miliona tona rude, gdje rudarski projekat nije zatvoren niti je zavr\u0161ena rekultivacija.<\/p>\n<p>\u201cMogu\u0107nosti eksploatacije analizira\u0107e Rudarski fakultet i Rudarski institut, a radna grupa identifikovala je niz alternativnih djelatnosti kao \u0161to su turizam uz postoje\u0107a jezera, lov i ribolov, kavezni uzgoj \u0161arana, proizvodnja pitke vode, istra\u017eivanje termalnih i mineralnih voda, sport, rekreacija, formiranje muzeja rudarstva i izgradnja turisti\u010dke rudarske trase\u201d, naveo je Velaula.<\/p>\n<p>Ovo bi bile alternative ukoliko se poka\u017ee da toma\u0161i\u010dka ruda nema plasman niti eksploatacija ekonomsku opravdanost. \u201cLJubija je mnogo ve\u0107i potencijal od Toma\u0161ice i zato za Toma\u0161icu planiramo i druge djelatnosti mimo rudarske\u201d, rekao je Velaula.<\/p>\n<p>R\u017dR \u201cLJubija\u201d je preduze\u0107e u ve\u0107inskom vlasni\u0161tvu Republike Srpske.<\/p>\n<p>SRNA<br \/>\nFoto &#8211; ilustracija<\/p>\n","protected":false},"excerpt":{"rendered":"<p>Rudnici \u017eeljezne rude \/R\u017dR\/ \u201cLJubija\u201d iz Prijedora lani su poslovali pozitivno, za razliku od dvije prethodne godine kada su gubici bili milionski, izjavio je Srni vr\u0161ilac du\u017enosti direktora R\u017dR Goran [&hellip;]<\/p>\n","protected":false},"author":1,"featured_media":0,"comment_status":"closed","ping_status":"open","sticky":false,"template":"","format":"standard","meta":{"_monsterinsights_skip_tracking":false,"_monsterinsights_sitenote_active":false,"_monsterinsights_sitenote_note":"","_monsterinsights_sitenote_category":0,"footnotes":""},"categories":[4],"tags":[],"yoast_head":"<!-- This site is optimized with the Yoast SEO plugin v21.6 - https:\/\/yoast.com\/wordpress\/plugins\/seo\/ -->\n<title>R\u017dR &quot;Ljubija&quot;: Pozitivno poslovanje nakon dvogodi\u0161njeg minusa - PrijedorDanas.com - Prijedorski gradski portal<\/title>\n<meta name=\"robots\" content=\"index, follow, max-snippet:-1, max-image-preview:large, max-video-preview:-1\" \/>\n<link rel=\"canonical\" href=\"https:\/\/www.prijedordanas.com\/?p=264444\" \/>\n<meta property=\"og:locale\" content=\"en_US\" \/>\n<meta property=\"og:type\" content=\"article\" \/>\n<meta property=\"og:title\" content=\"R\u017dR &quot;Ljubija&quot;: Pozitivno poslovanje nakon dvogodi\u0161njeg minusa - PrijedorDanas.com - Prijedorski gradski portal\" \/>\n<meta property=\"og:description\" content=\"Rudnici \u017eeljezne rude \/R\u017dR\/ \u201cLJubija\u201d iz Prijedora lani su poslovali pozitivno, za razliku od dvije prethodne godine kada su gubici bili milionski, izjavio je Srni vr\u0161ilac du\u017enosti direktora R\u017dR Goran [&hellip;]\" \/>\n<meta property=\"og:url\" content=\"https:\/\/www.prijedordanas.com\/?p=264444\" \/>\n<meta property=\"og:site_name\" content=\"PrijedorDanas.com - Prijedorski gradski portal\" \/>\n<meta property=\"article:publisher\" content=\"https:\/\/www.facebook.com\/PrijedorDanasCom\/\" \/>\n<meta property=\"article:published_time\" content=\"2026-03-09T09:21:01+00:00\" \/>\n<meta property=\"og:image\" content=\"https:\/\/www.prijedordanas.com\/wp-content\/uploads\/2022\/07\/rzr-ljubija-300x225.jpg\" \/>\n<meta name=\"author\" content=\"admin\" \/>\n<meta name=\"twitter:card\" content=\"summary_large_image\" \/>\n<meta name=\"twitter:label1\" content=\"Written by\" \/>\n\t<meta name=\"twitter:data1\" content=\"admin\" \/>\n\t<meta name=\"twitter:label2\" content=\"Est. reading time\" \/>\n\t<meta name=\"twitter:data2\" content=\"3 minutes\" \/>\n<script type=\"application\/ld+json\" class=\"yoast-schema-graph\">{\"@context\":\"https:\/\/schema.org\",\"@graph\":[{\"@type\":\"Article\",\"@id\":\"https:\/\/www.prijedordanas.com\/?p=264444#article\",\"isPartOf\":{\"@id\":\"https:\/\/www.prijedordanas.com\/?p=264444\"},\"author\":{\"name\":\"admin\",\"@id\":\"https:\/\/www.prijedordanas.com\/#\/schema\/person\/4e08ccf29b506ca916ff86d46bb700e6\"},\"headline\":\"R\u017dR &#8220;Ljubija&#8221;: Pozitivno poslovanje nakon dvogodi\u0161njeg minusa\",\"datePublished\":\"2026-03-09T09:21:01+00:00\",\"dateModified\":\"2026-03-09T09:21:01+00:00\",\"mainEntityOfPage\":{\"@id\":\"https:\/\/www.prijedordanas.com\/?p=264444\"},\"wordCount\":572,\"publisher\":{\"@id\":\"https:\/\/www.prijedordanas.com\/#organization\"},\"articleSection\":[\"Dru\u0161tvo\"],\"inLanguage\":\"en-US\"},{\"@type\":\"WebPage\",\"@id\":\"https:\/\/www.prijedordanas.com\/?p=264444\",\"url\":\"https:\/\/www.prijedordanas.com\/?p=264444\",\"name\":\"R\u017dR \\\"Ljubija\\\": Pozitivno poslovanje nakon dvogodi\u0161njeg minusa - PrijedorDanas.com - Prijedorski gradski portal\",\"isPartOf\":{\"@id\":\"https:\/\/www.prijedordanas.com\/#website\"},\"datePublished\":\"2026-03-09T09:21:01+00:00\",\"dateModified\":\"2026-03-09T09:21:01+00:00\",\"breadcrumb\":{\"@id\":\"https:\/\/www.prijedordanas.com\/?p=264444#breadcrumb\"},\"inLanguage\":\"en-US\",\"potentialAction\":[{\"@type\":\"ReadAction\",\"target\":[\"https:\/\/www.prijedordanas.com\/?p=264444\"]}]},{\"@type\":\"BreadcrumbList\",\"@id\":\"https:\/\/www.prijedordanas.com\/?p=264444#breadcrumb\",\"itemListElement\":[{\"@type\":\"ListItem\",\"position\":1,\"name\":\"Home\",\"item\":\"https:\/\/www.prijedordanas.com\/\"},{\"@type\":\"ListItem\",\"position\":2,\"name\":\"R\u017dR &#8220;Ljubija&#8221;: Pozitivno poslovanje nakon dvogodi\u0161njeg minusa\"}]},{\"@type\":\"WebSite\",\"@id\":\"https:\/\/www.prijedordanas.com\/#website\",\"url\":\"https:\/\/www.prijedordanas.com\/\",\"name\":\"PrijedorDanas.com - Prijedorski gradski portal\",\"description\":\"Portal o doga\u0111anjima u gradu Prijedoru\",\"publisher\":{\"@id\":\"https:\/\/www.prijedordanas.com\/#organization\"},\"potentialAction\":[{\"@type\":\"SearchAction\",\"target\":{\"@type\":\"EntryPoint\",\"urlTemplate\":\"https:\/\/www.prijedordanas.com\/?s={search_term_string}\"},\"query-input\":\"required name=search_term_string\"}],\"inLanguage\":\"en-US\"},{\"@type\":\"Organization\",\"@id\":\"https:\/\/www.prijedordanas.com\/#organization\",\"name\":\"PrijedorDanas.com\",\"url\":\"https:\/\/www.prijedordanas.com\/\",\"logo\":{\"@type\":\"ImageObject\",\"inLanguage\":\"en-US\",\"@id\":\"https:\/\/www.prijedordanas.com\/#\/schema\/logo\/image\/\",\"url\":\"http:\/\/www.prijedordanas.com\/wp-content\/uploads\/2021\/12\/logopng.png\",\"contentUrl\":\"http:\/\/www.prijedordanas.com\/wp-content\/uploads\/2021\/12\/logopng.png\",\"width\":1019,\"height\":776,\"caption\":\"PrijedorDanas.com\"},\"image\":{\"@id\":\"https:\/\/www.prijedordanas.com\/#\/schema\/logo\/image\/\"},\"sameAs\":[\"https:\/\/www.facebook.com\/PrijedorDanasCom\/\"]},{\"@type\":\"Person\",\"@id\":\"https:\/\/www.prijedordanas.com\/#\/schema\/person\/4e08ccf29b506ca916ff86d46bb700e6\",\"name\":\"admin\",\"image\":{\"@type\":\"ImageObject\",\"inLanguage\":\"en-US\",\"@id\":\"https:\/\/www.prijedordanas.com\/#\/schema\/person\/image\/\",\"url\":\"https:\/\/secure.gravatar.com\/avatar\/1d3fc949d550f0b53a5f0d51e06dfd79?s=96&d=mm&r=g\",\"contentUrl\":\"https:\/\/secure.gravatar.com\/avatar\/1d3fc949d550f0b53a5f0d51e06dfd79?s=96&d=mm&r=g\",\"caption\":\"admin\"},\"url\":\"https:\/\/www.prijedordanas.com\/?author=1\"}]}<\/script>\n<!-- \/ Yoast SEO plugin. -->","yoast_head_json":{"title":"R\u017dR \"Ljubija\": Pozitivno poslovanje nakon dvogodi\u0161njeg minusa - PrijedorDanas.com - Prijedorski gradski portal","robots":{"index":"index","follow":"follow","max-snippet":"max-snippet:-1","max-image-preview":"max-image-preview:large","max-video-preview":"max-video-preview:-1"},"canonical":"https:\/\/www.prijedordanas.com\/?p=264444","og_locale":"en_US","og_type":"article","og_title":"R\u017dR \"Ljubija\": Pozitivno poslovanje nakon dvogodi\u0161njeg minusa - PrijedorDanas.com - Prijedorski gradski portal","og_description":"Rudnici \u017eeljezne rude \/R\u017dR\/ \u201cLJubija\u201d iz Prijedora lani su poslovali pozitivno, za razliku od dvije prethodne godine kada su gubici bili milionski, izjavio je Srni vr\u0161ilac du\u017enosti direktora R\u017dR Goran [&hellip;]","og_url":"https:\/\/www.prijedordanas.com\/?p=264444","og_site_name":"PrijedorDanas.com - Prijedorski gradski portal","article_publisher":"https:\/\/www.facebook.com\/PrijedorDanasCom\/","article_published_time":"2026-03-09T09:21:01+00:00","og_image":[{"url":"https:\/\/www.prijedordanas.com\/wp-content\/uploads\/2022\/07\/rzr-ljubija-300x225.jpg"}],"author":"admin","twitter_card":"summary_large_image","twitter_misc":{"Written by":"admin","Est. reading time":"3 minutes"},"schema":{"@context":"https:\/\/schema.org","@graph":[{"@type":"Article","@id":"https:\/\/www.prijedordanas.com\/?p=264444#article","isPartOf":{"@id":"https:\/\/www.prijedordanas.com\/?p=264444"},"author":{"name":"admin","@id":"https:\/\/www.prijedordanas.com\/#\/schema\/person\/4e08ccf29b506ca916ff86d46bb700e6"},"headline":"R\u017dR &#8220;Ljubija&#8221;: Pozitivno poslovanje nakon dvogodi\u0161njeg minusa","datePublished":"2026-03-09T09:21:01+00:00","dateModified":"2026-03-09T09:21:01+00:00","mainEntityOfPage":{"@id":"https:\/\/www.prijedordanas.com\/?p=264444"},"wordCount":572,"publisher":{"@id":"https:\/\/www.prijedordanas.com\/#organization"},"articleSection":["Dru\u0161tvo"],"inLanguage":"en-US"},{"@type":"WebPage","@id":"https:\/\/www.prijedordanas.com\/?p=264444","url":"https:\/\/www.prijedordanas.com\/?p=264444","name":"R\u017dR \"Ljubija\": Pozitivno poslovanje nakon dvogodi\u0161njeg minusa - PrijedorDanas.com - Prijedorski gradski portal","isPartOf":{"@id":"https:\/\/www.prijedordanas.com\/#website"},"datePublished":"2026-03-09T09:21:01+00:00","dateModified":"2026-03-09T09:21:01+00:00","breadcrumb":{"@id":"https:\/\/www.prijedordanas.com\/?p=264444#breadcrumb"},"inLanguage":"en-US","potentialAction":[{"@type":"ReadAction","target":["https:\/\/www.prijedordanas.com\/?p=264444"]}]},{"@type":"BreadcrumbList","@id":"https:\/\/www.prijedordanas.com\/?p=264444#breadcrumb","itemListElement":[{"@type":"ListItem","position":1,"name":"Home","item":"https:\/\/www.prijedordanas.com\/"},{"@type":"ListItem","position":2,"name":"R\u017dR &#8220;Ljubija&#8221;: Pozitivno poslovanje nakon dvogodi\u0161njeg minusa"}]},{"@type":"WebSite","@id":"https:\/\/www.prijedordanas.com\/#website","url":"https:\/\/www.prijedordanas.com\/","name":"PrijedorDanas.com - Prijedorski gradski portal","description":"Portal o doga\u0111anjima u gradu Prijedoru","publisher":{"@id":"https:\/\/www.prijedordanas.com\/#organization"},"potentialAction":[{"@type":"SearchAction","target":{"@type":"EntryPoint","urlTemplate":"https:\/\/www.prijedordanas.com\/?s={search_term_string}"},"query-input":"required name=search_term_string"}],"inLanguage":"en-US"},{"@type":"Organization","@id":"https:\/\/www.prijedordanas.com\/#organization","name":"PrijedorDanas.com","url":"https:\/\/www.prijedordanas.com\/","logo":{"@type":"ImageObject","inLanguage":"en-US","@id":"https:\/\/www.prijedordanas.com\/#\/schema\/logo\/image\/","url":"http:\/\/www.prijedordanas.com\/wp-content\/uploads\/2021\/12\/logopng.png","contentUrl":"http:\/\/www.prijedordanas.com\/wp-content\/uploads\/2021\/12\/logopng.png","width":1019,"height":776,"caption":"PrijedorDanas.com"},"image":{"@id":"https:\/\/www.prijedordanas.com\/#\/schema\/logo\/image\/"},"sameAs":["https:\/\/www.facebook.com\/PrijedorDanasCom\/"]},{"@type":"Person","@id":"https:\/\/www.prijedordanas.com\/#\/schema\/person\/4e08ccf29b506ca916ff86d46bb700e6","name":"admin","image":{"@type":"ImageObject","inLanguage":"en-US","@id":"https:\/\/www.prijedordanas.com\/#\/schema\/person\/image\/","url":"https:\/\/secure.gravatar.com\/avatar\/1d3fc949d550f0b53a5f0d51e06dfd79?s=96&d=mm&r=g","contentUrl":"https:\/\/secure.gravatar.com\/avatar\/1d3fc949d550f0b53a5f0d51e06dfd79?s=96&d=mm&r=g","caption":"admin"},"url":"https:\/\/www.prijedordanas.com\/?author=1"}]}},"_links":{"self":[{"href":"https:\/\/www.prijedordanas.com\/index.php?rest_route=\/wp\/v2\/posts\/264444"}],"collection":[{"href":"https:\/\/www.prijedordanas.com\/index.php?rest_route=\/wp\/v2\/posts"}],"about":[{"href":"https:\/\/www.prijedordanas.com\/index.php?rest_route=\/wp\/v2\/types\/post"}],"author":[{"embeddable":true,"href":"https:\/\/www.prijedordanas.com\/index.php?rest_route=\/wp\/v2\/users\/1"}],"replies":[{"embeddable":true,"href":"https:\/\/www.prijedordanas.com\/index.php?rest_route=%2Fwp%2Fv2%2Fcomments&post=264444"}],"version-history":[{"count":1,"href":"https:\/\/www.prijedordanas.com\/index.php?rest_route=\/wp\/v2\/posts\/264444\/revisions"}],"predecessor-version":[{"id":264445,"href":"https:\/\/www.prijedordanas.com\/index.php?rest_route=\/wp\/v2\/posts\/264444\/revisions\/264445"}],"wp:attachment":[{"href":"https:\/\/www.prijedordanas.com\/index.php?rest_route=%2Fwp%2Fv2%2Fmedia&parent=264444"}],"wp:term":[{"taxonomy":"category","embeddable":true,"href":"https:\/\/www.prijedordanas.com\/index.php?rest_route=%2Fwp%2Fv2%2Fcategories&post=264444"},{"taxonomy":"post_tag","embeddable":true,"href":"https:\/\/www.prijedordanas.com\/index.php?rest_route=%2Fwp%2Fv2%2Ftags&post=264444"}],"curies":[{"name":"wp","href":"https:\/\/api.w.org\/{rel}","templated":true}]}}